{"id":23163,"date":"2021-01-25T11:01:19","date_gmt":"2021-01-25T11:01:19","guid":{"rendered":"https:\/\/www.aguarda.es\/?p=23163"},"modified":"2021-01-25T11:01:19","modified_gmt":"2021-01-25T11:01:19","slug":"dende-o-concello-da-guarda-esperamos-que-o-comezo-das-obras-do-enlace-de-areas-sexa-o-principio-da-culminacion-da-autovia-tui-a-guarda","status":"publish","type":"post","link":"https:\/\/www.aguarda.es\/en\/dende-o-concello-da-guarda-esperamos-que-o-comezo-das-obras-do-enlace-de-areas-sexa-o-principio-da-culminacion-da-autovia-tui-a-guarda\/","title":{"rendered":"Dende o concello da Guarda esperamos que o comezo das obras do enlace de Areas sexa o principio da culminaci\u00f3n da Autov\u00eda Tui-A Guarda"},"content":{"rendered":"<p><em><strong>\u2022 O concello da Guarda mostra a s\u00faa satisfacci\u00f3n polo comezo das obras do Enlace de Areas por entender que este debe ser o principio do fin dunha infraestrutura pola que na A Guarda levamos esperando dende o ano 2004, a autov\u00eda Tui-A Guarda.<\/strong><\/em><br \/>\nEn repetidas ocasi\u00f3ns tense manifestado dende o goberno municipal da Guarda que a obra m\u00e1is importante para o futuro desenvolvemento da localidade \u00e9 a Autov\u00eda Tui-A Guarda. As\u00ed mesmo a necesidade de rebaixar o tempo de viaxe ata a autoestrada A-55 para comunicarnos m\u00e1is r\u00e1pido coa rede de autoestradas \u00e9 unha reclamaci\u00f3n que se ten feito na vila dende todos os \u00e1mbitos.<br \/>\nEn 2016 defend\u00edamos nun escrito, refrendado polas forzas pol\u00edticas e sectores econ\u00f3micos da localidade, que temos dereito mellorar a nosa comunicaci\u00f3n con Vigo, a nosa cidade de referencia no eido sanitario, educativo, cultural e laboral, as\u00ed como facilitar a chegada de turistas e visitantes e mellorar o transporte de mercador\u00edas e bens de equipo, porque disto depende que se asente poboaci\u00f3n na comarca e que sigamos crecendo. Hoxe podemos engadir a este razoamento, que non queremos quedar illados da Eurorrexi\u00f3n Galicia Norte de Portugal. Queremos que A Guarda tam\u00e9n conte.<br \/>\nDende o ano 2004 o \u00fanico tramo que se executou do que a Xunta chamou \u201cgran eixe vertebrador da comarca do Baixo Mi\u00f1o\u201d foron os 10,4 km que unen A Guarda con Goi\u00e1n, e para iso con tan s\u00f3 dous carr\u00eds. Faltan por executar aproximadamente 14,2 km. Dada a complexidade e custo do tramo que acaba de comezar, respecto do resto do vial, dende A Guarda consideramos que non deber\u00eda haber inconvenientes, nin t\u00e9cnicos nin econ\u00f3micos, para que a Xunta afrontara, sen acumular m\u00e1is atrasos, o remate da autov\u00eda.<br \/>\nDe calquera maneira, o concello da Guarda mostra a s\u00faa satisfacci\u00f3n polo comezo das obras do Enlace de Areas por entender que este debe ser o principio do fin dunha infraestrutura pola que na Guarda levamos esperando dende o ano 2004, a autov\u00eda Tui-A Guarda.<\/p>\n","protected":false},"excerpt":{"rendered":"<p>\u2022 O concello da Guarda mostra a s\u00faa satisfacci\u00f3n polo comezo das obras do Enlace de Areas por entender que este debe ser o principio do fin dunha infraestrutura pola que na A Guarda levamos esperando dende o ano 2004, &hellip; <\/p>\n","protected":false},"author":2,"featured_media":23164,"comment_status":"open","ping_status":"open","sticky":false,"template":"","format":"standard","meta":[],"categories":[33],"tags":[226,2396,1593,1635],"yoast_head":"<!-- This site is optimized with the Yoast SEO plugin v21.1 - https:\/\/yoast.com\/wordpress\/plugins\/seo\/ -->\n<title>Dende o concello da Guarda esperamos que o comezo das obras do enlace de Areas sexa o principio da culminaci\u00f3n da Autov\u00eda Tui-A Guarda - Concello da Guarda<\/title>\n<meta name=\"robots\" content=\"index, follow, max-snippet:-1, max-image-preview:large, max-video-preview:-1\" \/>\n<link rel=\"canonical\" href=\"https:\/\/www.aguarda.es\/en\/dende-o-concello-da-guarda-esperamos-que-o-comezo-das-obras-do-enlace-de-areas-sexa-o-principio-da-culminacion-da-autovia-tui-a-guarda\/\" \/>\n<meta property=\"og:locale\" content=\"en_US\" \/>\n<meta property=\"og:type\" content=\"article\" \/>\n<meta property=\"og:title\" content=\"Dende o concello da Guarda esperamos que o comezo das obras do enlace de Areas sexa o principio da culminaci\u00f3n da Autov\u00eda Tui-A Guarda - Concello da Guarda\" \/>\n<meta property=\"og:description\" content=\"\u2022 O concello da Guarda mostra a s\u00faa satisfacci\u00f3n polo comezo das obras do Enlace de Areas por entender que este debe ser o principio do fin dunha infraestrutura pola que na A Guarda levamos esperando dende o ano 2004, &hellip;\" \/>\n<meta property=\"og:url\" content=\"https:\/\/www.aguarda.es\/en\/dende-o-concello-da-guarda-esperamos-que-o-comezo-das-obras-do-enlace-de-areas-sexa-o-principio-da-culminacion-da-autovia-tui-a-guarda\/\" \/>\n<meta property=\"og:site_name\" content=\"Concello da Guarda\" \/>\n<meta property=\"article:publisher\" content=\"https:\/\/www.facebook.com\/ConcellodaGuarda\" \/>\n<meta property=\"article:published_time\" content=\"2021-01-25T11:01:19+00:00\" \/>\n<meta property=\"og:image\" content=\"https:\/\/www.aguarda.es\/wp-content\/uploads\/2021\/01\/Sin-t\u00edtulo-1-3.jpg\" \/>\n\t<meta property=\"og:image:width\" content=\"800\" \/>\n\t<meta property=\"og:image:height\" content=\"800\" \/>\n\t<meta property=\"og:image:type\" content=\"image\/jpeg\" \/>\n<meta name=\"author\" content=\"prensa\" \/>\n<meta name=\"twitter:card\" content=\"summary_large_image\" \/>\n<meta name=\"twitter:creator\" content=\"@AGuarda_es\" \/>\n<meta name=\"twitter:site\" content=\"@AGuarda_es\" \/>\n<meta name=\"twitter:label1\" content=\"Written by\" \/>\n\t<meta name=\"twitter:data1\" content=\"prensa\" \/>\n\t<meta name=\"twitter:label2\" content=\"Est. reading time\" \/>\n\t<meta name=\"twitter:data2\" content=\"2 minutes\" \/>\n<script type=\"application\/ld+json\" class=\"yoast-schema-graph\">{\"@context\":\"https:\/\/schema.org\",\"@graph\":[{\"@type\":\"WebPage\",\"@id\":\"https:\/\/www.aguarda.es\/en\/dende-o-concello-da-guarda-esperamos-que-o-comezo-das-obras-do-enlace-de-areas-sexa-o-principio-da-culminacion-da-autovia-tui-a-guarda\/\",\"url\":\"https:\/\/www.aguarda.es\/en\/dende-o-concello-da-guarda-esperamos-que-o-comezo-das-obras-do-enlace-de-areas-sexa-o-principio-da-culminacion-da-autovia-tui-a-guarda\/\",\"name\":\"Dende o concello da Guarda esperamos que o comezo das obras do enlace de Areas sexa o principio da culminaci\u00f3n da Autov\u00eda Tui-A Guarda - Concello da Guarda\",\"isPartOf\":{\"@id\":\"https:\/\/www.aguarda.es\/en\/#website\"},\"datePublished\":\"2021-01-25T11:01:19+00:00\",\"dateModified\":\"2021-01-25T11:01:19+00:00\",\"author\":{\"@id\":\"https:\/\/www.aguarda.es\/en\/#\/schema\/person\/c463ca3006858ffb349d11179d044f21\"},\"breadcrumb\":{\"@id\":\"https:\/\/www.aguarda.es\/en\/dende-o-concello-da-guarda-esperamos-que-o-comezo-das-obras-do-enlace-de-areas-sexa-o-principio-da-culminacion-da-autovia-tui-a-guarda\/#breadcrumb\"},\"inLanguage\":\"en-US\",\"potentialAction\":[{\"@type\":\"ReadAction\",\"target\":[\"https:\/\/www.aguarda.es\/en\/dende-o-concello-da-guarda-esperamos-que-o-comezo-das-obras-do-enlace-de-areas-sexa-o-principio-da-culminacion-da-autovia-tui-a-guarda\/\"]}]},{\"@type\":\"BreadcrumbList\",\"@id\":\"https:\/\/www.aguarda.es\/en\/dende-o-concello-da-guarda-esperamos-que-o-comezo-das-obras-do-enlace-de-areas-sexa-o-principio-da-culminacion-da-autovia-tui-a-guarda\/#breadcrumb\",\"itemListElement\":[{\"@type\":\"ListItem\",\"position\":1,\"name\":\"Portada\",\"item\":\"https:\/\/www.aguarda.es\/en\/\"},{\"@type\":\"ListItem\",\"position\":2,\"name\":\"Dende o concello da Guarda esperamos que o comezo das obras do enlace de Areas sexa o principio da culminaci\u00f3n da Autov\u00eda Tui-A Guarda\"}]},{\"@type\":\"WebSite\",\"@id\":\"https:\/\/www.aguarda.es\/en\/#website\",\"url\":\"https:\/\/www.aguarda.es\/en\/\",\"name\":\"Concello da Guarda\",\"description\":\"P\u00e1xina web do concello da Guarda\",\"potentialAction\":[{\"@type\":\"SearchAction\",\"target\":{\"@type\":\"EntryPoint\",\"urlTemplate\":\"https:\/\/www.aguarda.es\/en\/?s={search_term_string}\"},\"query-input\":\"required name=search_term_string\"}],\"inLanguage\":\"en-US\"},{\"@type\":\"Person\",\"@id\":\"https:\/\/www.aguarda.es\/en\/#\/schema\/person\/c463ca3006858ffb349d11179d044f21\",\"name\":\"prensa\",\"image\":{\"@type\":\"ImageObject\",\"inLanguage\":\"en-US\",\"@id\":\"https:\/\/www.aguarda.es\/en\/#\/schema\/person\/image\/\",\"url\":\"https:\/\/secure.gravatar.com\/avatar\/5f90ef536b0f98306edf5c7a1135ffa1?s=96&d=mm&r=g\",\"contentUrl\":\"https:\/\/secure.gravatar.com\/avatar\/5f90ef536b0f98306edf5c7a1135ffa1?s=96&d=mm&r=g\",\"caption\":\"prensa\"},\"url\":\"https:\/\/www.aguarda.es\/en\/author\/prensa\/\"}]}<\/script>\n<!-- \/ Yoast SEO plugin. -->","yoast_head_json":{"title":"Dende o concello da Guarda esperamos que o comezo das obras do enlace de Areas sexa o principio da culminaci\u00f3n da Autov\u00eda Tui-A Guarda - Concello da Guarda","robots":{"index":"index","follow":"follow","max-snippet":"max-snippet:-1","max-image-preview":"max-image-preview:large","max-video-preview":"max-video-preview:-1"},"canonical":"https:\/\/www.aguarda.es\/en\/dende-o-concello-da-guarda-esperamos-que-o-comezo-das-obras-do-enlace-de-areas-sexa-o-principio-da-culminacion-da-autovia-tui-a-guarda\/","og_locale":"en_US","og_type":"article","og_title":"Dende o concello da Guarda esperamos que o comezo das obras do enlace de Areas sexa o principio da culminaci\u00f3n da Autov\u00eda Tui-A Guarda - Concello da Guarda","og_description":"\u2022 O concello da Guarda mostra a s\u00faa satisfacci\u00f3n polo comezo das obras do Enlace de Areas por entender que este debe ser o principio do fin dunha infraestrutura pola que na A Guarda levamos esperando dende o ano 2004, &hellip;","og_url":"https:\/\/www.aguarda.es\/en\/dende-o-concello-da-guarda-esperamos-que-o-comezo-das-obras-do-enlace-de-areas-sexa-o-principio-da-culminacion-da-autovia-tui-a-guarda\/","og_site_name":"Concello da Guarda","article_publisher":"https:\/\/www.facebook.com\/ConcellodaGuarda","article_published_time":"2021-01-25T11:01:19+00:00","og_image":[{"width":800,"height":800,"url":"https:\/\/www.aguarda.es\/wp-content\/uploads\/2021\/01\/Sin-t\u00edtulo-1-3.jpg","type":"image\/jpeg"}],"author":"prensa","twitter_card":"summary_large_image","twitter_creator":"@AGuarda_es","twitter_site":"@AGuarda_es","twitter_misc":{"Written by":"prensa","Est. reading time":"2 minutes"},"schema":{"@context":"https:\/\/schema.org","@graph":[{"@type":"WebPage","@id":"https:\/\/www.aguarda.es\/en\/dende-o-concello-da-guarda-esperamos-que-o-comezo-das-obras-do-enlace-de-areas-sexa-o-principio-da-culminacion-da-autovia-tui-a-guarda\/","url":"https:\/\/www.aguarda.es\/en\/dende-o-concello-da-guarda-esperamos-que-o-comezo-das-obras-do-enlace-de-areas-sexa-o-principio-da-culminacion-da-autovia-tui-a-guarda\/","name":"Dende o concello da Guarda esperamos que o comezo das obras do enlace de Areas sexa o principio da culminaci\u00f3n da Autov\u00eda Tui-A Guarda - Concello da Guarda","isPartOf":{"@id":"https:\/\/www.aguarda.es\/en\/#website"},"datePublished":"2021-01-25T11:01:19+00:00","dateModified":"2021-01-25T11:01:19+00:00","author":{"@id":"https:\/\/www.aguarda.es\/en\/#\/schema\/person\/c463ca3006858ffb349d11179d044f21"},"breadcrumb":{"@id":"https:\/\/www.aguarda.es\/en\/dende-o-concello-da-guarda-esperamos-que-o-comezo-das-obras-do-enlace-de-areas-sexa-o-principio-da-culminacion-da-autovia-tui-a-guarda\/#breadcrumb"},"inLanguage":"en-US","potentialAction":[{"@type":"ReadAction","target":["https:\/\/www.aguarda.es\/en\/dende-o-concello-da-guarda-esperamos-que-o-comezo-das-obras-do-enlace-de-areas-sexa-o-principio-da-culminacion-da-autovia-tui-a-guarda\/"]}]},{"@type":"BreadcrumbList","@id":"https:\/\/www.aguarda.es\/en\/dende-o-concello-da-guarda-esperamos-que-o-comezo-das-obras-do-enlace-de-areas-sexa-o-principio-da-culminacion-da-autovia-tui-a-guarda\/#breadcrumb","itemListElement":[{"@type":"ListItem","position":1,"name":"Portada","item":"https:\/\/www.aguarda.es\/en\/"},{"@type":"ListItem","position":2,"name":"Dende o concello da Guarda esperamos que o comezo das obras do enlace de Areas sexa o principio da culminaci\u00f3n da Autov\u00eda Tui-A Guarda"}]},{"@type":"WebSite","@id":"https:\/\/www.aguarda.es\/en\/#website","url":"https:\/\/www.aguarda.es\/en\/","name":"Concello da Guarda","description":"P\u00e1xina web do concello da Guarda","potentialAction":[{"@type":"SearchAction","target":{"@type":"EntryPoint","urlTemplate":"https:\/\/www.aguarda.es\/en\/?s={search_term_string}"},"query-input":"required name=search_term_string"}],"inLanguage":"en-US"},{"@type":"Person","@id":"https:\/\/www.aguarda.es\/en\/#\/schema\/person\/c463ca3006858ffb349d11179d044f21","name":"prensa","image":{"@type":"ImageObject","inLanguage":"en-US","@id":"https:\/\/www.aguarda.es\/en\/#\/schema\/person\/image\/","url":"https:\/\/secure.gravatar.com\/avatar\/5f90ef536b0f98306edf5c7a1135ffa1?s=96&d=mm&r=g","contentUrl":"https:\/\/secure.gravatar.com\/avatar\/5f90ef536b0f98306edf5c7a1135ffa1?s=96&d=mm&r=g","caption":"prensa"},"url":"https:\/\/www.aguarda.es\/en\/author\/prensa\/"}]}},"_links":{"self":[{"href":"https:\/\/www.aguarda.es\/en\/wp-json\/wp\/v2\/posts\/23163"}],"collection":[{"href":"https:\/\/www.aguarda.es\/en\/wp-json\/wp\/v2\/posts"}],"about":[{"href":"https:\/\/www.aguarda.es\/en\/wp-json\/wp\/v2\/types\/post"}],"author":[{"embeddable":true,"href":"https:\/\/www.aguarda.es\/en\/wp-json\/wp\/v2\/users\/2"}],"replies":[{"embeddable":true,"href":"https:\/\/www.aguarda.es\/en\/wp-json\/wp\/v2\/comments?post=23163"}],"version-history":[{"count":1,"href":"https:\/\/www.aguarda.es\/en\/wp-json\/wp\/v2\/posts\/23163\/revisions"}],"predecessor-version":[{"id":23166,"href":"https:\/\/www.aguarda.es\/en\/wp-json\/wp\/v2\/posts\/23163\/revisions\/23166"}],"wp:featuredmedia":[{"embeddable":true,"href":"https:\/\/www.aguarda.es\/en\/wp-json\/wp\/v2\/media\/23164"}],"wp:attachment":[{"href":"https:\/\/www.aguarda.es\/en\/wp-json\/wp\/v2\/media?parent=23163"}],"wp:term":[{"taxonomy":"category","embeddable":true,"href":"https:\/\/www.aguarda.es\/en\/wp-json\/wp\/v2\/categories?post=23163"},{"taxonomy":"post_tag","embeddable":true,"href":"https:\/\/www.aguarda.es\/en\/wp-json\/wp\/v2\/tags?post=23163"}],"curies":[{"name":"wp","href":"https:\/\/api.w.org\/{rel}","templated":true}]}}