{"id":23167,"date":"2021-01-25T11:40:07","date_gmt":"2021-01-25T11:40:07","guid":{"rendered":"https:\/\/www.aguarda.es\/?p=23167"},"modified":"2021-01-25T11:40:07","modified_gmt":"2021-01-25T11:40:07","slug":"arrancan-as-obras-de-mellora-da-accesibilidade-na-baixada-a-praia-de-fedorento-e-na-contorna-do-estadio-municipal-da-guarda","status":"publish","type":"post","link":"https:\/\/www.aguarda.es\/en\/arrancan-as-obras-de-mellora-da-accesibilidade-na-baixada-a-praia-de-fedorento-e-na-contorna-do-estadio-municipal-da-guarda\/","title":{"rendered":"Arrancan as obras de mellora da accesibilidade na baixada \u00e1 praia de Fedorento e na contorna do Estadio Municipal da Guarda"},"content":{"rendered":"<p>Este luns d\u00eda 25 de xaneiro de 2021 inici\u00e1ronse os traballos de mellora da accesibilidade na baixada \u00e1 praia de Fedorento na Guarda e na contorna do Estadio Municipal da Sangri\u00f1a.<\/p>\n<p>No caso da baixada \u00e1 Praia de Fedorento se vai a retirar a beirarr\u00faa existente aproveitando para facer tam\u00e9n unha nova rede de saneamento de pluviais, mellorando a accesibilidade de pe\u00f3ns segundo marca a normativa vixente realizar en formig\u00f3n de color vermello.<\/p>\n<p>No frontal do Estadio Municipal da Sangri\u00f1a se vai a proceder \u00e1 retirada da beirarr\u00faa existente que se atopa moi deteriorada e realizar unha nova de formig\u00f3n en color vermello.<\/p>\n<p>O prazo de execuci\u00f3n destas obras \u00e9 de aproximadamente un mes e estes traballo contan cun orzamento total de 48.361,55 \u20ac.<\/p>\n<p>O Concello da Guarda contin\u00faa deste xeito co seu compromiso de mellora da accesibilidade en diferentes puntos do municipio.<\/p>\n","protected":false},"excerpt":{"rendered":"<p>Este luns d\u00eda 25 de xaneiro de 2021 inici\u00e1ronse os traballos de mellora da accesibilidade na baixada \u00e1 praia de Fedorento na Guarda e na contorna do Estadio Municipal da Sangri\u00f1a. No caso da baixada \u00e1 Praia de Fedorento se &hellip; <\/p>\n","protected":false},"author":2,"featured_media":23168,"comment_status":"open","ping_status":"open","sticky":false,"template":"","format":"standard","meta":[],"categories":[47],"tags":[226,1411,2397,2399,2398,246,1111],"yoast_head":"<!-- This site is optimized with the Yoast SEO plugin v21.1 - https:\/\/yoast.com\/wordpress\/plugins\/seo\/ -->\n<title>Arrancan as obras de mellora da accesibilidade na baixada \u00e1 praia de Fedorento e na contorna do Estadio Municipal da Guarda - Concello da Guarda<\/title>\n<meta name=\"robots\" content=\"index, follow, max-snippet:-1, max-image-preview:large, max-video-preview:-1\" \/>\n<link rel=\"canonical\" href=\"https:\/\/www.aguarda.es\/en\/arrancan-as-obras-de-mellora-da-accesibilidade-na-baixada-a-praia-de-fedorento-e-na-contorna-do-estadio-municipal-da-guarda\/\" \/>\n<meta property=\"og:locale\" content=\"en_US\" \/>\n<meta property=\"og:type\" content=\"article\" \/>\n<meta property=\"og:title\" content=\"Arrancan as obras de mellora da accesibilidade na baixada \u00e1 praia de Fedorento e na contorna do Estadio Municipal da Guarda - Concello da Guarda\" \/>\n<meta property=\"og:description\" content=\"Este luns d\u00eda 25 de xaneiro de 2021 inici\u00e1ronse os traballos de mellora da accesibilidade na baixada \u00e1 praia de Fedorento na Guarda e na contorna do Estadio Municipal da Sangri\u00f1a. No caso da baixada \u00e1 Praia de Fedorento se &hellip;\" \/>\n<meta property=\"og:url\" content=\"https:\/\/www.aguarda.es\/en\/arrancan-as-obras-de-mellora-da-accesibilidade-na-baixada-a-praia-de-fedorento-e-na-contorna-do-estadio-municipal-da-guarda\/\" \/>\n<meta property=\"og:site_name\" content=\"Concello da Guarda\" \/>\n<meta property=\"article:publisher\" content=\"https:\/\/www.facebook.com\/ConcellodaGuarda\" \/>\n<meta property=\"article:published_time\" content=\"2021-01-25T11:40:07+00:00\" \/>\n<meta property=\"og:image\" content=\"https:\/\/www.aguarda.es\/wp-content\/uploads\/2021\/01\/NP-25012021-Arrancan-as-obras-de-mellora-da-accesibilidade-na-baixada-\u00e1-praia-de-Fedorento-e-na-contorna-do-Estadio-Municipal-da-Guarda.jpg\" \/>\n\t<meta property=\"og:image:width\" content=\"800\" \/>\n\t<meta property=\"og:image:height\" content=\"600\" \/>\n\t<meta property=\"og:image:type\" content=\"image\/jpeg\" \/>\n<meta name=\"author\" content=\"prensa\" \/>\n<meta name=\"twitter:card\" content=\"summary_large_image\" \/>\n<meta name=\"twitter:creator\" content=\"@AGuarda_es\" \/>\n<meta name=\"twitter:site\" content=\"@AGuarda_es\" \/>\n<meta name=\"twitter:label1\" content=\"Written by\" \/>\n\t<meta name=\"twitter:data1\" content=\"prensa\" \/>\n\t<meta name=\"twitter:label2\" content=\"Est. reading time\" \/>\n\t<meta name=\"twitter:data2\" content=\"1 minute\" \/>\n<script type=\"application\/ld+json\" class=\"yoast-schema-graph\">{\"@context\":\"https:\/\/schema.org\",\"@graph\":[{\"@type\":\"WebPage\",\"@id\":\"https:\/\/www.aguarda.es\/en\/arrancan-as-obras-de-mellora-da-accesibilidade-na-baixada-a-praia-de-fedorento-e-na-contorna-do-estadio-municipal-da-guarda\/\",\"url\":\"https:\/\/www.aguarda.es\/en\/arrancan-as-obras-de-mellora-da-accesibilidade-na-baixada-a-praia-de-fedorento-e-na-contorna-do-estadio-municipal-da-guarda\/\",\"name\":\"Arrancan as obras de mellora da accesibilidade na baixada \u00e1 praia de Fedorento e na contorna do Estadio Municipal da Guarda - Concello da Guarda\",\"isPartOf\":{\"@id\":\"https:\/\/www.aguarda.es\/en\/#website\"},\"datePublished\":\"2021-01-25T11:40:07+00:00\",\"dateModified\":\"2021-01-25T11:40:07+00:00\",\"author\":{\"@id\":\"https:\/\/www.aguarda.es\/en\/#\/schema\/person\/c463ca3006858ffb349d11179d044f21\"},\"breadcrumb\":{\"@id\":\"https:\/\/www.aguarda.es\/en\/arrancan-as-obras-de-mellora-da-accesibilidade-na-baixada-a-praia-de-fedorento-e-na-contorna-do-estadio-municipal-da-guarda\/#breadcrumb\"},\"inLanguage\":\"en-US\",\"potentialAction\":[{\"@type\":\"ReadAction\",\"target\":[\"https:\/\/www.aguarda.es\/en\/arrancan-as-obras-de-mellora-da-accesibilidade-na-baixada-a-praia-de-fedorento-e-na-contorna-do-estadio-municipal-da-guarda\/\"]}]},{\"@type\":\"BreadcrumbList\",\"@id\":\"https:\/\/www.aguarda.es\/en\/arrancan-as-obras-de-mellora-da-accesibilidade-na-baixada-a-praia-de-fedorento-e-na-contorna-do-estadio-municipal-da-guarda\/#breadcrumb\",\"itemListElement\":[{\"@type\":\"ListItem\",\"position\":1,\"name\":\"Portada\",\"item\":\"https:\/\/www.aguarda.es\/en\/\"},{\"@type\":\"ListItem\",\"position\":2,\"name\":\"Arrancan as obras de mellora da accesibilidade na baixada \u00e1 praia de Fedorento e na contorna do Estadio Municipal da Guarda\"}]},{\"@type\":\"WebSite\",\"@id\":\"https:\/\/www.aguarda.es\/en\/#website\",\"url\":\"https:\/\/www.aguarda.es\/en\/\",\"name\":\"Concello da Guarda\",\"description\":\"P\u00e1xina web do concello da Guarda\",\"potentialAction\":[{\"@type\":\"SearchAction\",\"target\":{\"@type\":\"EntryPoint\",\"urlTemplate\":\"https:\/\/www.aguarda.es\/en\/?s={search_term_string}\"},\"query-input\":\"required name=search_term_string\"}],\"inLanguage\":\"en-US\"},{\"@type\":\"Person\",\"@id\":\"https:\/\/www.aguarda.es\/en\/#\/schema\/person\/c463ca3006858ffb349d11179d044f21\",\"name\":\"prensa\",\"image\":{\"@type\":\"ImageObject\",\"inLanguage\":\"en-US\",\"@id\":\"https:\/\/www.aguarda.es\/en\/#\/schema\/person\/image\/\",\"url\":\"https:\/\/secure.gravatar.com\/avatar\/5f90ef536b0f98306edf5c7a1135ffa1?s=96&d=mm&r=g\",\"contentUrl\":\"https:\/\/secure.gravatar.com\/avatar\/5f90ef536b0f98306edf5c7a1135ffa1?s=96&d=mm&r=g\",\"caption\":\"prensa\"},\"url\":\"https:\/\/www.aguarda.es\/en\/author\/prensa\/\"}]}<\/script>\n<!-- \/ Yoast SEO plugin. -->","yoast_head_json":{"title":"Arrancan as obras de mellora da accesibilidade na baixada \u00e1 praia de Fedorento e na contorna do Estadio Municipal da Guarda - Concello da Guarda","robots":{"index":"index","follow":"follow","max-snippet":"max-snippet:-1","max-image-preview":"max-image-preview:large","max-video-preview":"max-video-preview:-1"},"canonical":"https:\/\/www.aguarda.es\/en\/arrancan-as-obras-de-mellora-da-accesibilidade-na-baixada-a-praia-de-fedorento-e-na-contorna-do-estadio-municipal-da-guarda\/","og_locale":"en_US","og_type":"article","og_title":"Arrancan as obras de mellora da accesibilidade na baixada \u00e1 praia de Fedorento e na contorna do Estadio Municipal da Guarda - Concello da Guarda","og_description":"Este luns d\u00eda 25 de xaneiro de 2021 inici\u00e1ronse os traballos de mellora da accesibilidade na baixada \u00e1 praia de Fedorento na Guarda e na contorna do Estadio Municipal da Sangri\u00f1a. No caso da baixada \u00e1 Praia de Fedorento se &hellip;","og_url":"https:\/\/www.aguarda.es\/en\/arrancan-as-obras-de-mellora-da-accesibilidade-na-baixada-a-praia-de-fedorento-e-na-contorna-do-estadio-municipal-da-guarda\/","og_site_name":"Concello da Guarda","article_publisher":"https:\/\/www.facebook.com\/ConcellodaGuarda","article_published_time":"2021-01-25T11:40:07+00:00","og_image":[{"width":800,"height":600,"url":"https:\/\/www.aguarda.es\/wp-content\/uploads\/2021\/01\/NP-25012021-Arrancan-as-obras-de-mellora-da-accesibilidade-na-baixada-\u00e1-praia-de-Fedorento-e-na-contorna-do-Estadio-Municipal-da-Guarda.jpg","type":"image\/jpeg"}],"author":"prensa","twitter_card":"summary_large_image","twitter_creator":"@AGuarda_es","twitter_site":"@AGuarda_es","twitter_misc":{"Written by":"prensa","Est. reading time":"1 minute"},"schema":{"@context":"https:\/\/schema.org","@graph":[{"@type":"WebPage","@id":"https:\/\/www.aguarda.es\/en\/arrancan-as-obras-de-mellora-da-accesibilidade-na-baixada-a-praia-de-fedorento-e-na-contorna-do-estadio-municipal-da-guarda\/","url":"https:\/\/www.aguarda.es\/en\/arrancan-as-obras-de-mellora-da-accesibilidade-na-baixada-a-praia-de-fedorento-e-na-contorna-do-estadio-municipal-da-guarda\/","name":"Arrancan as obras de mellora da accesibilidade na baixada \u00e1 praia de Fedorento e na contorna do Estadio Municipal da Guarda - Concello da Guarda","isPartOf":{"@id":"https:\/\/www.aguarda.es\/en\/#website"},"datePublished":"2021-01-25T11:40:07+00:00","dateModified":"2021-01-25T11:40:07+00:00","author":{"@id":"https:\/\/www.aguarda.es\/en\/#\/schema\/person\/c463ca3006858ffb349d11179d044f21"},"breadcrumb":{"@id":"https:\/\/www.aguarda.es\/en\/arrancan-as-obras-de-mellora-da-accesibilidade-na-baixada-a-praia-de-fedorento-e-na-contorna-do-estadio-municipal-da-guarda\/#breadcrumb"},"inLanguage":"en-US","potentialAction":[{"@type":"ReadAction","target":["https:\/\/www.aguarda.es\/en\/arrancan-as-obras-de-mellora-da-accesibilidade-na-baixada-a-praia-de-fedorento-e-na-contorna-do-estadio-municipal-da-guarda\/"]}]},{"@type":"BreadcrumbList","@id":"https:\/\/www.aguarda.es\/en\/arrancan-as-obras-de-mellora-da-accesibilidade-na-baixada-a-praia-de-fedorento-e-na-contorna-do-estadio-municipal-da-guarda\/#breadcrumb","itemListElement":[{"@type":"ListItem","position":1,"name":"Portada","item":"https:\/\/www.aguarda.es\/en\/"},{"@type":"ListItem","position":2,"name":"Arrancan as obras de mellora da accesibilidade na baixada \u00e1 praia de Fedorento e na contorna do Estadio Municipal da Guarda"}]},{"@type":"WebSite","@id":"https:\/\/www.aguarda.es\/en\/#website","url":"https:\/\/www.aguarda.es\/en\/","name":"Concello da Guarda","description":"P\u00e1xina web do concello da Guarda","potentialAction":[{"@type":"SearchAction","target":{"@type":"EntryPoint","urlTemplate":"https:\/\/www.aguarda.es\/en\/?s={search_term_string}"},"query-input":"required name=search_term_string"}],"inLanguage":"en-US"},{"@type":"Person","@id":"https:\/\/www.aguarda.es\/en\/#\/schema\/person\/c463ca3006858ffb349d11179d044f21","name":"prensa","image":{"@type":"ImageObject","inLanguage":"en-US","@id":"https:\/\/www.aguarda.es\/en\/#\/schema\/person\/image\/","url":"https:\/\/secure.gravatar.com\/avatar\/5f90ef536b0f98306edf5c7a1135ffa1?s=96&d=mm&r=g","contentUrl":"https:\/\/secure.gravatar.com\/avatar\/5f90ef536b0f98306edf5c7a1135ffa1?s=96&d=mm&r=g","caption":"prensa"},"url":"https:\/\/www.aguarda.es\/en\/author\/prensa\/"}]}},"_links":{"self":[{"href":"https:\/\/www.aguarda.es\/en\/wp-json\/wp\/v2\/posts\/23167"}],"collection":[{"href":"https:\/\/www.aguarda.es\/en\/wp-json\/wp\/v2\/posts"}],"about":[{"href":"https:\/\/www.aguarda.es\/en\/wp-json\/wp\/v2\/types\/post"}],"author":[{"embeddable":true,"href":"https:\/\/www.aguarda.es\/en\/wp-json\/wp\/v2\/users\/2"}],"replies":[{"embeddable":true,"href":"https:\/\/www.aguarda.es\/en\/wp-json\/wp\/v2\/comments?post=23167"}],"version-history":[{"count":1,"href":"https:\/\/www.aguarda.es\/en\/wp-json\/wp\/v2\/posts\/23167\/revisions"}],"predecessor-version":[{"id":23170,"href":"https:\/\/www.aguarda.es\/en\/wp-json\/wp\/v2\/posts\/23167\/revisions\/23170"}],"wp:featuredmedia":[{"embeddable":true,"href":"https:\/\/www.aguarda.es\/en\/wp-json\/wp\/v2\/media\/23168"}],"wp:attachment":[{"href":"https:\/\/www.aguarda.es\/en\/wp-json\/wp\/v2\/media?parent=23167"}],"wp:term":[{"taxonomy":"category","embeddable":true,"href":"https:\/\/www.aguarda.es\/en\/wp-json\/wp\/v2\/categories?post=23167"},{"taxonomy":"post_tag","embeddable":true,"href":"https:\/\/www.aguarda.es\/en\/wp-json\/wp\/v2\/tags?post=23167"}],"curies":[{"name":"wp","href":"https:\/\/api.w.org\/{rel}","templated":true}]}}