{"id":23175,"date":"2021-01-26T08:38:44","date_gmt":"2021-01-26T08:38:44","guid":{"rendered":"https:\/\/www.aguarda.es\/?p=23175"},"modified":"2021-01-26T08:42:25","modified_gmt":"2021-01-26T08:42:25","slug":"convocatoria-de-pleno-ordinaria-este-venres-dia-29-de-xaneiro-as-2000h","status":"publish","type":"post","link":"https:\/\/www.aguarda.es\/en\/convocatoria-de-pleno-ordinaria-este-venres-dia-29-de-xaneiro-as-2000h\/","title":{"rendered":"Convocatoria de Pleno ordinario este venres d\u00eda 29 de xaneiro \u00e1s 20:00h"},"content":{"rendered":"<p><strong>DATOS DA CONVOCATORIA<\/strong><br \/>\nTipo Convocatoria: Ordinaria<br \/>\nData e hora: 29 de xaneiro de 2021 \u00e1s 20:00<br \/>\nLugar: Casa do Concello<\/p>\n<p><strong>ASUNTOS DA CONVOCATORIA<\/strong><br \/>\n1. Aprobaci\u00f3n das actas das sesi\u00f3ns ordinaria do 27.11.2020, extraordinaria do 18.12.2020 e a extraordinaria do 23.12.2020.<br \/>\n2. Expediente 142\/2021. DAR CONTA DOS DECRETOS.<br \/>\n3. Expediente 133\/2021. DAR CONTA DOS REPAROS DE INTERVENCI\u00d3N.<br \/>\n4. Expediente 137\/2021. DAR CONTA SUBVENCI\u00d3NS RESTOS LI\u00d1A 1 PLAN CONCELLOS 2018.<br \/>\n5. Expediente 2600\/2020. DAR CONTA SUBVENCI\u00d3NS PLAN CONCELLOS 2020.<br \/>\n6. Expediente 2845\/2020. PROPOSTA DA ALCALD\u00cdA PARA A MODIFICACI\u00d3N DA ORDENANZA FISCAL REGULADORA DA TAXA POR VISITAS A MUSEOS, EXPOSICI\u00d3NS, BIBLIOTECAS, MONUMENTOS HIST\u00d3RICO-ART\u00cdSTICOS E OUTROS AN\u00c1LOGOS.<br \/>\n7. Expediente 36\/2021. PROPOSTA DA ALCALD\u00cdA PARA O INCREMENTO DAS RETRIBUCI\u00d3NS DO PERSOAL QUE FORMA PARTE DA PLANTILLA DE PERSOAL DO CONCELLO DA GUARDA (LOXE 2021).<br \/>\n8. Expediente 2823\/2020. PROPOSTA COMPATIBILIDADE HAROLDO S\u00c1NCHEZ CEBREIRO.<br \/>\n9. Expediente 106\/2021. MOCI\u00d3N PRESENTADA POR CONVERXENCIA GALEGA SOBRE A INTEGRACI\u00d3N DO CONCELLO DE A GUARDA NO EIXO ATL\u00c1NTICO PENINSULAR.<br \/>\n10. Expediente 163\/2021. MOCI\u00d3N PRESENTADA POLO GRUPO MUNICIPAL POPULAR SOBRE O FONDO DE COOPERACI\u00d3N GALEGO COVID-19 HOSTALAR\u00cdA.<br \/>\n11. ROGOS E PREGUNTAS.<\/p>\n<p>&nbsp;<\/p>\n","protected":false},"excerpt":{"rendered":"<p>DATOS DA CONVOCATORIA Tipo Convocatoria: Ordinaria Data e hora: 29 de xaneiro de 2021 \u00e1s 20:00 Lugar: Casa do Concello ASUNTOS DA CONVOCATORIA 1. Aprobaci\u00f3n das actas das sesi\u00f3ns ordinaria do 27.11.2020, extraordinaria do 18.12.2020 e a extraordinaria do 23.12.2020. &hellip; <\/p>\n","protected":false},"author":2,"featured_media":23176,"comment_status":"open","ping_status":"open","sticky":false,"template":"","format":"standard","meta":[],"categories":[33],"tags":[226,1329,873],"yoast_head":"<!-- This site is optimized with the Yoast SEO plugin v21.1 - https:\/\/yoast.com\/wordpress\/plugins\/seo\/ -->\n<title>Convocatoria de Pleno ordinario este venres d\u00eda 29 de xaneiro \u00e1s 20:00h - Concello da Guarda<\/title>\n<meta name=\"robots\" content=\"index, follow, max-snippet:-1, max-image-preview:large, max-video-preview:-1\" \/>\n<link rel=\"canonical\" href=\"https:\/\/www.aguarda.es\/en\/convocatoria-de-pleno-ordinaria-este-venres-dia-29-de-xaneiro-as-2000h\/\" \/>\n<meta property=\"og:locale\" content=\"en_US\" \/>\n<meta property=\"og:type\" content=\"article\" \/>\n<meta property=\"og:title\" content=\"Convocatoria de Pleno ordinario este venres d\u00eda 29 de xaneiro \u00e1s 20:00h - Concello da Guarda\" \/>\n<meta property=\"og:description\" content=\"DATOS DA CONVOCATORIA Tipo Convocatoria: Ordinaria Data e hora: 29 de xaneiro de 2021 \u00e1s 20:00 Lugar: Casa do Concello ASUNTOS DA CONVOCATORIA 1. Aprobaci\u00f3n das actas das sesi\u00f3ns ordinaria do 27.11.2020, extraordinaria do 18.12.2020 e a extraordinaria do 23.12.2020. &hellip;\" \/>\n<meta property=\"og:url\" content=\"https:\/\/www.aguarda.es\/en\/convocatoria-de-pleno-ordinaria-este-venres-dia-29-de-xaneiro-as-2000h\/\" \/>\n<meta property=\"og:site_name\" content=\"Concello da Guarda\" \/>\n<meta property=\"article:publisher\" content=\"https:\/\/www.facebook.com\/ConcellodaGuarda\" \/>\n<meta property=\"article:published_time\" content=\"2021-01-26T08:38:44+00:00\" \/>\n<meta property=\"article:modified_time\" content=\"2021-01-26T08:42:25+00:00\" \/>\n<meta property=\"og:image\" content=\"https:\/\/www.aguarda.es\/wp-content\/uploads\/2021\/01\/PLENO-ORDINARIO-29012021.jpg\" \/>\n\t<meta property=\"og:image:width\" content=\"800\" \/>\n\t<meta property=\"og:image:height\" content=\"800\" \/>\n\t<meta property=\"og:image:type\" content=\"image\/jpeg\" \/>\n<meta name=\"author\" content=\"prensa\" \/>\n<meta name=\"twitter:card\" content=\"summary_large_image\" \/>\n<meta name=\"twitter:creator\" content=\"@AGuarda_es\" \/>\n<meta name=\"twitter:site\" content=\"@AGuarda_es\" \/>\n<meta name=\"twitter:label1\" content=\"Written by\" \/>\n\t<meta name=\"twitter:data1\" content=\"prensa\" \/>\n\t<meta name=\"twitter:label2\" content=\"Est. reading time\" \/>\n\t<meta name=\"twitter:data2\" content=\"1 minute\" \/>\n<script type=\"application\/ld+json\" class=\"yoast-schema-graph\">{\"@context\":\"https:\/\/schema.org\",\"@graph\":[{\"@type\":\"WebPage\",\"@id\":\"https:\/\/www.aguarda.es\/en\/convocatoria-de-pleno-ordinaria-este-venres-dia-29-de-xaneiro-as-2000h\/\",\"url\":\"https:\/\/www.aguarda.es\/en\/convocatoria-de-pleno-ordinaria-este-venres-dia-29-de-xaneiro-as-2000h\/\",\"name\":\"Convocatoria de Pleno ordinario este venres d\u00eda 29 de xaneiro \u00e1s 20:00h - Concello da Guarda\",\"isPartOf\":{\"@id\":\"https:\/\/www.aguarda.es\/en\/#website\"},\"datePublished\":\"2021-01-26T08:38:44+00:00\",\"dateModified\":\"2021-01-26T08:42:25+00:00\",\"author\":{\"@id\":\"https:\/\/www.aguarda.es\/en\/#\/schema\/person\/c463ca3006858ffb349d11179d044f21\"},\"breadcrumb\":{\"@id\":\"https:\/\/www.aguarda.es\/en\/convocatoria-de-pleno-ordinaria-este-venres-dia-29-de-xaneiro-as-2000h\/#breadcrumb\"},\"inLanguage\":\"en-US\",\"potentialAction\":[{\"@type\":\"ReadAction\",\"target\":[\"https:\/\/www.aguarda.es\/en\/convocatoria-de-pleno-ordinaria-este-venres-dia-29-de-xaneiro-as-2000h\/\"]}]},{\"@type\":\"BreadcrumbList\",\"@id\":\"https:\/\/www.aguarda.es\/en\/convocatoria-de-pleno-ordinaria-este-venres-dia-29-de-xaneiro-as-2000h\/#breadcrumb\",\"itemListElement\":[{\"@type\":\"ListItem\",\"position\":1,\"name\":\"Portada\",\"item\":\"https:\/\/www.aguarda.es\/en\/\"},{\"@type\":\"ListItem\",\"position\":2,\"name\":\"Convocatoria de Pleno ordinario este venres d\u00eda 29 de xaneiro \u00e1s 20:00h\"}]},{\"@type\":\"WebSite\",\"@id\":\"https:\/\/www.aguarda.es\/en\/#website\",\"url\":\"https:\/\/www.aguarda.es\/en\/\",\"name\":\"Concello da Guarda\",\"description\":\"P\u00e1xina web do concello da Guarda\",\"potentialAction\":[{\"@type\":\"SearchAction\",\"target\":{\"@type\":\"EntryPoint\",\"urlTemplate\":\"https:\/\/www.aguarda.es\/en\/?s={search_term_string}\"},\"query-input\":\"required name=search_term_string\"}],\"inLanguage\":\"en-US\"},{\"@type\":\"Person\",\"@id\":\"https:\/\/www.aguarda.es\/en\/#\/schema\/person\/c463ca3006858ffb349d11179d044f21\",\"name\":\"prensa\",\"image\":{\"@type\":\"ImageObject\",\"inLanguage\":\"en-US\",\"@id\":\"https:\/\/www.aguarda.es\/en\/#\/schema\/person\/image\/\",\"url\":\"https:\/\/secure.gravatar.com\/avatar\/5f90ef536b0f98306edf5c7a1135ffa1?s=96&d=mm&r=g\",\"contentUrl\":\"https:\/\/secure.gravatar.com\/avatar\/5f90ef536b0f98306edf5c7a1135ffa1?s=96&d=mm&r=g\",\"caption\":\"prensa\"},\"url\":\"https:\/\/www.aguarda.es\/en\/author\/prensa\/\"}]}<\/script>\n<!-- \/ Yoast SEO plugin. -->","yoast_head_json":{"title":"Convocatoria de Pleno ordinario este venres d\u00eda 29 de xaneiro \u00e1s 20:00h - Concello da Guarda","robots":{"index":"index","follow":"follow","max-snippet":"max-snippet:-1","max-image-preview":"max-image-preview:large","max-video-preview":"max-video-preview:-1"},"canonical":"https:\/\/www.aguarda.es\/en\/convocatoria-de-pleno-ordinaria-este-venres-dia-29-de-xaneiro-as-2000h\/","og_locale":"en_US","og_type":"article","og_title":"Convocatoria de Pleno ordinario este venres d\u00eda 29 de xaneiro \u00e1s 20:00h - Concello da Guarda","og_description":"DATOS DA CONVOCATORIA Tipo Convocatoria: Ordinaria Data e hora: 29 de xaneiro de 2021 \u00e1s 20:00 Lugar: Casa do Concello ASUNTOS DA CONVOCATORIA 1. Aprobaci\u00f3n das actas das sesi\u00f3ns ordinaria do 27.11.2020, extraordinaria do 18.12.2020 e a extraordinaria do 23.12.2020. &hellip;","og_url":"https:\/\/www.aguarda.es\/en\/convocatoria-de-pleno-ordinaria-este-venres-dia-29-de-xaneiro-as-2000h\/","og_site_name":"Concello da Guarda","article_publisher":"https:\/\/www.facebook.com\/ConcellodaGuarda","article_published_time":"2021-01-26T08:38:44+00:00","article_modified_time":"2021-01-26T08:42:25+00:00","og_image":[{"width":800,"height":800,"url":"https:\/\/www.aguarda.es\/wp-content\/uploads\/2021\/01\/PLENO-ORDINARIO-29012021.jpg","type":"image\/jpeg"}],"author":"prensa","twitter_card":"summary_large_image","twitter_creator":"@AGuarda_es","twitter_site":"@AGuarda_es","twitter_misc":{"Written by":"prensa","Est. reading time":"1 minute"},"schema":{"@context":"https:\/\/schema.org","@graph":[{"@type":"WebPage","@id":"https:\/\/www.aguarda.es\/en\/convocatoria-de-pleno-ordinaria-este-venres-dia-29-de-xaneiro-as-2000h\/","url":"https:\/\/www.aguarda.es\/en\/convocatoria-de-pleno-ordinaria-este-venres-dia-29-de-xaneiro-as-2000h\/","name":"Convocatoria de Pleno ordinario este venres d\u00eda 29 de xaneiro \u00e1s 20:00h - Concello da Guarda","isPartOf":{"@id":"https:\/\/www.aguarda.es\/en\/#website"},"datePublished":"2021-01-26T08:38:44+00:00","dateModified":"2021-01-26T08:42:25+00:00","author":{"@id":"https:\/\/www.aguarda.es\/en\/#\/schema\/person\/c463ca3006858ffb349d11179d044f21"},"breadcrumb":{"@id":"https:\/\/www.aguarda.es\/en\/convocatoria-de-pleno-ordinaria-este-venres-dia-29-de-xaneiro-as-2000h\/#breadcrumb"},"inLanguage":"en-US","potentialAction":[{"@type":"ReadAction","target":["https:\/\/www.aguarda.es\/en\/convocatoria-de-pleno-ordinaria-este-venres-dia-29-de-xaneiro-as-2000h\/"]}]},{"@type":"BreadcrumbList","@id":"https:\/\/www.aguarda.es\/en\/convocatoria-de-pleno-ordinaria-este-venres-dia-29-de-xaneiro-as-2000h\/#breadcrumb","itemListElement":[{"@type":"ListItem","position":1,"name":"Portada","item":"https:\/\/www.aguarda.es\/en\/"},{"@type":"ListItem","position":2,"name":"Convocatoria de Pleno ordinario este venres d\u00eda 29 de xaneiro \u00e1s 20:00h"}]},{"@type":"WebSite","@id":"https:\/\/www.aguarda.es\/en\/#website","url":"https:\/\/www.aguarda.es\/en\/","name":"Concello da Guarda","description":"P\u00e1xina web do concello da Guarda","potentialAction":[{"@type":"SearchAction","target":{"@type":"EntryPoint","urlTemplate":"https:\/\/www.aguarda.es\/en\/?s={search_term_string}"},"query-input":"required name=search_term_string"}],"inLanguage":"en-US"},{"@type":"Person","@id":"https:\/\/www.aguarda.es\/en\/#\/schema\/person\/c463ca3006858ffb349d11179d044f21","name":"prensa","image":{"@type":"ImageObject","inLanguage":"en-US","@id":"https:\/\/www.aguarda.es\/en\/#\/schema\/person\/image\/","url":"https:\/\/secure.gravatar.com\/avatar\/5f90ef536b0f98306edf5c7a1135ffa1?s=96&d=mm&r=g","contentUrl":"https:\/\/secure.gravatar.com\/avatar\/5f90ef536b0f98306edf5c7a1135ffa1?s=96&d=mm&r=g","caption":"prensa"},"url":"https:\/\/www.aguarda.es\/en\/author\/prensa\/"}]}},"_links":{"self":[{"href":"https:\/\/www.aguarda.es\/en\/wp-json\/wp\/v2\/posts\/23175"}],"collection":[{"href":"https:\/\/www.aguarda.es\/en\/wp-json\/wp\/v2\/posts"}],"about":[{"href":"https:\/\/www.aguarda.es\/en\/wp-json\/wp\/v2\/types\/post"}],"author":[{"embeddable":true,"href":"https:\/\/www.aguarda.es\/en\/wp-json\/wp\/v2\/users\/2"}],"replies":[{"embeddable":true,"href":"https:\/\/www.aguarda.es\/en\/wp-json\/wp\/v2\/comments?post=23175"}],"version-history":[{"count":3,"href":"https:\/\/www.aguarda.es\/en\/wp-json\/wp\/v2\/posts\/23175\/revisions"}],"predecessor-version":[{"id":23180,"href":"https:\/\/www.aguarda.es\/en\/wp-json\/wp\/v2\/posts\/23175\/revisions\/23180"}],"wp:featuredmedia":[{"embeddable":true,"href":"https:\/\/www.aguarda.es\/en\/wp-json\/wp\/v2\/media\/23176"}],"wp:attachment":[{"href":"https:\/\/www.aguarda.es\/en\/wp-json\/wp\/v2\/media?parent=23175"}],"wp:term":[{"taxonomy":"category","embeddable":true,"href":"https:\/\/www.aguarda.es\/en\/wp-json\/wp\/v2\/categories?post=23175"},{"taxonomy":"post_tag","embeddable":true,"href":"https:\/\/www.aguarda.es\/en\/wp-json\/wp\/v2\/tags?post=23175"}],"curies":[{"name":"wp","href":"https:\/\/api.w.org\/{rel}","templated":true}]}}