{"id":2329,"date":"2016-11-16T09:30:05","date_gmt":"2016-11-16T09:30:05","guid":{"rendered":"https:\/\/www.aguarda.es\/?p=2329"},"modified":"2016-11-16T09:30:05","modified_gmt":"2016-11-16T09:30:05","slug":"o-arqueologo-gustavo-pascual-ponente-da-primeira-barferencia-de-inverno-da-tempada-2016-17","status":"publish","type":"post","link":"https:\/\/www.aguarda.es\/en\/o-arqueologo-gustavo-pascual-ponente-da-primeira-barferencia-de-inverno-da-tempada-2016-17\/","title":{"rendered":"O arqueol\u00f3go Gustavo Pascual, ponente da primeira barferencia de inverno da tempada 2016\/17"},"content":{"rendered":"<p><span>Un inverno m\u00e1is volven as barferencias \u00e1s cafeter\u00edas e bares do Concello da Guarda. A primeira destas charlas ter\u00e1 lugar este venres 18, \u00e1s 20&#8217;30 horas, na cafeter\u00eda Barros a cargo do arque\u00f3logo Gustavo Pascual Hermida.<\/span><\/p>\n<p>  <!--more-->  <\/p>\n<p><span>Un inverno m\u00e1is volven as barferencias \u00e1s cafeter\u00edas e bares do Concello da Guarda. A primeira destas charlas ter\u00e1 lugar este venres 18, \u00e1s 20&#8217;30 horas, na cafeter\u00eda Barros a cargo do arque\u00f3logo Gustavo Pascual Hermida.\u00a0<\/span><\/p>\n<p><span>Gustavo Pascual est\u00e1 licenciado en Xeograf\u00eda e Historia na especialidade de Prehistoria e Arqueolox\u00eda pola Universidade de Santiago de Compostela. \u00c9 profesor de Xeograf\u00eda e Historia de Ensinanza Secundaria no Instituto de Coruxo, en Vigo, e participou en diferentes campa\u00f1as de arqueolox\u00eda co museo de Castrelos e no castro de Vigo e Tro\u00f1a.<\/span><\/p>\n<h2><span>\u00a0\u00a0<\/span><\/h2>\n<p><span><img decoding=\"async\" loading=\"lazy\" class=\" size-full wp-image-2328\" src=\"https:\/\/www.aguarda.es\/wp-content\/uploads\/2016\/11\/2016_%20arqueologo%20barferencias1.jpg\" alt=\"\" width=\"557\" height=\"334\" \/><\/span><\/p>\n<h2><span>\u00a0<\/span><\/h2>\n<p><span>Na actualidade, como investigador independente, traballa en campos da arqueolox\u00eda relacionados coa mitolox\u00eda antiga e o simbolismo nas sociedades prehist\u00f3ricas relacionado co mundo dos petroglifos. Ademais, ad\u00edcase a investigar aspectos da prehistoria recente do Baixo Mi\u00f1o, que logo publica no seu blog \u201cM\u00e1s que Petroglifos\u201d. Entre estas investigaci\u00f3ns incl\u00faense o estudo do \u201cPoboamento Antiguo da Costa de Santa Mar\u00eda de Oia\u201d ou os complementarios \u201cA miner\u00eda de ouro romana na serra de Groba\u201d e \u201cCanais de abastecemento de auga en minas da Groba\u201d.<\/span><\/p>\n<h2><span>\u00a0<\/span><\/h2>\n<p><span>Arredor destes \u00faltimos xirar\u00e1 a barferencia deste venres titulada \u201cA miner\u00eda de ouro nas serras da Groba e Argallo\u201d, na que falar\u00e1 do proceso e dos resultados e conclusi\u00f3ns destas investigaci\u00f3ns dun xeito ameno e interactivo.<\/span><\/p>\n<p><span>Inaug\u00farase as\u00ed, esta semana, a tempada 2016\/17 das barferencias de inverno da Guarda. Durante os tres meses de inverno poderase desfrutar dunha serie de charlas de diferentes tem\u00e1ticas en diversos locais da vila, con temas tan variados como o museo do monte ou a xesti\u00f3n dos bosques na Idade do Ferro.\u00a0<\/span><\/p>\n<p><span><a href=\"index.php\/es\/novasxuventude\/1168-a-guarda-acolleu-este-sabado-unha-xornada-de-micoloxia-organizada-pola-omix\"><span>\u00a0<\/span><\/a><\/span><\/p>\n","protected":false},"excerpt":{"rendered":"<p>Un inverno m\u00e1is volven as barferencias \u00e1s cafeter\u00edas e bares do Concello da Guarda. A primeira destas charlas ter\u00e1 lugar este venres 18, \u00e1s 20&#8217;30 horas, na cafeter\u00eda Barros a cargo do arque\u00f3logo Gustavo Pascual Hermida.<\/p>\n","protected":false},"author":1,"featured_media":2328,"comment_status":"open","ping_status":"open","sticky":false,"template":"","format":"standard","meta":[],"categories":[34],"tags":[],"yoast_head":"<!-- This site is optimized with the Yoast SEO plugin v21.1 - https:\/\/yoast.com\/wordpress\/plugins\/seo\/ -->\n<title>O arqueol\u00f3go Gustavo Pascual, ponente da primeira barferencia de inverno da tempada 2016\/17 - Concello da Guarda<\/title>\n<meta name=\"robots\" content=\"index, follow, max-snippet:-1, max-image-preview:large, max-video-preview:-1\" \/>\n<link rel=\"canonical\" href=\"https:\/\/www.aguarda.es\/en\/o-arqueologo-gustavo-pascual-ponente-da-primeira-barferencia-de-inverno-da-tempada-2016-17\/\" \/>\n<meta property=\"og:locale\" content=\"en_US\" \/>\n<meta property=\"og:type\" content=\"article\" \/>\n<meta property=\"og:title\" content=\"O arqueol\u00f3go Gustavo Pascual, ponente da primeira barferencia de inverno da tempada 2016\/17 - Concello da Guarda\" \/>\n<meta property=\"og:description\" content=\"Un inverno m\u00e1is volven as barferencias \u00e1s cafeter\u00edas e bares do Concello da Guarda. A primeira destas charlas ter\u00e1 lugar este venres 18, \u00e1s 20&#8217;30 horas, na cafeter\u00eda Barros a cargo do arque\u00f3logo Gustavo Pascual Hermida.\" \/>\n<meta property=\"og:url\" content=\"https:\/\/www.aguarda.es\/en\/o-arqueologo-gustavo-pascual-ponente-da-primeira-barferencia-de-inverno-da-tempada-2016-17\/\" \/>\n<meta property=\"og:site_name\" content=\"Concello da Guarda\" \/>\n<meta property=\"article:publisher\" content=\"https:\/\/www.facebook.com\/ConcellodaGuarda\" \/>\n<meta property=\"article:published_time\" content=\"2016-11-16T09:30:05+00:00\" \/>\n<meta property=\"og:image\" content=\"https:\/\/www.aguarda.es\/wp-content\/uploads\/2016\/11\/2016_%20arqueologo%20barferencias1.jpg\" \/>\n\t<meta property=\"og:image:width\" content=\"700\" \/>\n\t<meta property=\"og:image:height\" content=\"420\" \/>\n\t<meta property=\"og:image:type\" content=\"image\/jpeg\" \/>\n<meta name=\"author\" content=\"Concello\" \/>\n<meta name=\"twitter:card\" content=\"summary_large_image\" \/>\n<meta name=\"twitter:creator\" content=\"@AGuarda_es\" \/>\n<meta name=\"twitter:site\" content=\"@AGuarda_es\" \/>\n<meta name=\"twitter:label1\" content=\"Written by\" \/>\n\t<meta name=\"twitter:data1\" content=\"Concello\" \/>\n\t<meta name=\"twitter:label2\" content=\"Est. reading time\" \/>\n\t<meta name=\"twitter:data2\" content=\"2 minutes\" \/>\n<script type=\"application\/ld+json\" class=\"yoast-schema-graph\">{\"@context\":\"https:\/\/schema.org\",\"@graph\":[{\"@type\":\"WebPage\",\"@id\":\"https:\/\/www.aguarda.es\/en\/o-arqueologo-gustavo-pascual-ponente-da-primeira-barferencia-de-inverno-da-tempada-2016-17\/\",\"url\":\"https:\/\/www.aguarda.es\/en\/o-arqueologo-gustavo-pascual-ponente-da-primeira-barferencia-de-inverno-da-tempada-2016-17\/\",\"name\":\"O arqueol\u00f3go Gustavo Pascual, ponente da primeira barferencia de inverno da tempada 2016\/17 - Concello da Guarda\",\"isPartOf\":{\"@id\":\"https:\/\/www.aguarda.es\/en\/#website\"},\"datePublished\":\"2016-11-16T09:30:05+00:00\",\"dateModified\":\"2016-11-16T09:30:05+00:00\",\"author\":{\"@id\":\"https:\/\/www.aguarda.es\/en\/#\/schema\/person\/ac30f4d74843174f0af56c730f74dd57\"},\"breadcrumb\":{\"@id\":\"https:\/\/www.aguarda.es\/en\/o-arqueologo-gustavo-pascual-ponente-da-primeira-barferencia-de-inverno-da-tempada-2016-17\/#breadcrumb\"},\"inLanguage\":\"en-US\",\"potentialAction\":[{\"@type\":\"ReadAction\",\"target\":[\"https:\/\/www.aguarda.es\/en\/o-arqueologo-gustavo-pascual-ponente-da-primeira-barferencia-de-inverno-da-tempada-2016-17\/\"]}]},{\"@type\":\"BreadcrumbList\",\"@id\":\"https:\/\/www.aguarda.es\/en\/o-arqueologo-gustavo-pascual-ponente-da-primeira-barferencia-de-inverno-da-tempada-2016-17\/#breadcrumb\",\"itemListElement\":[{\"@type\":\"ListItem\",\"position\":1,\"name\":\"Portada\",\"item\":\"https:\/\/www.aguarda.es\/en\/\"},{\"@type\":\"ListItem\",\"position\":2,\"name\":\"O arqueol\u00f3go Gustavo Pascual, ponente da primeira barferencia de inverno da tempada 2016\/17\"}]},{\"@type\":\"WebSite\",\"@id\":\"https:\/\/www.aguarda.es\/en\/#website\",\"url\":\"https:\/\/www.aguarda.es\/en\/\",\"name\":\"Concello da Guarda\",\"description\":\"P\u00e1xina web do concello da Guarda\",\"potentialAction\":[{\"@type\":\"SearchAction\",\"target\":{\"@type\":\"EntryPoint\",\"urlTemplate\":\"https:\/\/www.aguarda.es\/en\/?s={search_term_string}\"},\"query-input\":\"required name=search_term_string\"}],\"inLanguage\":\"en-US\"},{\"@type\":\"Person\",\"@id\":\"https:\/\/www.aguarda.es\/en\/#\/schema\/person\/ac30f4d74843174f0af56c730f74dd57\",\"name\":\"Concello\",\"image\":{\"@type\":\"ImageObject\",\"inLanguage\":\"en-US\",\"@id\":\"https:\/\/www.aguarda.es\/en\/#\/schema\/person\/image\/\",\"url\":\"https:\/\/secure.gravatar.com\/avatar\/7eda12a04da40b2ef77eb62e68f07027?s=96&d=mm&r=g\",\"contentUrl\":\"https:\/\/secure.gravatar.com\/avatar\/7eda12a04da40b2ef77eb62e68f07027?s=96&d=mm&r=g\",\"caption\":\"Concello\"},\"url\":\"https:\/\/www.aguarda.es\/en\/author\/admin\/\"}]}<\/script>\n<!-- \/ Yoast SEO plugin. -->","yoast_head_json":{"title":"O arqueol\u00f3go Gustavo Pascual, ponente da primeira barferencia de inverno da tempada 2016\/17 - Concello da Guarda","robots":{"index":"index","follow":"follow","max-snippet":"max-snippet:-1","max-image-preview":"max-image-preview:large","max-video-preview":"max-video-preview:-1"},"canonical":"https:\/\/www.aguarda.es\/en\/o-arqueologo-gustavo-pascual-ponente-da-primeira-barferencia-de-inverno-da-tempada-2016-17\/","og_locale":"en_US","og_type":"article","og_title":"O arqueol\u00f3go Gustavo Pascual, ponente da primeira barferencia de inverno da tempada 2016\/17 - Concello da Guarda","og_description":"Un inverno m\u00e1is volven as barferencias \u00e1s cafeter\u00edas e bares do Concello da Guarda. A primeira destas charlas ter\u00e1 lugar este venres 18, \u00e1s 20&#8217;30 horas, na cafeter\u00eda Barros a cargo do arque\u00f3logo Gustavo Pascual Hermida.","og_url":"https:\/\/www.aguarda.es\/en\/o-arqueologo-gustavo-pascual-ponente-da-primeira-barferencia-de-inverno-da-tempada-2016-17\/","og_site_name":"Concello da Guarda","article_publisher":"https:\/\/www.facebook.com\/ConcellodaGuarda","article_published_time":"2016-11-16T09:30:05+00:00","og_image":[{"width":700,"height":420,"url":"https:\/\/www.aguarda.es\/wp-content\/uploads\/2016\/11\/2016_ arqueologo barferencias1.jpg","type":"image\/jpeg"}],"author":"Concello","twitter_card":"summary_large_image","twitter_creator":"@AGuarda_es","twitter_site":"@AGuarda_es","twitter_misc":{"Written by":"Concello","Est. reading time":"2 minutes"},"schema":{"@context":"https:\/\/schema.org","@graph":[{"@type":"WebPage","@id":"https:\/\/www.aguarda.es\/en\/o-arqueologo-gustavo-pascual-ponente-da-primeira-barferencia-de-inverno-da-tempada-2016-17\/","url":"https:\/\/www.aguarda.es\/en\/o-arqueologo-gustavo-pascual-ponente-da-primeira-barferencia-de-inverno-da-tempada-2016-17\/","name":"O arqueol\u00f3go Gustavo Pascual, ponente da primeira barferencia de inverno da tempada 2016\/17 - Concello da Guarda","isPartOf":{"@id":"https:\/\/www.aguarda.es\/en\/#website"},"datePublished":"2016-11-16T09:30:05+00:00","dateModified":"2016-11-16T09:30:05+00:00","author":{"@id":"https:\/\/www.aguarda.es\/en\/#\/schema\/person\/ac30f4d74843174f0af56c730f74dd57"},"breadcrumb":{"@id":"https:\/\/www.aguarda.es\/en\/o-arqueologo-gustavo-pascual-ponente-da-primeira-barferencia-de-inverno-da-tempada-2016-17\/#breadcrumb"},"inLanguage":"en-US","potentialAction":[{"@type":"ReadAction","target":["https:\/\/www.aguarda.es\/en\/o-arqueologo-gustavo-pascual-ponente-da-primeira-barferencia-de-inverno-da-tempada-2016-17\/"]}]},{"@type":"BreadcrumbList","@id":"https:\/\/www.aguarda.es\/en\/o-arqueologo-gustavo-pascual-ponente-da-primeira-barferencia-de-inverno-da-tempada-2016-17\/#breadcrumb","itemListElement":[{"@type":"ListItem","position":1,"name":"Portada","item":"https:\/\/www.aguarda.es\/en\/"},{"@type":"ListItem","position":2,"name":"O arqueol\u00f3go Gustavo Pascual, ponente da primeira barferencia de inverno da tempada 2016\/17"}]},{"@type":"WebSite","@id":"https:\/\/www.aguarda.es\/en\/#website","url":"https:\/\/www.aguarda.es\/en\/","name":"Concello da Guarda","description":"P\u00e1xina web do concello da Guarda","potentialAction":[{"@type":"SearchAction","target":{"@type":"EntryPoint","urlTemplate":"https:\/\/www.aguarda.es\/en\/?s={search_term_string}"},"query-input":"required name=search_term_string"}],"inLanguage":"en-US"},{"@type":"Person","@id":"https:\/\/www.aguarda.es\/en\/#\/schema\/person\/ac30f4d74843174f0af56c730f74dd57","name":"Concello","image":{"@type":"ImageObject","inLanguage":"en-US","@id":"https:\/\/www.aguarda.es\/en\/#\/schema\/person\/image\/","url":"https:\/\/secure.gravatar.com\/avatar\/7eda12a04da40b2ef77eb62e68f07027?s=96&d=mm&r=g","contentUrl":"https:\/\/secure.gravatar.com\/avatar\/7eda12a04da40b2ef77eb62e68f07027?s=96&d=mm&r=g","caption":"Concello"},"url":"https:\/\/www.aguarda.es\/en\/author\/admin\/"}]}},"_links":{"self":[{"href":"https:\/\/www.aguarda.es\/en\/wp-json\/wp\/v2\/posts\/2329"}],"collection":[{"href":"https:\/\/www.aguarda.es\/en\/wp-json\/wp\/v2\/posts"}],"about":[{"href":"https:\/\/www.aguarda.es\/en\/wp-json\/wp\/v2\/types\/post"}],"author":[{"embeddable":true,"href":"https:\/\/www.aguarda.es\/en\/wp-json\/wp\/v2\/users\/1"}],"replies":[{"embeddable":true,"href":"https:\/\/www.aguarda.es\/en\/wp-json\/wp\/v2\/comments?post=2329"}],"version-history":[{"count":0,"href":"https:\/\/www.aguarda.es\/en\/wp-json\/wp\/v2\/posts\/2329\/revisions"}],"wp:featuredmedia":[{"embeddable":true,"href":"https:\/\/www.aguarda.es\/en\/wp-json\/wp\/v2\/media\/2328"}],"wp:attachment":[{"href":"https:\/\/www.aguarda.es\/en\/wp-json\/wp\/v2\/media?parent=2329"}],"wp:term":[{"taxonomy":"category","embeddable":true,"href":"https:\/\/www.aguarda.es\/en\/wp-json\/wp\/v2\/categories?post=2329"},{"taxonomy":"post_tag","embeddable":true,"href":"https:\/\/www.aguarda.es\/en\/wp-json\/wp\/v2\/tags?post=2329"}],"curies":[{"name":"wp","href":"https:\/\/api.w.org\/{rel}","templated":true}]}}