{"id":23297,"date":"2021-02-19T08:41:52","date_gmt":"2021-02-19T08:41:52","guid":{"rendered":"https:\/\/www.aguarda.es\/?p=23297"},"modified":"2021-02-19T08:41:52","modified_gmt":"2021-02-19T08:41:52","slug":"o-concello-da-guarda-presenta-o-plan-estratexico-de-subvencions-para-o-periodo-21-22","status":"publish","type":"post","link":"https:\/\/www.aguarda.es\/en\/o-concello-da-guarda-presenta-o-plan-estratexico-de-subvencions-para-o-periodo-21-22\/","title":{"rendered":"O concello da Guarda presenta o Plan Estrat\u00e9xico de subvenci\u00f3ns para o per\u00edodo 21-22"},"content":{"rendered":"<p><strong><em>\u2022 Este Plan Estrat\u00e9xico de Subvenci\u00f3ns establece d\u00faas modalidades de concesi\u00f3n de subvenci\u00f3ns: a concesi\u00f3n nominativa e a concorrencia competitiva<\/em><\/strong><\/p>\n<p>O concello da Guarda acaba de aprobar o Plan Estrat\u00e9xico de Subvenci\u00f3ns para o per\u00edodo 2021-2022, cumprindo as\u00ed a obriga establecida pola Lei Xeral de Subvenci\u00f3ns que establece que os concellos que pretendan outorgar subvenci\u00f3ns deben contar previamente co correspondente Plan Estrat\u00e9xico de Subvenci\u00f3ns. Este plan nace da convicci\u00f3n da importancia do tecido asociativo local e da necesidade de colaborar e impulsar os proxectos de interese social e comunitario que desenvolven estas asociaci\u00f3ns, as\u00ed se establecen d\u00faas modalidades, a modalidade de concesi\u00f3n directa de subvenci\u00f3ns e a modalidade de concesi\u00f3n por concorrencia competitiva para a realizaci\u00f3n de actividades de utilidade p\u00fablica ou de interese social.<br \/>\nNa modalidade de concesi\u00f3n directa de subvenci\u00f3ns, figuran entidades coma Erguete, Avelai\u00f1a ou San Xerome entre as entidades con fins sociais, a Agrupaci\u00f3n Musical da Guarda, a asociaci\u00f3n das Alfombras Florais entre as culturais e entidades coma o club Balonm\u00e1n atl\u00e9tico Guard\u00e9s ou o Sporting Guard\u00e9s de f\u00fatbol entre as deportivas.<br \/>\nNa modalidade de concesi\u00f3n por concorrencia competitiva entrar\u00edan as axudas para a realizaci\u00f3n de actividades de utilidade p\u00fablica ou de interese social.<br \/>\nNas vindeiras semanas se aprobar\u00e1n as bases das que sair\u00e1n as convocatorias para poder concorrer a estas axudas por concorrencia competitiva.<br \/>\nO alcalde da Guarda, Antonio Lomba quere \u201cdestacar o compromiso do concello en seguir facendo esforzos por acercar a colaboraci\u00f3n do concello a aquelas entidades que desenvolven proxectos de interese social, deportivo ou cultural. Non se pode entender a nosa localidade sen ter en conta todo o traballo que d\u00eda a d\u00eda desenvolven centos de veci\u00f1os en proxectos comunitarios, que serven para darlle prestixio \u00e1 nosa vila e posibilitan unha riqueza cultural e deportiva sen parang\u00f3n. Moitas destas entidades te\u00f1en unha importancia estrat\u00e9xica xa que son referentes nos seus \u00e1mbitos. No \u00e1mbito social \u00e9 encomiable a labor desinteresada dos diferentes colectivos da localidade que procuran solucionar situaci\u00f3ns de precariedade para moit@ veci\u00f1os\u201d.<\/p>\n<p>Este Plan Estrat\u00e9xico de Subvenci\u00f3ns tam\u00e9n vai permitir a valoraci\u00f3n dos proxectos das diferentes asociaci\u00f3ns e posibilitar\u00e1 unha an\u00e1lise pormenorizada para ir mellorando no tempo e permitir\u00e1 co\u00f1ecer se se conseguiron os obxectivos perseguidos en cada unha das li\u00f1as das que consta o Plan. As subvenci\u00f3ns en xeral implican un retorno do esforzo econ\u00f3mico da administraci\u00f3n local, que este ano alcanzar\u00e1 os 171.960\u20ac, en forma de servizos, de oferta formativa, cultural e deportiva.<\/p>\n","protected":false},"excerpt":{"rendered":"<p>\u2022 Este Plan Estrat\u00e9xico de Subvenci\u00f3ns establece d\u00faas modalidades de concesi\u00f3n de subvenci\u00f3ns: a concesi\u00f3n nominativa e a concorrencia competitiva O concello da Guarda acaba de aprobar o Plan Estrat\u00e9xico de Subvenci\u00f3ns para o per\u00edodo 2021-2022, cumprindo as\u00ed a obriga &hellip; <\/p>\n","protected":false},"author":2,"featured_media":23298,"comment_status":"open","ping_status":"open","sticky":false,"template":"","format":"standard","meta":[],"categories":[33],"tags":[226,1392,2420,297],"yoast_head":"<!-- This site is optimized with the Yoast SEO plugin v21.1 - https:\/\/yoast.com\/wordpress\/plugins\/seo\/ -->\n<title>O concello da Guarda presenta o Plan Estrat\u00e9xico de subvenci\u00f3ns para o per\u00edodo 21-22 - Concello da Guarda<\/title>\n<meta name=\"robots\" content=\"index, follow, max-snippet:-1, max-image-preview:large, max-video-preview:-1\" \/>\n<link rel=\"canonical\" href=\"https:\/\/www.aguarda.es\/en\/o-concello-da-guarda-presenta-o-plan-estratexico-de-subvencions-para-o-periodo-21-22\/\" \/>\n<meta property=\"og:locale\" content=\"en_US\" \/>\n<meta property=\"og:type\" content=\"article\" \/>\n<meta property=\"og:title\" content=\"O concello da Guarda presenta o Plan Estrat\u00e9xico de subvenci\u00f3ns para o per\u00edodo 21-22 - Concello da Guarda\" \/>\n<meta property=\"og:description\" content=\"\u2022 Este Plan Estrat\u00e9xico de Subvenci\u00f3ns establece d\u00faas modalidades de concesi\u00f3n de subvenci\u00f3ns: a concesi\u00f3n nominativa e a concorrencia competitiva O concello da Guarda acaba de aprobar o Plan Estrat\u00e9xico de Subvenci\u00f3ns para o per\u00edodo 2021-2022, cumprindo as\u00ed a obriga &hellip;\" \/>\n<meta property=\"og:url\" content=\"https:\/\/www.aguarda.es\/en\/o-concello-da-guarda-presenta-o-plan-estratexico-de-subvencions-para-o-periodo-21-22\/\" \/>\n<meta property=\"og:site_name\" content=\"Concello da Guarda\" \/>\n<meta property=\"article:publisher\" content=\"https:\/\/www.facebook.com\/ConcellodaGuarda\" \/>\n<meta property=\"article:published_time\" content=\"2021-02-19T08:41:52+00:00\" \/>\n<meta property=\"og:image\" content=\"https:\/\/www.aguarda.es\/wp-content\/uploads\/2021\/02\/Sin-t\u00edtulo-1-2.jpg\" \/>\n\t<meta property=\"og:image:width\" content=\"800\" \/>\n\t<meta property=\"og:image:height\" content=\"534\" \/>\n\t<meta property=\"og:image:type\" content=\"image\/jpeg\" \/>\n<meta name=\"author\" content=\"prensa\" \/>\n<meta name=\"twitter:card\" content=\"summary_large_image\" \/>\n<meta name=\"twitter:creator\" content=\"@AGuarda_es\" \/>\n<meta name=\"twitter:site\" content=\"@AGuarda_es\" \/>\n<meta name=\"twitter:label1\" content=\"Written by\" \/>\n\t<meta name=\"twitter:data1\" content=\"prensa\" \/>\n\t<meta name=\"twitter:label2\" content=\"Est. reading time\" \/>\n\t<meta name=\"twitter:data2\" content=\"2 minutes\" \/>\n<script type=\"application\/ld+json\" class=\"yoast-schema-graph\">{\"@context\":\"https:\/\/schema.org\",\"@graph\":[{\"@type\":\"WebPage\",\"@id\":\"https:\/\/www.aguarda.es\/en\/o-concello-da-guarda-presenta-o-plan-estratexico-de-subvencions-para-o-periodo-21-22\/\",\"url\":\"https:\/\/www.aguarda.es\/en\/o-concello-da-guarda-presenta-o-plan-estratexico-de-subvencions-para-o-periodo-21-22\/\",\"name\":\"O concello da Guarda presenta o Plan Estrat\u00e9xico de subvenci\u00f3ns para o per\u00edodo 21-22 - Concello da Guarda\",\"isPartOf\":{\"@id\":\"https:\/\/www.aguarda.es\/en\/#website\"},\"datePublished\":\"2021-02-19T08:41:52+00:00\",\"dateModified\":\"2021-02-19T08:41:52+00:00\",\"author\":{\"@id\":\"https:\/\/www.aguarda.es\/en\/#\/schema\/person\/c463ca3006858ffb349d11179d044f21\"},\"breadcrumb\":{\"@id\":\"https:\/\/www.aguarda.es\/en\/o-concello-da-guarda-presenta-o-plan-estratexico-de-subvencions-para-o-periodo-21-22\/#breadcrumb\"},\"inLanguage\":\"en-US\",\"potentialAction\":[{\"@type\":\"ReadAction\",\"target\":[\"https:\/\/www.aguarda.es\/en\/o-concello-da-guarda-presenta-o-plan-estratexico-de-subvencions-para-o-periodo-21-22\/\"]}]},{\"@type\":\"BreadcrumbList\",\"@id\":\"https:\/\/www.aguarda.es\/en\/o-concello-da-guarda-presenta-o-plan-estratexico-de-subvencions-para-o-periodo-21-22\/#breadcrumb\",\"itemListElement\":[{\"@type\":\"ListItem\",\"position\":1,\"name\":\"Portada\",\"item\":\"https:\/\/www.aguarda.es\/en\/\"},{\"@type\":\"ListItem\",\"position\":2,\"name\":\"O concello da Guarda presenta o Plan Estrat\u00e9xico de subvenci\u00f3ns para o per\u00edodo 21-22\"}]},{\"@type\":\"WebSite\",\"@id\":\"https:\/\/www.aguarda.es\/en\/#website\",\"url\":\"https:\/\/www.aguarda.es\/en\/\",\"name\":\"Concello da Guarda\",\"description\":\"P\u00e1xina web do concello da Guarda\",\"potentialAction\":[{\"@type\":\"SearchAction\",\"target\":{\"@type\":\"EntryPoint\",\"urlTemplate\":\"https:\/\/www.aguarda.es\/en\/?s={search_term_string}\"},\"query-input\":\"required name=search_term_string\"}],\"inLanguage\":\"en-US\"},{\"@type\":\"Person\",\"@id\":\"https:\/\/www.aguarda.es\/en\/#\/schema\/person\/c463ca3006858ffb349d11179d044f21\",\"name\":\"prensa\",\"image\":{\"@type\":\"ImageObject\",\"inLanguage\":\"en-US\",\"@id\":\"https:\/\/www.aguarda.es\/en\/#\/schema\/person\/image\/\",\"url\":\"https:\/\/secure.gravatar.com\/avatar\/5f90ef536b0f98306edf5c7a1135ffa1?s=96&d=mm&r=g\",\"contentUrl\":\"https:\/\/secure.gravatar.com\/avatar\/5f90ef536b0f98306edf5c7a1135ffa1?s=96&d=mm&r=g\",\"caption\":\"prensa\"},\"url\":\"https:\/\/www.aguarda.es\/en\/author\/prensa\/\"}]}<\/script>\n<!-- \/ Yoast SEO plugin. -->","yoast_head_json":{"title":"O concello da Guarda presenta o Plan Estrat\u00e9xico de subvenci\u00f3ns para o per\u00edodo 21-22 - Concello da Guarda","robots":{"index":"index","follow":"follow","max-snippet":"max-snippet:-1","max-image-preview":"max-image-preview:large","max-video-preview":"max-video-preview:-1"},"canonical":"https:\/\/www.aguarda.es\/en\/o-concello-da-guarda-presenta-o-plan-estratexico-de-subvencions-para-o-periodo-21-22\/","og_locale":"en_US","og_type":"article","og_title":"O concello da Guarda presenta o Plan Estrat\u00e9xico de subvenci\u00f3ns para o per\u00edodo 21-22 - Concello da Guarda","og_description":"\u2022 Este Plan Estrat\u00e9xico de Subvenci\u00f3ns establece d\u00faas modalidades de concesi\u00f3n de subvenci\u00f3ns: a concesi\u00f3n nominativa e a concorrencia competitiva O concello da Guarda acaba de aprobar o Plan Estrat\u00e9xico de Subvenci\u00f3ns para o per\u00edodo 2021-2022, cumprindo as\u00ed a obriga &hellip;","og_url":"https:\/\/www.aguarda.es\/en\/o-concello-da-guarda-presenta-o-plan-estratexico-de-subvencions-para-o-periodo-21-22\/","og_site_name":"Concello da Guarda","article_publisher":"https:\/\/www.facebook.com\/ConcellodaGuarda","article_published_time":"2021-02-19T08:41:52+00:00","og_image":[{"width":800,"height":534,"url":"https:\/\/www.aguarda.es\/wp-content\/uploads\/2021\/02\/Sin-t\u00edtulo-1-2.jpg","type":"image\/jpeg"}],"author":"prensa","twitter_card":"summary_large_image","twitter_creator":"@AGuarda_es","twitter_site":"@AGuarda_es","twitter_misc":{"Written by":"prensa","Est. reading time":"2 minutes"},"schema":{"@context":"https:\/\/schema.org","@graph":[{"@type":"WebPage","@id":"https:\/\/www.aguarda.es\/en\/o-concello-da-guarda-presenta-o-plan-estratexico-de-subvencions-para-o-periodo-21-22\/","url":"https:\/\/www.aguarda.es\/en\/o-concello-da-guarda-presenta-o-plan-estratexico-de-subvencions-para-o-periodo-21-22\/","name":"O concello da Guarda presenta o Plan Estrat\u00e9xico de subvenci\u00f3ns para o per\u00edodo 21-22 - Concello da Guarda","isPartOf":{"@id":"https:\/\/www.aguarda.es\/en\/#website"},"datePublished":"2021-02-19T08:41:52+00:00","dateModified":"2021-02-19T08:41:52+00:00","author":{"@id":"https:\/\/www.aguarda.es\/en\/#\/schema\/person\/c463ca3006858ffb349d11179d044f21"},"breadcrumb":{"@id":"https:\/\/www.aguarda.es\/en\/o-concello-da-guarda-presenta-o-plan-estratexico-de-subvencions-para-o-periodo-21-22\/#breadcrumb"},"inLanguage":"en-US","potentialAction":[{"@type":"ReadAction","target":["https:\/\/www.aguarda.es\/en\/o-concello-da-guarda-presenta-o-plan-estratexico-de-subvencions-para-o-periodo-21-22\/"]}]},{"@type":"BreadcrumbList","@id":"https:\/\/www.aguarda.es\/en\/o-concello-da-guarda-presenta-o-plan-estratexico-de-subvencions-para-o-periodo-21-22\/#breadcrumb","itemListElement":[{"@type":"ListItem","position":1,"name":"Portada","item":"https:\/\/www.aguarda.es\/en\/"},{"@type":"ListItem","position":2,"name":"O concello da Guarda presenta o Plan Estrat\u00e9xico de subvenci\u00f3ns para o per\u00edodo 21-22"}]},{"@type":"WebSite","@id":"https:\/\/www.aguarda.es\/en\/#website","url":"https:\/\/www.aguarda.es\/en\/","name":"Concello da Guarda","description":"P\u00e1xina web do concello da Guarda","potentialAction":[{"@type":"SearchAction","target":{"@type":"EntryPoint","urlTemplate":"https:\/\/www.aguarda.es\/en\/?s={search_term_string}"},"query-input":"required name=search_term_string"}],"inLanguage":"en-US"},{"@type":"Person","@id":"https:\/\/www.aguarda.es\/en\/#\/schema\/person\/c463ca3006858ffb349d11179d044f21","name":"prensa","image":{"@type":"ImageObject","inLanguage":"en-US","@id":"https:\/\/www.aguarda.es\/en\/#\/schema\/person\/image\/","url":"https:\/\/secure.gravatar.com\/avatar\/5f90ef536b0f98306edf5c7a1135ffa1?s=96&d=mm&r=g","contentUrl":"https:\/\/secure.gravatar.com\/avatar\/5f90ef536b0f98306edf5c7a1135ffa1?s=96&d=mm&r=g","caption":"prensa"},"url":"https:\/\/www.aguarda.es\/en\/author\/prensa\/"}]}},"_links":{"self":[{"href":"https:\/\/www.aguarda.es\/en\/wp-json\/wp\/v2\/posts\/23297"}],"collection":[{"href":"https:\/\/www.aguarda.es\/en\/wp-json\/wp\/v2\/posts"}],"about":[{"href":"https:\/\/www.aguarda.es\/en\/wp-json\/wp\/v2\/types\/post"}],"author":[{"embeddable":true,"href":"https:\/\/www.aguarda.es\/en\/wp-json\/wp\/v2\/users\/2"}],"replies":[{"embeddable":true,"href":"https:\/\/www.aguarda.es\/en\/wp-json\/wp\/v2\/comments?post=23297"}],"version-history":[{"count":1,"href":"https:\/\/www.aguarda.es\/en\/wp-json\/wp\/v2\/posts\/23297\/revisions"}],"predecessor-version":[{"id":23300,"href":"https:\/\/www.aguarda.es\/en\/wp-json\/wp\/v2\/posts\/23297\/revisions\/23300"}],"wp:featuredmedia":[{"embeddable":true,"href":"https:\/\/www.aguarda.es\/en\/wp-json\/wp\/v2\/media\/23298"}],"wp:attachment":[{"href":"https:\/\/www.aguarda.es\/en\/wp-json\/wp\/v2\/media?parent=23297"}],"wp:term":[{"taxonomy":"category","embeddable":true,"href":"https:\/\/www.aguarda.es\/en\/wp-json\/wp\/v2\/categories?post=23297"},{"taxonomy":"post_tag","embeddable":true,"href":"https:\/\/www.aguarda.es\/en\/wp-json\/wp\/v2\/tags?post=23297"}],"curies":[{"name":"wp","href":"https:\/\/api.w.org\/{rel}","templated":true}]}}