{"id":23317,"date":"2021-02-23T09:11:14","date_gmt":"2021-02-23T09:11:14","guid":{"rendered":"https:\/\/www.aguarda.es\/?p=23317"},"modified":"2021-02-23T09:11:14","modified_gmt":"2021-02-23T09:11:14","slug":"o-concello-da-guarda-traballa-pola-mellora-da-eficiencia-enerxetica-e-o-mantemento-do-servizo-da-piscina-municipal","status":"publish","type":"post","link":"https:\/\/www.aguarda.es\/en\/o-concello-da-guarda-traballa-pola-mellora-da-eficiencia-enerxetica-e-o-mantemento-do-servizo-da-piscina-municipal\/","title":{"rendered":"O concello da Guarda  traballa pola mellora da eficiencia enerx\u00e9tica e o mantemento do servizo da piscina municipal"},"content":{"rendered":"<p><strong><em>\u2022 O concello da guarda adxudicou o 9 de febreiro a elaboraci\u00f3n dunha diagnose enerx\u00e9tica para a piscina municipal.<\/em><\/strong><\/p>\n<p>O pleno do concello da Guarda procedeu no d\u00eda de onte, 22 de febreiro do 2021, \u00e1 aprobaci\u00f3n da modificaci\u00f3n do contrato coa concesionaria da Piscina Municipal, este acordo contou coa aprobaci\u00f3n de t\u00f3dolos grupos municipais. O concello da Guarda pasa a afrontar os gastos orixinados polo protocolo COVID na Piscina Municipal, as\u00ed como asumir o can\u00f3n do 13% en consumos enerx\u00e9ticos (ata de agora estes gastos os asum\u00eda a concesionaria da Piscina Municipal). O concello colabora coa concesionaria da Piscina Municipal a trav\u00e9s desta modificaci\u00f3n contractual que se realiza no marco da necesidade de adoptar medidas urxentes e extraordinarias para facer fronte ao impacto econ\u00f3mico do COVID 19 e garantir a continuidade do servizo ante a dificultade para o concesionario da execuci\u00f3n do contrato.<\/p>\n<p>Por outra banda, o concello ven mantendo reuni\u00f3ns coa empresa concesionaria, que xa trasladou a negativa de ampliaci\u00f3n do contrato por un prazo de 2 anos, proposta que lle trasladou o concello da Guarda para paliar as consecuencias negativas froito do COVID 19. Como resultado deses encontros, o pasado 2 de febreiro acordouse que era unha prioridade acometer unha diagnose enerx\u00e9tica da Piscina e as\u00ed se formalizou o contrato o 9 do mesmo mes, no que ademais dunha auditor\u00eda enerx\u00e9tica tam\u00e9n se vai a realizar unha avaliaci\u00f3n da propia estrutura arquitect\u00f3nica. Destas cuesti\u00f3ns son co\u00f1ecedores todos os grupos municipais.<\/p>\n","protected":false},"excerpt":{"rendered":"<p>\u2022 O concello da guarda adxudicou o 9 de febreiro a elaboraci\u00f3n dunha diagnose enerx\u00e9tica para a piscina municipal. O pleno do concello da Guarda procedeu no d\u00eda de onte, 22 de febreiro do 2021, \u00e1 aprobaci\u00f3n da modificaci\u00f3n do &hellip; <\/p>\n","protected":false},"author":2,"featured_media":23318,"comment_status":"open","ping_status":"open","sticky":false,"template":"","format":"standard","meta":[],"categories":[35,33],"tags":[226,1689,776],"yoast_head":"<!-- This site is optimized with the Yoast SEO plugin v21.1 - https:\/\/yoast.com\/wordpress\/plugins\/seo\/ -->\n<title>O concello da Guarda traballa pola mellora da eficiencia enerx\u00e9tica e o mantemento do servizo da piscina municipal - Concello da Guarda<\/title>\n<meta name=\"robots\" content=\"index, follow, max-snippet:-1, max-image-preview:large, max-video-preview:-1\" \/>\n<link rel=\"canonical\" href=\"https:\/\/www.aguarda.es\/en\/o-concello-da-guarda-traballa-pola-mellora-da-eficiencia-enerxetica-e-o-mantemento-do-servizo-da-piscina-municipal\/\" \/>\n<meta property=\"og:locale\" content=\"en_US\" \/>\n<meta property=\"og:type\" content=\"article\" \/>\n<meta property=\"og:title\" content=\"O concello da Guarda traballa pola mellora da eficiencia enerx\u00e9tica e o mantemento do servizo da piscina municipal - Concello da Guarda\" \/>\n<meta property=\"og:description\" content=\"\u2022 O concello da guarda adxudicou o 9 de febreiro a elaboraci\u00f3n dunha diagnose enerx\u00e9tica para a piscina municipal. O pleno do concello da Guarda procedeu no d\u00eda de onte, 22 de febreiro do 2021, \u00e1 aprobaci\u00f3n da modificaci\u00f3n do &hellip;\" \/>\n<meta property=\"og:url\" content=\"https:\/\/www.aguarda.es\/en\/o-concello-da-guarda-traballa-pola-mellora-da-eficiencia-enerxetica-e-o-mantemento-do-servizo-da-piscina-municipal\/\" \/>\n<meta property=\"og:site_name\" content=\"Concello da Guarda\" \/>\n<meta property=\"article:publisher\" content=\"https:\/\/www.facebook.com\/ConcellodaGuarda\" \/>\n<meta property=\"article:published_time\" content=\"2021-02-23T09:11:14+00:00\" \/>\n<meta property=\"og:image\" content=\"https:\/\/www.aguarda.es\/wp-content\/uploads\/2021\/02\/NP-23022021-O-concello-da-Guarda-traballa-pola-mellora-da-eficiencia-enerx\u00e9tica-e-o-mantemento-do-servizo-da-piscina-municipal.jpg\" \/>\n\t<meta property=\"og:image:width\" content=\"800\" \/>\n\t<meta property=\"og:image:height\" content=\"412\" \/>\n\t<meta property=\"og:image:type\" content=\"image\/jpeg\" \/>\n<meta name=\"author\" content=\"prensa\" \/>\n<meta name=\"twitter:card\" content=\"summary_large_image\" \/>\n<meta name=\"twitter:creator\" content=\"@AGuarda_es\" \/>\n<meta name=\"twitter:site\" content=\"@AGuarda_es\" \/>\n<meta name=\"twitter:label1\" content=\"Written by\" \/>\n\t<meta name=\"twitter:data1\" content=\"prensa\" \/>\n\t<meta name=\"twitter:label2\" content=\"Est. reading time\" \/>\n\t<meta name=\"twitter:data2\" content=\"1 minute\" \/>\n<script type=\"application\/ld+json\" class=\"yoast-schema-graph\">{\"@context\":\"https:\/\/schema.org\",\"@graph\":[{\"@type\":\"WebPage\",\"@id\":\"https:\/\/www.aguarda.es\/en\/o-concello-da-guarda-traballa-pola-mellora-da-eficiencia-enerxetica-e-o-mantemento-do-servizo-da-piscina-municipal\/\",\"url\":\"https:\/\/www.aguarda.es\/en\/o-concello-da-guarda-traballa-pola-mellora-da-eficiencia-enerxetica-e-o-mantemento-do-servizo-da-piscina-municipal\/\",\"name\":\"O concello da Guarda traballa pola mellora da eficiencia enerx\u00e9tica e o mantemento do servizo da piscina municipal - Concello da Guarda\",\"isPartOf\":{\"@id\":\"https:\/\/www.aguarda.es\/en\/#website\"},\"datePublished\":\"2021-02-23T09:11:14+00:00\",\"dateModified\":\"2021-02-23T09:11:14+00:00\",\"author\":{\"@id\":\"https:\/\/www.aguarda.es\/en\/#\/schema\/person\/c463ca3006858ffb349d11179d044f21\"},\"breadcrumb\":{\"@id\":\"https:\/\/www.aguarda.es\/en\/o-concello-da-guarda-traballa-pola-mellora-da-eficiencia-enerxetica-e-o-mantemento-do-servizo-da-piscina-municipal\/#breadcrumb\"},\"inLanguage\":\"en-US\",\"potentialAction\":[{\"@type\":\"ReadAction\",\"target\":[\"https:\/\/www.aguarda.es\/en\/o-concello-da-guarda-traballa-pola-mellora-da-eficiencia-enerxetica-e-o-mantemento-do-servizo-da-piscina-municipal\/\"]}]},{\"@type\":\"BreadcrumbList\",\"@id\":\"https:\/\/www.aguarda.es\/en\/o-concello-da-guarda-traballa-pola-mellora-da-eficiencia-enerxetica-e-o-mantemento-do-servizo-da-piscina-municipal\/#breadcrumb\",\"itemListElement\":[{\"@type\":\"ListItem\",\"position\":1,\"name\":\"Portada\",\"item\":\"https:\/\/www.aguarda.es\/en\/\"},{\"@type\":\"ListItem\",\"position\":2,\"name\":\"O concello da Guarda traballa pola mellora da eficiencia enerx\u00e9tica e o mantemento do servizo da piscina municipal\"}]},{\"@type\":\"WebSite\",\"@id\":\"https:\/\/www.aguarda.es\/en\/#website\",\"url\":\"https:\/\/www.aguarda.es\/en\/\",\"name\":\"Concello da Guarda\",\"description\":\"P\u00e1xina web do concello da Guarda\",\"potentialAction\":[{\"@type\":\"SearchAction\",\"target\":{\"@type\":\"EntryPoint\",\"urlTemplate\":\"https:\/\/www.aguarda.es\/en\/?s={search_term_string}\"},\"query-input\":\"required name=search_term_string\"}],\"inLanguage\":\"en-US\"},{\"@type\":\"Person\",\"@id\":\"https:\/\/www.aguarda.es\/en\/#\/schema\/person\/c463ca3006858ffb349d11179d044f21\",\"name\":\"prensa\",\"image\":{\"@type\":\"ImageObject\",\"inLanguage\":\"en-US\",\"@id\":\"https:\/\/www.aguarda.es\/en\/#\/schema\/person\/image\/\",\"url\":\"https:\/\/secure.gravatar.com\/avatar\/5f90ef536b0f98306edf5c7a1135ffa1?s=96&d=mm&r=g\",\"contentUrl\":\"https:\/\/secure.gravatar.com\/avatar\/5f90ef536b0f98306edf5c7a1135ffa1?s=96&d=mm&r=g\",\"caption\":\"prensa\"},\"url\":\"https:\/\/www.aguarda.es\/en\/author\/prensa\/\"}]}<\/script>\n<!-- \/ Yoast SEO plugin. -->","yoast_head_json":{"title":"O concello da Guarda traballa pola mellora da eficiencia enerx\u00e9tica e o mantemento do servizo da piscina municipal - Concello da Guarda","robots":{"index":"index","follow":"follow","max-snippet":"max-snippet:-1","max-image-preview":"max-image-preview:large","max-video-preview":"max-video-preview:-1"},"canonical":"https:\/\/www.aguarda.es\/en\/o-concello-da-guarda-traballa-pola-mellora-da-eficiencia-enerxetica-e-o-mantemento-do-servizo-da-piscina-municipal\/","og_locale":"en_US","og_type":"article","og_title":"O concello da Guarda traballa pola mellora da eficiencia enerx\u00e9tica e o mantemento do servizo da piscina municipal - Concello da Guarda","og_description":"\u2022 O concello da guarda adxudicou o 9 de febreiro a elaboraci\u00f3n dunha diagnose enerx\u00e9tica para a piscina municipal. O pleno do concello da Guarda procedeu no d\u00eda de onte, 22 de febreiro do 2021, \u00e1 aprobaci\u00f3n da modificaci\u00f3n do &hellip;","og_url":"https:\/\/www.aguarda.es\/en\/o-concello-da-guarda-traballa-pola-mellora-da-eficiencia-enerxetica-e-o-mantemento-do-servizo-da-piscina-municipal\/","og_site_name":"Concello da Guarda","article_publisher":"https:\/\/www.facebook.com\/ConcellodaGuarda","article_published_time":"2021-02-23T09:11:14+00:00","og_image":[{"width":800,"height":412,"url":"https:\/\/www.aguarda.es\/wp-content\/uploads\/2021\/02\/NP-23022021-O-concello-da-Guarda-traballa-pola-mellora-da-eficiencia-enerx\u00e9tica-e-o-mantemento-do-servizo-da-piscina-municipal.jpg","type":"image\/jpeg"}],"author":"prensa","twitter_card":"summary_large_image","twitter_creator":"@AGuarda_es","twitter_site":"@AGuarda_es","twitter_misc":{"Written by":"prensa","Est. reading time":"1 minute"},"schema":{"@context":"https:\/\/schema.org","@graph":[{"@type":"WebPage","@id":"https:\/\/www.aguarda.es\/en\/o-concello-da-guarda-traballa-pola-mellora-da-eficiencia-enerxetica-e-o-mantemento-do-servizo-da-piscina-municipal\/","url":"https:\/\/www.aguarda.es\/en\/o-concello-da-guarda-traballa-pola-mellora-da-eficiencia-enerxetica-e-o-mantemento-do-servizo-da-piscina-municipal\/","name":"O concello da Guarda traballa pola mellora da eficiencia enerx\u00e9tica e o mantemento do servizo da piscina municipal - Concello da Guarda","isPartOf":{"@id":"https:\/\/www.aguarda.es\/en\/#website"},"datePublished":"2021-02-23T09:11:14+00:00","dateModified":"2021-02-23T09:11:14+00:00","author":{"@id":"https:\/\/www.aguarda.es\/en\/#\/schema\/person\/c463ca3006858ffb349d11179d044f21"},"breadcrumb":{"@id":"https:\/\/www.aguarda.es\/en\/o-concello-da-guarda-traballa-pola-mellora-da-eficiencia-enerxetica-e-o-mantemento-do-servizo-da-piscina-municipal\/#breadcrumb"},"inLanguage":"en-US","potentialAction":[{"@type":"ReadAction","target":["https:\/\/www.aguarda.es\/en\/o-concello-da-guarda-traballa-pola-mellora-da-eficiencia-enerxetica-e-o-mantemento-do-servizo-da-piscina-municipal\/"]}]},{"@type":"BreadcrumbList","@id":"https:\/\/www.aguarda.es\/en\/o-concello-da-guarda-traballa-pola-mellora-da-eficiencia-enerxetica-e-o-mantemento-do-servizo-da-piscina-municipal\/#breadcrumb","itemListElement":[{"@type":"ListItem","position":1,"name":"Portada","item":"https:\/\/www.aguarda.es\/en\/"},{"@type":"ListItem","position":2,"name":"O concello da Guarda traballa pola mellora da eficiencia enerx\u00e9tica e o mantemento do servizo da piscina municipal"}]},{"@type":"WebSite","@id":"https:\/\/www.aguarda.es\/en\/#website","url":"https:\/\/www.aguarda.es\/en\/","name":"Concello da Guarda","description":"P\u00e1xina web do concello da Guarda","potentialAction":[{"@type":"SearchAction","target":{"@type":"EntryPoint","urlTemplate":"https:\/\/www.aguarda.es\/en\/?s={search_term_string}"},"query-input":"required name=search_term_string"}],"inLanguage":"en-US"},{"@type":"Person","@id":"https:\/\/www.aguarda.es\/en\/#\/schema\/person\/c463ca3006858ffb349d11179d044f21","name":"prensa","image":{"@type":"ImageObject","inLanguage":"en-US","@id":"https:\/\/www.aguarda.es\/en\/#\/schema\/person\/image\/","url":"https:\/\/secure.gravatar.com\/avatar\/5f90ef536b0f98306edf5c7a1135ffa1?s=96&d=mm&r=g","contentUrl":"https:\/\/secure.gravatar.com\/avatar\/5f90ef536b0f98306edf5c7a1135ffa1?s=96&d=mm&r=g","caption":"prensa"},"url":"https:\/\/www.aguarda.es\/en\/author\/prensa\/"}]}},"_links":{"self":[{"href":"https:\/\/www.aguarda.es\/en\/wp-json\/wp\/v2\/posts\/23317"}],"collection":[{"href":"https:\/\/www.aguarda.es\/en\/wp-json\/wp\/v2\/posts"}],"about":[{"href":"https:\/\/www.aguarda.es\/en\/wp-json\/wp\/v2\/types\/post"}],"author":[{"embeddable":true,"href":"https:\/\/www.aguarda.es\/en\/wp-json\/wp\/v2\/users\/2"}],"replies":[{"embeddable":true,"href":"https:\/\/www.aguarda.es\/en\/wp-json\/wp\/v2\/comments?post=23317"}],"version-history":[{"count":2,"href":"https:\/\/www.aguarda.es\/en\/wp-json\/wp\/v2\/posts\/23317\/revisions"}],"predecessor-version":[{"id":23321,"href":"https:\/\/www.aguarda.es\/en\/wp-json\/wp\/v2\/posts\/23317\/revisions\/23321"}],"wp:featuredmedia":[{"embeddable":true,"href":"https:\/\/www.aguarda.es\/en\/wp-json\/wp\/v2\/media\/23318"}],"wp:attachment":[{"href":"https:\/\/www.aguarda.es\/en\/wp-json\/wp\/v2\/media?parent=23317"}],"wp:term":[{"taxonomy":"category","embeddable":true,"href":"https:\/\/www.aguarda.es\/en\/wp-json\/wp\/v2\/categories?post=23317"},{"taxonomy":"post_tag","embeddable":true,"href":"https:\/\/www.aguarda.es\/en\/wp-json\/wp\/v2\/tags?post=23317"}],"curies":[{"name":"wp","href":"https:\/\/api.w.org\/{rel}","templated":true}]}}