{"id":23353,"date":"2021-02-25T09:56:00","date_gmt":"2021-02-25T09:56:00","guid":{"rendered":"https:\/\/www.aguarda.es\/?p=23353"},"modified":"2021-02-26T08:39:28","modified_gmt":"2021-02-26T08:39:28","slug":"a-guarda-retoma-este-sabado-o-mercadillo-semanal-dos-sabados-2","status":"publish","type":"post","link":"https:\/\/www.aguarda.es\/en\/a-guarda-retoma-este-sabado-o-mercadillo-semanal-dos-sabados-2\/","title":{"rendered":"A Guarda retoma este s\u00e1bado o mercadillo semanal dos s\u00e1bados"},"content":{"rendered":"<p><em><strong>\u2022 Farase co 50% dos postos habituais e con todas as medidas sanitarias de distanciamento e prevenci\u00f3n ante a COVID-19.<\/strong><\/em><\/p>\n<p>O Concello da Guarda, en virtude das medidas de restrici\u00f3n adoptadas por sanidade fronte ao coronavirus COVID-19 e, trala mellora da incidencia acumulada, adoptou retomar a actividade do mercadillo semanal dos s\u00e1bados na Alameda da Guarda cun 50% dos postos habituais a partires deste s\u00e1bado d\u00eda 27 de febreiro.<br \/>\nO mercadillo quedara suspendido e s\u00f3 se instalaban os postos habituais de froitas e verduras, prantas e embutidos ante a evoluci\u00f3n da COVID-19.<br \/>\nTemos que recordar que \u00e9 responsabilidade de todos os veci\u00f1os e veci\u00f1as controlar a situaci\u00f3n sanitaria debida ao COVID-19. \u00c9 necesario manter o uso da mascarilla e extremar a hixiene de mans e o mantemento da distancia social.<\/p>\n<p><strong>Normativa anuncio DOG 25 de febreiro<\/strong><\/p>\n<p class=\"gmail-dog-base-sangria\">3.8. Mercados que desenvolven a s\u00faa actividade na v\u00eda p\u00fablica.<\/p>\n<p class=\"gmail-dog-base-sangria\">1. No caso dos mercados que desenvolven a s\u00faa actividade na v\u00eda p\u00fablica ao aire libre ou de venda non sedentaria, co\u00f1ecidos como feiras, non poder\u00e1n superar o cincuenta por cento dos postos habituais ou autorizados e limitar\u00e1n a afluencia de clientes de maneira que se asegure o mantemento da distancia de seguridade interpersoal.<\/p>\n<p class=\"gmail-dog-base-sangria\">Os concellos poder\u00e1n aumentar a superficie habilitada ou habilitar novos d\u00edas para o exercicio desta actividade para compensar esta limitaci\u00f3n, prestando especial atenci\u00f3n \u00e1 vixilancia do cumprimento das medidas sanitarias e protocolos aplicables nestes contornos.<\/p>\n<p class=\"gmail-dog-base-sangria\">\u00c1 hora de determinar os comerciantes que poden exercer a s\u00faa actividade, o concello poder\u00e1 priorizar aqueles que comercializan produtos alimentarios e de primeira necesidade, asegurando que non se manipulen os produtos comercializados neles por parte dos consumidores.<\/p>\n<p class=\"gmail-dog-base-sangria\">Os concellos establecer\u00e1n requisitos de distanciamento entre postos e condici\u00f3ns de delimitaci\u00f3n do mercado co obxectivo de procurar manter a distancia de seguridade interpersoal entre traballadores, clientes e viandantes ou, na s\u00faa falta, ser\u00e1 precisa a utilizaci\u00f3n de medidas alternativas de protecci\u00f3n f\u00edsica. O uso de m\u00e1scara ser\u00e1 obrigatorio, a\u00ednda que se mante\u00f1a a distancia de seguridade interpersoal indicada, nos termos previstos no n\u00famero 1.3 do Acordo do Consello da Xunta de Galicia, do 12 de xu\u00f1o de 2020, na s\u00faa redacci\u00f3n vixente.<\/p>\n<p class=\"gmail-dog-base-sangria\">2. Durante todo o proceso de atenci\u00f3n ao consumidor deber\u00e1 manterse a distancia de seguridade interpersoal establecida entre o vendedor e o consumidor, que poder\u00e1 ser dun metro cando se conte con elementos de protecci\u00f3n ou barreira.<\/p>\n<p class=\"gmail-dog-base-sangria\">3. Deber\u00e1 sinalarse de forma clara a distancia de seguridade interpersoal entre clientes, con marcas no chan ou mediante o uso de balizas, cartelar\u00eda e sinalizaci\u00f3n para aqueles casos en que sexa posible a atenci\u00f3n individualizada de m\u00e1is dun cliente ao mesmo tempo.<\/p>\n<p class=\"gmail-dog-base-sangria\">4. Recom\u00e9ndase a posta \u00e1 disposici\u00f3n de dispensadores de xeles hidroalcoh\u00f3licos ou desinfectantes con actividade viricida debidamente autorizados e rexistrados nas inmediaci\u00f3ns dos mercados ao aire libre ou de venda non sedentaria na v\u00eda p\u00fablica.<\/p>\n<p class=\"gmail-dog-base-sangria\">5. Realizarase, polo menos unha vez ao d\u00eda, unha limpeza e desinfecci\u00f3n das instalaci\u00f3ns con especial atenci\u00f3n \u00e1s superficies de contacto m\u00e1is frecuentes, especialmente mostradores e mesas ou outros elementos dos postos, anteparos, de ser o caso, teclados, terminais de pagamento, pantallas t\u00e1ctiles, ferramentas de traballo e outros elementos susceptibles de manipulaci\u00f3n, prestando especial atenci\u00f3n a aqueles utilizados por m\u00e1is dun traballador.<\/p>\n<p class=\"gmail-dog-base-sangria\">6. Procurarase evitar a manipulaci\u00f3n directa dos produtos por parte dos clientes.<\/p>\n","protected":false},"excerpt":{"rendered":"<p>\u2022 Farase co 50% dos postos habituais e con todas as medidas sanitarias de distanciamento e prevenci\u00f3n ante a COVID-19. O Concello da Guarda, en virtude das medidas de restrici\u00f3n adoptadas por sanidade fronte ao coronavirus COVID-19 e, trala mellora &hellip; <\/p>\n","protected":false},"author":2,"featured_media":23354,"comment_status":"open","ping_status":"open","sticky":false,"template":"","format":"standard","meta":[],"categories":[33],"tags":[226,871],"yoast_head":"<!-- This site is optimized with the Yoast SEO plugin v21.1 - https:\/\/yoast.com\/wordpress\/plugins\/seo\/ -->\n<title>A Guarda retoma este s\u00e1bado o mercadillo semanal dos s\u00e1bados - Concello da Guarda<\/title>\n<meta name=\"robots\" content=\"index, follow, max-snippet:-1, max-image-preview:large, max-video-preview:-1\" \/>\n<link rel=\"canonical\" href=\"https:\/\/www.aguarda.es\/en\/a-guarda-retoma-este-sabado-o-mercadillo-semanal-dos-sabados-2\/\" \/>\n<meta property=\"og:locale\" content=\"en_US\" \/>\n<meta property=\"og:type\" content=\"article\" \/>\n<meta property=\"og:title\" content=\"A Guarda retoma este s\u00e1bado o mercadillo semanal dos s\u00e1bados - Concello da Guarda\" \/>\n<meta property=\"og:description\" content=\"\u2022 Farase co 50% dos postos habituais e con todas as medidas sanitarias de distanciamento e prevenci\u00f3n ante a COVID-19. O Concello da Guarda, en virtude das medidas de restrici\u00f3n adoptadas por sanidade fronte ao coronavirus COVID-19 e, trala mellora &hellip;\" \/>\n<meta property=\"og:url\" content=\"https:\/\/www.aguarda.es\/en\/a-guarda-retoma-este-sabado-o-mercadillo-semanal-dos-sabados-2\/\" \/>\n<meta property=\"og:site_name\" content=\"Concello da Guarda\" \/>\n<meta property=\"article:publisher\" content=\"https:\/\/www.facebook.com\/ConcellodaGuarda\" \/>\n<meta property=\"article:published_time\" content=\"2021-02-25T09:56:00+00:00\" \/>\n<meta property=\"article:modified_time\" content=\"2021-02-26T08:39:28+00:00\" \/>\n<meta property=\"og:image\" content=\"https:\/\/www.aguarda.es\/wp-content\/uploads\/2021\/02\/NP-25022021-A-Guarda-retoma-este-s\u00e1bado-o-mercadillo-semanal-dos-s\u00e1bados.jpg\" \/>\n\t<meta property=\"og:image:width\" content=\"800\" \/>\n\t<meta property=\"og:image:height\" content=\"565\" \/>\n\t<meta property=\"og:image:type\" content=\"image\/jpeg\" \/>\n<meta name=\"author\" content=\"prensa\" \/>\n<meta name=\"twitter:card\" content=\"summary_large_image\" \/>\n<meta name=\"twitter:creator\" content=\"@AGuarda_es\" \/>\n<meta name=\"twitter:site\" content=\"@AGuarda_es\" \/>\n<meta name=\"twitter:label1\" content=\"Written by\" \/>\n\t<meta name=\"twitter:data1\" content=\"prensa\" \/>\n\t<meta name=\"twitter:label2\" content=\"Est. reading time\" \/>\n\t<meta name=\"twitter:data2\" content=\"3 minutes\" \/>\n<script type=\"application\/ld+json\" class=\"yoast-schema-graph\">{\"@context\":\"https:\/\/schema.org\",\"@graph\":[{\"@type\":\"WebPage\",\"@id\":\"https:\/\/www.aguarda.es\/en\/a-guarda-retoma-este-sabado-o-mercadillo-semanal-dos-sabados-2\/\",\"url\":\"https:\/\/www.aguarda.es\/en\/a-guarda-retoma-este-sabado-o-mercadillo-semanal-dos-sabados-2\/\",\"name\":\"A Guarda retoma este s\u00e1bado o mercadillo semanal dos s\u00e1bados - Concello da Guarda\",\"isPartOf\":{\"@id\":\"https:\/\/www.aguarda.es\/en\/#website\"},\"datePublished\":\"2021-02-25T09:56:00+00:00\",\"dateModified\":\"2021-02-26T08:39:28+00:00\",\"author\":{\"@id\":\"https:\/\/www.aguarda.es\/en\/#\/schema\/person\/c463ca3006858ffb349d11179d044f21\"},\"breadcrumb\":{\"@id\":\"https:\/\/www.aguarda.es\/en\/a-guarda-retoma-este-sabado-o-mercadillo-semanal-dos-sabados-2\/#breadcrumb\"},\"inLanguage\":\"en-US\",\"potentialAction\":[{\"@type\":\"ReadAction\",\"target\":[\"https:\/\/www.aguarda.es\/en\/a-guarda-retoma-este-sabado-o-mercadillo-semanal-dos-sabados-2\/\"]}]},{\"@type\":\"BreadcrumbList\",\"@id\":\"https:\/\/www.aguarda.es\/en\/a-guarda-retoma-este-sabado-o-mercadillo-semanal-dos-sabados-2\/#breadcrumb\",\"itemListElement\":[{\"@type\":\"ListItem\",\"position\":1,\"name\":\"Portada\",\"item\":\"https:\/\/www.aguarda.es\/en\/\"},{\"@type\":\"ListItem\",\"position\":2,\"name\":\"A Guarda retoma este s\u00e1bado o mercadillo semanal dos s\u00e1bados\"}]},{\"@type\":\"WebSite\",\"@id\":\"https:\/\/www.aguarda.es\/en\/#website\",\"url\":\"https:\/\/www.aguarda.es\/en\/\",\"name\":\"Concello da Guarda\",\"description\":\"P\u00e1xina web do concello da Guarda\",\"potentialAction\":[{\"@type\":\"SearchAction\",\"target\":{\"@type\":\"EntryPoint\",\"urlTemplate\":\"https:\/\/www.aguarda.es\/en\/?s={search_term_string}\"},\"query-input\":\"required name=search_term_string\"}],\"inLanguage\":\"en-US\"},{\"@type\":\"Person\",\"@id\":\"https:\/\/www.aguarda.es\/en\/#\/schema\/person\/c463ca3006858ffb349d11179d044f21\",\"name\":\"prensa\",\"image\":{\"@type\":\"ImageObject\",\"inLanguage\":\"en-US\",\"@id\":\"https:\/\/www.aguarda.es\/en\/#\/schema\/person\/image\/\",\"url\":\"https:\/\/secure.gravatar.com\/avatar\/5f90ef536b0f98306edf5c7a1135ffa1?s=96&d=mm&r=g\",\"contentUrl\":\"https:\/\/secure.gravatar.com\/avatar\/5f90ef536b0f98306edf5c7a1135ffa1?s=96&d=mm&r=g\",\"caption\":\"prensa\"},\"url\":\"https:\/\/www.aguarda.es\/en\/author\/prensa\/\"}]}<\/script>\n<!-- \/ Yoast SEO plugin. -->","yoast_head_json":{"title":"A Guarda retoma este s\u00e1bado o mercadillo semanal dos s\u00e1bados - Concello da Guarda","robots":{"index":"index","follow":"follow","max-snippet":"max-snippet:-1","max-image-preview":"max-image-preview:large","max-video-preview":"max-video-preview:-1"},"canonical":"https:\/\/www.aguarda.es\/en\/a-guarda-retoma-este-sabado-o-mercadillo-semanal-dos-sabados-2\/","og_locale":"en_US","og_type":"article","og_title":"A Guarda retoma este s\u00e1bado o mercadillo semanal dos s\u00e1bados - Concello da Guarda","og_description":"\u2022 Farase co 50% dos postos habituais e con todas as medidas sanitarias de distanciamento e prevenci\u00f3n ante a COVID-19. O Concello da Guarda, en virtude das medidas de restrici\u00f3n adoptadas por sanidade fronte ao coronavirus COVID-19 e, trala mellora &hellip;","og_url":"https:\/\/www.aguarda.es\/en\/a-guarda-retoma-este-sabado-o-mercadillo-semanal-dos-sabados-2\/","og_site_name":"Concello da Guarda","article_publisher":"https:\/\/www.facebook.com\/ConcellodaGuarda","article_published_time":"2021-02-25T09:56:00+00:00","article_modified_time":"2021-02-26T08:39:28+00:00","og_image":[{"width":800,"height":565,"url":"https:\/\/www.aguarda.es\/wp-content\/uploads\/2021\/02\/NP-25022021-A-Guarda-retoma-este-s\u00e1bado-o-mercadillo-semanal-dos-s\u00e1bados.jpg","type":"image\/jpeg"}],"author":"prensa","twitter_card":"summary_large_image","twitter_creator":"@AGuarda_es","twitter_site":"@AGuarda_es","twitter_misc":{"Written by":"prensa","Est. reading time":"3 minutes"},"schema":{"@context":"https:\/\/schema.org","@graph":[{"@type":"WebPage","@id":"https:\/\/www.aguarda.es\/en\/a-guarda-retoma-este-sabado-o-mercadillo-semanal-dos-sabados-2\/","url":"https:\/\/www.aguarda.es\/en\/a-guarda-retoma-este-sabado-o-mercadillo-semanal-dos-sabados-2\/","name":"A Guarda retoma este s\u00e1bado o mercadillo semanal dos s\u00e1bados - Concello da Guarda","isPartOf":{"@id":"https:\/\/www.aguarda.es\/en\/#website"},"datePublished":"2021-02-25T09:56:00+00:00","dateModified":"2021-02-26T08:39:28+00:00","author":{"@id":"https:\/\/www.aguarda.es\/en\/#\/schema\/person\/c463ca3006858ffb349d11179d044f21"},"breadcrumb":{"@id":"https:\/\/www.aguarda.es\/en\/a-guarda-retoma-este-sabado-o-mercadillo-semanal-dos-sabados-2\/#breadcrumb"},"inLanguage":"en-US","potentialAction":[{"@type":"ReadAction","target":["https:\/\/www.aguarda.es\/en\/a-guarda-retoma-este-sabado-o-mercadillo-semanal-dos-sabados-2\/"]}]},{"@type":"BreadcrumbList","@id":"https:\/\/www.aguarda.es\/en\/a-guarda-retoma-este-sabado-o-mercadillo-semanal-dos-sabados-2\/#breadcrumb","itemListElement":[{"@type":"ListItem","position":1,"name":"Portada","item":"https:\/\/www.aguarda.es\/en\/"},{"@type":"ListItem","position":2,"name":"A Guarda retoma este s\u00e1bado o mercadillo semanal dos s\u00e1bados"}]},{"@type":"WebSite","@id":"https:\/\/www.aguarda.es\/en\/#website","url":"https:\/\/www.aguarda.es\/en\/","name":"Concello da Guarda","description":"P\u00e1xina web do concello da Guarda","potentialAction":[{"@type":"SearchAction","target":{"@type":"EntryPoint","urlTemplate":"https:\/\/www.aguarda.es\/en\/?s={search_term_string}"},"query-input":"required name=search_term_string"}],"inLanguage":"en-US"},{"@type":"Person","@id":"https:\/\/www.aguarda.es\/en\/#\/schema\/person\/c463ca3006858ffb349d11179d044f21","name":"prensa","image":{"@type":"ImageObject","inLanguage":"en-US","@id":"https:\/\/www.aguarda.es\/en\/#\/schema\/person\/image\/","url":"https:\/\/secure.gravatar.com\/avatar\/5f90ef536b0f98306edf5c7a1135ffa1?s=96&d=mm&r=g","contentUrl":"https:\/\/secure.gravatar.com\/avatar\/5f90ef536b0f98306edf5c7a1135ffa1?s=96&d=mm&r=g","caption":"prensa"},"url":"https:\/\/www.aguarda.es\/en\/author\/prensa\/"}]}},"_links":{"self":[{"href":"https:\/\/www.aguarda.es\/en\/wp-json\/wp\/v2\/posts\/23353"}],"collection":[{"href":"https:\/\/www.aguarda.es\/en\/wp-json\/wp\/v2\/posts"}],"about":[{"href":"https:\/\/www.aguarda.es\/en\/wp-json\/wp\/v2\/types\/post"}],"author":[{"embeddable":true,"href":"https:\/\/www.aguarda.es\/en\/wp-json\/wp\/v2\/users\/2"}],"replies":[{"embeddable":true,"href":"https:\/\/www.aguarda.es\/en\/wp-json\/wp\/v2\/comments?post=23353"}],"version-history":[{"count":2,"href":"https:\/\/www.aguarda.es\/en\/wp-json\/wp\/v2\/posts\/23353\/revisions"}],"predecessor-version":[{"id":23362,"href":"https:\/\/www.aguarda.es\/en\/wp-json\/wp\/v2\/posts\/23353\/revisions\/23362"}],"wp:featuredmedia":[{"embeddable":true,"href":"https:\/\/www.aguarda.es\/en\/wp-json\/wp\/v2\/media\/23354"}],"wp:attachment":[{"href":"https:\/\/www.aguarda.es\/en\/wp-json\/wp\/v2\/media?parent=23353"}],"wp:term":[{"taxonomy":"category","embeddable":true,"href":"https:\/\/www.aguarda.es\/en\/wp-json\/wp\/v2\/categories?post=23353"},{"taxonomy":"post_tag","embeddable":true,"href":"https:\/\/www.aguarda.es\/en\/wp-json\/wp\/v2\/tags?post=23353"}],"curies":[{"name":"wp","href":"https:\/\/api.w.org\/{rel}","templated":true}]}}