{"id":2346,"date":"2016-11-22T12:56:32","date_gmt":"2016-11-22T12:56:32","guid":{"rendered":"https:\/\/www.aguarda.es\/?p=2346"},"modified":"2017-04-02T23:45:48","modified_gmt":"2017-04-02T23:45:48","slug":"acto-conmemorativo-con-motivo-do-dia-internacional-contra-a-violencia-de-xenero-o-dia-25-na-praza-do-relo","status":"publish","type":"post","link":"https:\/\/www.aguarda.es\/en\/acto-conmemorativo-con-motivo-do-dia-internacional-contra-a-violencia-de-xenero-o-dia-25-na-praza-do-relo\/","title":{"rendered":"Acto conmemorativo con motivo do D\u00eda Internacional contra a Violencia de X\u00e9nero o d\u00eda 25 na Praza do Rel\u00f3"},"content":{"rendered":"<p>Convite ao acto conmemorativo con motivo do D\u00eda Internacional contra a Violencia de X\u00e9nero, o 25 de novembro \u00e1s 12&#8217;30 horas na Praza do Rel\u00f3.<\/p>\n<p><!--more--><\/p>\n<p><img decoding=\"async\" loading=\"lazy\" class=\" size-full wp-image-2316\" src=\"https:\/\/www.aguarda.es\/wp-content\/uploads\/2016\/10\/2016_Escudo%20concello%20A%20Guarda.jpg\" alt=\"\" width=\"216\" height=\"275\" \/><\/p>\n<p>A Concelleira de Igualdade do Concello da Guarda<\/p>\n<p>&nbsp;<\/p>\n<p>Compr\u00e1cese en convidala\/o ao<\/p>\n<p>acto conmemorativo con motivo do D\u00eda Internacional contra a Violencia de X\u00e9nero<\/p>\n<p>que ter\u00e1 lugar o d\u00eda <strong>25 de novembro \u00e1s 12.30h, na Praza do Rel\u00f3.<\/strong><\/p>\n<p>&nbsp;<\/p>\n<p>&nbsp;<\/p>\n<p>A Guarda, novembro 2016<\/p>\n","protected":false},"excerpt":{"rendered":"<p>Convite ao acto conmemorativo con motivo do D\u00eda Internacional contra a Violencia de X\u00e9nero, o 25 de novembro \u00e1s 12&#8217;30 horas na Praza do Rel\u00f3.<\/p>\n","protected":false},"author":1,"featured_media":2316,"comment_status":"open","ping_status":"open","sticky":false,"template":"","format":"standard","meta":[],"categories":[41],"tags":[],"yoast_head":"<!-- This site is optimized with the Yoast SEO plugin v21.1 - https:\/\/yoast.com\/wordpress\/plugins\/seo\/ -->\n<title>Acto conmemorativo con motivo do D\u00eda Internacional contra a Violencia de X\u00e9nero o d\u00eda 25 na Praza do Rel\u00f3 - Concello da Guarda<\/title>\n<meta name=\"robots\" content=\"index, follow, max-snippet:-1, max-image-preview:large, max-video-preview:-1\" \/>\n<link rel=\"canonical\" href=\"https:\/\/www.aguarda.es\/en\/acto-conmemorativo-con-motivo-do-dia-internacional-contra-a-violencia-de-xenero-o-dia-25-na-praza-do-relo\/\" \/>\n<meta property=\"og:locale\" content=\"en_US\" \/>\n<meta property=\"og:type\" content=\"article\" \/>\n<meta property=\"og:title\" content=\"Acto conmemorativo con motivo do D\u00eda Internacional contra a Violencia de X\u00e9nero o d\u00eda 25 na Praza do Rel\u00f3 - Concello da Guarda\" \/>\n<meta property=\"og:description\" content=\"Convite ao acto conmemorativo con motivo do D\u00eda Internacional contra a Violencia de X\u00e9nero, o 25 de novembro \u00e1s 12&#8217;30 horas na Praza do Rel\u00f3.\" \/>\n<meta property=\"og:url\" content=\"https:\/\/www.aguarda.es\/en\/acto-conmemorativo-con-motivo-do-dia-internacional-contra-a-violencia-de-xenero-o-dia-25-na-praza-do-relo\/\" \/>\n<meta property=\"og:site_name\" content=\"Concello da Guarda\" \/>\n<meta property=\"article:publisher\" content=\"https:\/\/www.facebook.com\/ConcellodaGuarda\" \/>\n<meta property=\"article:published_time\" content=\"2016-11-22T12:56:32+00:00\" \/>\n<meta property=\"article:modified_time\" content=\"2017-04-02T23:45:48+00:00\" \/>\n<meta property=\"og:image\" content=\"https:\/\/www.aguarda.es\/wp-content\/uploads\/2016\/10\/2016_Escudo%20concello%20A%20Guarda.jpg\" \/>\n\t<meta property=\"og:image:width\" content=\"549\" \/>\n\t<meta property=\"og:image:height\" content=\"700\" \/>\n\t<meta property=\"og:image:type\" content=\"image\/jpeg\" \/>\n<meta name=\"author\" content=\"Concello\" \/>\n<meta name=\"twitter:card\" content=\"summary_large_image\" \/>\n<meta name=\"twitter:creator\" content=\"@AGuarda_es\" \/>\n<meta name=\"twitter:site\" content=\"@AGuarda_es\" \/>\n<meta name=\"twitter:label1\" content=\"Written by\" \/>\n\t<meta name=\"twitter:data1\" content=\"Concello\" \/>\n<script type=\"application\/ld+json\" class=\"yoast-schema-graph\">{\"@context\":\"https:\/\/schema.org\",\"@graph\":[{\"@type\":\"WebPage\",\"@id\":\"https:\/\/www.aguarda.es\/en\/acto-conmemorativo-con-motivo-do-dia-internacional-contra-a-violencia-de-xenero-o-dia-25-na-praza-do-relo\/\",\"url\":\"https:\/\/www.aguarda.es\/en\/acto-conmemorativo-con-motivo-do-dia-internacional-contra-a-violencia-de-xenero-o-dia-25-na-praza-do-relo\/\",\"name\":\"Acto conmemorativo con motivo do D\u00eda Internacional contra a Violencia de X\u00e9nero o d\u00eda 25 na Praza do Rel\u00f3 - Concello da Guarda\",\"isPartOf\":{\"@id\":\"https:\/\/www.aguarda.es\/en\/#website\"},\"datePublished\":\"2016-11-22T12:56:32+00:00\",\"dateModified\":\"2017-04-02T23:45:48+00:00\",\"author\":{\"@id\":\"https:\/\/www.aguarda.es\/en\/#\/schema\/person\/ac30f4d74843174f0af56c730f74dd57\"},\"breadcrumb\":{\"@id\":\"https:\/\/www.aguarda.es\/en\/acto-conmemorativo-con-motivo-do-dia-internacional-contra-a-violencia-de-xenero-o-dia-25-na-praza-do-relo\/#breadcrumb\"},\"inLanguage\":\"en-US\",\"potentialAction\":[{\"@type\":\"ReadAction\",\"target\":[\"https:\/\/www.aguarda.es\/en\/acto-conmemorativo-con-motivo-do-dia-internacional-contra-a-violencia-de-xenero-o-dia-25-na-praza-do-relo\/\"]}]},{\"@type\":\"BreadcrumbList\",\"@id\":\"https:\/\/www.aguarda.es\/en\/acto-conmemorativo-con-motivo-do-dia-internacional-contra-a-violencia-de-xenero-o-dia-25-na-praza-do-relo\/#breadcrumb\",\"itemListElement\":[{\"@type\":\"ListItem\",\"position\":1,\"name\":\"Portada\",\"item\":\"https:\/\/www.aguarda.es\/en\/\"},{\"@type\":\"ListItem\",\"position\":2,\"name\":\"Acto conmemorativo con motivo do D\u00eda Internacional contra a Violencia de X\u00e9nero o d\u00eda 25 na Praza do Rel\u00f3\"}]},{\"@type\":\"WebSite\",\"@id\":\"https:\/\/www.aguarda.es\/en\/#website\",\"url\":\"https:\/\/www.aguarda.es\/en\/\",\"name\":\"Concello da Guarda\",\"description\":\"P\u00e1xina web do concello da Guarda\",\"potentialAction\":[{\"@type\":\"SearchAction\",\"target\":{\"@type\":\"EntryPoint\",\"urlTemplate\":\"https:\/\/www.aguarda.es\/en\/?s={search_term_string}\"},\"query-input\":\"required name=search_term_string\"}],\"inLanguage\":\"en-US\"},{\"@type\":\"Person\",\"@id\":\"https:\/\/www.aguarda.es\/en\/#\/schema\/person\/ac30f4d74843174f0af56c730f74dd57\",\"name\":\"Concello\",\"image\":{\"@type\":\"ImageObject\",\"inLanguage\":\"en-US\",\"@id\":\"https:\/\/www.aguarda.es\/en\/#\/schema\/person\/image\/\",\"url\":\"https:\/\/secure.gravatar.com\/avatar\/7eda12a04da40b2ef77eb62e68f07027?s=96&d=mm&r=g\",\"contentUrl\":\"https:\/\/secure.gravatar.com\/avatar\/7eda12a04da40b2ef77eb62e68f07027?s=96&d=mm&r=g\",\"caption\":\"Concello\"},\"url\":\"https:\/\/www.aguarda.es\/en\/author\/admin\/\"}]}<\/script>\n<!-- \/ Yoast SEO plugin. -->","yoast_head_json":{"title":"Acto conmemorativo con motivo do D\u00eda Internacional contra a Violencia de X\u00e9nero o d\u00eda 25 na Praza do Rel\u00f3 - Concello da Guarda","robots":{"index":"index","follow":"follow","max-snippet":"max-snippet:-1","max-image-preview":"max-image-preview:large","max-video-preview":"max-video-preview:-1"},"canonical":"https:\/\/www.aguarda.es\/en\/acto-conmemorativo-con-motivo-do-dia-internacional-contra-a-violencia-de-xenero-o-dia-25-na-praza-do-relo\/","og_locale":"en_US","og_type":"article","og_title":"Acto conmemorativo con motivo do D\u00eda Internacional contra a Violencia de X\u00e9nero o d\u00eda 25 na Praza do Rel\u00f3 - Concello da Guarda","og_description":"Convite ao acto conmemorativo con motivo do D\u00eda Internacional contra a Violencia de X\u00e9nero, o 25 de novembro \u00e1s 12&#8217;30 horas na Praza do Rel\u00f3.","og_url":"https:\/\/www.aguarda.es\/en\/acto-conmemorativo-con-motivo-do-dia-internacional-contra-a-violencia-de-xenero-o-dia-25-na-praza-do-relo\/","og_site_name":"Concello da Guarda","article_publisher":"https:\/\/www.facebook.com\/ConcellodaGuarda","article_published_time":"2016-11-22T12:56:32+00:00","article_modified_time":"2017-04-02T23:45:48+00:00","og_image":[{"width":549,"height":700,"url":"https:\/\/www.aguarda.es\/wp-content\/uploads\/2016\/10\/2016_Escudo concello A Guarda.jpg","type":"image\/jpeg"}],"author":"Concello","twitter_card":"summary_large_image","twitter_creator":"@AGuarda_es","twitter_site":"@AGuarda_es","twitter_misc":{"Written by":"Concello"},"schema":{"@context":"https:\/\/schema.org","@graph":[{"@type":"WebPage","@id":"https:\/\/www.aguarda.es\/en\/acto-conmemorativo-con-motivo-do-dia-internacional-contra-a-violencia-de-xenero-o-dia-25-na-praza-do-relo\/","url":"https:\/\/www.aguarda.es\/en\/acto-conmemorativo-con-motivo-do-dia-internacional-contra-a-violencia-de-xenero-o-dia-25-na-praza-do-relo\/","name":"Acto conmemorativo con motivo do D\u00eda Internacional contra a Violencia de X\u00e9nero o d\u00eda 25 na Praza do Rel\u00f3 - Concello da Guarda","isPartOf":{"@id":"https:\/\/www.aguarda.es\/en\/#website"},"datePublished":"2016-11-22T12:56:32+00:00","dateModified":"2017-04-02T23:45:48+00:00","author":{"@id":"https:\/\/www.aguarda.es\/en\/#\/schema\/person\/ac30f4d74843174f0af56c730f74dd57"},"breadcrumb":{"@id":"https:\/\/www.aguarda.es\/en\/acto-conmemorativo-con-motivo-do-dia-internacional-contra-a-violencia-de-xenero-o-dia-25-na-praza-do-relo\/#breadcrumb"},"inLanguage":"en-US","potentialAction":[{"@type":"ReadAction","target":["https:\/\/www.aguarda.es\/en\/acto-conmemorativo-con-motivo-do-dia-internacional-contra-a-violencia-de-xenero-o-dia-25-na-praza-do-relo\/"]}]},{"@type":"BreadcrumbList","@id":"https:\/\/www.aguarda.es\/en\/acto-conmemorativo-con-motivo-do-dia-internacional-contra-a-violencia-de-xenero-o-dia-25-na-praza-do-relo\/#breadcrumb","itemListElement":[{"@type":"ListItem","position":1,"name":"Portada","item":"https:\/\/www.aguarda.es\/en\/"},{"@type":"ListItem","position":2,"name":"Acto conmemorativo con motivo do D\u00eda Internacional contra a Violencia de X\u00e9nero o d\u00eda 25 na Praza do Rel\u00f3"}]},{"@type":"WebSite","@id":"https:\/\/www.aguarda.es\/en\/#website","url":"https:\/\/www.aguarda.es\/en\/","name":"Concello da Guarda","description":"P\u00e1xina web do concello da Guarda","potentialAction":[{"@type":"SearchAction","target":{"@type":"EntryPoint","urlTemplate":"https:\/\/www.aguarda.es\/en\/?s={search_term_string}"},"query-input":"required name=search_term_string"}],"inLanguage":"en-US"},{"@type":"Person","@id":"https:\/\/www.aguarda.es\/en\/#\/schema\/person\/ac30f4d74843174f0af56c730f74dd57","name":"Concello","image":{"@type":"ImageObject","inLanguage":"en-US","@id":"https:\/\/www.aguarda.es\/en\/#\/schema\/person\/image\/","url":"https:\/\/secure.gravatar.com\/avatar\/7eda12a04da40b2ef77eb62e68f07027?s=96&d=mm&r=g","contentUrl":"https:\/\/secure.gravatar.com\/avatar\/7eda12a04da40b2ef77eb62e68f07027?s=96&d=mm&r=g","caption":"Concello"},"url":"https:\/\/www.aguarda.es\/en\/author\/admin\/"}]}},"_links":{"self":[{"href":"https:\/\/www.aguarda.es\/en\/wp-json\/wp\/v2\/posts\/2346"}],"collection":[{"href":"https:\/\/www.aguarda.es\/en\/wp-json\/wp\/v2\/posts"}],"about":[{"href":"https:\/\/www.aguarda.es\/en\/wp-json\/wp\/v2\/types\/post"}],"author":[{"embeddable":true,"href":"https:\/\/www.aguarda.es\/en\/wp-json\/wp\/v2\/users\/1"}],"replies":[{"embeddable":true,"href":"https:\/\/www.aguarda.es\/en\/wp-json\/wp\/v2\/comments?post=2346"}],"version-history":[{"count":1,"href":"https:\/\/www.aguarda.es\/en\/wp-json\/wp\/v2\/posts\/2346\/revisions"}],"predecessor-version":[{"id":8147,"href":"https:\/\/www.aguarda.es\/en\/wp-json\/wp\/v2\/posts\/2346\/revisions\/8147"}],"wp:featuredmedia":[{"embeddable":true,"href":"https:\/\/www.aguarda.es\/en\/wp-json\/wp\/v2\/media\/2316"}],"wp:attachment":[{"href":"https:\/\/www.aguarda.es\/en\/wp-json\/wp\/v2\/media?parent=2346"}],"wp:term":[{"taxonomy":"category","embeddable":true,"href":"https:\/\/www.aguarda.es\/en\/wp-json\/wp\/v2\/categories?post=2346"},{"taxonomy":"post_tag","embeddable":true,"href":"https:\/\/www.aguarda.es\/en\/wp-json\/wp\/v2\/tags?post=2346"}],"curies":[{"name":"wp","href":"https:\/\/api.w.org\/{rel}","templated":true}]}}