{"id":23479,"date":"2021-03-24T13:52:38","date_gmt":"2021-03-24T13:52:38","guid":{"rendered":"https:\/\/www.aguarda.es\/?p=23479"},"modified":"2021-03-24T13:52:38","modified_gmt":"2021-03-24T13:52:38","slug":"o-concello-da-guarda-informa-da-suspension-das-procesions-de-semana-santa-2021","status":"publish","type":"post","link":"https:\/\/www.aguarda.es\/en\/o-concello-da-guarda-informa-da-suspension-das-procesions-de-semana-santa-2021\/","title":{"rendered":"O Concello da Guarda informa da suspensi\u00f3n das procesi\u00f3ns de Semana Santa 2021"},"content":{"rendered":"<p><em><strong>\u2022 O P\u00e1rroco da vila informou ao Alcalde da suspensi\u00f3n das Procesi\u00f3ns e V\u00eda Crucis de Semana Santa e a bendici\u00f3n do Domingo de Ramos.<\/strong><\/em><br \/>\nO Concello da Guarda, despois de ter mantido conversas co p\u00e1rroco da vila, informa \u00e1 cidadan\u00eda que na Semana Santa de 2021 non se realizar\u00e1n as tradicionais procesi\u00f3ns e actividades ao aire libre coma os V\u00eda Crucis e a bendici\u00f3n do domingo de ramos, debido \u00e1 situaci\u00f3n sanitaria actual.<br \/>\nTr\u00e1tase dun exercicio de responsabilidade para mitigar os efectos da pandemia e evitar novos contaxios entre a poboaci\u00f3n nunhas actividades que, pola s\u00faa natureza, conlevan aglomeraci\u00f3ns de persoas.<br \/>\nOs actos lit\u00farxicos, como as misas ou rosarios, manteranse sempre coas medidas sanitarias vixentes en cada momento.<\/p>\n","protected":false},"excerpt":{"rendered":"<p>\u2022 O P\u00e1rroco da vila informou ao Alcalde da suspensi\u00f3n das Procesi\u00f3ns e V\u00eda Crucis de Semana Santa e a bendici\u00f3n do Domingo de Ramos. O Concello da Guarda, despois de ter mantido conversas co p\u00e1rroco da vila, informa \u00e1 &hellip; <\/p>\n","protected":false},"author":2,"featured_media":23480,"comment_status":"open","ping_status":"open","sticky":false,"template":"","format":"standard","meta":[],"categories":[56],"tags":[226,2445,1039,272],"yoast_head":"<!-- This site is optimized with the Yoast SEO plugin v21.1 - https:\/\/yoast.com\/wordpress\/plugins\/seo\/ -->\n<title>O Concello da Guarda informa da suspensi\u00f3n das procesi\u00f3ns de Semana Santa 2021 - Concello da Guarda<\/title>\n<meta name=\"robots\" content=\"index, follow, max-snippet:-1, max-image-preview:large, max-video-preview:-1\" \/>\n<link rel=\"canonical\" href=\"https:\/\/www.aguarda.es\/en\/o-concello-da-guarda-informa-da-suspension-das-procesions-de-semana-santa-2021\/\" \/>\n<meta property=\"og:locale\" content=\"en_US\" \/>\n<meta property=\"og:type\" content=\"article\" \/>\n<meta property=\"og:title\" content=\"O Concello da Guarda informa da suspensi\u00f3n das procesi\u00f3ns de Semana Santa 2021 - Concello da Guarda\" \/>\n<meta property=\"og:description\" content=\"\u2022 O P\u00e1rroco da vila informou ao Alcalde da suspensi\u00f3n das Procesi\u00f3ns e V\u00eda Crucis de Semana Santa e a bendici\u00f3n do Domingo de Ramos. O Concello da Guarda, despois de ter mantido conversas co p\u00e1rroco da vila, informa \u00e1 &hellip;\" \/>\n<meta property=\"og:url\" content=\"https:\/\/www.aguarda.es\/en\/o-concello-da-guarda-informa-da-suspension-das-procesions-de-semana-santa-2021\/\" \/>\n<meta property=\"og:site_name\" content=\"Concello da Guarda\" \/>\n<meta property=\"article:publisher\" content=\"https:\/\/www.facebook.com\/ConcellodaGuarda\" \/>\n<meta property=\"article:published_time\" content=\"2021-03-24T13:52:38+00:00\" \/>\n<meta property=\"og:image\" content=\"https:\/\/www.aguarda.es\/wp-content\/uploads\/2021\/03\/NP-24032021-O-Concello-da-Guarda-informa-da-suspensi\u00f3n-das-procesi\u00f3ns-de-Semana-Santa-2021.jpg\" \/>\n\t<meta property=\"og:image:width\" content=\"800\" \/>\n\t<meta property=\"og:image:height\" content=\"600\" \/>\n\t<meta property=\"og:image:type\" content=\"image\/jpeg\" \/>\n<meta name=\"author\" content=\"prensa\" \/>\n<meta name=\"twitter:card\" content=\"summary_large_image\" \/>\n<meta name=\"twitter:creator\" content=\"@AGuarda_es\" \/>\n<meta name=\"twitter:site\" content=\"@AGuarda_es\" \/>\n<meta name=\"twitter:label1\" content=\"Written by\" \/>\n\t<meta name=\"twitter:data1\" content=\"prensa\" \/>\n\t<meta name=\"twitter:label2\" content=\"Est. reading time\" \/>\n\t<meta name=\"twitter:data2\" content=\"1 minute\" \/>\n<script type=\"application\/ld+json\" class=\"yoast-schema-graph\">{\"@context\":\"https:\/\/schema.org\",\"@graph\":[{\"@type\":\"WebPage\",\"@id\":\"https:\/\/www.aguarda.es\/en\/o-concello-da-guarda-informa-da-suspension-das-procesions-de-semana-santa-2021\/\",\"url\":\"https:\/\/www.aguarda.es\/en\/o-concello-da-guarda-informa-da-suspension-das-procesions-de-semana-santa-2021\/\",\"name\":\"O Concello da Guarda informa da suspensi\u00f3n das procesi\u00f3ns de Semana Santa 2021 - Concello da Guarda\",\"isPartOf\":{\"@id\":\"https:\/\/www.aguarda.es\/en\/#website\"},\"datePublished\":\"2021-03-24T13:52:38+00:00\",\"dateModified\":\"2021-03-24T13:52:38+00:00\",\"author\":{\"@id\":\"https:\/\/www.aguarda.es\/en\/#\/schema\/person\/c463ca3006858ffb349d11179d044f21\"},\"breadcrumb\":{\"@id\":\"https:\/\/www.aguarda.es\/en\/o-concello-da-guarda-informa-da-suspension-das-procesions-de-semana-santa-2021\/#breadcrumb\"},\"inLanguage\":\"en-US\",\"potentialAction\":[{\"@type\":\"ReadAction\",\"target\":[\"https:\/\/www.aguarda.es\/en\/o-concello-da-guarda-informa-da-suspension-das-procesions-de-semana-santa-2021\/\"]}]},{\"@type\":\"BreadcrumbList\",\"@id\":\"https:\/\/www.aguarda.es\/en\/o-concello-da-guarda-informa-da-suspension-das-procesions-de-semana-santa-2021\/#breadcrumb\",\"itemListElement\":[{\"@type\":\"ListItem\",\"position\":1,\"name\":\"Portada\",\"item\":\"https:\/\/www.aguarda.es\/en\/\"},{\"@type\":\"ListItem\",\"position\":2,\"name\":\"O Concello da Guarda informa da suspensi\u00f3n das procesi\u00f3ns de Semana Santa 2021\"}]},{\"@type\":\"WebSite\",\"@id\":\"https:\/\/www.aguarda.es\/en\/#website\",\"url\":\"https:\/\/www.aguarda.es\/en\/\",\"name\":\"Concello da Guarda\",\"description\":\"P\u00e1xina web do concello da Guarda\",\"potentialAction\":[{\"@type\":\"SearchAction\",\"target\":{\"@type\":\"EntryPoint\",\"urlTemplate\":\"https:\/\/www.aguarda.es\/en\/?s={search_term_string}\"},\"query-input\":\"required name=search_term_string\"}],\"inLanguage\":\"en-US\"},{\"@type\":\"Person\",\"@id\":\"https:\/\/www.aguarda.es\/en\/#\/schema\/person\/c463ca3006858ffb349d11179d044f21\",\"name\":\"prensa\",\"image\":{\"@type\":\"ImageObject\",\"inLanguage\":\"en-US\",\"@id\":\"https:\/\/www.aguarda.es\/en\/#\/schema\/person\/image\/\",\"url\":\"https:\/\/secure.gravatar.com\/avatar\/5f90ef536b0f98306edf5c7a1135ffa1?s=96&d=mm&r=g\",\"contentUrl\":\"https:\/\/secure.gravatar.com\/avatar\/5f90ef536b0f98306edf5c7a1135ffa1?s=96&d=mm&r=g\",\"caption\":\"prensa\"},\"url\":\"https:\/\/www.aguarda.es\/en\/author\/prensa\/\"}]}<\/script>\n<!-- \/ Yoast SEO plugin. -->","yoast_head_json":{"title":"O Concello da Guarda informa da suspensi\u00f3n das procesi\u00f3ns de Semana Santa 2021 - Concello da Guarda","robots":{"index":"index","follow":"follow","max-snippet":"max-snippet:-1","max-image-preview":"max-image-preview:large","max-video-preview":"max-video-preview:-1"},"canonical":"https:\/\/www.aguarda.es\/en\/o-concello-da-guarda-informa-da-suspension-das-procesions-de-semana-santa-2021\/","og_locale":"en_US","og_type":"article","og_title":"O Concello da Guarda informa da suspensi\u00f3n das procesi\u00f3ns de Semana Santa 2021 - Concello da Guarda","og_description":"\u2022 O P\u00e1rroco da vila informou ao Alcalde da suspensi\u00f3n das Procesi\u00f3ns e V\u00eda Crucis de Semana Santa e a bendici\u00f3n do Domingo de Ramos. O Concello da Guarda, despois de ter mantido conversas co p\u00e1rroco da vila, informa \u00e1 &hellip;","og_url":"https:\/\/www.aguarda.es\/en\/o-concello-da-guarda-informa-da-suspension-das-procesions-de-semana-santa-2021\/","og_site_name":"Concello da Guarda","article_publisher":"https:\/\/www.facebook.com\/ConcellodaGuarda","article_published_time":"2021-03-24T13:52:38+00:00","og_image":[{"width":800,"height":600,"url":"https:\/\/www.aguarda.es\/wp-content\/uploads\/2021\/03\/NP-24032021-O-Concello-da-Guarda-informa-da-suspensi\u00f3n-das-procesi\u00f3ns-de-Semana-Santa-2021.jpg","type":"image\/jpeg"}],"author":"prensa","twitter_card":"summary_large_image","twitter_creator":"@AGuarda_es","twitter_site":"@AGuarda_es","twitter_misc":{"Written by":"prensa","Est. reading time":"1 minute"},"schema":{"@context":"https:\/\/schema.org","@graph":[{"@type":"WebPage","@id":"https:\/\/www.aguarda.es\/en\/o-concello-da-guarda-informa-da-suspension-das-procesions-de-semana-santa-2021\/","url":"https:\/\/www.aguarda.es\/en\/o-concello-da-guarda-informa-da-suspension-das-procesions-de-semana-santa-2021\/","name":"O Concello da Guarda informa da suspensi\u00f3n das procesi\u00f3ns de Semana Santa 2021 - Concello da Guarda","isPartOf":{"@id":"https:\/\/www.aguarda.es\/en\/#website"},"datePublished":"2021-03-24T13:52:38+00:00","dateModified":"2021-03-24T13:52:38+00:00","author":{"@id":"https:\/\/www.aguarda.es\/en\/#\/schema\/person\/c463ca3006858ffb349d11179d044f21"},"breadcrumb":{"@id":"https:\/\/www.aguarda.es\/en\/o-concello-da-guarda-informa-da-suspension-das-procesions-de-semana-santa-2021\/#breadcrumb"},"inLanguage":"en-US","potentialAction":[{"@type":"ReadAction","target":["https:\/\/www.aguarda.es\/en\/o-concello-da-guarda-informa-da-suspension-das-procesions-de-semana-santa-2021\/"]}]},{"@type":"BreadcrumbList","@id":"https:\/\/www.aguarda.es\/en\/o-concello-da-guarda-informa-da-suspension-das-procesions-de-semana-santa-2021\/#breadcrumb","itemListElement":[{"@type":"ListItem","position":1,"name":"Portada","item":"https:\/\/www.aguarda.es\/en\/"},{"@type":"ListItem","position":2,"name":"O Concello da Guarda informa da suspensi\u00f3n das procesi\u00f3ns de Semana Santa 2021"}]},{"@type":"WebSite","@id":"https:\/\/www.aguarda.es\/en\/#website","url":"https:\/\/www.aguarda.es\/en\/","name":"Concello da Guarda","description":"P\u00e1xina web do concello da Guarda","potentialAction":[{"@type":"SearchAction","target":{"@type":"EntryPoint","urlTemplate":"https:\/\/www.aguarda.es\/en\/?s={search_term_string}"},"query-input":"required name=search_term_string"}],"inLanguage":"en-US"},{"@type":"Person","@id":"https:\/\/www.aguarda.es\/en\/#\/schema\/person\/c463ca3006858ffb349d11179d044f21","name":"prensa","image":{"@type":"ImageObject","inLanguage":"en-US","@id":"https:\/\/www.aguarda.es\/en\/#\/schema\/person\/image\/","url":"https:\/\/secure.gravatar.com\/avatar\/5f90ef536b0f98306edf5c7a1135ffa1?s=96&d=mm&r=g","contentUrl":"https:\/\/secure.gravatar.com\/avatar\/5f90ef536b0f98306edf5c7a1135ffa1?s=96&d=mm&r=g","caption":"prensa"},"url":"https:\/\/www.aguarda.es\/en\/author\/prensa\/"}]}},"_links":{"self":[{"href":"https:\/\/www.aguarda.es\/en\/wp-json\/wp\/v2\/posts\/23479"}],"collection":[{"href":"https:\/\/www.aguarda.es\/en\/wp-json\/wp\/v2\/posts"}],"about":[{"href":"https:\/\/www.aguarda.es\/en\/wp-json\/wp\/v2\/types\/post"}],"author":[{"embeddable":true,"href":"https:\/\/www.aguarda.es\/en\/wp-json\/wp\/v2\/users\/2"}],"replies":[{"embeddable":true,"href":"https:\/\/www.aguarda.es\/en\/wp-json\/wp\/v2\/comments?post=23479"}],"version-history":[{"count":1,"href":"https:\/\/www.aguarda.es\/en\/wp-json\/wp\/v2\/posts\/23479\/revisions"}],"predecessor-version":[{"id":23482,"href":"https:\/\/www.aguarda.es\/en\/wp-json\/wp\/v2\/posts\/23479\/revisions\/23482"}],"wp:featuredmedia":[{"embeddable":true,"href":"https:\/\/www.aguarda.es\/en\/wp-json\/wp\/v2\/media\/23480"}],"wp:attachment":[{"href":"https:\/\/www.aguarda.es\/en\/wp-json\/wp\/v2\/media?parent=23479"}],"wp:term":[{"taxonomy":"category","embeddable":true,"href":"https:\/\/www.aguarda.es\/en\/wp-json\/wp\/v2\/categories?post=23479"},{"taxonomy":"post_tag","embeddable":true,"href":"https:\/\/www.aguarda.es\/en\/wp-json\/wp\/v2\/tags?post=23479"}],"curies":[{"name":"wp","href":"https:\/\/api.w.org\/{rel}","templated":true}]}}