{"id":23483,"date":"2021-03-24T18:52:13","date_gmt":"2021-03-24T18:52:13","guid":{"rendered":"https:\/\/www.aguarda.es\/?p=23483"},"modified":"2021-03-29T11:16:28","modified_gmt":"2021-03-29T11:16:28","slug":"o-camino-e-a-enogastronomia-protagonistas-do-xeodestino-ria-de-vigo-e-baixo-mino-neste-2021","status":"publish","type":"post","link":"https:\/\/www.aguarda.es\/en\/o-camino-e-a-enogastronomia-protagonistas-do-xeodestino-ria-de-vigo-e-baixo-mino-neste-2021\/","title":{"rendered":"O Cami\u00f1o e a enogastronom\u00eda, protagonistas do Xeodestino R\u00eda de Vigo e Baixo Mi\u00f1o neste 2021"},"content":{"rendered":"<p>O Xeodestino R\u00eda de Vigo e Baixo Mi\u00f1o contin\u00faa a dar pasos para converter o territorio nun polo de atracci\u00f3n tur\u00edstica. Alcaldes e alcaldesas e concelleiros e concelleiras dos 14 concellos que conforman o xeodestino reun\u00edronse este m\u00e9rcores no Pazo de Mos para facer balance dos proxectos realizados no 2020, no que se seguiu traballando para crear novos produtos tur\u00edsticos e artellar ferramentas clave para a interacci\u00f3n coas persoas visitantes.<br \/>\nNese cami\u00f1o por desenvolver produtos tur\u00edsticos de calidade baseados nos recursos, identidade e tradici\u00f3n do territorio, o ano pasado cre\u00e1ronse catro novas rutas centradas na pedra e no patrimonio oculto, dese\u00f1\u00e1ronse d\u00faas novas postais sonoras coa illa de San Sim\u00f3n e a Virxe da Rocha como protagonistas, artellouse un banco de imaxes con 350 fotograf\u00edas, pux\u00e9ronse en marcha a web e redes sociais do xeodestino e elaborouse un novo v\u00eddeo que, baixo o lema \u2018Toda Galicia na t\u00faa man\u2019, servir\u00e1 para promocionar o territorio.<br \/>\nNa reuni\u00f3n acordouse por unanimidade a reelecci\u00f3n da alcaldesa de Mos, Nidia Ar\u00e9valo, como representante institucional do Xeodestino tras estar no cargo un ano no que a pandemia freou de xeito importante a actividade tur\u00edstica. No encontro tam\u00e9n participaron Antonio Lomba, rexedor da Guarda; Carlos G\u00f3mez, alcalde de Baiona; Francisco Ferreira, alcalde de Gondomar; Juan A. Gonz\u00e1lez, rexedor de Nigr\u00e1n; \u00c1nxela Fern\u00e1ndez, alcaldesa do Rosal; Cristina Correa, rexedora de Oia; Digna Rivas, alcaldesa de Redondela; Sandra Gonz\u00e1lez, alcaldesa de Tomi\u00f1o, e Enrique Cabaleiro, alcalde de Tui, as\u00ed como Sara Cebreiro, concelleira de Pol\u00edtica social, Igualdade, Cultura e Turismo de Mos; Elo\u00edsa Nogueira, concelleira e tenente de alcalde de Pazos de Borb\u00e9n; David Alonso, concelleiro de Deportes, Benestar Social, Igualdade, Formaci\u00f3n, Emprego, Novas Tecnolox\u00edas e Turismo do Porri\u00f1o; Daniel Boullosa, concelleiro de Cultura e Turismo de Redondela, e Cristina Gonz\u00e1lez, a concelleira de Soutomaior.<br \/>\nNovos proxectos<br \/>\nDurante o 2021 o xeodestino dar\u00e1 continuidade \u00e1s actuaci\u00f3ns xa postas en marcha o pasado ano, con especial \u00e9nfase na creaci\u00f3n de contidos tur\u00edsticos e novos formatos. As\u00ed, tendo en conta o Xacobeo 2021-2022, este ano o Cami\u00f1o de Santiago ter\u00e1 un especial protagonismo con acci\u00f3ns encami\u00f1adas a aumentar a estancia posterior no territorio de peregrinos e peregrinas, visibilizando os principais atractivos da contorna das d\u00faas variantes oficiais que pasan polos concellos do Xeodestino. Tam\u00e9n apostarase pola enogastronom\u00eda como eixo central de novos produtos tur\u00edsticos en base ao potencial vitivin\u00edcola e \u00e1s festas gastron\u00f3micas do territorio, conformando unha oferta singular, sustentable e desestacionalizadora que combine tradici\u00f3n e innovaci\u00f3n.<br \/>\nPor outra banda, o Xeodestino R\u00eda de Vigo e Baixo Mi\u00f1o por\u00e1 en marcha tam\u00e9n li\u00f1as de traballo que faciliten \u00e1s empresas o dese\u00f1o de produto tur\u00edstico comercializable, fomentando o traballo en rede e a creaci\u00f3n de sinerx\u00edas. Ademais continuarase coa actualizaci\u00f3n de contidos, crearase novo material audiovisual, ampliarase o banco de imaxes e desenvolverase material para que as oficinas de turismo acheguen o territorio a todas as persoas visitantes.<br \/>\nDende o Xeodestino R\u00eda de Vigo e Baixo Mi\u00f1o qu\u00e9rese agradecer a implicaci\u00f3n do Pazo de Mos, que cedeu as s\u00faas instalaci\u00f3ns para poder celebrar esta reuni\u00f3n de balance e programaci\u00f3n de traballos para o 2021 cumprindo con todas as medidas e protocolos de seguridade.<\/p>\n","protected":false},"excerpt":{"rendered":"<p>O Xeodestino R\u00eda de Vigo e Baixo Mi\u00f1o contin\u00faa a dar pasos para converter o territorio nun polo de atracci\u00f3n tur\u00edstica. Alcaldes e alcaldesas e concelleiros e concelleiras dos 14 concellos que conforman o xeodestino reun\u00edronse este m\u00e9rcores no Pazo &hellip; <\/p>\n","protected":false},"author":2,"featured_media":23484,"comment_status":"open","ping_status":"open","sticky":false,"template":"","format":"standard","meta":[],"categories":[56],"tags":[226,232,2446],"yoast_head":"<!-- This site is optimized with the Yoast SEO plugin v21.1 - https:\/\/yoast.com\/wordpress\/plugins\/seo\/ -->\n<title>O Cami\u00f1o e a enogastronom\u00eda, protagonistas do Xeodestino R\u00eda de Vigo e Baixo Mi\u00f1o neste 2021 - Concello da Guarda<\/title>\n<meta name=\"robots\" content=\"index, follow, max-snippet:-1, max-image-preview:large, max-video-preview:-1\" \/>\n<link rel=\"canonical\" href=\"https:\/\/www.aguarda.es\/en\/o-camino-e-a-enogastronomia-protagonistas-do-xeodestino-ria-de-vigo-e-baixo-mino-neste-2021\/\" \/>\n<meta property=\"og:locale\" content=\"en_US\" \/>\n<meta property=\"og:type\" content=\"article\" \/>\n<meta property=\"og:title\" content=\"O Cami\u00f1o e a enogastronom\u00eda, protagonistas do Xeodestino R\u00eda de Vigo e Baixo Mi\u00f1o neste 2021 - Concello da Guarda\" \/>\n<meta property=\"og:description\" content=\"O Xeodestino R\u00eda de Vigo e Baixo Mi\u00f1o contin\u00faa a dar pasos para converter o territorio nun polo de atracci\u00f3n tur\u00edstica. Alcaldes e alcaldesas e concelleiros e concelleiras dos 14 concellos que conforman o xeodestino reun\u00edronse este m\u00e9rcores no Pazo &hellip;\" \/>\n<meta property=\"og:url\" content=\"https:\/\/www.aguarda.es\/en\/o-camino-e-a-enogastronomia-protagonistas-do-xeodestino-ria-de-vigo-e-baixo-mino-neste-2021\/\" \/>\n<meta property=\"og:site_name\" content=\"Concello da Guarda\" \/>\n<meta property=\"article:publisher\" content=\"https:\/\/www.facebook.com\/ConcellodaGuarda\" \/>\n<meta property=\"article:published_time\" content=\"2021-03-24T18:52:13+00:00\" \/>\n<meta property=\"article:modified_time\" content=\"2021-03-29T11:16:28+00:00\" \/>\n<meta property=\"og:image\" content=\"https:\/\/www.aguarda.es\/wp-content\/uploads\/2021\/03\/O-Camin\u0303o-e-a-enogastronomi\u0301a-protagonistas-do-Xeodestino-Ri\u0301a-de-Vigo-e-Baixo-Min\u0303o-neste-2021.jpg\" \/>\n\t<meta property=\"og:image:width\" content=\"827\" \/>\n\t<meta property=\"og:image:height\" content=\"473\" \/>\n\t<meta property=\"og:image:type\" content=\"image\/jpeg\" \/>\n<meta name=\"author\" content=\"prensa\" \/>\n<meta name=\"twitter:card\" content=\"summary_large_image\" \/>\n<meta name=\"twitter:creator\" content=\"@AGuarda_es\" \/>\n<meta name=\"twitter:site\" content=\"@AGuarda_es\" \/>\n<meta name=\"twitter:label1\" content=\"Written by\" \/>\n\t<meta name=\"twitter:data1\" content=\"prensa\" \/>\n\t<meta name=\"twitter:label2\" content=\"Est. reading time\" \/>\n\t<meta name=\"twitter:data2\" content=\"3 minutes\" \/>\n<script type=\"application\/ld+json\" class=\"yoast-schema-graph\">{\"@context\":\"https:\/\/schema.org\",\"@graph\":[{\"@type\":\"WebPage\",\"@id\":\"https:\/\/www.aguarda.es\/en\/o-camino-e-a-enogastronomia-protagonistas-do-xeodestino-ria-de-vigo-e-baixo-mino-neste-2021\/\",\"url\":\"https:\/\/www.aguarda.es\/en\/o-camino-e-a-enogastronomia-protagonistas-do-xeodestino-ria-de-vigo-e-baixo-mino-neste-2021\/\",\"name\":\"O Cami\u00f1o e a enogastronom\u00eda, protagonistas do Xeodestino R\u00eda de Vigo e Baixo Mi\u00f1o neste 2021 - Concello da Guarda\",\"isPartOf\":{\"@id\":\"https:\/\/www.aguarda.es\/en\/#website\"},\"datePublished\":\"2021-03-24T18:52:13+00:00\",\"dateModified\":\"2021-03-29T11:16:28+00:00\",\"author\":{\"@id\":\"https:\/\/www.aguarda.es\/en\/#\/schema\/person\/c463ca3006858ffb349d11179d044f21\"},\"breadcrumb\":{\"@id\":\"https:\/\/www.aguarda.es\/en\/o-camino-e-a-enogastronomia-protagonistas-do-xeodestino-ria-de-vigo-e-baixo-mino-neste-2021\/#breadcrumb\"},\"inLanguage\":\"en-US\",\"potentialAction\":[{\"@type\":\"ReadAction\",\"target\":[\"https:\/\/www.aguarda.es\/en\/o-camino-e-a-enogastronomia-protagonistas-do-xeodestino-ria-de-vigo-e-baixo-mino-neste-2021\/\"]}]},{\"@type\":\"BreadcrumbList\",\"@id\":\"https:\/\/www.aguarda.es\/en\/o-camino-e-a-enogastronomia-protagonistas-do-xeodestino-ria-de-vigo-e-baixo-mino-neste-2021\/#breadcrumb\",\"itemListElement\":[{\"@type\":\"ListItem\",\"position\":1,\"name\":\"Portada\",\"item\":\"https:\/\/www.aguarda.es\/en\/\"},{\"@type\":\"ListItem\",\"position\":2,\"name\":\"O Cami\u00f1o e a enogastronom\u00eda, protagonistas do Xeodestino R\u00eda de Vigo e Baixo Mi\u00f1o neste 2021\"}]},{\"@type\":\"WebSite\",\"@id\":\"https:\/\/www.aguarda.es\/en\/#website\",\"url\":\"https:\/\/www.aguarda.es\/en\/\",\"name\":\"Concello da Guarda\",\"description\":\"P\u00e1xina web do concello da Guarda\",\"potentialAction\":[{\"@type\":\"SearchAction\",\"target\":{\"@type\":\"EntryPoint\",\"urlTemplate\":\"https:\/\/www.aguarda.es\/en\/?s={search_term_string}\"},\"query-input\":\"required name=search_term_string\"}],\"inLanguage\":\"en-US\"},{\"@type\":\"Person\",\"@id\":\"https:\/\/www.aguarda.es\/en\/#\/schema\/person\/c463ca3006858ffb349d11179d044f21\",\"name\":\"prensa\",\"image\":{\"@type\":\"ImageObject\",\"inLanguage\":\"en-US\",\"@id\":\"https:\/\/www.aguarda.es\/en\/#\/schema\/person\/image\/\",\"url\":\"https:\/\/secure.gravatar.com\/avatar\/5f90ef536b0f98306edf5c7a1135ffa1?s=96&d=mm&r=g\",\"contentUrl\":\"https:\/\/secure.gravatar.com\/avatar\/5f90ef536b0f98306edf5c7a1135ffa1?s=96&d=mm&r=g\",\"caption\":\"prensa\"},\"url\":\"https:\/\/www.aguarda.es\/en\/author\/prensa\/\"}]}<\/script>\n<!-- \/ Yoast SEO plugin. -->","yoast_head_json":{"title":"O Cami\u00f1o e a enogastronom\u00eda, protagonistas do Xeodestino R\u00eda de Vigo e Baixo Mi\u00f1o neste 2021 - Concello da Guarda","robots":{"index":"index","follow":"follow","max-snippet":"max-snippet:-1","max-image-preview":"max-image-preview:large","max-video-preview":"max-video-preview:-1"},"canonical":"https:\/\/www.aguarda.es\/en\/o-camino-e-a-enogastronomia-protagonistas-do-xeodestino-ria-de-vigo-e-baixo-mino-neste-2021\/","og_locale":"en_US","og_type":"article","og_title":"O Cami\u00f1o e a enogastronom\u00eda, protagonistas do Xeodestino R\u00eda de Vigo e Baixo Mi\u00f1o neste 2021 - Concello da Guarda","og_description":"O Xeodestino R\u00eda de Vigo e Baixo Mi\u00f1o contin\u00faa a dar pasos para converter o territorio nun polo de atracci\u00f3n tur\u00edstica. Alcaldes e alcaldesas e concelleiros e concelleiras dos 14 concellos que conforman o xeodestino reun\u00edronse este m\u00e9rcores no Pazo &hellip;","og_url":"https:\/\/www.aguarda.es\/en\/o-camino-e-a-enogastronomia-protagonistas-do-xeodestino-ria-de-vigo-e-baixo-mino-neste-2021\/","og_site_name":"Concello da Guarda","article_publisher":"https:\/\/www.facebook.com\/ConcellodaGuarda","article_published_time":"2021-03-24T18:52:13+00:00","article_modified_time":"2021-03-29T11:16:28+00:00","og_image":[{"width":827,"height":473,"url":"https:\/\/www.aguarda.es\/wp-content\/uploads\/2021\/03\/O-Camin\u0303o-e-a-enogastronomi\u0301a-protagonistas-do-Xeodestino-Ri\u0301a-de-Vigo-e-Baixo-Min\u0303o-neste-2021.jpg","type":"image\/jpeg"}],"author":"prensa","twitter_card":"summary_large_image","twitter_creator":"@AGuarda_es","twitter_site":"@AGuarda_es","twitter_misc":{"Written by":"prensa","Est. reading time":"3 minutes"},"schema":{"@context":"https:\/\/schema.org","@graph":[{"@type":"WebPage","@id":"https:\/\/www.aguarda.es\/en\/o-camino-e-a-enogastronomia-protagonistas-do-xeodestino-ria-de-vigo-e-baixo-mino-neste-2021\/","url":"https:\/\/www.aguarda.es\/en\/o-camino-e-a-enogastronomia-protagonistas-do-xeodestino-ria-de-vigo-e-baixo-mino-neste-2021\/","name":"O Cami\u00f1o e a enogastronom\u00eda, protagonistas do Xeodestino R\u00eda de Vigo e Baixo Mi\u00f1o neste 2021 - Concello da Guarda","isPartOf":{"@id":"https:\/\/www.aguarda.es\/en\/#website"},"datePublished":"2021-03-24T18:52:13+00:00","dateModified":"2021-03-29T11:16:28+00:00","author":{"@id":"https:\/\/www.aguarda.es\/en\/#\/schema\/person\/c463ca3006858ffb349d11179d044f21"},"breadcrumb":{"@id":"https:\/\/www.aguarda.es\/en\/o-camino-e-a-enogastronomia-protagonistas-do-xeodestino-ria-de-vigo-e-baixo-mino-neste-2021\/#breadcrumb"},"inLanguage":"en-US","potentialAction":[{"@type":"ReadAction","target":["https:\/\/www.aguarda.es\/en\/o-camino-e-a-enogastronomia-protagonistas-do-xeodestino-ria-de-vigo-e-baixo-mino-neste-2021\/"]}]},{"@type":"BreadcrumbList","@id":"https:\/\/www.aguarda.es\/en\/o-camino-e-a-enogastronomia-protagonistas-do-xeodestino-ria-de-vigo-e-baixo-mino-neste-2021\/#breadcrumb","itemListElement":[{"@type":"ListItem","position":1,"name":"Portada","item":"https:\/\/www.aguarda.es\/en\/"},{"@type":"ListItem","position":2,"name":"O Cami\u00f1o e a enogastronom\u00eda, protagonistas do Xeodestino R\u00eda de Vigo e Baixo Mi\u00f1o neste 2021"}]},{"@type":"WebSite","@id":"https:\/\/www.aguarda.es\/en\/#website","url":"https:\/\/www.aguarda.es\/en\/","name":"Concello da Guarda","description":"P\u00e1xina web do concello da Guarda","potentialAction":[{"@type":"SearchAction","target":{"@type":"EntryPoint","urlTemplate":"https:\/\/www.aguarda.es\/en\/?s={search_term_string}"},"query-input":"required name=search_term_string"}],"inLanguage":"en-US"},{"@type":"Person","@id":"https:\/\/www.aguarda.es\/en\/#\/schema\/person\/c463ca3006858ffb349d11179d044f21","name":"prensa","image":{"@type":"ImageObject","inLanguage":"en-US","@id":"https:\/\/www.aguarda.es\/en\/#\/schema\/person\/image\/","url":"https:\/\/secure.gravatar.com\/avatar\/5f90ef536b0f98306edf5c7a1135ffa1?s=96&d=mm&r=g","contentUrl":"https:\/\/secure.gravatar.com\/avatar\/5f90ef536b0f98306edf5c7a1135ffa1?s=96&d=mm&r=g","caption":"prensa"},"url":"https:\/\/www.aguarda.es\/en\/author\/prensa\/"}]}},"_links":{"self":[{"href":"https:\/\/www.aguarda.es\/en\/wp-json\/wp\/v2\/posts\/23483"}],"collection":[{"href":"https:\/\/www.aguarda.es\/en\/wp-json\/wp\/v2\/posts"}],"about":[{"href":"https:\/\/www.aguarda.es\/en\/wp-json\/wp\/v2\/types\/post"}],"author":[{"embeddable":true,"href":"https:\/\/www.aguarda.es\/en\/wp-json\/wp\/v2\/users\/2"}],"replies":[{"embeddable":true,"href":"https:\/\/www.aguarda.es\/en\/wp-json\/wp\/v2\/comments?post=23483"}],"version-history":[{"count":1,"href":"https:\/\/www.aguarda.es\/en\/wp-json\/wp\/v2\/posts\/23483\/revisions"}],"predecessor-version":[{"id":23486,"href":"https:\/\/www.aguarda.es\/en\/wp-json\/wp\/v2\/posts\/23483\/revisions\/23486"}],"wp:featuredmedia":[{"embeddable":true,"href":"https:\/\/www.aguarda.es\/en\/wp-json\/wp\/v2\/media\/23484"}],"wp:attachment":[{"href":"https:\/\/www.aguarda.es\/en\/wp-json\/wp\/v2\/media?parent=23483"}],"wp:term":[{"taxonomy":"category","embeddable":true,"href":"https:\/\/www.aguarda.es\/en\/wp-json\/wp\/v2\/categories?post=23483"},{"taxonomy":"post_tag","embeddable":true,"href":"https:\/\/www.aguarda.es\/en\/wp-json\/wp\/v2\/tags?post=23483"}],"curies":[{"name":"wp","href":"https:\/\/api.w.org\/{rel}","templated":true}]}}