{"id":23544,"date":"2021-04-08T10:53:01","date_gmt":"2021-04-08T10:53:01","guid":{"rendered":"https:\/\/www.aguarda.es\/?p=23544"},"modified":"2021-04-08T10:53:01","modified_gmt":"2021-04-08T10:53:01","slug":"a-guarda-retoma-a-programacion-cultural-cunha-variada-programacion-polo-dia-do-libro","status":"publish","type":"post","link":"https:\/\/www.aguarda.es\/en\/a-guarda-retoma-a-programacion-cultural-cunha-variada-programacion-polo-dia-do-libro\/","title":{"rendered":"A Guarda retoma a programaci\u00f3n cultural cunha variada programaci\u00f3n polo D\u00eda do Libro"},"content":{"rendered":"<p><strong><em>\u2022 Chegada a primavera o Concello da Guarda retoma a habitual a actividade cultural con propostas deslocalizadas, ao aire libre e con aforos reducidos. <\/em><\/strong><br \/>\n<strong><em>\u2022 A primeira proposta da primavera ser\u00e1 un espect\u00e1culo de circo na Praza do Rel\u00f3 o venres 16 inspirado en \u201cO Principi\u00f1o\u201d, de Antoine de Saint-Exupery.<\/em><\/strong><\/p>\n<p>Neste inverno caracterizado pola pandemia que estamos a sufrir e polas restricci\u00f3ns sanitarias, o Concello da Guarda veu de suspender os eventos p\u00fablicos evitando as\u00ed as concentraci\u00f3ns de xente nos interiores. Mais chegado o momento no que os d\u00edas crecen e o sol favorece o paseo, as\u00ed como pasado os peores momentos da pandemia o Concello creu oportuno recuperar a actividade cultural reivindicando que a cultura \u00e9 necesaria, incluso mais que en outros momentos para sobrelevar esta situaci\u00f3n. As\u00ed creou unha programaci\u00f3n polo D\u00eda do Libro que arrancar\u00e1 o vindeiro venres 16 de abril co espect\u00e1culo de circo \u201cRiscando o Ceo\u201d, da compa\u00f1\u00eda Circo Chosco, \u00e1s 19:00h. na praza do Rel\u00f3.<br \/>\nO espect\u00e1culo \u201cRiscando o Ceo\u201d, est\u00e1 inspirado no cl\u00e1sico da literatura infantil \u201cO Principi\u00f1o\u201d porque o esencial \u00e9 invisible aos ollos, s\u00f3 se ve ben co coraz\u00f3n. A proposta esc\u00e9nica que mestura humor, maxia, risco, malabar, acrobacias e equilibrios imposibles foi escollida como arranque da programaci\u00f3n polo seu contido desenfadado e poder desenrolarse ao aire libre.<br \/>\nEste evento est\u00e1 recomendado para t\u00f3dolos p\u00fablicos e moi especialmente \u00e1s familias, \u00e9 preciso anotarse previamente en cultura@aguarda.es.<br \/>\nNa seguinte semana desenvolveranse outras actividades como os \u201cpuntos de libros\u201d, que, caracterizados coa tem\u00e1tica mari\u00f1eira que nos identifica, permitir\u00e1n aos veci\u00f1os levar un libro de agasallo. Estes puntos estar\u00e1n situados no Concello, na Praza de Abastos e na Biblioteca Municipal e contan coa colaboraci\u00f3n de O Piueiro e a comisi\u00f3n de Festas da Virxe do Carme.<br \/>\nNesta semana colocarase tam\u00e9n un mural na entrada da Biblioteca, na que os lectores da Biblioteca P\u00fablica Municipal da Guarda poder\u00e1n deixar as s\u00faas mensaxes e comentarios.<br \/>\nO s\u00e1bado 24 ter\u00e1 lugar a segunda proposta esc\u00e9nica adicada desta volta aos mais pequenos da casa e da man da compa\u00f1\u00eda Migallas cos seus \u201cContos do Chupete\u201d, xa no Centro Cultural \u00e1s 12:00h., tam\u00e9n con inscrici\u00f3n previa.<br \/>\nE xa para rematar, entre os d\u00edas 23 de abril e 22 de maio, aqueles que realicen compras de libros nas librer\u00edas da Guarda por valor de 30\u20ac ou mais obter\u00e1n un bolso de agasallo na Biblioteca P\u00fablica Municipal.<\/p>\n","protected":false},"excerpt":{"rendered":"<p>\u2022 Chegada a primavera o Concello da Guarda retoma a habitual a actividade cultural con propostas deslocalizadas, ao aire libre e con aforos reducidos. \u2022 A primeira proposta da primavera ser\u00e1 un espect\u00e1culo de circo na Praza do Rel\u00f3 o &hellip; <\/p>\n","protected":false},"author":2,"featured_media":23545,"comment_status":"open","ping_status":"open","sticky":false,"template":"","format":"standard","meta":[],"categories":[34],"tags":[226,707,243,239],"yoast_head":"<!-- This site is optimized with the Yoast SEO plugin v21.1 - https:\/\/yoast.com\/wordpress\/plugins\/seo\/ -->\n<title>A Guarda retoma a programaci\u00f3n cultural cunha variada programaci\u00f3n polo D\u00eda do Libro - Concello da Guarda<\/title>\n<meta name=\"robots\" content=\"index, follow, max-snippet:-1, max-image-preview:large, max-video-preview:-1\" \/>\n<link rel=\"canonical\" href=\"https:\/\/www.aguarda.es\/en\/a-guarda-retoma-a-programacion-cultural-cunha-variada-programacion-polo-dia-do-libro\/\" \/>\n<meta property=\"og:locale\" content=\"en_US\" \/>\n<meta property=\"og:type\" content=\"article\" \/>\n<meta property=\"og:title\" content=\"A Guarda retoma a programaci\u00f3n cultural cunha variada programaci\u00f3n polo D\u00eda do Libro - Concello da Guarda\" \/>\n<meta property=\"og:description\" content=\"\u2022 Chegada a primavera o Concello da Guarda retoma a habitual a actividade cultural con propostas deslocalizadas, ao aire libre e con aforos reducidos. \u2022 A primeira proposta da primavera ser\u00e1 un espect\u00e1culo de circo na Praza do Rel\u00f3 o &hellip;\" \/>\n<meta property=\"og:url\" content=\"https:\/\/www.aguarda.es\/en\/a-guarda-retoma-a-programacion-cultural-cunha-variada-programacion-polo-dia-do-libro\/\" \/>\n<meta property=\"og:site_name\" content=\"Concello da Guarda\" \/>\n<meta property=\"article:publisher\" content=\"https:\/\/www.facebook.com\/ConcellodaGuarda\" \/>\n<meta property=\"article:published_time\" content=\"2021-04-08T10:53:01+00:00\" \/>\n<meta property=\"og:image\" content=\"https:\/\/www.aguarda.es\/wp-content\/uploads\/2021\/04\/CARTEL-16-ABR-2021.jpg?_t=1643285454\" \/>\n\t<meta property=\"og:image:width\" content=\"800\" \/>\n\t<meta property=\"og:image:height\" content=\"1131\" \/>\n\t<meta property=\"og:image:type\" content=\"image\/jpeg\" \/>\n<meta name=\"author\" content=\"prensa\" \/>\n<meta name=\"twitter:card\" content=\"summary_large_image\" \/>\n<meta name=\"twitter:creator\" content=\"@AGuarda_es\" \/>\n<meta name=\"twitter:site\" content=\"@AGuarda_es\" \/>\n<meta name=\"twitter:label1\" content=\"Written by\" \/>\n\t<meta name=\"twitter:data1\" content=\"prensa\" \/>\n\t<meta name=\"twitter:label2\" content=\"Est. reading time\" \/>\n\t<meta name=\"twitter:data2\" content=\"2 minutes\" \/>\n<script type=\"application\/ld+json\" class=\"yoast-schema-graph\">{\"@context\":\"https:\/\/schema.org\",\"@graph\":[{\"@type\":\"WebPage\",\"@id\":\"https:\/\/www.aguarda.es\/en\/a-guarda-retoma-a-programacion-cultural-cunha-variada-programacion-polo-dia-do-libro\/\",\"url\":\"https:\/\/www.aguarda.es\/en\/a-guarda-retoma-a-programacion-cultural-cunha-variada-programacion-polo-dia-do-libro\/\",\"name\":\"A Guarda retoma a programaci\u00f3n cultural cunha variada programaci\u00f3n polo D\u00eda do Libro - Concello da Guarda\",\"isPartOf\":{\"@id\":\"https:\/\/www.aguarda.es\/en\/#website\"},\"datePublished\":\"2021-04-08T10:53:01+00:00\",\"dateModified\":\"2021-04-08T10:53:01+00:00\",\"author\":{\"@id\":\"https:\/\/www.aguarda.es\/en\/#\/schema\/person\/c463ca3006858ffb349d11179d044f21\"},\"breadcrumb\":{\"@id\":\"https:\/\/www.aguarda.es\/en\/a-guarda-retoma-a-programacion-cultural-cunha-variada-programacion-polo-dia-do-libro\/#breadcrumb\"},\"inLanguage\":\"en-US\",\"potentialAction\":[{\"@type\":\"ReadAction\",\"target\":[\"https:\/\/www.aguarda.es\/en\/a-guarda-retoma-a-programacion-cultural-cunha-variada-programacion-polo-dia-do-libro\/\"]}]},{\"@type\":\"BreadcrumbList\",\"@id\":\"https:\/\/www.aguarda.es\/en\/a-guarda-retoma-a-programacion-cultural-cunha-variada-programacion-polo-dia-do-libro\/#breadcrumb\",\"itemListElement\":[{\"@type\":\"ListItem\",\"position\":1,\"name\":\"Portada\",\"item\":\"https:\/\/www.aguarda.es\/en\/\"},{\"@type\":\"ListItem\",\"position\":2,\"name\":\"A Guarda retoma a programaci\u00f3n cultural cunha variada programaci\u00f3n polo D\u00eda do Libro\"}]},{\"@type\":\"WebSite\",\"@id\":\"https:\/\/www.aguarda.es\/en\/#website\",\"url\":\"https:\/\/www.aguarda.es\/en\/\",\"name\":\"Concello da Guarda\",\"description\":\"P\u00e1xina web do concello da Guarda\",\"potentialAction\":[{\"@type\":\"SearchAction\",\"target\":{\"@type\":\"EntryPoint\",\"urlTemplate\":\"https:\/\/www.aguarda.es\/en\/?s={search_term_string}\"},\"query-input\":\"required name=search_term_string\"}],\"inLanguage\":\"en-US\"},{\"@type\":\"Person\",\"@id\":\"https:\/\/www.aguarda.es\/en\/#\/schema\/person\/c463ca3006858ffb349d11179d044f21\",\"name\":\"prensa\",\"image\":{\"@type\":\"ImageObject\",\"inLanguage\":\"en-US\",\"@id\":\"https:\/\/www.aguarda.es\/en\/#\/schema\/person\/image\/\",\"url\":\"https:\/\/secure.gravatar.com\/avatar\/5f90ef536b0f98306edf5c7a1135ffa1?s=96&d=mm&r=g\",\"contentUrl\":\"https:\/\/secure.gravatar.com\/avatar\/5f90ef536b0f98306edf5c7a1135ffa1?s=96&d=mm&r=g\",\"caption\":\"prensa\"},\"url\":\"https:\/\/www.aguarda.es\/en\/author\/prensa\/\"}]}<\/script>\n<!-- \/ Yoast SEO plugin. -->","yoast_head_json":{"title":"A Guarda retoma a programaci\u00f3n cultural cunha variada programaci\u00f3n polo D\u00eda do Libro - Concello da Guarda","robots":{"index":"index","follow":"follow","max-snippet":"max-snippet:-1","max-image-preview":"max-image-preview:large","max-video-preview":"max-video-preview:-1"},"canonical":"https:\/\/www.aguarda.es\/en\/a-guarda-retoma-a-programacion-cultural-cunha-variada-programacion-polo-dia-do-libro\/","og_locale":"en_US","og_type":"article","og_title":"A Guarda retoma a programaci\u00f3n cultural cunha variada programaci\u00f3n polo D\u00eda do Libro - Concello da Guarda","og_description":"\u2022 Chegada a primavera o Concello da Guarda retoma a habitual a actividade cultural con propostas deslocalizadas, ao aire libre e con aforos reducidos. \u2022 A primeira proposta da primavera ser\u00e1 un espect\u00e1culo de circo na Praza do Rel\u00f3 o &hellip;","og_url":"https:\/\/www.aguarda.es\/en\/a-guarda-retoma-a-programacion-cultural-cunha-variada-programacion-polo-dia-do-libro\/","og_site_name":"Concello da Guarda","article_publisher":"https:\/\/www.facebook.com\/ConcellodaGuarda","article_published_time":"2021-04-08T10:53:01+00:00","og_image":[{"width":800,"height":1131,"url":"https:\/\/www.aguarda.es\/wp-content\/uploads\/2021\/04\/CARTEL-16-ABR-2021.jpg?_t=1643285454","type":"image\/jpeg"}],"author":"prensa","twitter_card":"summary_large_image","twitter_creator":"@AGuarda_es","twitter_site":"@AGuarda_es","twitter_misc":{"Written by":"prensa","Est. reading time":"2 minutes"},"schema":{"@context":"https:\/\/schema.org","@graph":[{"@type":"WebPage","@id":"https:\/\/www.aguarda.es\/en\/a-guarda-retoma-a-programacion-cultural-cunha-variada-programacion-polo-dia-do-libro\/","url":"https:\/\/www.aguarda.es\/en\/a-guarda-retoma-a-programacion-cultural-cunha-variada-programacion-polo-dia-do-libro\/","name":"A Guarda retoma a programaci\u00f3n cultural cunha variada programaci\u00f3n polo D\u00eda do Libro - Concello da Guarda","isPartOf":{"@id":"https:\/\/www.aguarda.es\/en\/#website"},"datePublished":"2021-04-08T10:53:01+00:00","dateModified":"2021-04-08T10:53:01+00:00","author":{"@id":"https:\/\/www.aguarda.es\/en\/#\/schema\/person\/c463ca3006858ffb349d11179d044f21"},"breadcrumb":{"@id":"https:\/\/www.aguarda.es\/en\/a-guarda-retoma-a-programacion-cultural-cunha-variada-programacion-polo-dia-do-libro\/#breadcrumb"},"inLanguage":"en-US","potentialAction":[{"@type":"ReadAction","target":["https:\/\/www.aguarda.es\/en\/a-guarda-retoma-a-programacion-cultural-cunha-variada-programacion-polo-dia-do-libro\/"]}]},{"@type":"BreadcrumbList","@id":"https:\/\/www.aguarda.es\/en\/a-guarda-retoma-a-programacion-cultural-cunha-variada-programacion-polo-dia-do-libro\/#breadcrumb","itemListElement":[{"@type":"ListItem","position":1,"name":"Portada","item":"https:\/\/www.aguarda.es\/en\/"},{"@type":"ListItem","position":2,"name":"A Guarda retoma a programaci\u00f3n cultural cunha variada programaci\u00f3n polo D\u00eda do Libro"}]},{"@type":"WebSite","@id":"https:\/\/www.aguarda.es\/en\/#website","url":"https:\/\/www.aguarda.es\/en\/","name":"Concello da Guarda","description":"P\u00e1xina web do concello da Guarda","potentialAction":[{"@type":"SearchAction","target":{"@type":"EntryPoint","urlTemplate":"https:\/\/www.aguarda.es\/en\/?s={search_term_string}"},"query-input":"required name=search_term_string"}],"inLanguage":"en-US"},{"@type":"Person","@id":"https:\/\/www.aguarda.es\/en\/#\/schema\/person\/c463ca3006858ffb349d11179d044f21","name":"prensa","image":{"@type":"ImageObject","inLanguage":"en-US","@id":"https:\/\/www.aguarda.es\/en\/#\/schema\/person\/image\/","url":"https:\/\/secure.gravatar.com\/avatar\/5f90ef536b0f98306edf5c7a1135ffa1?s=96&d=mm&r=g","contentUrl":"https:\/\/secure.gravatar.com\/avatar\/5f90ef536b0f98306edf5c7a1135ffa1?s=96&d=mm&r=g","caption":"prensa"},"url":"https:\/\/www.aguarda.es\/en\/author\/prensa\/"}]}},"_links":{"self":[{"href":"https:\/\/www.aguarda.es\/en\/wp-json\/wp\/v2\/posts\/23544"}],"collection":[{"href":"https:\/\/www.aguarda.es\/en\/wp-json\/wp\/v2\/posts"}],"about":[{"href":"https:\/\/www.aguarda.es\/en\/wp-json\/wp\/v2\/types\/post"}],"author":[{"embeddable":true,"href":"https:\/\/www.aguarda.es\/en\/wp-json\/wp\/v2\/users\/2"}],"replies":[{"embeddable":true,"href":"https:\/\/www.aguarda.es\/en\/wp-json\/wp\/v2\/comments?post=23544"}],"version-history":[{"count":1,"href":"https:\/\/www.aguarda.es\/en\/wp-json\/wp\/v2\/posts\/23544\/revisions"}],"predecessor-version":[{"id":23547,"href":"https:\/\/www.aguarda.es\/en\/wp-json\/wp\/v2\/posts\/23544\/revisions\/23547"}],"wp:featuredmedia":[{"embeddable":true,"href":"https:\/\/www.aguarda.es\/en\/wp-json\/wp\/v2\/media\/23545"}],"wp:attachment":[{"href":"https:\/\/www.aguarda.es\/en\/wp-json\/wp\/v2\/media?parent=23544"}],"wp:term":[{"taxonomy":"category","embeddable":true,"href":"https:\/\/www.aguarda.es\/en\/wp-json\/wp\/v2\/categories?post=23544"},{"taxonomy":"post_tag","embeddable":true,"href":"https:\/\/www.aguarda.es\/en\/wp-json\/wp\/v2\/tags?post=23544"}],"curies":[{"name":"wp","href":"https:\/\/api.w.org\/{rel}","templated":true}]}}