{"id":23552,"date":"2021-04-13T15:41:46","date_gmt":"2021-04-13T15:41:46","guid":{"rendered":"https:\/\/www.aguarda.es\/?p=23552"},"modified":"2021-04-13T15:41:46","modified_gmt":"2021-04-13T15:41:46","slug":"axudas-ao-alugamento-de-vivenda-do-plan-estatal-de-vivenda-2018-2021","status":"publish","type":"post","link":"https:\/\/www.aguarda.es\/en\/axudas-ao-alugamento-de-vivenda-do-plan-estatal-de-vivenda-2018-2021\/","title":{"rendered":"Axudas ao alugamento de vivenda do Plan estatal de vivenda 2018-2021"},"content":{"rendered":"<p>\u2022 O Prazo de solicitudes est\u00e1 aberto ata o 30 de abril e se pode tramitar a trav\u00e9s do Dpto. de Servizos Sociais da Guarda e no CIM<br \/>\nO Concello da Guarda, a trav\u00e9s de Servizos Sociais e o Centro de Informaci\u00f3n \u00e1 muller, -informa da convocatoria de Axudas ao alugamento de vivenda do Plan estatal de vivenda 2018-2021.<br \/>\nEstas axudas div\u00eddense en d\u00faas li\u00f1as:<br \/>\na) Li\u00f1a A, axudas ao alugamento de vivenda: a s\u00faa finalidade \u00e9 facilitar o desfrute dunha vivenda en r\u00e9xime de alugamento a sectores de poboaci\u00f3n con escasos medios econ\u00f3micos, mediante a concesi\u00f3n de axudas directas \u00e1s persoas inquilinas.<br \/>\nb) Li\u00f1a B, axudas \u00e1 mocidade para o alugamento de vivenda habitual e permanente: a s\u00faa finalidade \u00e9 facilitar o acceso ao desfrute dunha vivenda digna e adecuada, en r\u00e9xime de alugamento, a persoas menores de 35 anos con escasos medios econ\u00f3micos, mediante o outorgamento de axudas directas \u00e1s persoas inquilinas.<br \/>\nA concesi\u00f3n das axudas tramitarase polo procedemento de concorrencia competitiva e as persoas interesadas poden realizar a s\u00faa solicitude pedindo cita previa chamando ao 986614507( Servizos sociais) ou CIM(986614648).<\/p>\n","protected":false},"excerpt":{"rendered":"<p>\u2022 O Prazo de solicitudes est\u00e1 aberto ata o 30 de abril e se pode tramitar a trav\u00e9s do Dpto. de Servizos Sociais da Guarda e no CIM O Concello da Guarda, a trav\u00e9s de Servizos Sociais e o Centro &hellip; <\/p>\n","protected":false},"author":2,"featured_media":23553,"comment_status":"open","ping_status":"open","sticky":false,"template":"","format":"standard","meta":[],"categories":[41,45],"tags":[226,2455,1259],"yoast_head":"<!-- This site is optimized with the Yoast SEO plugin v21.1 - https:\/\/yoast.com\/wordpress\/plugins\/seo\/ -->\n<title>Axudas ao alugamento de vivenda do Plan estatal de vivenda 2018-2021 - Concello da Guarda<\/title>\n<meta name=\"robots\" content=\"index, follow, max-snippet:-1, max-image-preview:large, max-video-preview:-1\" \/>\n<link rel=\"canonical\" href=\"https:\/\/www.aguarda.es\/en\/axudas-ao-alugamento-de-vivenda-do-plan-estatal-de-vivenda-2018-2021\/\" \/>\n<meta property=\"og:locale\" content=\"en_US\" \/>\n<meta property=\"og:type\" content=\"article\" \/>\n<meta property=\"og:title\" content=\"Axudas ao alugamento de vivenda do Plan estatal de vivenda 2018-2021 - Concello da Guarda\" \/>\n<meta property=\"og:description\" content=\"\u2022 O Prazo de solicitudes est\u00e1 aberto ata o 30 de abril e se pode tramitar a trav\u00e9s do Dpto. de Servizos Sociais da Guarda e no CIM O Concello da Guarda, a trav\u00e9s de Servizos Sociais e o Centro &hellip;\" \/>\n<meta property=\"og:url\" content=\"https:\/\/www.aguarda.es\/en\/axudas-ao-alugamento-de-vivenda-do-plan-estatal-de-vivenda-2018-2021\/\" \/>\n<meta property=\"og:site_name\" content=\"Concello da Guarda\" \/>\n<meta property=\"article:publisher\" content=\"https:\/\/www.facebook.com\/ConcellodaGuarda\" \/>\n<meta property=\"article:published_time\" content=\"2021-04-13T15:41:46+00:00\" \/>\n<meta property=\"og:image\" content=\"https:\/\/www.aguarda.es\/wp-content\/uploads\/2021\/04\/PLANTILLA-LOGO-DIFUMINADO.jpg\" \/>\n\t<meta property=\"og:image:width\" content=\"800\" \/>\n\t<meta property=\"og:image:height\" content=\"800\" \/>\n\t<meta property=\"og:image:type\" content=\"image\/jpeg\" \/>\n<meta name=\"author\" content=\"prensa\" \/>\n<meta name=\"twitter:card\" content=\"summary_large_image\" \/>\n<meta name=\"twitter:creator\" content=\"@AGuarda_es\" \/>\n<meta name=\"twitter:site\" content=\"@AGuarda_es\" \/>\n<meta name=\"twitter:label1\" content=\"Written by\" \/>\n\t<meta name=\"twitter:data1\" content=\"prensa\" \/>\n\t<meta name=\"twitter:label2\" content=\"Est. reading time\" \/>\n\t<meta name=\"twitter:data2\" content=\"1 minute\" \/>\n<script type=\"application\/ld+json\" class=\"yoast-schema-graph\">{\"@context\":\"https:\/\/schema.org\",\"@graph\":[{\"@type\":\"WebPage\",\"@id\":\"https:\/\/www.aguarda.es\/en\/axudas-ao-alugamento-de-vivenda-do-plan-estatal-de-vivenda-2018-2021\/\",\"url\":\"https:\/\/www.aguarda.es\/en\/axudas-ao-alugamento-de-vivenda-do-plan-estatal-de-vivenda-2018-2021\/\",\"name\":\"Axudas ao alugamento de vivenda do Plan estatal de vivenda 2018-2021 - Concello da Guarda\",\"isPartOf\":{\"@id\":\"https:\/\/www.aguarda.es\/en\/#website\"},\"datePublished\":\"2021-04-13T15:41:46+00:00\",\"dateModified\":\"2021-04-13T15:41:46+00:00\",\"author\":{\"@id\":\"https:\/\/www.aguarda.es\/en\/#\/schema\/person\/c463ca3006858ffb349d11179d044f21\"},\"breadcrumb\":{\"@id\":\"https:\/\/www.aguarda.es\/en\/axudas-ao-alugamento-de-vivenda-do-plan-estatal-de-vivenda-2018-2021\/#breadcrumb\"},\"inLanguage\":\"en-US\",\"potentialAction\":[{\"@type\":\"ReadAction\",\"target\":[\"https:\/\/www.aguarda.es\/en\/axudas-ao-alugamento-de-vivenda-do-plan-estatal-de-vivenda-2018-2021\/\"]}]},{\"@type\":\"BreadcrumbList\",\"@id\":\"https:\/\/www.aguarda.es\/en\/axudas-ao-alugamento-de-vivenda-do-plan-estatal-de-vivenda-2018-2021\/#breadcrumb\",\"itemListElement\":[{\"@type\":\"ListItem\",\"position\":1,\"name\":\"Portada\",\"item\":\"https:\/\/www.aguarda.es\/en\/\"},{\"@type\":\"ListItem\",\"position\":2,\"name\":\"Axudas ao alugamento de vivenda do Plan estatal de vivenda 2018-2021\"}]},{\"@type\":\"WebSite\",\"@id\":\"https:\/\/www.aguarda.es\/en\/#website\",\"url\":\"https:\/\/www.aguarda.es\/en\/\",\"name\":\"Concello da Guarda\",\"description\":\"P\u00e1xina web do concello da Guarda\",\"potentialAction\":[{\"@type\":\"SearchAction\",\"target\":{\"@type\":\"EntryPoint\",\"urlTemplate\":\"https:\/\/www.aguarda.es\/en\/?s={search_term_string}\"},\"query-input\":\"required name=search_term_string\"}],\"inLanguage\":\"en-US\"},{\"@type\":\"Person\",\"@id\":\"https:\/\/www.aguarda.es\/en\/#\/schema\/person\/c463ca3006858ffb349d11179d044f21\",\"name\":\"prensa\",\"image\":{\"@type\":\"ImageObject\",\"inLanguage\":\"en-US\",\"@id\":\"https:\/\/www.aguarda.es\/en\/#\/schema\/person\/image\/\",\"url\":\"https:\/\/secure.gravatar.com\/avatar\/5f90ef536b0f98306edf5c7a1135ffa1?s=96&d=mm&r=g\",\"contentUrl\":\"https:\/\/secure.gravatar.com\/avatar\/5f90ef536b0f98306edf5c7a1135ffa1?s=96&d=mm&r=g\",\"caption\":\"prensa\"},\"url\":\"https:\/\/www.aguarda.es\/en\/author\/prensa\/\"}]}<\/script>\n<!-- \/ Yoast SEO plugin. -->","yoast_head_json":{"title":"Axudas ao alugamento de vivenda do Plan estatal de vivenda 2018-2021 - Concello da Guarda","robots":{"index":"index","follow":"follow","max-snippet":"max-snippet:-1","max-image-preview":"max-image-preview:large","max-video-preview":"max-video-preview:-1"},"canonical":"https:\/\/www.aguarda.es\/en\/axudas-ao-alugamento-de-vivenda-do-plan-estatal-de-vivenda-2018-2021\/","og_locale":"en_US","og_type":"article","og_title":"Axudas ao alugamento de vivenda do Plan estatal de vivenda 2018-2021 - Concello da Guarda","og_description":"\u2022 O Prazo de solicitudes est\u00e1 aberto ata o 30 de abril e se pode tramitar a trav\u00e9s do Dpto. de Servizos Sociais da Guarda e no CIM O Concello da Guarda, a trav\u00e9s de Servizos Sociais e o Centro &hellip;","og_url":"https:\/\/www.aguarda.es\/en\/axudas-ao-alugamento-de-vivenda-do-plan-estatal-de-vivenda-2018-2021\/","og_site_name":"Concello da Guarda","article_publisher":"https:\/\/www.facebook.com\/ConcellodaGuarda","article_published_time":"2021-04-13T15:41:46+00:00","og_image":[{"width":800,"height":800,"url":"https:\/\/www.aguarda.es\/wp-content\/uploads\/2021\/04\/PLANTILLA-LOGO-DIFUMINADO.jpg","type":"image\/jpeg"}],"author":"prensa","twitter_card":"summary_large_image","twitter_creator":"@AGuarda_es","twitter_site":"@AGuarda_es","twitter_misc":{"Written by":"prensa","Est. reading time":"1 minute"},"schema":{"@context":"https:\/\/schema.org","@graph":[{"@type":"WebPage","@id":"https:\/\/www.aguarda.es\/en\/axudas-ao-alugamento-de-vivenda-do-plan-estatal-de-vivenda-2018-2021\/","url":"https:\/\/www.aguarda.es\/en\/axudas-ao-alugamento-de-vivenda-do-plan-estatal-de-vivenda-2018-2021\/","name":"Axudas ao alugamento de vivenda do Plan estatal de vivenda 2018-2021 - Concello da Guarda","isPartOf":{"@id":"https:\/\/www.aguarda.es\/en\/#website"},"datePublished":"2021-04-13T15:41:46+00:00","dateModified":"2021-04-13T15:41:46+00:00","author":{"@id":"https:\/\/www.aguarda.es\/en\/#\/schema\/person\/c463ca3006858ffb349d11179d044f21"},"breadcrumb":{"@id":"https:\/\/www.aguarda.es\/en\/axudas-ao-alugamento-de-vivenda-do-plan-estatal-de-vivenda-2018-2021\/#breadcrumb"},"inLanguage":"en-US","potentialAction":[{"@type":"ReadAction","target":["https:\/\/www.aguarda.es\/en\/axudas-ao-alugamento-de-vivenda-do-plan-estatal-de-vivenda-2018-2021\/"]}]},{"@type":"BreadcrumbList","@id":"https:\/\/www.aguarda.es\/en\/axudas-ao-alugamento-de-vivenda-do-plan-estatal-de-vivenda-2018-2021\/#breadcrumb","itemListElement":[{"@type":"ListItem","position":1,"name":"Portada","item":"https:\/\/www.aguarda.es\/en\/"},{"@type":"ListItem","position":2,"name":"Axudas ao alugamento de vivenda do Plan estatal de vivenda 2018-2021"}]},{"@type":"WebSite","@id":"https:\/\/www.aguarda.es\/en\/#website","url":"https:\/\/www.aguarda.es\/en\/","name":"Concello da Guarda","description":"P\u00e1xina web do concello da Guarda","potentialAction":[{"@type":"SearchAction","target":{"@type":"EntryPoint","urlTemplate":"https:\/\/www.aguarda.es\/en\/?s={search_term_string}"},"query-input":"required name=search_term_string"}],"inLanguage":"en-US"},{"@type":"Person","@id":"https:\/\/www.aguarda.es\/en\/#\/schema\/person\/c463ca3006858ffb349d11179d044f21","name":"prensa","image":{"@type":"ImageObject","inLanguage":"en-US","@id":"https:\/\/www.aguarda.es\/en\/#\/schema\/person\/image\/","url":"https:\/\/secure.gravatar.com\/avatar\/5f90ef536b0f98306edf5c7a1135ffa1?s=96&d=mm&r=g","contentUrl":"https:\/\/secure.gravatar.com\/avatar\/5f90ef536b0f98306edf5c7a1135ffa1?s=96&d=mm&r=g","caption":"prensa"},"url":"https:\/\/www.aguarda.es\/en\/author\/prensa\/"}]}},"_links":{"self":[{"href":"https:\/\/www.aguarda.es\/en\/wp-json\/wp\/v2\/posts\/23552"}],"collection":[{"href":"https:\/\/www.aguarda.es\/en\/wp-json\/wp\/v2\/posts"}],"about":[{"href":"https:\/\/www.aguarda.es\/en\/wp-json\/wp\/v2\/types\/post"}],"author":[{"embeddable":true,"href":"https:\/\/www.aguarda.es\/en\/wp-json\/wp\/v2\/users\/2"}],"replies":[{"embeddable":true,"href":"https:\/\/www.aguarda.es\/en\/wp-json\/wp\/v2\/comments?post=23552"}],"version-history":[{"count":1,"href":"https:\/\/www.aguarda.es\/en\/wp-json\/wp\/v2\/posts\/23552\/revisions"}],"predecessor-version":[{"id":23555,"href":"https:\/\/www.aguarda.es\/en\/wp-json\/wp\/v2\/posts\/23552\/revisions\/23555"}],"wp:featuredmedia":[{"embeddable":true,"href":"https:\/\/www.aguarda.es\/en\/wp-json\/wp\/v2\/media\/23553"}],"wp:attachment":[{"href":"https:\/\/www.aguarda.es\/en\/wp-json\/wp\/v2\/media?parent=23552"}],"wp:term":[{"taxonomy":"category","embeddable":true,"href":"https:\/\/www.aguarda.es\/en\/wp-json\/wp\/v2\/categories?post=23552"},{"taxonomy":"post_tag","embeddable":true,"href":"https:\/\/www.aguarda.es\/en\/wp-json\/wp\/v2\/tags?post=23552"}],"curies":[{"name":"wp","href":"https:\/\/api.w.org\/{rel}","templated":true}]}}