{"id":23564,"date":"2021-04-15T16:20:39","date_gmt":"2021-04-15T16:20:39","guid":{"rendered":"https:\/\/www.aguarda.es\/?p=23564"},"modified":"2021-04-15T16:20:39","modified_gmt":"2021-04-15T16:20:39","slug":"publicada-no-dog-a-orde-que-regula-as-bases-do-programa-de-dinamizacion-e-incentivacion-do-consumo-nos-comercios-retallistas-da-comunidade-autonoma-de-galicia-a-traves-dos-bonos-activa-comercio","status":"publish","type":"post","link":"https:\/\/www.aguarda.es\/en\/publicada-no-dog-a-orde-que-regula-as-bases-do-programa-de-dinamizacion-e-incentivacion-do-consumo-nos-comercios-retallistas-da-comunidade-autonoma-de-galicia-a-traves-dos-bonos-activa-comercio\/","title":{"rendered":"Publicada no DOG a orde que regula as bases do programa de dinamizaci\u00f3n e incentivaci\u00f3n do consumo nos comercios retallistas da Comunidade Aut\u00f3noma de Galicia a trav\u00e9s dos bonos Activa comercio"},"content":{"rendered":"<p><strong>Programa: BONOS ACTIVA COMERCIO<\/strong><\/p>\n<p>No DOG n\u00ba 69 do 14 de abril de 2021 publicase a orde que regula as bases do programa de dinamizaci\u00f3n e incentivaci\u00f3n do consumo nos comercios retallistas da Comunidade Aut\u00f3noma de Galicia a trav\u00e9s dos bonos Activa comercio<\/p>\n<p>Dita orde regula:<br \/>\n1.- \u00e1 apertura do prazo de adhesi\u00f3n dos comercios interesados en participar no programa.<br \/>\n2.- solicitude dos bonos.<\/p>\n<p>OBXECTIVO \u00e9 incentivar a demanda comercial axudando economicamente as persoas consumidoras e fomentar o consumo nos establecementos comerciais retallistas adheridos \u00e1 campa\u00f1a<br \/>\nACTIVIDADE SUBVENCIONABLE compra de bens, a trav\u00e9s dos bonos Activa comercio, nos establecementos comerciais retallistas de Galicia adheridos ao programa.<\/p>\n<p>CARATERISTICAS DO BONO<br \/>\nBeneficiarios, persoas f\u00edsicas maiores de idade e residencia na Comunidade Aut\u00f3noma de Galicia. Un \u00fanico bono por persoa<br \/>\nValor, 30\u20ac que irase reducindo, ata o seu esgotamento, en funci\u00f3n do valor da compra para compras realizadas nos comercios adheridos. Co seguinte criterio<br \/>\n*desconto de 5 euros para compras iguais ou superiores a 30 euros e inferiores a 50 euros.<br \/>\n*desconto de 10 euros en compras iguais ou superiores a 50 euros.<\/p>\n<p>1.-ADHESI\u00d3N<br \/>\nOs establecementos comerciais retallista que desexen adherirse ao programa bonos Activa comercio deber\u00e1n rexistrarse a trav\u00e9s da web: <a href=\"https:\/\/www.bonosactivacomercio.gal\">https:\/\/www.bonosactivacomercio.gal<\/a> onde ter\u00e1n que indicar informaci\u00f3n como nome, razon social, NIF, enderezo n\u00ba telefono, correo electr\u00f3nico, IAE, data alta actividade, n\u00ba traballadores, IBAN,\u2026..<\/p>\n<p>PRAZO<br \/>\nUn mes desde a publicaci\u00f3n da orde<br \/>\nQUE SE PODE ADHERIR<br \/>\nEstablecementos comerciais retallistas que realicen a s\u00faa actividade comercial en Galicia, que sexan persoas empresarias aut\u00f3nomas ou pequenas empresa e que estean dados de alta nalg\u00fan dos grupos ou ep\u00edgrafes do IAE seguintes<br \/>\nGrupo 651 ep\u00edgrafes 1,2,3,4,5,6 e 7.<br \/>\nGrupo 652 ep\u00edgrafes 2, 3 e 4<br \/>\nGrupo 653 ep\u00edgrafes 1,2,3,6 e 9<br \/>\nGrupo 656<br \/>\nGrupo 657<br \/>\nGrupo 659 ep\u00edgrafe 1,2,3,4,5,6,7,8 e 9<br \/>\nGrupo 972 ep\u00edgrafe 1 e 2<\/p>\n<p>2.-SOLICITUDE DOS BONOS<br \/>\nPara a solicitude e obtenci\u00f3n dos bonos, cada usuario deber\u00e1 darse de alta na web: https:\/\/www.bonosactivacomercio.gal onde ter\u00e1 que indicar nome, c\u00f3digo postal, idade, DNI, N\u00ba telefono m\u00f3bil e correo electr\u00f3nico.<br \/>\nOs bonos estar\u00e1n dispo\u00f1ibles para a s\u00faa descarga a partir do 3 de maio e ter\u00e1n unha validez de tres meses.<\/p>\n<p>SISTEMA DE FUNCIONAMENTO DOS BONOS<br \/>\nDescarga do bono na web: <a href=\"https:\/\/www.bonosactivacomercio.gal\">https:\/\/www.bonosactivacomercio.gal<\/a> nese momento entendese preconcedida a axuda. O bono ter\u00e1 formato dixital a trav\u00e9s dun c\u00f3digo QR e estar\u00e1 dispo\u00f1ible para a s\u00faa utilizaci\u00f3n na APP Wallet.<\/p>\n<p>Para trocar os bonos e poder facer efectivos os descontos aos consumidores e usuarios, o comerciante ter\u00e1 que descargar no seu m\u00f3bil a APP correspondente.<\/p>\n<p>No momento da compravenda, o comerciante ter\u00e1 que introducir na APP o importe e concepto da venda, automaticamente aparecer\u00e1 o importe a cobrear (unha vez aplicado o desconto). Pola s\u00faa banda, o usuario deber\u00e1 mostrar o seu bono en formato c\u00f3digo QR e pagar, en efectivo ou con tarxeta, o importe final da compra realizada.<\/p>\n","protected":false},"excerpt":{"rendered":"<p>Programa: BONOS ACTIVA COMERCIO No DOG n\u00ba 69 do 14 de abril de 2021 publicase a orde que regula as bases do programa de dinamizaci\u00f3n e incentivaci\u00f3n do consumo nos comercios retallistas da Comunidade Aut\u00f3noma de Galicia a trav\u00e9s dos &hellip; <\/p>\n","protected":false},"author":2,"featured_media":23565,"comment_status":"open","ping_status":"open","sticky":false,"template":"","format":"standard","meta":[],"categories":[36],"tags":[226,2458,580],"yoast_head":"<!-- This site is optimized with the Yoast SEO plugin v21.1 - https:\/\/yoast.com\/wordpress\/plugins\/seo\/ -->\n<title>Publicada no DOG a orde que regula as bases do programa de dinamizaci\u00f3n e incentivaci\u00f3n do consumo nos comercios retallistas da Comunidade Aut\u00f3noma de Galicia a trav\u00e9s dos bonos Activa comercio - Concello da Guarda<\/title>\n<meta name=\"robots\" content=\"index, follow, max-snippet:-1, max-image-preview:large, max-video-preview:-1\" \/>\n<link rel=\"canonical\" href=\"https:\/\/www.aguarda.es\/en\/publicada-no-dog-a-orde-que-regula-as-bases-do-programa-de-dinamizacion-e-incentivacion-do-consumo-nos-comercios-retallistas-da-comunidade-autonoma-de-galicia-a-traves-dos-bonos-activa-comercio\/\" \/>\n<meta property=\"og:locale\" content=\"en_US\" \/>\n<meta property=\"og:type\" content=\"article\" \/>\n<meta property=\"og:title\" content=\"Publicada no DOG a orde que regula as bases do programa de dinamizaci\u00f3n e incentivaci\u00f3n do consumo nos comercios retallistas da Comunidade Aut\u00f3noma de Galicia a trav\u00e9s dos bonos Activa comercio - Concello da Guarda\" \/>\n<meta property=\"og:description\" content=\"Programa: BONOS ACTIVA COMERCIO No DOG n\u00ba 69 do 14 de abril de 2021 publicase a orde que regula as bases do programa de dinamizaci\u00f3n e incentivaci\u00f3n do consumo nos comercios retallistas da Comunidade Aut\u00f3noma de Galicia a trav\u00e9s dos &hellip;\" \/>\n<meta property=\"og:url\" content=\"https:\/\/www.aguarda.es\/en\/publicada-no-dog-a-orde-que-regula-as-bases-do-programa-de-dinamizacion-e-incentivacion-do-consumo-nos-comercios-retallistas-da-comunidade-autonoma-de-galicia-a-traves-dos-bonos-activa-comercio\/\" \/>\n<meta property=\"og:site_name\" content=\"Concello da Guarda\" \/>\n<meta property=\"article:publisher\" content=\"https:\/\/www.facebook.com\/ConcellodaGuarda\" \/>\n<meta property=\"article:published_time\" content=\"2021-04-15T16:20:39+00:00\" \/>\n<meta property=\"og:image\" content=\"https:\/\/www.aguarda.es\/wp-content\/uploads\/2021\/04\/bono-xunta-comercios-share.jpg\" \/>\n\t<meta property=\"og:image:width\" content=\"800\" \/>\n\t<meta property=\"og:image:height\" content=\"800\" \/>\n\t<meta property=\"og:image:type\" content=\"image\/jpeg\" \/>\n<meta name=\"author\" content=\"prensa\" \/>\n<meta name=\"twitter:card\" content=\"summary_large_image\" \/>\n<meta name=\"twitter:creator\" content=\"@AGuarda_es\" \/>\n<meta name=\"twitter:site\" content=\"@AGuarda_es\" \/>\n<meta name=\"twitter:label1\" content=\"Written by\" \/>\n\t<meta name=\"twitter:data1\" content=\"prensa\" \/>\n\t<meta name=\"twitter:label2\" content=\"Est. reading time\" \/>\n\t<meta name=\"twitter:data2\" content=\"2 minutes\" \/>\n<script type=\"application\/ld+json\" class=\"yoast-schema-graph\">{\"@context\":\"https:\/\/schema.org\",\"@graph\":[{\"@type\":\"WebPage\",\"@id\":\"https:\/\/www.aguarda.es\/en\/publicada-no-dog-a-orde-que-regula-as-bases-do-programa-de-dinamizacion-e-incentivacion-do-consumo-nos-comercios-retallistas-da-comunidade-autonoma-de-galicia-a-traves-dos-bonos-activa-comercio\/\",\"url\":\"https:\/\/www.aguarda.es\/en\/publicada-no-dog-a-orde-que-regula-as-bases-do-programa-de-dinamizacion-e-incentivacion-do-consumo-nos-comercios-retallistas-da-comunidade-autonoma-de-galicia-a-traves-dos-bonos-activa-comercio\/\",\"name\":\"Publicada no DOG a orde que regula as bases do programa de dinamizaci\u00f3n e incentivaci\u00f3n do consumo nos comercios retallistas da Comunidade Aut\u00f3noma de Galicia a trav\u00e9s dos bonos Activa comercio - Concello da Guarda\",\"isPartOf\":{\"@id\":\"https:\/\/www.aguarda.es\/en\/#website\"},\"datePublished\":\"2021-04-15T16:20:39+00:00\",\"dateModified\":\"2021-04-15T16:20:39+00:00\",\"author\":{\"@id\":\"https:\/\/www.aguarda.es\/en\/#\/schema\/person\/c463ca3006858ffb349d11179d044f21\"},\"breadcrumb\":{\"@id\":\"https:\/\/www.aguarda.es\/en\/publicada-no-dog-a-orde-que-regula-as-bases-do-programa-de-dinamizacion-e-incentivacion-do-consumo-nos-comercios-retallistas-da-comunidade-autonoma-de-galicia-a-traves-dos-bonos-activa-comercio\/#breadcrumb\"},\"inLanguage\":\"en-US\",\"potentialAction\":[{\"@type\":\"ReadAction\",\"target\":[\"https:\/\/www.aguarda.es\/en\/publicada-no-dog-a-orde-que-regula-as-bases-do-programa-de-dinamizacion-e-incentivacion-do-consumo-nos-comercios-retallistas-da-comunidade-autonoma-de-galicia-a-traves-dos-bonos-activa-comercio\/\"]}]},{\"@type\":\"BreadcrumbList\",\"@id\":\"https:\/\/www.aguarda.es\/en\/publicada-no-dog-a-orde-que-regula-as-bases-do-programa-de-dinamizacion-e-incentivacion-do-consumo-nos-comercios-retallistas-da-comunidade-autonoma-de-galicia-a-traves-dos-bonos-activa-comercio\/#breadcrumb\",\"itemListElement\":[{\"@type\":\"ListItem\",\"position\":1,\"name\":\"Portada\",\"item\":\"https:\/\/www.aguarda.es\/en\/\"},{\"@type\":\"ListItem\",\"position\":2,\"name\":\"Publicada no DOG a orde que regula as bases do programa de dinamizaci\u00f3n e incentivaci\u00f3n do consumo nos comercios retallistas da Comunidade Aut\u00f3noma de Galicia a trav\u00e9s dos bonos Activa comercio\"}]},{\"@type\":\"WebSite\",\"@id\":\"https:\/\/www.aguarda.es\/en\/#website\",\"url\":\"https:\/\/www.aguarda.es\/en\/\",\"name\":\"Concello da Guarda\",\"description\":\"P\u00e1xina web do concello da Guarda\",\"potentialAction\":[{\"@type\":\"SearchAction\",\"target\":{\"@type\":\"EntryPoint\",\"urlTemplate\":\"https:\/\/www.aguarda.es\/en\/?s={search_term_string}\"},\"query-input\":\"required name=search_term_string\"}],\"inLanguage\":\"en-US\"},{\"@type\":\"Person\",\"@id\":\"https:\/\/www.aguarda.es\/en\/#\/schema\/person\/c463ca3006858ffb349d11179d044f21\",\"name\":\"prensa\",\"image\":{\"@type\":\"ImageObject\",\"inLanguage\":\"en-US\",\"@id\":\"https:\/\/www.aguarda.es\/en\/#\/schema\/person\/image\/\",\"url\":\"https:\/\/secure.gravatar.com\/avatar\/5f90ef536b0f98306edf5c7a1135ffa1?s=96&d=mm&r=g\",\"contentUrl\":\"https:\/\/secure.gravatar.com\/avatar\/5f90ef536b0f98306edf5c7a1135ffa1?s=96&d=mm&r=g\",\"caption\":\"prensa\"},\"url\":\"https:\/\/www.aguarda.es\/en\/author\/prensa\/\"}]}<\/script>\n<!-- \/ Yoast SEO plugin. -->","yoast_head_json":{"title":"Publicada no DOG a orde que regula as bases do programa de dinamizaci\u00f3n e incentivaci\u00f3n do consumo nos comercios retallistas da Comunidade Aut\u00f3noma de Galicia a trav\u00e9s dos bonos Activa comercio - Concello da Guarda","robots":{"index":"index","follow":"follow","max-snippet":"max-snippet:-1","max-image-preview":"max-image-preview:large","max-video-preview":"max-video-preview:-1"},"canonical":"https:\/\/www.aguarda.es\/en\/publicada-no-dog-a-orde-que-regula-as-bases-do-programa-de-dinamizacion-e-incentivacion-do-consumo-nos-comercios-retallistas-da-comunidade-autonoma-de-galicia-a-traves-dos-bonos-activa-comercio\/","og_locale":"en_US","og_type":"article","og_title":"Publicada no DOG a orde que regula as bases do programa de dinamizaci\u00f3n e incentivaci\u00f3n do consumo nos comercios retallistas da Comunidade Aut\u00f3noma de Galicia a trav\u00e9s dos bonos Activa comercio - Concello da Guarda","og_description":"Programa: BONOS ACTIVA COMERCIO No DOG n\u00ba 69 do 14 de abril de 2021 publicase a orde que regula as bases do programa de dinamizaci\u00f3n e incentivaci\u00f3n do consumo nos comercios retallistas da Comunidade Aut\u00f3noma de Galicia a trav\u00e9s dos &hellip;","og_url":"https:\/\/www.aguarda.es\/en\/publicada-no-dog-a-orde-que-regula-as-bases-do-programa-de-dinamizacion-e-incentivacion-do-consumo-nos-comercios-retallistas-da-comunidade-autonoma-de-galicia-a-traves-dos-bonos-activa-comercio\/","og_site_name":"Concello da Guarda","article_publisher":"https:\/\/www.facebook.com\/ConcellodaGuarda","article_published_time":"2021-04-15T16:20:39+00:00","og_image":[{"width":800,"height":800,"url":"https:\/\/www.aguarda.es\/wp-content\/uploads\/2021\/04\/bono-xunta-comercios-share.jpg","type":"image\/jpeg"}],"author":"prensa","twitter_card":"summary_large_image","twitter_creator":"@AGuarda_es","twitter_site":"@AGuarda_es","twitter_misc":{"Written by":"prensa","Est. reading time":"2 minutes"},"schema":{"@context":"https:\/\/schema.org","@graph":[{"@type":"WebPage","@id":"https:\/\/www.aguarda.es\/en\/publicada-no-dog-a-orde-que-regula-as-bases-do-programa-de-dinamizacion-e-incentivacion-do-consumo-nos-comercios-retallistas-da-comunidade-autonoma-de-galicia-a-traves-dos-bonos-activa-comercio\/","url":"https:\/\/www.aguarda.es\/en\/publicada-no-dog-a-orde-que-regula-as-bases-do-programa-de-dinamizacion-e-incentivacion-do-consumo-nos-comercios-retallistas-da-comunidade-autonoma-de-galicia-a-traves-dos-bonos-activa-comercio\/","name":"Publicada no DOG a orde que regula as bases do programa de dinamizaci\u00f3n e incentivaci\u00f3n do consumo nos comercios retallistas da Comunidade Aut\u00f3noma de Galicia a trav\u00e9s dos bonos Activa comercio - Concello da Guarda","isPartOf":{"@id":"https:\/\/www.aguarda.es\/en\/#website"},"datePublished":"2021-04-15T16:20:39+00:00","dateModified":"2021-04-15T16:20:39+00:00","author":{"@id":"https:\/\/www.aguarda.es\/en\/#\/schema\/person\/c463ca3006858ffb349d11179d044f21"},"breadcrumb":{"@id":"https:\/\/www.aguarda.es\/en\/publicada-no-dog-a-orde-que-regula-as-bases-do-programa-de-dinamizacion-e-incentivacion-do-consumo-nos-comercios-retallistas-da-comunidade-autonoma-de-galicia-a-traves-dos-bonos-activa-comercio\/#breadcrumb"},"inLanguage":"en-US","potentialAction":[{"@type":"ReadAction","target":["https:\/\/www.aguarda.es\/en\/publicada-no-dog-a-orde-que-regula-as-bases-do-programa-de-dinamizacion-e-incentivacion-do-consumo-nos-comercios-retallistas-da-comunidade-autonoma-de-galicia-a-traves-dos-bonos-activa-comercio\/"]}]},{"@type":"BreadcrumbList","@id":"https:\/\/www.aguarda.es\/en\/publicada-no-dog-a-orde-que-regula-as-bases-do-programa-de-dinamizacion-e-incentivacion-do-consumo-nos-comercios-retallistas-da-comunidade-autonoma-de-galicia-a-traves-dos-bonos-activa-comercio\/#breadcrumb","itemListElement":[{"@type":"ListItem","position":1,"name":"Portada","item":"https:\/\/www.aguarda.es\/en\/"},{"@type":"ListItem","position":2,"name":"Publicada no DOG a orde que regula as bases do programa de dinamizaci\u00f3n e incentivaci\u00f3n do consumo nos comercios retallistas da Comunidade Aut\u00f3noma de Galicia a trav\u00e9s dos bonos Activa comercio"}]},{"@type":"WebSite","@id":"https:\/\/www.aguarda.es\/en\/#website","url":"https:\/\/www.aguarda.es\/en\/","name":"Concello da Guarda","description":"P\u00e1xina web do concello da Guarda","potentialAction":[{"@type":"SearchAction","target":{"@type":"EntryPoint","urlTemplate":"https:\/\/www.aguarda.es\/en\/?s={search_term_string}"},"query-input":"required name=search_term_string"}],"inLanguage":"en-US"},{"@type":"Person","@id":"https:\/\/www.aguarda.es\/en\/#\/schema\/person\/c463ca3006858ffb349d11179d044f21","name":"prensa","image":{"@type":"ImageObject","inLanguage":"en-US","@id":"https:\/\/www.aguarda.es\/en\/#\/schema\/person\/image\/","url":"https:\/\/secure.gravatar.com\/avatar\/5f90ef536b0f98306edf5c7a1135ffa1?s=96&d=mm&r=g","contentUrl":"https:\/\/secure.gravatar.com\/avatar\/5f90ef536b0f98306edf5c7a1135ffa1?s=96&d=mm&r=g","caption":"prensa"},"url":"https:\/\/www.aguarda.es\/en\/author\/prensa\/"}]}},"_links":{"self":[{"href":"https:\/\/www.aguarda.es\/en\/wp-json\/wp\/v2\/posts\/23564"}],"collection":[{"href":"https:\/\/www.aguarda.es\/en\/wp-json\/wp\/v2\/posts"}],"about":[{"href":"https:\/\/www.aguarda.es\/en\/wp-json\/wp\/v2\/types\/post"}],"author":[{"embeddable":true,"href":"https:\/\/www.aguarda.es\/en\/wp-json\/wp\/v2\/users\/2"}],"replies":[{"embeddable":true,"href":"https:\/\/www.aguarda.es\/en\/wp-json\/wp\/v2\/comments?post=23564"}],"version-history":[{"count":1,"href":"https:\/\/www.aguarda.es\/en\/wp-json\/wp\/v2\/posts\/23564\/revisions"}],"predecessor-version":[{"id":23567,"href":"https:\/\/www.aguarda.es\/en\/wp-json\/wp\/v2\/posts\/23564\/revisions\/23567"}],"wp:featuredmedia":[{"embeddable":true,"href":"https:\/\/www.aguarda.es\/en\/wp-json\/wp\/v2\/media\/23565"}],"wp:attachment":[{"href":"https:\/\/www.aguarda.es\/en\/wp-json\/wp\/v2\/media?parent=23564"}],"wp:term":[{"taxonomy":"category","embeddable":true,"href":"https:\/\/www.aguarda.es\/en\/wp-json\/wp\/v2\/categories?post=23564"},{"taxonomy":"post_tag","embeddable":true,"href":"https:\/\/www.aguarda.es\/en\/wp-json\/wp\/v2\/tags?post=23564"}],"curies":[{"name":"wp","href":"https:\/\/api.w.org\/{rel}","templated":true}]}}