{"id":23664,"date":"2021-05-05T11:30:01","date_gmt":"2021-05-05T11:30:01","guid":{"rendered":"https:\/\/www.aguarda.es\/?p=23664"},"modified":"2021-05-05T11:30:01","modified_gmt":"2021-05-05T11:30:01","slug":"a-guarda-realiza-unha-nova-pavimentacion-na-praza-de-san-bieito","status":"publish","type":"post","link":"https:\/\/www.aguarda.es\/en\/a-guarda-realiza-unha-nova-pavimentacion-na-praza-de-san-bieito\/","title":{"rendered":"A Guarda realiza unha nova pavimentaci\u00f3n na Praza de San Bieito"},"content":{"rendered":"<p><strong><em>\u2022 O Concello contin\u00faa coa mellora da seguridade vial a trav\u00e9s do re-asfaltado e mellora de diversas r\u00faas e espazos p\u00fablicos da vila.<\/em><\/strong><br \/>\nO Concello da Guarda realizou esta semana as tarefas de reposici\u00f3n da capa de rodadura da Praza de San Bieito no casco urbano, unha praza cunha alta densidade de veh\u00edculos debido ao seu uso como zona de estacionamento pola a existencia nos seus arredores de establecementos comerciais e equipamentos coma o Centro da Terceira Idade, Farmacia, Auditorio de San Bieito, Praza de Abastos, entre outros.<br \/>\nA capa de rodadura existente atop\u00e1base xa moi deteriorada, polo que se realizou a s\u00faa reposici\u00f3n por unha nova, enlazando coas obras realizadas o ano pasado na R\u00faa Concepci\u00f3n Arenal.<br \/>\nEsta primeira fase das obras contempla tam\u00e9n o repintado da sinalizaci\u00f3n horizontal cun presuposto total duns 10.000\u20ac.<br \/>\nNunha segunda fase o concello est\u00e1 a redactar un proxecto no que se incl\u00faen, entre outras actuaci\u00f3ns, a mellora da iluminaci\u00f3n da Praza de San Bieito ou a substituci\u00f3n dos setos por unha baranda e mobiliario para a parte superior do Auditorio.<br \/>\nO Concello da Guarda contin\u00faa deste xeito coa mellora da seguridade vial en diversas r\u00faas do concello, garantindo un espazo que re\u00fana as condici\u00f3ns m\u00e1is axeitadas para o tr\u00e1nsito de veh\u00edculos e pe\u00f3ns e os accesos \u00e1s vivendas.<\/p>\n","protected":false},"excerpt":{"rendered":"<p>\u2022 O Concello contin\u00faa coa mellora da seguridade vial a trav\u00e9s do re-asfaltado e mellora de diversas r\u00faas e espazos p\u00fablicos da vila. O Concello da Guarda realizou esta semana as tarefas de reposici\u00f3n da capa de rodadura da Praza &hellip; <\/p>\n","protected":false},"author":2,"featured_media":23665,"comment_status":"open","ping_status":"open","sticky":false,"template":"","format":"standard","meta":[],"categories":[47],"tags":[226,246,2476,2475,1586],"yoast_head":"<!-- This site is optimized with the Yoast SEO plugin v21.1 - https:\/\/yoast.com\/wordpress\/plugins\/seo\/ -->\n<title>A Guarda realiza unha nova pavimentaci\u00f3n na Praza de San Bieito - Concello da Guarda<\/title>\n<meta name=\"robots\" content=\"index, follow, max-snippet:-1, max-image-preview:large, max-video-preview:-1\" \/>\n<link rel=\"canonical\" href=\"https:\/\/www.aguarda.es\/en\/a-guarda-realiza-unha-nova-pavimentacion-na-praza-de-san-bieito\/\" \/>\n<meta property=\"og:locale\" content=\"en_US\" \/>\n<meta property=\"og:type\" content=\"article\" \/>\n<meta property=\"og:title\" content=\"A Guarda realiza unha nova pavimentaci\u00f3n na Praza de San Bieito - Concello da Guarda\" \/>\n<meta property=\"og:description\" content=\"\u2022 O Concello contin\u00faa coa mellora da seguridade vial a trav\u00e9s do re-asfaltado e mellora de diversas r\u00faas e espazos p\u00fablicos da vila. O Concello da Guarda realizou esta semana as tarefas de reposici\u00f3n da capa de rodadura da Praza &hellip;\" \/>\n<meta property=\"og:url\" content=\"https:\/\/www.aguarda.es\/en\/a-guarda-realiza-unha-nova-pavimentacion-na-praza-de-san-bieito\/\" \/>\n<meta property=\"og:site_name\" content=\"Concello da Guarda\" \/>\n<meta property=\"article:publisher\" content=\"https:\/\/www.facebook.com\/ConcellodaGuarda\" \/>\n<meta property=\"article:published_time\" content=\"2021-05-05T11:30:01+00:00\" \/>\n<meta property=\"og:image\" content=\"https:\/\/www.aguarda.es\/wp-content\/uploads\/2021\/05\/Sin-t\u00edtulo-1-2.jpg\" \/>\n\t<meta property=\"og:image:width\" content=\"800\" \/>\n\t<meta property=\"og:image:height\" content=\"633\" \/>\n\t<meta property=\"og:image:type\" content=\"image\/jpeg\" \/>\n<meta name=\"author\" content=\"prensa\" \/>\n<meta name=\"twitter:card\" content=\"summary_large_image\" \/>\n<meta name=\"twitter:creator\" content=\"@AGuarda_es\" \/>\n<meta name=\"twitter:site\" content=\"@AGuarda_es\" \/>\n<meta name=\"twitter:label1\" content=\"Written by\" \/>\n\t<meta name=\"twitter:data1\" content=\"prensa\" \/>\n\t<meta name=\"twitter:label2\" content=\"Est. reading time\" \/>\n\t<meta name=\"twitter:data2\" content=\"1 minute\" \/>\n<script type=\"application\/ld+json\" class=\"yoast-schema-graph\">{\"@context\":\"https:\/\/schema.org\",\"@graph\":[{\"@type\":\"WebPage\",\"@id\":\"https:\/\/www.aguarda.es\/en\/a-guarda-realiza-unha-nova-pavimentacion-na-praza-de-san-bieito\/\",\"url\":\"https:\/\/www.aguarda.es\/en\/a-guarda-realiza-unha-nova-pavimentacion-na-praza-de-san-bieito\/\",\"name\":\"A Guarda realiza unha nova pavimentaci\u00f3n na Praza de San Bieito - Concello da Guarda\",\"isPartOf\":{\"@id\":\"https:\/\/www.aguarda.es\/en\/#website\"},\"datePublished\":\"2021-05-05T11:30:01+00:00\",\"dateModified\":\"2021-05-05T11:30:01+00:00\",\"author\":{\"@id\":\"https:\/\/www.aguarda.es\/en\/#\/schema\/person\/c463ca3006858ffb349d11179d044f21\"},\"breadcrumb\":{\"@id\":\"https:\/\/www.aguarda.es\/en\/a-guarda-realiza-unha-nova-pavimentacion-na-praza-de-san-bieito\/#breadcrumb\"},\"inLanguage\":\"en-US\",\"potentialAction\":[{\"@type\":\"ReadAction\",\"target\":[\"https:\/\/www.aguarda.es\/en\/a-guarda-realiza-unha-nova-pavimentacion-na-praza-de-san-bieito\/\"]}]},{\"@type\":\"BreadcrumbList\",\"@id\":\"https:\/\/www.aguarda.es\/en\/a-guarda-realiza-unha-nova-pavimentacion-na-praza-de-san-bieito\/#breadcrumb\",\"itemListElement\":[{\"@type\":\"ListItem\",\"position\":1,\"name\":\"Portada\",\"item\":\"https:\/\/www.aguarda.es\/en\/\"},{\"@type\":\"ListItem\",\"position\":2,\"name\":\"A Guarda realiza unha nova pavimentaci\u00f3n na Praza de San Bieito\"}]},{\"@type\":\"WebSite\",\"@id\":\"https:\/\/www.aguarda.es\/en\/#website\",\"url\":\"https:\/\/www.aguarda.es\/en\/\",\"name\":\"Concello da Guarda\",\"description\":\"P\u00e1xina web do concello da Guarda\",\"potentialAction\":[{\"@type\":\"SearchAction\",\"target\":{\"@type\":\"EntryPoint\",\"urlTemplate\":\"https:\/\/www.aguarda.es\/en\/?s={search_term_string}\"},\"query-input\":\"required name=search_term_string\"}],\"inLanguage\":\"en-US\"},{\"@type\":\"Person\",\"@id\":\"https:\/\/www.aguarda.es\/en\/#\/schema\/person\/c463ca3006858ffb349d11179d044f21\",\"name\":\"prensa\",\"image\":{\"@type\":\"ImageObject\",\"inLanguage\":\"en-US\",\"@id\":\"https:\/\/www.aguarda.es\/en\/#\/schema\/person\/image\/\",\"url\":\"https:\/\/secure.gravatar.com\/avatar\/5f90ef536b0f98306edf5c7a1135ffa1?s=96&d=mm&r=g\",\"contentUrl\":\"https:\/\/secure.gravatar.com\/avatar\/5f90ef536b0f98306edf5c7a1135ffa1?s=96&d=mm&r=g\",\"caption\":\"prensa\"},\"url\":\"https:\/\/www.aguarda.es\/en\/author\/prensa\/\"}]}<\/script>\n<!-- \/ Yoast SEO plugin. -->","yoast_head_json":{"title":"A Guarda realiza unha nova pavimentaci\u00f3n na Praza de San Bieito - Concello da Guarda","robots":{"index":"index","follow":"follow","max-snippet":"max-snippet:-1","max-image-preview":"max-image-preview:large","max-video-preview":"max-video-preview:-1"},"canonical":"https:\/\/www.aguarda.es\/en\/a-guarda-realiza-unha-nova-pavimentacion-na-praza-de-san-bieito\/","og_locale":"en_US","og_type":"article","og_title":"A Guarda realiza unha nova pavimentaci\u00f3n na Praza de San Bieito - Concello da Guarda","og_description":"\u2022 O Concello contin\u00faa coa mellora da seguridade vial a trav\u00e9s do re-asfaltado e mellora de diversas r\u00faas e espazos p\u00fablicos da vila. O Concello da Guarda realizou esta semana as tarefas de reposici\u00f3n da capa de rodadura da Praza &hellip;","og_url":"https:\/\/www.aguarda.es\/en\/a-guarda-realiza-unha-nova-pavimentacion-na-praza-de-san-bieito\/","og_site_name":"Concello da Guarda","article_publisher":"https:\/\/www.facebook.com\/ConcellodaGuarda","article_published_time":"2021-05-05T11:30:01+00:00","og_image":[{"width":800,"height":633,"url":"https:\/\/www.aguarda.es\/wp-content\/uploads\/2021\/05\/Sin-t\u00edtulo-1-2.jpg","type":"image\/jpeg"}],"author":"prensa","twitter_card":"summary_large_image","twitter_creator":"@AGuarda_es","twitter_site":"@AGuarda_es","twitter_misc":{"Written by":"prensa","Est. reading time":"1 minute"},"schema":{"@context":"https:\/\/schema.org","@graph":[{"@type":"WebPage","@id":"https:\/\/www.aguarda.es\/en\/a-guarda-realiza-unha-nova-pavimentacion-na-praza-de-san-bieito\/","url":"https:\/\/www.aguarda.es\/en\/a-guarda-realiza-unha-nova-pavimentacion-na-praza-de-san-bieito\/","name":"A Guarda realiza unha nova pavimentaci\u00f3n na Praza de San Bieito - Concello da Guarda","isPartOf":{"@id":"https:\/\/www.aguarda.es\/en\/#website"},"datePublished":"2021-05-05T11:30:01+00:00","dateModified":"2021-05-05T11:30:01+00:00","author":{"@id":"https:\/\/www.aguarda.es\/en\/#\/schema\/person\/c463ca3006858ffb349d11179d044f21"},"breadcrumb":{"@id":"https:\/\/www.aguarda.es\/en\/a-guarda-realiza-unha-nova-pavimentacion-na-praza-de-san-bieito\/#breadcrumb"},"inLanguage":"en-US","potentialAction":[{"@type":"ReadAction","target":["https:\/\/www.aguarda.es\/en\/a-guarda-realiza-unha-nova-pavimentacion-na-praza-de-san-bieito\/"]}]},{"@type":"BreadcrumbList","@id":"https:\/\/www.aguarda.es\/en\/a-guarda-realiza-unha-nova-pavimentacion-na-praza-de-san-bieito\/#breadcrumb","itemListElement":[{"@type":"ListItem","position":1,"name":"Portada","item":"https:\/\/www.aguarda.es\/en\/"},{"@type":"ListItem","position":2,"name":"A Guarda realiza unha nova pavimentaci\u00f3n na Praza de San Bieito"}]},{"@type":"WebSite","@id":"https:\/\/www.aguarda.es\/en\/#website","url":"https:\/\/www.aguarda.es\/en\/","name":"Concello da Guarda","description":"P\u00e1xina web do concello da Guarda","potentialAction":[{"@type":"SearchAction","target":{"@type":"EntryPoint","urlTemplate":"https:\/\/www.aguarda.es\/en\/?s={search_term_string}"},"query-input":"required name=search_term_string"}],"inLanguage":"en-US"},{"@type":"Person","@id":"https:\/\/www.aguarda.es\/en\/#\/schema\/person\/c463ca3006858ffb349d11179d044f21","name":"prensa","image":{"@type":"ImageObject","inLanguage":"en-US","@id":"https:\/\/www.aguarda.es\/en\/#\/schema\/person\/image\/","url":"https:\/\/secure.gravatar.com\/avatar\/5f90ef536b0f98306edf5c7a1135ffa1?s=96&d=mm&r=g","contentUrl":"https:\/\/secure.gravatar.com\/avatar\/5f90ef536b0f98306edf5c7a1135ffa1?s=96&d=mm&r=g","caption":"prensa"},"url":"https:\/\/www.aguarda.es\/en\/author\/prensa\/"}]}},"_links":{"self":[{"href":"https:\/\/www.aguarda.es\/en\/wp-json\/wp\/v2\/posts\/23664"}],"collection":[{"href":"https:\/\/www.aguarda.es\/en\/wp-json\/wp\/v2\/posts"}],"about":[{"href":"https:\/\/www.aguarda.es\/en\/wp-json\/wp\/v2\/types\/post"}],"author":[{"embeddable":true,"href":"https:\/\/www.aguarda.es\/en\/wp-json\/wp\/v2\/users\/2"}],"replies":[{"embeddable":true,"href":"https:\/\/www.aguarda.es\/en\/wp-json\/wp\/v2\/comments?post=23664"}],"version-history":[{"count":1,"href":"https:\/\/www.aguarda.es\/en\/wp-json\/wp\/v2\/posts\/23664\/revisions"}],"predecessor-version":[{"id":23667,"href":"https:\/\/www.aguarda.es\/en\/wp-json\/wp\/v2\/posts\/23664\/revisions\/23667"}],"wp:featuredmedia":[{"embeddable":true,"href":"https:\/\/www.aguarda.es\/en\/wp-json\/wp\/v2\/media\/23665"}],"wp:attachment":[{"href":"https:\/\/www.aguarda.es\/en\/wp-json\/wp\/v2\/media?parent=23664"}],"wp:term":[{"taxonomy":"category","embeddable":true,"href":"https:\/\/www.aguarda.es\/en\/wp-json\/wp\/v2\/categories?post=23664"},{"taxonomy":"post_tag","embeddable":true,"href":"https:\/\/www.aguarda.es\/en\/wp-json\/wp\/v2\/tags?post=23664"}],"curies":[{"name":"wp","href":"https:\/\/api.w.org\/{rel}","templated":true}]}}