{"id":2378,"date":"2016-11-29T09:23:29","date_gmt":"2016-11-29T09:23:29","guid":{"rendered":"https:\/\/www.aguarda.es\/?p=2378"},"modified":"2016-11-29T09:23:29","modified_gmt":"2016-11-29T09:23:29","slug":"a-casa-dos-alonsos-acolle-unha-conferencia-e-a-presentacion-do-libro-alimentacion-holistica-de-gloria-perez-este-venres","status":"publish","type":"post","link":"https:\/\/www.aguarda.es\/en\/a-casa-dos-alonsos-acolle-unha-conferencia-e-a-presentacion-do-libro-alimentacion-holistica-de-gloria-perez-este-venres\/","title":{"rendered":"A Casa dos Alonsos acolle unha conferencia e a presentaci\u00f3n do libro \u201cAlimentaci\u00f3n hol\u00edstica\u201d de Gloria P\u00e9rez este venres"},"content":{"rendered":"<p lang=\"gl-ES\"><span>Este venres d\u00eda 2 de decembro \u00e1s 20 horas, na casa dos Alonsos, ter\u00e1 lugar unha conferencia e a presentaci\u00f3n do libro \u201cAlimentaci\u00f3n hol\u00edstica\u201d, a cargo de Gloria P\u00e9rez Gonz\u00e1lez.<\/span><\/p>\n<p>  <!--more-->  <\/p>\n<p lang=\"gl-ES\"><span><span><img decoding=\"async\" loading=\"lazy\" class=\" size-full wp-image-2377\" src=\"https:\/\/www.aguarda.es\/wp-content\/uploads\/2016\/11\/2016_12_Cartel%20alimentacion%20holistica.jpg\" alt=\"\" width=\"336\" height=\"475\" \/>Este venres d\u00eda 2 de decembro \u00e1s 20 horas, na casa dos Alonsos, ter\u00e1 lugar unha conferencia e a presentaci\u00f3n do libro \u201cAlimentaci\u00f3n hol\u00edstica\u201d, a cargo de Gloria P\u00e9rez Gonz\u00e1lez.<\/span><\/span><\/p>\n<p lang=\"gl-ES\"><span>\u00a0<\/span><\/p>\n<p lang=\"gl-ES\"><span>O evento, organizado dende o concello da Guarda, servir\u00e1 para presentar o novo libro escrito pola natur\u00f3pata Gloria P\u00e9rez, quen ademais \u00e9 especialista en diet\u00e9tica e nutrici\u00f3n, cursou Biolox\u00eda na Universidade de Vigo e diplomouse en Ciencias Empresariais.<\/span><\/p>\n<p lang=\"gl-ES\"><span>\u00a0<\/span><\/p>\n<p lang=\"gl-ES\"><span>Nos seus libros Gloria trata temas relacionadas coa s\u00faa vida, tras ser diagnosticada de esclerosis m\u00faltiple e non recibir ningunha alternativa de curaci\u00f3n por parte dos m\u00e9dicos, m\u00e1is al\u00e1 de medidas paliativas.<\/span><\/p>\n<p lang=\"gl-ES\"><span>\u00a0<\/span><\/p>\n<p lang=\"gl-ES\"><span>Ela decidiu non resignarse e botar man do que co\u00f1ec\u00eda e no que era experta, en especial o relacionado coa s\u00faa formaci\u00f3n como nutricionista e dietista: a alimentaci\u00f3n. Sobre os cambios que introduciu na s\u00faa alimentaci\u00f3n, escollendo moi ben os alimentos que inxer\u00eda e cunha alimentaci\u00f3n hol\u00edstica que favoreza \u00f3 corpo pero tam\u00e9n \u00e1 mente e \u00f3 esp\u00edrito tratar\u00e1 a conferencia.<\/span><\/p>\n<p lang=\"gl-ES\"><span>\u00a0<\/span><\/p>\n<p lang=\"gl-ES\"><span>Dende a conceller\u00eda de Servizos Sociais conv\u00eddase a todos os veci\u00f1os e veci\u00f1as \u00e1 presentaci\u00f3n dun libro que pode ensinarlles unha nova maneira de utilizar a alimentaci\u00f3n para mellorar a sa\u00fade o benestar interior e exterior.<\/span><\/p>\n","protected":false},"excerpt":{"rendered":"<p>Este venres d\u00eda 2 de decembro \u00e1s 20 horas, na casa dos Alonsos, ter\u00e1 lugar unha conferencia e a presentaci\u00f3n do libro \u201cAlimentaci\u00f3n hol\u00edstica\u201d, a cargo de Gloria P\u00e9rez Gonz\u00e1lez.<\/p>\n","protected":false},"author":1,"featured_media":2377,"comment_status":"open","ping_status":"open","sticky":false,"template":"","format":"standard","meta":[],"categories":[45],"tags":[],"yoast_head":"<!-- This site is optimized with the Yoast SEO plugin v21.1 - https:\/\/yoast.com\/wordpress\/plugins\/seo\/ -->\n<title>A Casa dos Alonsos acolle unha conferencia e a presentaci\u00f3n do libro \u201cAlimentaci\u00f3n hol\u00edstica\u201d de Gloria P\u00e9rez este venres - Concello da Guarda<\/title>\n<meta name=\"robots\" content=\"index, follow, max-snippet:-1, max-image-preview:large, max-video-preview:-1\" \/>\n<link rel=\"canonical\" href=\"https:\/\/www.aguarda.es\/en\/a-casa-dos-alonsos-acolle-unha-conferencia-e-a-presentacion-do-libro-alimentacion-holistica-de-gloria-perez-este-venres\/\" \/>\n<meta property=\"og:locale\" content=\"en_US\" \/>\n<meta property=\"og:type\" content=\"article\" \/>\n<meta property=\"og:title\" content=\"A Casa dos Alonsos acolle unha conferencia e a presentaci\u00f3n do libro \u201cAlimentaci\u00f3n hol\u00edstica\u201d de Gloria P\u00e9rez este venres - Concello da Guarda\" \/>\n<meta property=\"og:description\" content=\"Este venres d\u00eda 2 de decembro \u00e1s 20 horas, na casa dos Alonsos, ter\u00e1 lugar unha conferencia e a presentaci\u00f3n do libro \u201cAlimentaci\u00f3n hol\u00edstica\u201d, a cargo de Gloria P\u00e9rez Gonz\u00e1lez.\" \/>\n<meta property=\"og:url\" content=\"https:\/\/www.aguarda.es\/en\/a-casa-dos-alonsos-acolle-unha-conferencia-e-a-presentacion-do-libro-alimentacion-holistica-de-gloria-perez-este-venres\/\" \/>\n<meta property=\"og:site_name\" content=\"Concello da Guarda\" \/>\n<meta property=\"article:publisher\" content=\"https:\/\/www.facebook.com\/ConcellodaGuarda\" \/>\n<meta property=\"article:published_time\" content=\"2016-11-29T09:23:29+00:00\" \/>\n<meta property=\"og:image\" content=\"https:\/\/www.aguarda.es\/wp-content\/uploads\/2016\/11\/2016_12_Cartel%20alimentacion%20holistica.jpg\" \/>\n\t<meta property=\"og:image:width\" content=\"495\" \/>\n\t<meta property=\"og:image:height\" content=\"700\" \/>\n\t<meta property=\"og:image:type\" content=\"image\/jpeg\" \/>\n<meta name=\"author\" content=\"Concello\" \/>\n<meta name=\"twitter:card\" content=\"summary_large_image\" \/>\n<meta name=\"twitter:creator\" content=\"@AGuarda_es\" \/>\n<meta name=\"twitter:site\" content=\"@AGuarda_es\" \/>\n<meta name=\"twitter:label1\" content=\"Written by\" \/>\n\t<meta name=\"twitter:data1\" content=\"Concello\" \/>\n\t<meta name=\"twitter:label2\" content=\"Est. reading time\" \/>\n\t<meta name=\"twitter:data2\" content=\"1 minute\" \/>\n<script type=\"application\/ld+json\" class=\"yoast-schema-graph\">{\"@context\":\"https:\/\/schema.org\",\"@graph\":[{\"@type\":\"WebPage\",\"@id\":\"https:\/\/www.aguarda.es\/en\/a-casa-dos-alonsos-acolle-unha-conferencia-e-a-presentacion-do-libro-alimentacion-holistica-de-gloria-perez-este-venres\/\",\"url\":\"https:\/\/www.aguarda.es\/en\/a-casa-dos-alonsos-acolle-unha-conferencia-e-a-presentacion-do-libro-alimentacion-holistica-de-gloria-perez-este-venres\/\",\"name\":\"A Casa dos Alonsos acolle unha conferencia e a presentaci\u00f3n do libro \u201cAlimentaci\u00f3n hol\u00edstica\u201d de Gloria P\u00e9rez este venres - Concello da Guarda\",\"isPartOf\":{\"@id\":\"https:\/\/www.aguarda.es\/en\/#website\"},\"datePublished\":\"2016-11-29T09:23:29+00:00\",\"dateModified\":\"2016-11-29T09:23:29+00:00\",\"author\":{\"@id\":\"https:\/\/www.aguarda.es\/en\/#\/schema\/person\/ac30f4d74843174f0af56c730f74dd57\"},\"breadcrumb\":{\"@id\":\"https:\/\/www.aguarda.es\/en\/a-casa-dos-alonsos-acolle-unha-conferencia-e-a-presentacion-do-libro-alimentacion-holistica-de-gloria-perez-este-venres\/#breadcrumb\"},\"inLanguage\":\"en-US\",\"potentialAction\":[{\"@type\":\"ReadAction\",\"target\":[\"https:\/\/www.aguarda.es\/en\/a-casa-dos-alonsos-acolle-unha-conferencia-e-a-presentacion-do-libro-alimentacion-holistica-de-gloria-perez-este-venres\/\"]}]},{\"@type\":\"BreadcrumbList\",\"@id\":\"https:\/\/www.aguarda.es\/en\/a-casa-dos-alonsos-acolle-unha-conferencia-e-a-presentacion-do-libro-alimentacion-holistica-de-gloria-perez-este-venres\/#breadcrumb\",\"itemListElement\":[{\"@type\":\"ListItem\",\"position\":1,\"name\":\"Portada\",\"item\":\"https:\/\/www.aguarda.es\/en\/\"},{\"@type\":\"ListItem\",\"position\":2,\"name\":\"A Casa dos Alonsos acolle unha conferencia e a presentaci\u00f3n do libro \u201cAlimentaci\u00f3n hol\u00edstica\u201d de Gloria P\u00e9rez este venres\"}]},{\"@type\":\"WebSite\",\"@id\":\"https:\/\/www.aguarda.es\/en\/#website\",\"url\":\"https:\/\/www.aguarda.es\/en\/\",\"name\":\"Concello da Guarda\",\"description\":\"P\u00e1xina web do concello da Guarda\",\"potentialAction\":[{\"@type\":\"SearchAction\",\"target\":{\"@type\":\"EntryPoint\",\"urlTemplate\":\"https:\/\/www.aguarda.es\/en\/?s={search_term_string}\"},\"query-input\":\"required name=search_term_string\"}],\"inLanguage\":\"en-US\"},{\"@type\":\"Person\",\"@id\":\"https:\/\/www.aguarda.es\/en\/#\/schema\/person\/ac30f4d74843174f0af56c730f74dd57\",\"name\":\"Concello\",\"image\":{\"@type\":\"ImageObject\",\"inLanguage\":\"en-US\",\"@id\":\"https:\/\/www.aguarda.es\/en\/#\/schema\/person\/image\/\",\"url\":\"https:\/\/secure.gravatar.com\/avatar\/7eda12a04da40b2ef77eb62e68f07027?s=96&d=mm&r=g\",\"contentUrl\":\"https:\/\/secure.gravatar.com\/avatar\/7eda12a04da40b2ef77eb62e68f07027?s=96&d=mm&r=g\",\"caption\":\"Concello\"},\"url\":\"https:\/\/www.aguarda.es\/en\/author\/admin\/\"}]}<\/script>\n<!-- \/ Yoast SEO plugin. -->","yoast_head_json":{"title":"A Casa dos Alonsos acolle unha conferencia e a presentaci\u00f3n do libro \u201cAlimentaci\u00f3n hol\u00edstica\u201d de Gloria P\u00e9rez este venres - Concello da Guarda","robots":{"index":"index","follow":"follow","max-snippet":"max-snippet:-1","max-image-preview":"max-image-preview:large","max-video-preview":"max-video-preview:-1"},"canonical":"https:\/\/www.aguarda.es\/en\/a-casa-dos-alonsos-acolle-unha-conferencia-e-a-presentacion-do-libro-alimentacion-holistica-de-gloria-perez-este-venres\/","og_locale":"en_US","og_type":"article","og_title":"A Casa dos Alonsos acolle unha conferencia e a presentaci\u00f3n do libro \u201cAlimentaci\u00f3n hol\u00edstica\u201d de Gloria P\u00e9rez este venres - Concello da Guarda","og_description":"Este venres d\u00eda 2 de decembro \u00e1s 20 horas, na casa dos Alonsos, ter\u00e1 lugar unha conferencia e a presentaci\u00f3n do libro \u201cAlimentaci\u00f3n hol\u00edstica\u201d, a cargo de Gloria P\u00e9rez Gonz\u00e1lez.","og_url":"https:\/\/www.aguarda.es\/en\/a-casa-dos-alonsos-acolle-unha-conferencia-e-a-presentacion-do-libro-alimentacion-holistica-de-gloria-perez-este-venres\/","og_site_name":"Concello da Guarda","article_publisher":"https:\/\/www.facebook.com\/ConcellodaGuarda","article_published_time":"2016-11-29T09:23:29+00:00","og_image":[{"width":495,"height":700,"url":"https:\/\/www.aguarda.es\/wp-content\/uploads\/2016\/11\/2016_12_Cartel alimentacion holistica.jpg","type":"image\/jpeg"}],"author":"Concello","twitter_card":"summary_large_image","twitter_creator":"@AGuarda_es","twitter_site":"@AGuarda_es","twitter_misc":{"Written by":"Concello","Est. reading time":"1 minute"},"schema":{"@context":"https:\/\/schema.org","@graph":[{"@type":"WebPage","@id":"https:\/\/www.aguarda.es\/en\/a-casa-dos-alonsos-acolle-unha-conferencia-e-a-presentacion-do-libro-alimentacion-holistica-de-gloria-perez-este-venres\/","url":"https:\/\/www.aguarda.es\/en\/a-casa-dos-alonsos-acolle-unha-conferencia-e-a-presentacion-do-libro-alimentacion-holistica-de-gloria-perez-este-venres\/","name":"A Casa dos Alonsos acolle unha conferencia e a presentaci\u00f3n do libro \u201cAlimentaci\u00f3n hol\u00edstica\u201d de Gloria P\u00e9rez este venres - Concello da Guarda","isPartOf":{"@id":"https:\/\/www.aguarda.es\/en\/#website"},"datePublished":"2016-11-29T09:23:29+00:00","dateModified":"2016-11-29T09:23:29+00:00","author":{"@id":"https:\/\/www.aguarda.es\/en\/#\/schema\/person\/ac30f4d74843174f0af56c730f74dd57"},"breadcrumb":{"@id":"https:\/\/www.aguarda.es\/en\/a-casa-dos-alonsos-acolle-unha-conferencia-e-a-presentacion-do-libro-alimentacion-holistica-de-gloria-perez-este-venres\/#breadcrumb"},"inLanguage":"en-US","potentialAction":[{"@type":"ReadAction","target":["https:\/\/www.aguarda.es\/en\/a-casa-dos-alonsos-acolle-unha-conferencia-e-a-presentacion-do-libro-alimentacion-holistica-de-gloria-perez-este-venres\/"]}]},{"@type":"BreadcrumbList","@id":"https:\/\/www.aguarda.es\/en\/a-casa-dos-alonsos-acolle-unha-conferencia-e-a-presentacion-do-libro-alimentacion-holistica-de-gloria-perez-este-venres\/#breadcrumb","itemListElement":[{"@type":"ListItem","position":1,"name":"Portada","item":"https:\/\/www.aguarda.es\/en\/"},{"@type":"ListItem","position":2,"name":"A Casa dos Alonsos acolle unha conferencia e a presentaci\u00f3n do libro \u201cAlimentaci\u00f3n hol\u00edstica\u201d de Gloria P\u00e9rez este venres"}]},{"@type":"WebSite","@id":"https:\/\/www.aguarda.es\/en\/#website","url":"https:\/\/www.aguarda.es\/en\/","name":"Concello da Guarda","description":"P\u00e1xina web do concello da Guarda","potentialAction":[{"@type":"SearchAction","target":{"@type":"EntryPoint","urlTemplate":"https:\/\/www.aguarda.es\/en\/?s={search_term_string}"},"query-input":"required name=search_term_string"}],"inLanguage":"en-US"},{"@type":"Person","@id":"https:\/\/www.aguarda.es\/en\/#\/schema\/person\/ac30f4d74843174f0af56c730f74dd57","name":"Concello","image":{"@type":"ImageObject","inLanguage":"en-US","@id":"https:\/\/www.aguarda.es\/en\/#\/schema\/person\/image\/","url":"https:\/\/secure.gravatar.com\/avatar\/7eda12a04da40b2ef77eb62e68f07027?s=96&d=mm&r=g","contentUrl":"https:\/\/secure.gravatar.com\/avatar\/7eda12a04da40b2ef77eb62e68f07027?s=96&d=mm&r=g","caption":"Concello"},"url":"https:\/\/www.aguarda.es\/en\/author\/admin\/"}]}},"_links":{"self":[{"href":"https:\/\/www.aguarda.es\/en\/wp-json\/wp\/v2\/posts\/2378"}],"collection":[{"href":"https:\/\/www.aguarda.es\/en\/wp-json\/wp\/v2\/posts"}],"about":[{"href":"https:\/\/www.aguarda.es\/en\/wp-json\/wp\/v2\/types\/post"}],"author":[{"embeddable":true,"href":"https:\/\/www.aguarda.es\/en\/wp-json\/wp\/v2\/users\/1"}],"replies":[{"embeddable":true,"href":"https:\/\/www.aguarda.es\/en\/wp-json\/wp\/v2\/comments?post=2378"}],"version-history":[{"count":0,"href":"https:\/\/www.aguarda.es\/en\/wp-json\/wp\/v2\/posts\/2378\/revisions"}],"wp:featuredmedia":[{"embeddable":true,"href":"https:\/\/www.aguarda.es\/en\/wp-json\/wp\/v2\/media\/2377"}],"wp:attachment":[{"href":"https:\/\/www.aguarda.es\/en\/wp-json\/wp\/v2\/media?parent=2378"}],"wp:term":[{"taxonomy":"category","embeddable":true,"href":"https:\/\/www.aguarda.es\/en\/wp-json\/wp\/v2\/categories?post=2378"},{"taxonomy":"post_tag","embeddable":true,"href":"https:\/\/www.aguarda.es\/en\/wp-json\/wp\/v2\/tags?post=2378"}],"curies":[{"name":"wp","href":"https:\/\/api.w.org\/{rel}","templated":true}]}}