{"id":23922,"date":"2021-06-15T11:00:19","date_gmt":"2021-06-15T11:00:19","guid":{"rendered":"https:\/\/www.aguarda.es\/?p=23922"},"modified":"2021-06-15T11:00:19","modified_gmt":"2021-06-15T11:00:19","slug":"o-ciclo-sostendo-o-futuro-remata-este-sabado-coa-representacion-de-plancton-na-praia-do-muino","status":"publish","type":"post","link":"https:\/\/www.aguarda.es\/en\/o-ciclo-sostendo-o-futuro-remata-este-sabado-coa-representacion-de-plancton-na-praia-do-muino\/","title":{"rendered":"O Ciclo \u201cSostendo o Futuro\u201d remata este s\u00e1bado coa representaci\u00f3n de \u201cPlancton\u201d na Praia do Mu\u00ed\u00f1o"},"content":{"rendered":"<p><em><strong>\u2022 Ter\u00e1 lugar o s\u00e1bado d\u00eda 19 de xu\u00f1o \u00e1s 18:00h e require unha inscrici\u00f3n previa en centrocultural@aguarda.es<\/strong><\/em><br \/>\n<em><strong>\u2022 En caso de choiva o evento trasl\u00e1dase ao Centro Cultural<\/strong><\/em><\/p>\n<p>O Concello da Guarda pecha este s\u00e1bado o ciclo \u201cSostendo o Futuro\u201d, actividades coa finalidade de tomar conciencia en torno aos valores de sostebilidade e coidado da nosa contorna. Para este fin escoll\u00e9ronse actividades de diferente natureza que nos axuden a preguntarnos, dende diferentes posici\u00f3ns, sobre o noso d\u00eda a d\u00eda e a consecuencia de acci\u00f3ns coti\u00e1s e insignificantes aparentemente.<br \/>\nXa para pechar este ciclo e \u00e1s portas do ver\u00e1n, chega unha proposta infantil coa compa\u00f1\u00eda \u201cT\u00edteres Entucasa\u201d sobre a contaminaci\u00f3n das nosos oc\u00e9anos, concretamente de como o incremento dos pl\u00e1sticos afecta ao plancton e aos cambios no h\u00e1bitat das especies mari\u00f1as.<br \/>\nUnha divertida aventura onde os m\u00e1is pequenos descubrir\u00e1n que \u00e9 o plancton e como axudar a salvalo, unha obra con af\u00e1n divulgativo e mensaxe ecoloxista na que rir, asustarse e cantar coa canci\u00f3n de Planky e Tonky.<br \/>\nA representaci\u00f3n de \u201cPlancton\u201d ser\u00e1 o s\u00e1bado 19 de xu\u00f1o na Praia do Mu\u00ed\u00f1o, \u00e1s 18:00h. Inscrici\u00f3n previa en centrocultural@aguarda.es e en caso de choiva o evento ter\u00e1 lugar no Centro Cultural.<\/p>\n","protected":false},"excerpt":{"rendered":"<p>\u2022 Ter\u00e1 lugar o s\u00e1bado d\u00eda 19 de xu\u00f1o \u00e1s 18:00h e require unha inscrici\u00f3n previa en centrocultural@aguarda.es \u2022 En caso de choiva o evento trasl\u00e1dase ao Centro Cultural O Concello da Guarda pecha este s\u00e1bado o ciclo \u201cSostendo o &hellip; <\/p>\n","protected":false},"author":2,"featured_media":23923,"comment_status":"open","ping_status":"open","sticky":false,"template":"","format":"standard","meta":[],"categories":[40],"tags":[226,2522,227,2520,2465,2521],"yoast_head":"<!-- This site is optimized with the Yoast SEO plugin v21.1 - https:\/\/yoast.com\/wordpress\/plugins\/seo\/ -->\n<title>O Ciclo \u201cSostendo o Futuro\u201d remata este s\u00e1bado coa representaci\u00f3n de \u201cPlancton\u201d na Praia do Mu\u00ed\u00f1o - Concello da Guarda<\/title>\n<meta name=\"robots\" content=\"index, follow, max-snippet:-1, max-image-preview:large, max-video-preview:-1\" \/>\n<link rel=\"canonical\" href=\"https:\/\/www.aguarda.es\/en\/o-ciclo-sostendo-o-futuro-remata-este-sabado-coa-representacion-de-plancton-na-praia-do-muino\/\" \/>\n<meta property=\"og:locale\" content=\"en_US\" \/>\n<meta property=\"og:type\" content=\"article\" \/>\n<meta property=\"og:title\" content=\"O Ciclo \u201cSostendo o Futuro\u201d remata este s\u00e1bado coa representaci\u00f3n de \u201cPlancton\u201d na Praia do Mu\u00ed\u00f1o - Concello da Guarda\" \/>\n<meta property=\"og:description\" content=\"\u2022 Ter\u00e1 lugar o s\u00e1bado d\u00eda 19 de xu\u00f1o \u00e1s 18:00h e require unha inscrici\u00f3n previa en centrocultural@aguarda.es \u2022 En caso de choiva o evento trasl\u00e1dase ao Centro Cultural O Concello da Guarda pecha este s\u00e1bado o ciclo \u201cSostendo o &hellip;\" \/>\n<meta property=\"og:url\" content=\"https:\/\/www.aguarda.es\/en\/o-ciclo-sostendo-o-futuro-remata-este-sabado-coa-representacion-de-plancton-na-praia-do-muino\/\" \/>\n<meta property=\"og:site_name\" content=\"Concello da Guarda\" \/>\n<meta property=\"article:publisher\" content=\"https:\/\/www.facebook.com\/ConcellodaGuarda\" \/>\n<meta property=\"article:published_time\" content=\"2021-06-15T11:00:19+00:00\" \/>\n<meta property=\"og:image\" content=\"https:\/\/www.aguarda.es\/wp-content\/uploads\/2021\/06\/NP-15062021-O-Ciclo-\u201cSostendo-o-Futuro\u201d-remata-este-s\u00e1bado-coa-representaci\u00f3n-de-\u201cPlancton\u201d-na-Praia-do-Mu\u00ed\u00f1o-1.jpg\" \/>\n\t<meta property=\"og:image:width\" content=\"800\" \/>\n\t<meta property=\"og:image:height\" content=\"1131\" \/>\n\t<meta property=\"og:image:type\" content=\"image\/jpeg\" \/>\n<meta name=\"author\" content=\"prensa\" \/>\n<meta name=\"twitter:card\" content=\"summary_large_image\" \/>\n<meta name=\"twitter:creator\" content=\"@AGuarda_es\" \/>\n<meta name=\"twitter:site\" content=\"@AGuarda_es\" \/>\n<meta name=\"twitter:label1\" content=\"Written by\" \/>\n\t<meta name=\"twitter:data1\" content=\"prensa\" \/>\n\t<meta name=\"twitter:label2\" content=\"Est. reading time\" \/>\n\t<meta name=\"twitter:data2\" content=\"1 minute\" \/>\n<script type=\"application\/ld+json\" class=\"yoast-schema-graph\">{\"@context\":\"https:\/\/schema.org\",\"@graph\":[{\"@type\":\"WebPage\",\"@id\":\"https:\/\/www.aguarda.es\/en\/o-ciclo-sostendo-o-futuro-remata-este-sabado-coa-representacion-de-plancton-na-praia-do-muino\/\",\"url\":\"https:\/\/www.aguarda.es\/en\/o-ciclo-sostendo-o-futuro-remata-este-sabado-coa-representacion-de-plancton-na-praia-do-muino\/\",\"name\":\"O Ciclo \u201cSostendo o Futuro\u201d remata este s\u00e1bado coa representaci\u00f3n de \u201cPlancton\u201d na Praia do Mu\u00ed\u00f1o - Concello da Guarda\",\"isPartOf\":{\"@id\":\"https:\/\/www.aguarda.es\/en\/#website\"},\"datePublished\":\"2021-06-15T11:00:19+00:00\",\"dateModified\":\"2021-06-15T11:00:19+00:00\",\"author\":{\"@id\":\"https:\/\/www.aguarda.es\/en\/#\/schema\/person\/c463ca3006858ffb349d11179d044f21\"},\"breadcrumb\":{\"@id\":\"https:\/\/www.aguarda.es\/en\/o-ciclo-sostendo-o-futuro-remata-este-sabado-coa-representacion-de-plancton-na-praia-do-muino\/#breadcrumb\"},\"inLanguage\":\"en-US\",\"potentialAction\":[{\"@type\":\"ReadAction\",\"target\":[\"https:\/\/www.aguarda.es\/en\/o-ciclo-sostendo-o-futuro-remata-este-sabado-coa-representacion-de-plancton-na-praia-do-muino\/\"]}]},{\"@type\":\"BreadcrumbList\",\"@id\":\"https:\/\/www.aguarda.es\/en\/o-ciclo-sostendo-o-futuro-remata-este-sabado-coa-representacion-de-plancton-na-praia-do-muino\/#breadcrumb\",\"itemListElement\":[{\"@type\":\"ListItem\",\"position\":1,\"name\":\"Portada\",\"item\":\"https:\/\/www.aguarda.es\/en\/\"},{\"@type\":\"ListItem\",\"position\":2,\"name\":\"O Ciclo \u201cSostendo o Futuro\u201d remata este s\u00e1bado coa representaci\u00f3n de \u201cPlancton\u201d na Praia do Mu\u00ed\u00f1o\"}]},{\"@type\":\"WebSite\",\"@id\":\"https:\/\/www.aguarda.es\/en\/#website\",\"url\":\"https:\/\/www.aguarda.es\/en\/\",\"name\":\"Concello da Guarda\",\"description\":\"P\u00e1xina web do concello da Guarda\",\"potentialAction\":[{\"@type\":\"SearchAction\",\"target\":{\"@type\":\"EntryPoint\",\"urlTemplate\":\"https:\/\/www.aguarda.es\/en\/?s={search_term_string}\"},\"query-input\":\"required name=search_term_string\"}],\"inLanguage\":\"en-US\"},{\"@type\":\"Person\",\"@id\":\"https:\/\/www.aguarda.es\/en\/#\/schema\/person\/c463ca3006858ffb349d11179d044f21\",\"name\":\"prensa\",\"image\":{\"@type\":\"ImageObject\",\"inLanguage\":\"en-US\",\"@id\":\"https:\/\/www.aguarda.es\/en\/#\/schema\/person\/image\/\",\"url\":\"https:\/\/secure.gravatar.com\/avatar\/5f90ef536b0f98306edf5c7a1135ffa1?s=96&d=mm&r=g\",\"contentUrl\":\"https:\/\/secure.gravatar.com\/avatar\/5f90ef536b0f98306edf5c7a1135ffa1?s=96&d=mm&r=g\",\"caption\":\"prensa\"},\"url\":\"https:\/\/www.aguarda.es\/en\/author\/prensa\/\"}]}<\/script>\n<!-- \/ Yoast SEO plugin. -->","yoast_head_json":{"title":"O Ciclo \u201cSostendo o Futuro\u201d remata este s\u00e1bado coa representaci\u00f3n de \u201cPlancton\u201d na Praia do Mu\u00ed\u00f1o - Concello da Guarda","robots":{"index":"index","follow":"follow","max-snippet":"max-snippet:-1","max-image-preview":"max-image-preview:large","max-video-preview":"max-video-preview:-1"},"canonical":"https:\/\/www.aguarda.es\/en\/o-ciclo-sostendo-o-futuro-remata-este-sabado-coa-representacion-de-plancton-na-praia-do-muino\/","og_locale":"en_US","og_type":"article","og_title":"O Ciclo \u201cSostendo o Futuro\u201d remata este s\u00e1bado coa representaci\u00f3n de \u201cPlancton\u201d na Praia do Mu\u00ed\u00f1o - Concello da Guarda","og_description":"\u2022 Ter\u00e1 lugar o s\u00e1bado d\u00eda 19 de xu\u00f1o \u00e1s 18:00h e require unha inscrici\u00f3n previa en centrocultural@aguarda.es \u2022 En caso de choiva o evento trasl\u00e1dase ao Centro Cultural O Concello da Guarda pecha este s\u00e1bado o ciclo \u201cSostendo o &hellip;","og_url":"https:\/\/www.aguarda.es\/en\/o-ciclo-sostendo-o-futuro-remata-este-sabado-coa-representacion-de-plancton-na-praia-do-muino\/","og_site_name":"Concello da Guarda","article_publisher":"https:\/\/www.facebook.com\/ConcellodaGuarda","article_published_time":"2021-06-15T11:00:19+00:00","og_image":[{"width":800,"height":1131,"url":"https:\/\/www.aguarda.es\/wp-content\/uploads\/2021\/06\/NP-15062021-O-Ciclo-\u201cSostendo-o-Futuro\u201d-remata-este-s\u00e1bado-coa-representaci\u00f3n-de-\u201cPlancton\u201d-na-Praia-do-Mu\u00ed\u00f1o-1.jpg","type":"image\/jpeg"}],"author":"prensa","twitter_card":"summary_large_image","twitter_creator":"@AGuarda_es","twitter_site":"@AGuarda_es","twitter_misc":{"Written by":"prensa","Est. reading time":"1 minute"},"schema":{"@context":"https:\/\/schema.org","@graph":[{"@type":"WebPage","@id":"https:\/\/www.aguarda.es\/en\/o-ciclo-sostendo-o-futuro-remata-este-sabado-coa-representacion-de-plancton-na-praia-do-muino\/","url":"https:\/\/www.aguarda.es\/en\/o-ciclo-sostendo-o-futuro-remata-este-sabado-coa-representacion-de-plancton-na-praia-do-muino\/","name":"O Ciclo \u201cSostendo o Futuro\u201d remata este s\u00e1bado coa representaci\u00f3n de \u201cPlancton\u201d na Praia do Mu\u00ed\u00f1o - Concello da Guarda","isPartOf":{"@id":"https:\/\/www.aguarda.es\/en\/#website"},"datePublished":"2021-06-15T11:00:19+00:00","dateModified":"2021-06-15T11:00:19+00:00","author":{"@id":"https:\/\/www.aguarda.es\/en\/#\/schema\/person\/c463ca3006858ffb349d11179d044f21"},"breadcrumb":{"@id":"https:\/\/www.aguarda.es\/en\/o-ciclo-sostendo-o-futuro-remata-este-sabado-coa-representacion-de-plancton-na-praia-do-muino\/#breadcrumb"},"inLanguage":"en-US","potentialAction":[{"@type":"ReadAction","target":["https:\/\/www.aguarda.es\/en\/o-ciclo-sostendo-o-futuro-remata-este-sabado-coa-representacion-de-plancton-na-praia-do-muino\/"]}]},{"@type":"BreadcrumbList","@id":"https:\/\/www.aguarda.es\/en\/o-ciclo-sostendo-o-futuro-remata-este-sabado-coa-representacion-de-plancton-na-praia-do-muino\/#breadcrumb","itemListElement":[{"@type":"ListItem","position":1,"name":"Portada","item":"https:\/\/www.aguarda.es\/en\/"},{"@type":"ListItem","position":2,"name":"O Ciclo \u201cSostendo o Futuro\u201d remata este s\u00e1bado coa representaci\u00f3n de \u201cPlancton\u201d na Praia do Mu\u00ed\u00f1o"}]},{"@type":"WebSite","@id":"https:\/\/www.aguarda.es\/en\/#website","url":"https:\/\/www.aguarda.es\/en\/","name":"Concello da Guarda","description":"P\u00e1xina web do concello da Guarda","potentialAction":[{"@type":"SearchAction","target":{"@type":"EntryPoint","urlTemplate":"https:\/\/www.aguarda.es\/en\/?s={search_term_string}"},"query-input":"required name=search_term_string"}],"inLanguage":"en-US"},{"@type":"Person","@id":"https:\/\/www.aguarda.es\/en\/#\/schema\/person\/c463ca3006858ffb349d11179d044f21","name":"prensa","image":{"@type":"ImageObject","inLanguage":"en-US","@id":"https:\/\/www.aguarda.es\/en\/#\/schema\/person\/image\/","url":"https:\/\/secure.gravatar.com\/avatar\/5f90ef536b0f98306edf5c7a1135ffa1?s=96&d=mm&r=g","contentUrl":"https:\/\/secure.gravatar.com\/avatar\/5f90ef536b0f98306edf5c7a1135ffa1?s=96&d=mm&r=g","caption":"prensa"},"url":"https:\/\/www.aguarda.es\/en\/author\/prensa\/"}]}},"_links":{"self":[{"href":"https:\/\/www.aguarda.es\/en\/wp-json\/wp\/v2\/posts\/23922"}],"collection":[{"href":"https:\/\/www.aguarda.es\/en\/wp-json\/wp\/v2\/posts"}],"about":[{"href":"https:\/\/www.aguarda.es\/en\/wp-json\/wp\/v2\/types\/post"}],"author":[{"embeddable":true,"href":"https:\/\/www.aguarda.es\/en\/wp-json\/wp\/v2\/users\/2"}],"replies":[{"embeddable":true,"href":"https:\/\/www.aguarda.es\/en\/wp-json\/wp\/v2\/comments?post=23922"}],"version-history":[{"count":1,"href":"https:\/\/www.aguarda.es\/en\/wp-json\/wp\/v2\/posts\/23922\/revisions"}],"predecessor-version":[{"id":23925,"href":"https:\/\/www.aguarda.es\/en\/wp-json\/wp\/v2\/posts\/23922\/revisions\/23925"}],"wp:featuredmedia":[{"embeddable":true,"href":"https:\/\/www.aguarda.es\/en\/wp-json\/wp\/v2\/media\/23923"}],"wp:attachment":[{"href":"https:\/\/www.aguarda.es\/en\/wp-json\/wp\/v2\/media?parent=23922"}],"wp:term":[{"taxonomy":"category","embeddable":true,"href":"https:\/\/www.aguarda.es\/en\/wp-json\/wp\/v2\/categories?post=23922"},{"taxonomy":"post_tag","embeddable":true,"href":"https:\/\/www.aguarda.es\/en\/wp-json\/wp\/v2\/tags?post=23922"}],"curies":[{"name":"wp","href":"https:\/\/api.w.org\/{rel}","templated":true}]}}