{"id":23951,"date":"2021-06-18T14:05:14","date_gmt":"2021-06-18T14:05:14","guid":{"rendered":"https:\/\/www.aguarda.es\/?p=23951"},"modified":"2021-06-18T14:05:14","modified_gmt":"2021-06-18T14:05:14","slug":"aforra-auga-gota-a-gota","status":"publish","type":"post","link":"https:\/\/www.aguarda.es\/en\/aforra-auga-gota-a-gota\/","title":{"rendered":"Aforra auga gota a gota"},"content":{"rendered":"<p>A auga \u00e9 un recurso moi valioso que non \u00e9 ilimitado. Os episodios de seca son cada vez m\u00e1is frecuentes e por iso, dende o Concello da Guarda, queremos apelar \u00e1 cidadan\u00eda a facer un consumo responsable dos recursos h\u00eddricos. Para iso, recom\u00e9ndase prestar moita atenci\u00f3n aos nosos h\u00e1bitos, que ocasionan un gran impacto nas reservas h\u00eddricas.<\/p>\n<p><strong>Que podemos facer n\u00f3s para aforrar auga?<\/strong><br \/>\n\u2022 No lavabo: cando se lave as mans, os dentes ou se estea a afeitar non esqueza pechar a billa cando non o estea a usar.<br \/>\n\u2022 Na ducha: d\u00fachese en vez de ba\u00f1arse e aproveite para encher recipientes mentres espera a que saia a auga quente.<br \/>\n\u2022 No wc: o inodoro non \u00e9 unha papeleira, evite tirar da cadea sen necesidade e opte por cisternas de dobre carga priorizando usar a de menor capacidade.<br \/>\n\u2022 Na coci\u00f1a: se frega a man evite ter a billa aberta se non o est\u00e1 a usar. Empregue o lavalouza e a lavadora cando estean cheos.<br \/>\n\u2022 Coa comida: aproveita a auga de cocci\u00f3n ou de lavar alimentos para regar as plantas e pensa na pegada h\u00eddrica \u00e1 hora de mercar os teus alimentos.<br \/>\n\u2022 Na horta: intenta empregar a mangueira s\u00f3 o imprescindible e, se fose posible, instala rego por goteo e rega ao amencer ou atardecer para evitar evaporaci\u00f3ns<br \/>\n\u2022 Coa piscina: tapa a piscina fora de tempada de ba\u00f1o e instala un sistema de limpeza f\u00edsico-qu\u00edmico para evitar o seu baleirado e posterior enchido.<\/p>\n<p>Cada un de n\u00f3s podemos facer moito para ter a calidade e cantidade de auga que precisamos.<\/p>\n","protected":false},"excerpt":{"rendered":"<p>A auga \u00e9 un recurso moi valioso que non \u00e9 ilimitado. Os episodios de seca son cada vez m\u00e1is frecuentes e por iso, dende o Concello da Guarda, queremos apelar \u00e1 cidadan\u00eda a facer un consumo responsable dos recursos h\u00eddricos. &hellip; <\/p>\n","protected":false},"author":2,"featured_media":23952,"comment_status":"open","ping_status":"open","sticky":false,"template":"","format":"standard","meta":[],"categories":[40],"tags":[226,2530,524,2529],"yoast_head":"<!-- This site is optimized with the Yoast SEO plugin v21.1 - https:\/\/yoast.com\/wordpress\/plugins\/seo\/ -->\n<title>Aforra auga gota a gota - Concello da Guarda<\/title>\n<meta name=\"robots\" content=\"index, follow, max-snippet:-1, max-image-preview:large, max-video-preview:-1\" \/>\n<link rel=\"canonical\" href=\"https:\/\/www.aguarda.es\/en\/aforra-auga-gota-a-gota\/\" \/>\n<meta property=\"og:locale\" content=\"en_US\" \/>\n<meta property=\"og:type\" content=\"article\" \/>\n<meta property=\"og:title\" content=\"Aforra auga gota a gota - Concello da Guarda\" \/>\n<meta property=\"og:description\" content=\"A auga \u00e9 un recurso moi valioso que non \u00e9 ilimitado. Os episodios de seca son cada vez m\u00e1is frecuentes e por iso, dende o Concello da Guarda, queremos apelar \u00e1 cidadan\u00eda a facer un consumo responsable dos recursos h\u00eddricos. &hellip;\" \/>\n<meta property=\"og:url\" content=\"https:\/\/www.aguarda.es\/en\/aforra-auga-gota-a-gota\/\" \/>\n<meta property=\"og:site_name\" content=\"Concello da Guarda\" \/>\n<meta property=\"article:publisher\" content=\"https:\/\/www.facebook.com\/ConcellodaGuarda\" \/>\n<meta property=\"article:published_time\" content=\"2021-06-18T14:05:14+00:00\" \/>\n<meta property=\"og:image\" content=\"https:\/\/www.aguarda.es\/wp-content\/uploads\/2021\/06\/Cartaz_Aforra_auga.jpg\" \/>\n\t<meta property=\"og:image:width\" content=\"800\" \/>\n\t<meta property=\"og:image:height\" content=\"1131\" \/>\n\t<meta property=\"og:image:type\" content=\"image\/jpeg\" \/>\n<meta name=\"author\" content=\"prensa\" \/>\n<meta name=\"twitter:card\" content=\"summary_large_image\" \/>\n<meta name=\"twitter:creator\" content=\"@AGuarda_es\" \/>\n<meta name=\"twitter:site\" content=\"@AGuarda_es\" \/>\n<meta name=\"twitter:label1\" content=\"Written by\" \/>\n\t<meta name=\"twitter:data1\" content=\"prensa\" \/>\n\t<meta name=\"twitter:label2\" content=\"Est. reading time\" \/>\n\t<meta name=\"twitter:data2\" content=\"1 minute\" \/>\n<script type=\"application\/ld+json\" class=\"yoast-schema-graph\">{\"@context\":\"https:\/\/schema.org\",\"@graph\":[{\"@type\":\"WebPage\",\"@id\":\"https:\/\/www.aguarda.es\/en\/aforra-auga-gota-a-gota\/\",\"url\":\"https:\/\/www.aguarda.es\/en\/aforra-auga-gota-a-gota\/\",\"name\":\"Aforra auga gota a gota - Concello da Guarda\",\"isPartOf\":{\"@id\":\"https:\/\/www.aguarda.es\/en\/#website\"},\"datePublished\":\"2021-06-18T14:05:14+00:00\",\"dateModified\":\"2021-06-18T14:05:14+00:00\",\"author\":{\"@id\":\"https:\/\/www.aguarda.es\/en\/#\/schema\/person\/c463ca3006858ffb349d11179d044f21\"},\"breadcrumb\":{\"@id\":\"https:\/\/www.aguarda.es\/en\/aforra-auga-gota-a-gota\/#breadcrumb\"},\"inLanguage\":\"en-US\",\"potentialAction\":[{\"@type\":\"ReadAction\",\"target\":[\"https:\/\/www.aguarda.es\/en\/aforra-auga-gota-a-gota\/\"]}]},{\"@type\":\"BreadcrumbList\",\"@id\":\"https:\/\/www.aguarda.es\/en\/aforra-auga-gota-a-gota\/#breadcrumb\",\"itemListElement\":[{\"@type\":\"ListItem\",\"position\":1,\"name\":\"Portada\",\"item\":\"https:\/\/www.aguarda.es\/en\/\"},{\"@type\":\"ListItem\",\"position\":2,\"name\":\"Aforra auga gota a gota\"}]},{\"@type\":\"WebSite\",\"@id\":\"https:\/\/www.aguarda.es\/en\/#website\",\"url\":\"https:\/\/www.aguarda.es\/en\/\",\"name\":\"Concello da Guarda\",\"description\":\"P\u00e1xina web do concello da Guarda\",\"potentialAction\":[{\"@type\":\"SearchAction\",\"target\":{\"@type\":\"EntryPoint\",\"urlTemplate\":\"https:\/\/www.aguarda.es\/en\/?s={search_term_string}\"},\"query-input\":\"required name=search_term_string\"}],\"inLanguage\":\"en-US\"},{\"@type\":\"Person\",\"@id\":\"https:\/\/www.aguarda.es\/en\/#\/schema\/person\/c463ca3006858ffb349d11179d044f21\",\"name\":\"prensa\",\"image\":{\"@type\":\"ImageObject\",\"inLanguage\":\"en-US\",\"@id\":\"https:\/\/www.aguarda.es\/en\/#\/schema\/person\/image\/\",\"url\":\"https:\/\/secure.gravatar.com\/avatar\/5f90ef536b0f98306edf5c7a1135ffa1?s=96&d=mm&r=g\",\"contentUrl\":\"https:\/\/secure.gravatar.com\/avatar\/5f90ef536b0f98306edf5c7a1135ffa1?s=96&d=mm&r=g\",\"caption\":\"prensa\"},\"url\":\"https:\/\/www.aguarda.es\/en\/author\/prensa\/\"}]}<\/script>\n<!-- \/ Yoast SEO plugin. -->","yoast_head_json":{"title":"Aforra auga gota a gota - Concello da Guarda","robots":{"index":"index","follow":"follow","max-snippet":"max-snippet:-1","max-image-preview":"max-image-preview:large","max-video-preview":"max-video-preview:-1"},"canonical":"https:\/\/www.aguarda.es\/en\/aforra-auga-gota-a-gota\/","og_locale":"en_US","og_type":"article","og_title":"Aforra auga gota a gota - Concello da Guarda","og_description":"A auga \u00e9 un recurso moi valioso que non \u00e9 ilimitado. Os episodios de seca son cada vez m\u00e1is frecuentes e por iso, dende o Concello da Guarda, queremos apelar \u00e1 cidadan\u00eda a facer un consumo responsable dos recursos h\u00eddricos. &hellip;","og_url":"https:\/\/www.aguarda.es\/en\/aforra-auga-gota-a-gota\/","og_site_name":"Concello da Guarda","article_publisher":"https:\/\/www.facebook.com\/ConcellodaGuarda","article_published_time":"2021-06-18T14:05:14+00:00","og_image":[{"width":800,"height":1131,"url":"https:\/\/www.aguarda.es\/wp-content\/uploads\/2021\/06\/Cartaz_Aforra_auga.jpg","type":"image\/jpeg"}],"author":"prensa","twitter_card":"summary_large_image","twitter_creator":"@AGuarda_es","twitter_site":"@AGuarda_es","twitter_misc":{"Written by":"prensa","Est. reading time":"1 minute"},"schema":{"@context":"https:\/\/schema.org","@graph":[{"@type":"WebPage","@id":"https:\/\/www.aguarda.es\/en\/aforra-auga-gota-a-gota\/","url":"https:\/\/www.aguarda.es\/en\/aforra-auga-gota-a-gota\/","name":"Aforra auga gota a gota - Concello da Guarda","isPartOf":{"@id":"https:\/\/www.aguarda.es\/en\/#website"},"datePublished":"2021-06-18T14:05:14+00:00","dateModified":"2021-06-18T14:05:14+00:00","author":{"@id":"https:\/\/www.aguarda.es\/en\/#\/schema\/person\/c463ca3006858ffb349d11179d044f21"},"breadcrumb":{"@id":"https:\/\/www.aguarda.es\/en\/aforra-auga-gota-a-gota\/#breadcrumb"},"inLanguage":"en-US","potentialAction":[{"@type":"ReadAction","target":["https:\/\/www.aguarda.es\/en\/aforra-auga-gota-a-gota\/"]}]},{"@type":"BreadcrumbList","@id":"https:\/\/www.aguarda.es\/en\/aforra-auga-gota-a-gota\/#breadcrumb","itemListElement":[{"@type":"ListItem","position":1,"name":"Portada","item":"https:\/\/www.aguarda.es\/en\/"},{"@type":"ListItem","position":2,"name":"Aforra auga gota a gota"}]},{"@type":"WebSite","@id":"https:\/\/www.aguarda.es\/en\/#website","url":"https:\/\/www.aguarda.es\/en\/","name":"Concello da Guarda","description":"P\u00e1xina web do concello da Guarda","potentialAction":[{"@type":"SearchAction","target":{"@type":"EntryPoint","urlTemplate":"https:\/\/www.aguarda.es\/en\/?s={search_term_string}"},"query-input":"required name=search_term_string"}],"inLanguage":"en-US"},{"@type":"Person","@id":"https:\/\/www.aguarda.es\/en\/#\/schema\/person\/c463ca3006858ffb349d11179d044f21","name":"prensa","image":{"@type":"ImageObject","inLanguage":"en-US","@id":"https:\/\/www.aguarda.es\/en\/#\/schema\/person\/image\/","url":"https:\/\/secure.gravatar.com\/avatar\/5f90ef536b0f98306edf5c7a1135ffa1?s=96&d=mm&r=g","contentUrl":"https:\/\/secure.gravatar.com\/avatar\/5f90ef536b0f98306edf5c7a1135ffa1?s=96&d=mm&r=g","caption":"prensa"},"url":"https:\/\/www.aguarda.es\/en\/author\/prensa\/"}]}},"_links":{"self":[{"href":"https:\/\/www.aguarda.es\/en\/wp-json\/wp\/v2\/posts\/23951"}],"collection":[{"href":"https:\/\/www.aguarda.es\/en\/wp-json\/wp\/v2\/posts"}],"about":[{"href":"https:\/\/www.aguarda.es\/en\/wp-json\/wp\/v2\/types\/post"}],"author":[{"embeddable":true,"href":"https:\/\/www.aguarda.es\/en\/wp-json\/wp\/v2\/users\/2"}],"replies":[{"embeddable":true,"href":"https:\/\/www.aguarda.es\/en\/wp-json\/wp\/v2\/comments?post=23951"}],"version-history":[{"count":1,"href":"https:\/\/www.aguarda.es\/en\/wp-json\/wp\/v2\/posts\/23951\/revisions"}],"predecessor-version":[{"id":23954,"href":"https:\/\/www.aguarda.es\/en\/wp-json\/wp\/v2\/posts\/23951\/revisions\/23954"}],"wp:featuredmedia":[{"embeddable":true,"href":"https:\/\/www.aguarda.es\/en\/wp-json\/wp\/v2\/media\/23952"}],"wp:attachment":[{"href":"https:\/\/www.aguarda.es\/en\/wp-json\/wp\/v2\/media?parent=23951"}],"wp:term":[{"taxonomy":"category","embeddable":true,"href":"https:\/\/www.aguarda.es\/en\/wp-json\/wp\/v2\/categories?post=23951"},{"taxonomy":"post_tag","embeddable":true,"href":"https:\/\/www.aguarda.es\/en\/wp-json\/wp\/v2\/tags?post=23951"}],"curies":[{"name":"wp","href":"https:\/\/api.w.org\/{rel}","templated":true}]}}