{"id":23955,"date":"2021-06-19T15:10:43","date_gmt":"2021-06-19T15:10:43","guid":{"rendered":"https:\/\/www.aguarda.es\/?p=23955"},"modified":"2021-06-19T15:10:43","modified_gmt":"2021-06-19T15:10:43","slug":"a-superliga-galicia-de-futevolei-chega-a-a-guarda-o-11-de-xullo","status":"publish","type":"post","link":"https:\/\/www.aguarda.es\/en\/a-superliga-galicia-de-futevolei-chega-a-a-guarda-o-11-de-xullo\/","title":{"rendered":"A superliga Galicia de futevolei chega a A Guarda o 11 de xullo"},"content":{"rendered":"<p><em><strong>\u2022 O Club Futevolei Vigo presentou, nas instalaci\u00f3ns de Celtamotor, a nova<\/strong><\/em><br \/>\n<em><strong>edici\u00f3n da Superliga Galicia que disputarase en catro sedes este ver\u00e1n 2021.<\/strong><\/em><br \/>\n<em><strong>\u2022 O presidente do club, Germ\u00e1n Mart\u00ednez, realizou a presentaci\u00f3n xunto \u00e1 tenente de<\/strong><\/em><br \/>\n<em><strong>alcalde da Guarda, Montse Magallanes, e o concelleiro de deportes do Concello de<\/strong><\/em><br \/>\n<em><strong>Nigr\u00e1n, Jos\u00e9 Luis Sanrom\u00e1n.<\/strong><\/em><br \/>\n<em><strong>\u2022 As inscrici\u00f3ns contin\u00faan abertas en futevoleivigo.com e a trav\u00e9s das s\u00faas redes<\/strong><\/em><br \/>\n<em><strong>sociais Instagram e Facebook.<\/strong><\/em><\/p>\n<p>Este venres presentouse, nas instalaci\u00f3ns da empresa Celtamotor, patrocinador do Club Deportivo Futevolei Vigo, a nova edici\u00f3n da Superliga Galicia de Futevolei. Participaron no acto a tenente de alcalde da Guarda, Montse Magallanes, o concelleiro de deportes de Nigr\u00e1n, Jos\u00e9 Luis Sanrom\u00e1n, o presidente do Club Futevolei Vigo, Germ\u00e1n Mart\u00ednez e patrocinadores da liga.<\/p>\n<p>Nesta edici\u00f3n, que iniciarase o 27 de xu\u00f1o, a novidade principal \u00e9 a incorporaci\u00f3n das novas<br \/>\ninstalaci\u00f3ns de f\u00fatbol praia do Concello da Guarda. As\u00ed mesmo, o Concello de Nigr\u00e1n celebrar\u00e1 a fase final do campionato auton\u00f3mico durante tres d\u00edas na praia de Panx\u00f3n, que incluir\u00e1 partidos nocturnos.<\/p>\n<p>As\u00ed, o campionato desenrolarase en catro etapas. A primeira delas, na praia de Samil o pr\u00f3ximo 27 de xu\u00f1o, celebr\u00e1ndose o segundo campionato puntuable nas novas instalaci\u00f3ns do Codesal da Guarda na fin de semana do 11 de xullo. O terceiro campionato puntuable xogarase o domingo 18 de xullo nunha das praias do Saln\u00e9s. A liga xogase cun formato de ranking dividido en d\u00faas categor\u00edas: primeira e segunda divisi\u00f3n. As parellas participantes puntuar\u00e1n nos tres primeiros campionatos, tratando de clasificarse para a superfinal de Nigr\u00e1n que se celebrar\u00e1 nun espectacular evento os d\u00edas 27, 28 e 29 de agosto. Al\u00ed encontraranse os mellores xogadores que loitar\u00e1n por obter o t\u00edtulo de campi\u00f3n galego.<\/p>\n<p>Tam\u00e9n no acto, o presidente do Club Deportivo Futevolei Vigo, Germ\u00e1n Mart\u00ednez, fixo referencia \u00e1s dificultades para a pr\u00e1ctica do deporte que se te\u00f1en sufrido no \u00faltimo ano e \u00e1 mensaxe que o club quere transmitir de vida saudable e deporte, desfrutando dos espectaculares paisaxes, gastronom\u00eda e areais das R\u00edas Baixas, o Baixo Mi\u00f1o e de toda a costa galega en xeral. \u201cTrala cancelaci\u00f3n da edici\u00f3n 2020 debido \u00e1 pandemia e grazas ao apoio de todos, sa\u00edmos reforzados e agardamos r\u00e9cord de participantes nesta edici\u00f3n con xogadores de toda Galicia, doutras comunidades e incluso do norte de Portugal\u201d engadiu o directivo, que destacou o comportamento exemplar de xogadores e patrocinadores fronte \u00e1 situaci\u00f3n da pandemia e que apostan por un deporte que cada ano crece m\u00e1is nas praias galegas.<\/p>\n<p>As inscrici\u00f3n contin\u00faan abertas para quen desexe participar en alg\u00fan dos campionatos na web do club <a href=\"http:\/\/www.futevoleivigo.com\">www.futevoleivigo.com<\/a> e contactando a trav\u00e9s das s\u00faas redes sociais para m\u00e1is informaci\u00f3n.<\/p>\n<p style=\"text-align: center\"><img decoding=\"async\" loading=\"lazy\" class=\"aligncenter size-full wp-image-23960\" src=\"https:\/\/www.aguarda.es\/wp-content\/uploads\/2021\/06\/Superliga-Galicia-de-Futevolei-2021-1.jpg\" alt=\"\" width=\"800\" height=\"1131\" srcset=\"https:\/\/www.aguarda.es\/wp-content\/uploads\/2021\/06\/Superliga-Galicia-de-Futevolei-2021-1.jpg 800w, https:\/\/www.aguarda.es\/wp-content\/uploads\/2021\/06\/Superliga-Galicia-de-Futevolei-2021-1-212x300.jpg 212w, https:\/\/www.aguarda.es\/wp-content\/uploads\/2021\/06\/Superliga-Galicia-de-Futevolei-2021-1-768x1086.jpg 768w, https:\/\/www.aguarda.es\/wp-content\/uploads\/2021\/06\/Superliga-Galicia-de-Futevolei-2021-1-724x1024.jpg 724w\" sizes=\"(max-width: 800px) 100vw, 800px\" \/><img decoding=\"async\" loading=\"lazy\" class=\"aligncenter size-full wp-image-23958\" src=\"https:\/\/www.aguarda.es\/wp-content\/uploads\/2021\/06\/Superliga-Galicia-de-Futevolei-2021-2.jpg\" alt=\"\" width=\"800\" height=\"1131\" srcset=\"https:\/\/www.aguarda.es\/wp-content\/uploads\/2021\/06\/Superliga-Galicia-de-Futevolei-2021-2.jpg 800w, https:\/\/www.aguarda.es\/wp-content\/uploads\/2021\/06\/Superliga-Galicia-de-Futevolei-2021-2-212x300.jpg 212w, https:\/\/www.aguarda.es\/wp-content\/uploads\/2021\/06\/Superliga-Galicia-de-Futevolei-2021-2-768x1086.jpg 768w, https:\/\/www.aguarda.es\/wp-content\/uploads\/2021\/06\/Superliga-Galicia-de-Futevolei-2021-2-724x1024.jpg 724w\" sizes=\"(max-width: 800px) 100vw, 800px\" \/><\/p>\n","protected":false},"excerpt":{"rendered":"<p>\u2022 O Club Futevolei Vigo presentou, nas instalaci\u00f3ns de Celtamotor, a nova edici\u00f3n da Superliga Galicia que disputarase en catro sedes este ver\u00e1n 2021. \u2022 O presidente do club, Germ\u00e1n Mart\u00ednez, realizou a presentaci\u00f3n xunto \u00e1 tenente de alcalde da &hellip; <\/p>\n","protected":false},"author":2,"featured_media":23956,"comment_status":"open","ping_status":"open","sticky":false,"template":"","format":"standard","meta":[],"categories":[35],"tags":[226,276,2531],"yoast_head":"<!-- This site is optimized with the Yoast SEO plugin v21.1 - https:\/\/yoast.com\/wordpress\/plugins\/seo\/ -->\n<title>A superliga Galicia de futevolei chega a A Guarda o 11 de xullo - Concello da Guarda<\/title>\n<meta name=\"robots\" content=\"index, follow, max-snippet:-1, max-image-preview:large, max-video-preview:-1\" \/>\n<link rel=\"canonical\" href=\"https:\/\/www.aguarda.es\/en\/a-superliga-galicia-de-futevolei-chega-a-a-guarda-o-11-de-xullo\/\" \/>\n<meta property=\"og:locale\" content=\"en_US\" \/>\n<meta property=\"og:type\" content=\"article\" \/>\n<meta property=\"og:title\" content=\"A superliga Galicia de futevolei chega a A Guarda o 11 de xullo - Concello da Guarda\" \/>\n<meta property=\"og:description\" content=\"\u2022 O Club Futevolei Vigo presentou, nas instalaci\u00f3ns de Celtamotor, a nova edici\u00f3n da Superliga Galicia que disputarase en catro sedes este ver\u00e1n 2021. \u2022 O presidente do club, Germ\u00e1n Mart\u00ednez, realizou a presentaci\u00f3n xunto \u00e1 tenente de alcalde da &hellip;\" \/>\n<meta property=\"og:url\" content=\"https:\/\/www.aguarda.es\/en\/a-superliga-galicia-de-futevolei-chega-a-a-guarda-o-11-de-xullo\/\" \/>\n<meta property=\"og:site_name\" content=\"Concello da Guarda\" \/>\n<meta property=\"article:publisher\" content=\"https:\/\/www.facebook.com\/ConcellodaGuarda\" \/>\n<meta property=\"article:published_time\" content=\"2021-06-19T15:10:43+00:00\" \/>\n<meta property=\"og:image\" content=\"https:\/\/www.aguarda.es\/wp-content\/uploads\/2021\/06\/NP-19062021-A-superliga-Galicia-de-futevolei-chega-a-A-Guarda-o-11-de-xullo-1.jpg\" \/>\n\t<meta property=\"og:image:width\" content=\"800\" \/>\n\t<meta property=\"og:image:height\" content=\"450\" \/>\n\t<meta property=\"og:image:type\" content=\"image\/jpeg\" \/>\n<meta name=\"author\" content=\"prensa\" \/>\n<meta name=\"twitter:card\" content=\"summary_large_image\" \/>\n<meta name=\"twitter:creator\" content=\"@AGuarda_es\" \/>\n<meta name=\"twitter:site\" content=\"@AGuarda_es\" \/>\n<meta name=\"twitter:label1\" content=\"Written by\" \/>\n\t<meta name=\"twitter:data1\" content=\"prensa\" \/>\n\t<meta name=\"twitter:label2\" content=\"Est. reading time\" \/>\n\t<meta name=\"twitter:data2\" content=\"2 minutes\" \/>\n<script type=\"application\/ld+json\" class=\"yoast-schema-graph\">{\"@context\":\"https:\/\/schema.org\",\"@graph\":[{\"@type\":\"WebPage\",\"@id\":\"https:\/\/www.aguarda.es\/en\/a-superliga-galicia-de-futevolei-chega-a-a-guarda-o-11-de-xullo\/\",\"url\":\"https:\/\/www.aguarda.es\/en\/a-superliga-galicia-de-futevolei-chega-a-a-guarda-o-11-de-xullo\/\",\"name\":\"A superliga Galicia de futevolei chega a A Guarda o 11 de xullo - Concello da Guarda\",\"isPartOf\":{\"@id\":\"https:\/\/www.aguarda.es\/en\/#website\"},\"datePublished\":\"2021-06-19T15:10:43+00:00\",\"dateModified\":\"2021-06-19T15:10:43+00:00\",\"author\":{\"@id\":\"https:\/\/www.aguarda.es\/en\/#\/schema\/person\/c463ca3006858ffb349d11179d044f21\"},\"breadcrumb\":{\"@id\":\"https:\/\/www.aguarda.es\/en\/a-superliga-galicia-de-futevolei-chega-a-a-guarda-o-11-de-xullo\/#breadcrumb\"},\"inLanguage\":\"en-US\",\"potentialAction\":[{\"@type\":\"ReadAction\",\"target\":[\"https:\/\/www.aguarda.es\/en\/a-superliga-galicia-de-futevolei-chega-a-a-guarda-o-11-de-xullo\/\"]}]},{\"@type\":\"BreadcrumbList\",\"@id\":\"https:\/\/www.aguarda.es\/en\/a-superliga-galicia-de-futevolei-chega-a-a-guarda-o-11-de-xullo\/#breadcrumb\",\"itemListElement\":[{\"@type\":\"ListItem\",\"position\":1,\"name\":\"Portada\",\"item\":\"https:\/\/www.aguarda.es\/en\/\"},{\"@type\":\"ListItem\",\"position\":2,\"name\":\"A superliga Galicia de futevolei chega a A Guarda o 11 de xullo\"}]},{\"@type\":\"WebSite\",\"@id\":\"https:\/\/www.aguarda.es\/en\/#website\",\"url\":\"https:\/\/www.aguarda.es\/en\/\",\"name\":\"Concello da Guarda\",\"description\":\"P\u00e1xina web do concello da Guarda\",\"potentialAction\":[{\"@type\":\"SearchAction\",\"target\":{\"@type\":\"EntryPoint\",\"urlTemplate\":\"https:\/\/www.aguarda.es\/en\/?s={search_term_string}\"},\"query-input\":\"required name=search_term_string\"}],\"inLanguage\":\"en-US\"},{\"@type\":\"Person\",\"@id\":\"https:\/\/www.aguarda.es\/en\/#\/schema\/person\/c463ca3006858ffb349d11179d044f21\",\"name\":\"prensa\",\"image\":{\"@type\":\"ImageObject\",\"inLanguage\":\"en-US\",\"@id\":\"https:\/\/www.aguarda.es\/en\/#\/schema\/person\/image\/\",\"url\":\"https:\/\/secure.gravatar.com\/avatar\/5f90ef536b0f98306edf5c7a1135ffa1?s=96&d=mm&r=g\",\"contentUrl\":\"https:\/\/secure.gravatar.com\/avatar\/5f90ef536b0f98306edf5c7a1135ffa1?s=96&d=mm&r=g\",\"caption\":\"prensa\"},\"url\":\"https:\/\/www.aguarda.es\/en\/author\/prensa\/\"}]}<\/script>\n<!-- \/ Yoast SEO plugin. -->","yoast_head_json":{"title":"A superliga Galicia de futevolei chega a A Guarda o 11 de xullo - Concello da Guarda","robots":{"index":"index","follow":"follow","max-snippet":"max-snippet:-1","max-image-preview":"max-image-preview:large","max-video-preview":"max-video-preview:-1"},"canonical":"https:\/\/www.aguarda.es\/en\/a-superliga-galicia-de-futevolei-chega-a-a-guarda-o-11-de-xullo\/","og_locale":"en_US","og_type":"article","og_title":"A superliga Galicia de futevolei chega a A Guarda o 11 de xullo - Concello da Guarda","og_description":"\u2022 O Club Futevolei Vigo presentou, nas instalaci\u00f3ns de Celtamotor, a nova edici\u00f3n da Superliga Galicia que disputarase en catro sedes este ver\u00e1n 2021. \u2022 O presidente do club, Germ\u00e1n Mart\u00ednez, realizou a presentaci\u00f3n xunto \u00e1 tenente de alcalde da &hellip;","og_url":"https:\/\/www.aguarda.es\/en\/a-superliga-galicia-de-futevolei-chega-a-a-guarda-o-11-de-xullo\/","og_site_name":"Concello da Guarda","article_publisher":"https:\/\/www.facebook.com\/ConcellodaGuarda","article_published_time":"2021-06-19T15:10:43+00:00","og_image":[{"width":800,"height":450,"url":"https:\/\/www.aguarda.es\/wp-content\/uploads\/2021\/06\/NP-19062021-A-superliga-Galicia-de-futevolei-chega-a-A-Guarda-o-11-de-xullo-1.jpg","type":"image\/jpeg"}],"author":"prensa","twitter_card":"summary_large_image","twitter_creator":"@AGuarda_es","twitter_site":"@AGuarda_es","twitter_misc":{"Written by":"prensa","Est. reading time":"2 minutes"},"schema":{"@context":"https:\/\/schema.org","@graph":[{"@type":"WebPage","@id":"https:\/\/www.aguarda.es\/en\/a-superliga-galicia-de-futevolei-chega-a-a-guarda-o-11-de-xullo\/","url":"https:\/\/www.aguarda.es\/en\/a-superliga-galicia-de-futevolei-chega-a-a-guarda-o-11-de-xullo\/","name":"A superliga Galicia de futevolei chega a A Guarda o 11 de xullo - Concello da Guarda","isPartOf":{"@id":"https:\/\/www.aguarda.es\/en\/#website"},"datePublished":"2021-06-19T15:10:43+00:00","dateModified":"2021-06-19T15:10:43+00:00","author":{"@id":"https:\/\/www.aguarda.es\/en\/#\/schema\/person\/c463ca3006858ffb349d11179d044f21"},"breadcrumb":{"@id":"https:\/\/www.aguarda.es\/en\/a-superliga-galicia-de-futevolei-chega-a-a-guarda-o-11-de-xullo\/#breadcrumb"},"inLanguage":"en-US","potentialAction":[{"@type":"ReadAction","target":["https:\/\/www.aguarda.es\/en\/a-superliga-galicia-de-futevolei-chega-a-a-guarda-o-11-de-xullo\/"]}]},{"@type":"BreadcrumbList","@id":"https:\/\/www.aguarda.es\/en\/a-superliga-galicia-de-futevolei-chega-a-a-guarda-o-11-de-xullo\/#breadcrumb","itemListElement":[{"@type":"ListItem","position":1,"name":"Portada","item":"https:\/\/www.aguarda.es\/en\/"},{"@type":"ListItem","position":2,"name":"A superliga Galicia de futevolei chega a A Guarda o 11 de xullo"}]},{"@type":"WebSite","@id":"https:\/\/www.aguarda.es\/en\/#website","url":"https:\/\/www.aguarda.es\/en\/","name":"Concello da Guarda","description":"P\u00e1xina web do concello da Guarda","potentialAction":[{"@type":"SearchAction","target":{"@type":"EntryPoint","urlTemplate":"https:\/\/www.aguarda.es\/en\/?s={search_term_string}"},"query-input":"required name=search_term_string"}],"inLanguage":"en-US"},{"@type":"Person","@id":"https:\/\/www.aguarda.es\/en\/#\/schema\/person\/c463ca3006858ffb349d11179d044f21","name":"prensa","image":{"@type":"ImageObject","inLanguage":"en-US","@id":"https:\/\/www.aguarda.es\/en\/#\/schema\/person\/image\/","url":"https:\/\/secure.gravatar.com\/avatar\/5f90ef536b0f98306edf5c7a1135ffa1?s=96&d=mm&r=g","contentUrl":"https:\/\/secure.gravatar.com\/avatar\/5f90ef536b0f98306edf5c7a1135ffa1?s=96&d=mm&r=g","caption":"prensa"},"url":"https:\/\/www.aguarda.es\/en\/author\/prensa\/"}]}},"_links":{"self":[{"href":"https:\/\/www.aguarda.es\/en\/wp-json\/wp\/v2\/posts\/23955"}],"collection":[{"href":"https:\/\/www.aguarda.es\/en\/wp-json\/wp\/v2\/posts"}],"about":[{"href":"https:\/\/www.aguarda.es\/en\/wp-json\/wp\/v2\/types\/post"}],"author":[{"embeddable":true,"href":"https:\/\/www.aguarda.es\/en\/wp-json\/wp\/v2\/users\/2"}],"replies":[{"embeddable":true,"href":"https:\/\/www.aguarda.es\/en\/wp-json\/wp\/v2\/comments?post=23955"}],"version-history":[{"count":1,"href":"https:\/\/www.aguarda.es\/en\/wp-json\/wp\/v2\/posts\/23955\/revisions"}],"predecessor-version":[{"id":23962,"href":"https:\/\/www.aguarda.es\/en\/wp-json\/wp\/v2\/posts\/23955\/revisions\/23962"}],"wp:featuredmedia":[{"embeddable":true,"href":"https:\/\/www.aguarda.es\/en\/wp-json\/wp\/v2\/media\/23956"}],"wp:attachment":[{"href":"https:\/\/www.aguarda.es\/en\/wp-json\/wp\/v2\/media?parent=23955"}],"wp:term":[{"taxonomy":"category","embeddable":true,"href":"https:\/\/www.aguarda.es\/en\/wp-json\/wp\/v2\/categories?post=23955"},{"taxonomy":"post_tag","embeddable":true,"href":"https:\/\/www.aguarda.es\/en\/wp-json\/wp\/v2\/tags?post=23955"}],"curies":[{"name":"wp","href":"https:\/\/api.w.org\/{rel}","templated":true}]}}