{"id":23968,"date":"2021-06-21T11:15:21","date_gmt":"2021-06-21T11:15:21","guid":{"rendered":"https:\/\/www.aguarda.es\/?p=23968"},"modified":"2021-06-21T11:15:21","modified_gmt":"2021-06-21T11:15:21","slug":"lectores-da-biblioteca-publica-municipal-e-da-biblioteca-do-ies-a-sangrina-xa-contan-con-exemplares-do-comic-historia-dunha-loita","status":"publish","type":"post","link":"https:\/\/www.aguarda.es\/en\/lectores-da-biblioteca-publica-municipal-e-da-biblioteca-do-ies-a-sangrina-xa-contan-con-exemplares-do-comic-historia-dunha-loita\/","title":{"rendered":"Lectores da Biblioteca P\u00fablica Municipal e da Biblioteca do IES A Sangri\u00f1a xa contan con exemplares do C\u00f3mic \u201cHistoria dunha Loita\u201d"},"content":{"rendered":"<p><em><strong>\u2022 O c\u00f3mic basease nunha historia real que narra o verdadeiro rostro da prostituci\u00f3n desde a \u00f3ptica de Amelia Tiganus<\/strong><\/em><br \/>\nO Concello da Guarda recibiu os c\u00f3mics \u201cAmelia: historia dunha loita\u201d adquiridos dende o CIM e fixo entrega de varios exemplares na xornada deste luns \u00e1 Biblioteca do IES A Sangri\u00f1a(BiblioTrega) e \u00e1 Biblioteca P\u00fablica Municipal da Guarda(para o seu Punto lila).<br \/>\nNos actos de entrega no IES A Sangri\u00f1a e na Biblioteca P\u00fablica Municipal estiveron presentes o Alcalde da Guarda, Antonio Lomba e a Directora do Centro de Informaci\u00f3n \u00e1 Muller da Guarda, Yolanda Villaverde, xunto cos responsables das respectivas bibliotecas.<br \/>\nCon esta entrega p\u00e9chanse as actividades promovidas dende o CIM da Guarda e na que participou o alumnado de 1\u00ba de Bacherelato do IES A Sangri\u00f1a da Guarda.<br \/>\nO c\u00f3mic \u201cAmelia: historia dunha loita\u201d basease nunha historia real que narra o verdadeiro rostro da prostituci\u00f3n desde a \u00f3ptica de Amelia Tiganus. Este proxecto nace en forma de c\u00f3mic xa que ler un c\u00f3mic ofrece un acceso inmellorable a un determinado grupo da poboaci\u00f3n m\u00e1is moza que, co emprego doutros medios m\u00e1is tradicionais, ver\u00edamos comprometido o obxectivo principal de chegarlles directamente e sen recelos, sendo un instrumento ideal para conectar da maneira m\u00e1s eficiente con este p\u00fablico.<br \/>\nAmelia Tiganus estivo hai dous anos na Guarda nun relatorio e para completar esta acci\u00f3n, decidiuse centrar as acci\u00f3ns deste ano na poboaci\u00f3n m\u00e1is nova a trav\u00e9s da presentaci\u00f3n deste c\u00f3mic, realizada fai uns meses.<br \/>\nAmelia Tiganus \u00e9 una activista feminista , nacida o 11 de marzo de 1984 en Galati, Ruman\u00eda. Vive en Euskadi, a s\u00faa xanela ao mundo desde a que puido reconstru\u00edr a s\u00faa vida e renacer despois de ter sido explotada sexualmente durante cinco a\u00f1os no Estado espa\u00f1ol.<br \/>\nTr\u00e1tase dunha actividade financiada polo Pacto de Estado con cargo \u00e1 asignaci\u00f3n recibida do Ministerio de Igualdade, a trav\u00e9s da Secretar\u00eda de Estado de Igualdade e contra a violencia de x\u00e9nero.<\/p>\n","protected":false},"excerpt":{"rendered":"<p>\u2022 O c\u00f3mic basease nunha historia real que narra o verdadeiro rostro da prostituci\u00f3n desde a \u00f3ptica de Amelia Tiganus O Concello da Guarda recibiu os c\u00f3mics \u201cAmelia: historia dunha loita\u201d adquiridos dende o CIM e fixo entrega de varios &hellip; <\/p>\n","protected":false},"author":2,"featured_media":23969,"comment_status":"open","ping_status":"open","sticky":false,"template":"","format":"standard","meta":[],"categories":[41],"tags":[226,1935,672,2532,304],"yoast_head":"<!-- This site is optimized with the Yoast SEO plugin v21.1 - https:\/\/yoast.com\/wordpress\/plugins\/seo\/ -->\n<title>Lectores da Biblioteca P\u00fablica Municipal e da Biblioteca do IES A Sangri\u00f1a xa contan con exemplares do C\u00f3mic \u201cHistoria dunha Loita\u201d - Concello da Guarda<\/title>\n<meta name=\"robots\" content=\"index, follow, max-snippet:-1, max-image-preview:large, max-video-preview:-1\" \/>\n<link rel=\"canonical\" href=\"https:\/\/www.aguarda.es\/en\/lectores-da-biblioteca-publica-municipal-e-da-biblioteca-do-ies-a-sangrina-xa-contan-con-exemplares-do-comic-historia-dunha-loita\/\" \/>\n<meta property=\"og:locale\" content=\"en_US\" \/>\n<meta property=\"og:type\" content=\"article\" \/>\n<meta property=\"og:title\" content=\"Lectores da Biblioteca P\u00fablica Municipal e da Biblioteca do IES A Sangri\u00f1a xa contan con exemplares do C\u00f3mic \u201cHistoria dunha Loita\u201d - Concello da Guarda\" \/>\n<meta property=\"og:description\" content=\"\u2022 O c\u00f3mic basease nunha historia real que narra o verdadeiro rostro da prostituci\u00f3n desde a \u00f3ptica de Amelia Tiganus O Concello da Guarda recibiu os c\u00f3mics \u201cAmelia: historia dunha loita\u201d adquiridos dende o CIM e fixo entrega de varios &hellip;\" \/>\n<meta property=\"og:url\" content=\"https:\/\/www.aguarda.es\/en\/lectores-da-biblioteca-publica-municipal-e-da-biblioteca-do-ies-a-sangrina-xa-contan-con-exemplares-do-comic-historia-dunha-loita\/\" \/>\n<meta property=\"og:site_name\" content=\"Concello da Guarda\" \/>\n<meta property=\"article:publisher\" content=\"https:\/\/www.facebook.com\/ConcellodaGuarda\" \/>\n<meta property=\"article:published_time\" content=\"2021-06-21T11:15:21+00:00\" \/>\n<meta property=\"og:image\" content=\"https:\/\/www.aguarda.es\/wp-content\/uploads\/2021\/06\/Sin-t\u00edtulo-1-2.jpg\" \/>\n\t<meta property=\"og:image:width\" content=\"800\" \/>\n\t<meta property=\"og:image:height\" content=\"800\" \/>\n\t<meta property=\"og:image:type\" content=\"image\/jpeg\" \/>\n<meta name=\"author\" content=\"prensa\" \/>\n<meta name=\"twitter:card\" content=\"summary_large_image\" \/>\n<meta name=\"twitter:creator\" content=\"@AGuarda_es\" \/>\n<meta name=\"twitter:site\" content=\"@AGuarda_es\" \/>\n<meta name=\"twitter:label1\" content=\"Written by\" \/>\n\t<meta name=\"twitter:data1\" content=\"prensa\" \/>\n\t<meta name=\"twitter:label2\" content=\"Est. reading time\" \/>\n\t<meta name=\"twitter:data2\" content=\"2 minutes\" \/>\n<script type=\"application\/ld+json\" class=\"yoast-schema-graph\">{\"@context\":\"https:\/\/schema.org\",\"@graph\":[{\"@type\":\"WebPage\",\"@id\":\"https:\/\/www.aguarda.es\/en\/lectores-da-biblioteca-publica-municipal-e-da-biblioteca-do-ies-a-sangrina-xa-contan-con-exemplares-do-comic-historia-dunha-loita\/\",\"url\":\"https:\/\/www.aguarda.es\/en\/lectores-da-biblioteca-publica-municipal-e-da-biblioteca-do-ies-a-sangrina-xa-contan-con-exemplares-do-comic-historia-dunha-loita\/\",\"name\":\"Lectores da Biblioteca P\u00fablica Municipal e da Biblioteca do IES A Sangri\u00f1a xa contan con exemplares do C\u00f3mic \u201cHistoria dunha Loita\u201d - Concello da Guarda\",\"isPartOf\":{\"@id\":\"https:\/\/www.aguarda.es\/en\/#website\"},\"datePublished\":\"2021-06-21T11:15:21+00:00\",\"dateModified\":\"2021-06-21T11:15:21+00:00\",\"author\":{\"@id\":\"https:\/\/www.aguarda.es\/en\/#\/schema\/person\/c463ca3006858ffb349d11179d044f21\"},\"breadcrumb\":{\"@id\":\"https:\/\/www.aguarda.es\/en\/lectores-da-biblioteca-publica-municipal-e-da-biblioteca-do-ies-a-sangrina-xa-contan-con-exemplares-do-comic-historia-dunha-loita\/#breadcrumb\"},\"inLanguage\":\"en-US\",\"potentialAction\":[{\"@type\":\"ReadAction\",\"target\":[\"https:\/\/www.aguarda.es\/en\/lectores-da-biblioteca-publica-municipal-e-da-biblioteca-do-ies-a-sangrina-xa-contan-con-exemplares-do-comic-historia-dunha-loita\/\"]}]},{\"@type\":\"BreadcrumbList\",\"@id\":\"https:\/\/www.aguarda.es\/en\/lectores-da-biblioteca-publica-municipal-e-da-biblioteca-do-ies-a-sangrina-xa-contan-con-exemplares-do-comic-historia-dunha-loita\/#breadcrumb\",\"itemListElement\":[{\"@type\":\"ListItem\",\"position\":1,\"name\":\"Portada\",\"item\":\"https:\/\/www.aguarda.es\/en\/\"},{\"@type\":\"ListItem\",\"position\":2,\"name\":\"Lectores da Biblioteca P\u00fablica Municipal e da Biblioteca do IES A Sangri\u00f1a xa contan con exemplares do C\u00f3mic \u201cHistoria dunha Loita\u201d\"}]},{\"@type\":\"WebSite\",\"@id\":\"https:\/\/www.aguarda.es\/en\/#website\",\"url\":\"https:\/\/www.aguarda.es\/en\/\",\"name\":\"Concello da Guarda\",\"description\":\"P\u00e1xina web do concello da Guarda\",\"potentialAction\":[{\"@type\":\"SearchAction\",\"target\":{\"@type\":\"EntryPoint\",\"urlTemplate\":\"https:\/\/www.aguarda.es\/en\/?s={search_term_string}\"},\"query-input\":\"required name=search_term_string\"}],\"inLanguage\":\"en-US\"},{\"@type\":\"Person\",\"@id\":\"https:\/\/www.aguarda.es\/en\/#\/schema\/person\/c463ca3006858ffb349d11179d044f21\",\"name\":\"prensa\",\"image\":{\"@type\":\"ImageObject\",\"inLanguage\":\"en-US\",\"@id\":\"https:\/\/www.aguarda.es\/en\/#\/schema\/person\/image\/\",\"url\":\"https:\/\/secure.gravatar.com\/avatar\/5f90ef536b0f98306edf5c7a1135ffa1?s=96&d=mm&r=g\",\"contentUrl\":\"https:\/\/secure.gravatar.com\/avatar\/5f90ef536b0f98306edf5c7a1135ffa1?s=96&d=mm&r=g\",\"caption\":\"prensa\"},\"url\":\"https:\/\/www.aguarda.es\/en\/author\/prensa\/\"}]}<\/script>\n<!-- \/ Yoast SEO plugin. -->","yoast_head_json":{"title":"Lectores da Biblioteca P\u00fablica Municipal e da Biblioteca do IES A Sangri\u00f1a xa contan con exemplares do C\u00f3mic \u201cHistoria dunha Loita\u201d - Concello da Guarda","robots":{"index":"index","follow":"follow","max-snippet":"max-snippet:-1","max-image-preview":"max-image-preview:large","max-video-preview":"max-video-preview:-1"},"canonical":"https:\/\/www.aguarda.es\/en\/lectores-da-biblioteca-publica-municipal-e-da-biblioteca-do-ies-a-sangrina-xa-contan-con-exemplares-do-comic-historia-dunha-loita\/","og_locale":"en_US","og_type":"article","og_title":"Lectores da Biblioteca P\u00fablica Municipal e da Biblioteca do IES A Sangri\u00f1a xa contan con exemplares do C\u00f3mic \u201cHistoria dunha Loita\u201d - Concello da Guarda","og_description":"\u2022 O c\u00f3mic basease nunha historia real que narra o verdadeiro rostro da prostituci\u00f3n desde a \u00f3ptica de Amelia Tiganus O Concello da Guarda recibiu os c\u00f3mics \u201cAmelia: historia dunha loita\u201d adquiridos dende o CIM e fixo entrega de varios &hellip;","og_url":"https:\/\/www.aguarda.es\/en\/lectores-da-biblioteca-publica-municipal-e-da-biblioteca-do-ies-a-sangrina-xa-contan-con-exemplares-do-comic-historia-dunha-loita\/","og_site_name":"Concello da Guarda","article_publisher":"https:\/\/www.facebook.com\/ConcellodaGuarda","article_published_time":"2021-06-21T11:15:21+00:00","og_image":[{"width":800,"height":800,"url":"https:\/\/www.aguarda.es\/wp-content\/uploads\/2021\/06\/Sin-t\u00edtulo-1-2.jpg","type":"image\/jpeg"}],"author":"prensa","twitter_card":"summary_large_image","twitter_creator":"@AGuarda_es","twitter_site":"@AGuarda_es","twitter_misc":{"Written by":"prensa","Est. reading time":"2 minutes"},"schema":{"@context":"https:\/\/schema.org","@graph":[{"@type":"WebPage","@id":"https:\/\/www.aguarda.es\/en\/lectores-da-biblioteca-publica-municipal-e-da-biblioteca-do-ies-a-sangrina-xa-contan-con-exemplares-do-comic-historia-dunha-loita\/","url":"https:\/\/www.aguarda.es\/en\/lectores-da-biblioteca-publica-municipal-e-da-biblioteca-do-ies-a-sangrina-xa-contan-con-exemplares-do-comic-historia-dunha-loita\/","name":"Lectores da Biblioteca P\u00fablica Municipal e da Biblioteca do IES A Sangri\u00f1a xa contan con exemplares do C\u00f3mic \u201cHistoria dunha Loita\u201d - Concello da Guarda","isPartOf":{"@id":"https:\/\/www.aguarda.es\/en\/#website"},"datePublished":"2021-06-21T11:15:21+00:00","dateModified":"2021-06-21T11:15:21+00:00","author":{"@id":"https:\/\/www.aguarda.es\/en\/#\/schema\/person\/c463ca3006858ffb349d11179d044f21"},"breadcrumb":{"@id":"https:\/\/www.aguarda.es\/en\/lectores-da-biblioteca-publica-municipal-e-da-biblioteca-do-ies-a-sangrina-xa-contan-con-exemplares-do-comic-historia-dunha-loita\/#breadcrumb"},"inLanguage":"en-US","potentialAction":[{"@type":"ReadAction","target":["https:\/\/www.aguarda.es\/en\/lectores-da-biblioteca-publica-municipal-e-da-biblioteca-do-ies-a-sangrina-xa-contan-con-exemplares-do-comic-historia-dunha-loita\/"]}]},{"@type":"BreadcrumbList","@id":"https:\/\/www.aguarda.es\/en\/lectores-da-biblioteca-publica-municipal-e-da-biblioteca-do-ies-a-sangrina-xa-contan-con-exemplares-do-comic-historia-dunha-loita\/#breadcrumb","itemListElement":[{"@type":"ListItem","position":1,"name":"Portada","item":"https:\/\/www.aguarda.es\/en\/"},{"@type":"ListItem","position":2,"name":"Lectores da Biblioteca P\u00fablica Municipal e da Biblioteca do IES A Sangri\u00f1a xa contan con exemplares do C\u00f3mic \u201cHistoria dunha Loita\u201d"}]},{"@type":"WebSite","@id":"https:\/\/www.aguarda.es\/en\/#website","url":"https:\/\/www.aguarda.es\/en\/","name":"Concello da Guarda","description":"P\u00e1xina web do concello da Guarda","potentialAction":[{"@type":"SearchAction","target":{"@type":"EntryPoint","urlTemplate":"https:\/\/www.aguarda.es\/en\/?s={search_term_string}"},"query-input":"required name=search_term_string"}],"inLanguage":"en-US"},{"@type":"Person","@id":"https:\/\/www.aguarda.es\/en\/#\/schema\/person\/c463ca3006858ffb349d11179d044f21","name":"prensa","image":{"@type":"ImageObject","inLanguage":"en-US","@id":"https:\/\/www.aguarda.es\/en\/#\/schema\/person\/image\/","url":"https:\/\/secure.gravatar.com\/avatar\/5f90ef536b0f98306edf5c7a1135ffa1?s=96&d=mm&r=g","contentUrl":"https:\/\/secure.gravatar.com\/avatar\/5f90ef536b0f98306edf5c7a1135ffa1?s=96&d=mm&r=g","caption":"prensa"},"url":"https:\/\/www.aguarda.es\/en\/author\/prensa\/"}]}},"_links":{"self":[{"href":"https:\/\/www.aguarda.es\/en\/wp-json\/wp\/v2\/posts\/23968"}],"collection":[{"href":"https:\/\/www.aguarda.es\/en\/wp-json\/wp\/v2\/posts"}],"about":[{"href":"https:\/\/www.aguarda.es\/en\/wp-json\/wp\/v2\/types\/post"}],"author":[{"embeddable":true,"href":"https:\/\/www.aguarda.es\/en\/wp-json\/wp\/v2\/users\/2"}],"replies":[{"embeddable":true,"href":"https:\/\/www.aguarda.es\/en\/wp-json\/wp\/v2\/comments?post=23968"}],"version-history":[{"count":1,"href":"https:\/\/www.aguarda.es\/en\/wp-json\/wp\/v2\/posts\/23968\/revisions"}],"predecessor-version":[{"id":23971,"href":"https:\/\/www.aguarda.es\/en\/wp-json\/wp\/v2\/posts\/23968\/revisions\/23971"}],"wp:featuredmedia":[{"embeddable":true,"href":"https:\/\/www.aguarda.es\/en\/wp-json\/wp\/v2\/media\/23969"}],"wp:attachment":[{"href":"https:\/\/www.aguarda.es\/en\/wp-json\/wp\/v2\/media?parent=23968"}],"wp:term":[{"taxonomy":"category","embeddable":true,"href":"https:\/\/www.aguarda.es\/en\/wp-json\/wp\/v2\/categories?post=23968"},{"taxonomy":"post_tag","embeddable":true,"href":"https:\/\/www.aguarda.es\/en\/wp-json\/wp\/v2\/tags?post=23968"}],"curies":[{"name":"wp","href":"https:\/\/api.w.org\/{rel}","templated":true}]}}