{"id":24109,"date":"2021-07-16T10:22:56","date_gmt":"2021-07-16T10:22:56","guid":{"rendered":"https:\/\/www.aguarda.es\/?p=24109"},"modified":"2021-07-16T10:22:56","modified_gmt":"2021-07-16T10:22:56","slug":"a-praia-do-muino-xa-luce-o-distintivo-de-bandeira-azul","status":"publish","type":"post","link":"https:\/\/www.aguarda.es\/en\/a-praia-do-muino-xa-luce-o-distintivo-de-bandeira-azul\/","title":{"rendered":"A praia do Mu\u00ed\u00f1o xa luce o distintivo de Bandeira Azul"},"content":{"rendered":"<p><em><strong>\u2022 Ademais a praia de O Mu\u00ed\u00f1o contar\u00e1 co distintivo de Ecopraia<\/strong><\/em><br \/>\n<em><strong>\u2022 Tam\u00e9n se lle adxudicou o distintivo de \u201cSendeiro Azul\u201d o cami\u00f1o que une a Praia do Mu\u00ed\u00f1o e a Praia de Area Grande<\/strong><\/em><\/p>\n<p>No mes de maio a Asociaci\u00f3n de Educaci\u00f3n Ambiental y del Consumidor (ADEAC), e a rama espa\u00f1ola da Federaci\u00f3n Europea de Educaci\u00f3n Ambiental (FEE) fixeron p\u00fablico o listado de todas as bandeiras azuis que se concederon no territorio espa\u00f1ol para esta tempada de ver\u00e1n.<\/p>\n<p>As praias de \u201cO Mu\u00ed\u00f1o\u201d e \u201cArea Grande\u201d do Concello da Guarda recibiron o distintivo de bandeira azul como reco\u00f1ecemento \u00e1 calidade medio ambiental e aos servizos que ofertan. Ademais concedeuse o \u201cSendeiro Azul\u201d, cami\u00f1o que une estas d\u00faas praias.<\/p>\n<p>O xoves 15 de xullo izouse a Bandeira Azul na Praia do Mu\u00ed\u00f1o tendo que renunciar ao distintivo en Area Grande ao non poder cumplir co compromiso do servizo de socorrismo. Ante a dificultade de completar a plantilla dos socorristas necesaria para dar servizo de salvamento nas d\u00faas praias, acordouse que a praia do Mu\u00ed\u00f1o dispo\u00f1a do servizo de luns a domingo de 12.00 a 20.00h e tentarase atender tam\u00e9n con socorristas a praia de Area Grande sempre que sexa posible durante as fins de semana.<\/p>\n<p>A praia do Mu\u00ed\u00f1o disp\u00f3n dos servizos esixidos por Bandeira Azul como paneis informativos, an\u00e1lise de augas, servizo de limpeza e de recollida de residuos, duchas e aseos, e o servizo de salvamento e socorrismo dende o venres d\u00eda 9 de xullo. Ademais esta praia fluvial est\u00e1 acondicionada para persoas con discapacidade con pasalela accesible e cadeira anfibia que facilita o ba\u00f1o aos usuarios que o soliciten.<\/p>\n<p>O concello da Guarda quere resaltar o esforzo realizado para a s\u00faa concesi\u00f3n no referente o mantemento e mellora das actuaci\u00f3ns e servizos a pesar da dificultade na contrataci\u00f3n dos socorristas.<\/p>\n<p>Ademais volveuse a izar na Praia do Mu\u00ed\u00f1o o distintivo de Ecopraia concedido por ATREGRUS, Asociacion t\u00e9cnica para a xesti\u00f3n de residuos e Medio Ambiente. Este distintivo reco\u00f1ece o esforzo da limpeza manual das praias xa que non se emprega maquinaria que remova a area, e respectar as\u00ed o delicado ecosistema dunar.<\/p>\n","protected":false},"excerpt":{"rendered":"<p>\u2022 Ademais a praia de O Mu\u00ed\u00f1o contar\u00e1 co distintivo de Ecopraia \u2022 Tam\u00e9n se lle adxudicou o distintivo de \u201cSendeiro Azul\u201d o cami\u00f1o que une a Praia do Mu\u00ed\u00f1o e a Praia de Area Grande No mes de maio &hellip; <\/p>\n","protected":false},"author":2,"featured_media":24110,"comment_status":"open","ping_status":"open","sticky":false,"template":"","format":"standard","meta":[],"categories":[56],"tags":[226,1136,1267,229],"yoast_head":"<!-- This site is optimized with the Yoast SEO plugin v21.1 - https:\/\/yoast.com\/wordpress\/plugins\/seo\/ -->\n<title>A praia do Mu\u00ed\u00f1o xa luce o distintivo de Bandeira Azul - Concello da Guarda<\/title>\n<meta name=\"robots\" content=\"index, follow, max-snippet:-1, max-image-preview:large, max-video-preview:-1\" \/>\n<link rel=\"canonical\" href=\"https:\/\/www.aguarda.es\/en\/a-praia-do-muino-xa-luce-o-distintivo-de-bandeira-azul\/\" \/>\n<meta property=\"og:locale\" content=\"en_US\" \/>\n<meta property=\"og:type\" content=\"article\" \/>\n<meta property=\"og:title\" content=\"A praia do Mu\u00ed\u00f1o xa luce o distintivo de Bandeira Azul - Concello da Guarda\" \/>\n<meta property=\"og:description\" content=\"\u2022 Ademais a praia de O Mu\u00ed\u00f1o contar\u00e1 co distintivo de Ecopraia \u2022 Tam\u00e9n se lle adxudicou o distintivo de \u201cSendeiro Azul\u201d o cami\u00f1o que une a Praia do Mu\u00ed\u00f1o e a Praia de Area Grande No mes de maio &hellip;\" \/>\n<meta property=\"og:url\" content=\"https:\/\/www.aguarda.es\/en\/a-praia-do-muino-xa-luce-o-distintivo-de-bandeira-azul\/\" \/>\n<meta property=\"og:site_name\" content=\"Concello da Guarda\" \/>\n<meta property=\"article:publisher\" content=\"https:\/\/www.facebook.com\/ConcellodaGuarda\" \/>\n<meta property=\"article:published_time\" content=\"2021-07-16T10:22:56+00:00\" \/>\n<meta property=\"og:image\" content=\"https:\/\/www.aguarda.es\/wp-content\/uploads\/2021\/07\/NP16072021A-praia-do-Mu\u00ed\u00f1o-xa-luce-o-distintivo-de-Bandeira-Azul.jpg\" \/>\n\t<meta property=\"og:image:width\" content=\"800\" \/>\n\t<meta property=\"og:image:height\" content=\"533\" \/>\n\t<meta property=\"og:image:type\" content=\"image\/jpeg\" \/>\n<meta name=\"author\" content=\"prensa\" \/>\n<meta name=\"twitter:card\" content=\"summary_large_image\" \/>\n<meta name=\"twitter:creator\" content=\"@AGuarda_es\" \/>\n<meta name=\"twitter:site\" content=\"@AGuarda_es\" \/>\n<meta name=\"twitter:label1\" content=\"Written by\" \/>\n\t<meta name=\"twitter:data1\" content=\"prensa\" \/>\n\t<meta name=\"twitter:label2\" content=\"Est. reading time\" \/>\n\t<meta name=\"twitter:data2\" content=\"2 minutes\" \/>\n<script type=\"application\/ld+json\" class=\"yoast-schema-graph\">{\"@context\":\"https:\/\/schema.org\",\"@graph\":[{\"@type\":\"WebPage\",\"@id\":\"https:\/\/www.aguarda.es\/en\/a-praia-do-muino-xa-luce-o-distintivo-de-bandeira-azul\/\",\"url\":\"https:\/\/www.aguarda.es\/en\/a-praia-do-muino-xa-luce-o-distintivo-de-bandeira-azul\/\",\"name\":\"A praia do Mu\u00ed\u00f1o xa luce o distintivo de Bandeira Azul - Concello da Guarda\",\"isPartOf\":{\"@id\":\"https:\/\/www.aguarda.es\/en\/#website\"},\"datePublished\":\"2021-07-16T10:22:56+00:00\",\"dateModified\":\"2021-07-16T10:22:56+00:00\",\"author\":{\"@id\":\"https:\/\/www.aguarda.es\/en\/#\/schema\/person\/c463ca3006858ffb349d11179d044f21\"},\"breadcrumb\":{\"@id\":\"https:\/\/www.aguarda.es\/en\/a-praia-do-muino-xa-luce-o-distintivo-de-bandeira-azul\/#breadcrumb\"},\"inLanguage\":\"en-US\",\"potentialAction\":[{\"@type\":\"ReadAction\",\"target\":[\"https:\/\/www.aguarda.es\/en\/a-praia-do-muino-xa-luce-o-distintivo-de-bandeira-azul\/\"]}]},{\"@type\":\"BreadcrumbList\",\"@id\":\"https:\/\/www.aguarda.es\/en\/a-praia-do-muino-xa-luce-o-distintivo-de-bandeira-azul\/#breadcrumb\",\"itemListElement\":[{\"@type\":\"ListItem\",\"position\":1,\"name\":\"Portada\",\"item\":\"https:\/\/www.aguarda.es\/en\/\"},{\"@type\":\"ListItem\",\"position\":2,\"name\":\"A praia do Mu\u00ed\u00f1o xa luce o distintivo de Bandeira Azul\"}]},{\"@type\":\"WebSite\",\"@id\":\"https:\/\/www.aguarda.es\/en\/#website\",\"url\":\"https:\/\/www.aguarda.es\/en\/\",\"name\":\"Concello da Guarda\",\"description\":\"P\u00e1xina web do concello da Guarda\",\"potentialAction\":[{\"@type\":\"SearchAction\",\"target\":{\"@type\":\"EntryPoint\",\"urlTemplate\":\"https:\/\/www.aguarda.es\/en\/?s={search_term_string}\"},\"query-input\":\"required name=search_term_string\"}],\"inLanguage\":\"en-US\"},{\"@type\":\"Person\",\"@id\":\"https:\/\/www.aguarda.es\/en\/#\/schema\/person\/c463ca3006858ffb349d11179d044f21\",\"name\":\"prensa\",\"image\":{\"@type\":\"ImageObject\",\"inLanguage\":\"en-US\",\"@id\":\"https:\/\/www.aguarda.es\/en\/#\/schema\/person\/image\/\",\"url\":\"https:\/\/secure.gravatar.com\/avatar\/5f90ef536b0f98306edf5c7a1135ffa1?s=96&d=mm&r=g\",\"contentUrl\":\"https:\/\/secure.gravatar.com\/avatar\/5f90ef536b0f98306edf5c7a1135ffa1?s=96&d=mm&r=g\",\"caption\":\"prensa\"},\"url\":\"https:\/\/www.aguarda.es\/en\/author\/prensa\/\"}]}<\/script>\n<!-- \/ Yoast SEO plugin. -->","yoast_head_json":{"title":"A praia do Mu\u00ed\u00f1o xa luce o distintivo de Bandeira Azul - Concello da Guarda","robots":{"index":"index","follow":"follow","max-snippet":"max-snippet:-1","max-image-preview":"max-image-preview:large","max-video-preview":"max-video-preview:-1"},"canonical":"https:\/\/www.aguarda.es\/en\/a-praia-do-muino-xa-luce-o-distintivo-de-bandeira-azul\/","og_locale":"en_US","og_type":"article","og_title":"A praia do Mu\u00ed\u00f1o xa luce o distintivo de Bandeira Azul - Concello da Guarda","og_description":"\u2022 Ademais a praia de O Mu\u00ed\u00f1o contar\u00e1 co distintivo de Ecopraia \u2022 Tam\u00e9n se lle adxudicou o distintivo de \u201cSendeiro Azul\u201d o cami\u00f1o que une a Praia do Mu\u00ed\u00f1o e a Praia de Area Grande No mes de maio &hellip;","og_url":"https:\/\/www.aguarda.es\/en\/a-praia-do-muino-xa-luce-o-distintivo-de-bandeira-azul\/","og_site_name":"Concello da Guarda","article_publisher":"https:\/\/www.facebook.com\/ConcellodaGuarda","article_published_time":"2021-07-16T10:22:56+00:00","og_image":[{"width":800,"height":533,"url":"https:\/\/www.aguarda.es\/wp-content\/uploads\/2021\/07\/NP16072021A-praia-do-Mu\u00ed\u00f1o-xa-luce-o-distintivo-de-Bandeira-Azul.jpg","type":"image\/jpeg"}],"author":"prensa","twitter_card":"summary_large_image","twitter_creator":"@AGuarda_es","twitter_site":"@AGuarda_es","twitter_misc":{"Written by":"prensa","Est. reading time":"2 minutes"},"schema":{"@context":"https:\/\/schema.org","@graph":[{"@type":"WebPage","@id":"https:\/\/www.aguarda.es\/en\/a-praia-do-muino-xa-luce-o-distintivo-de-bandeira-azul\/","url":"https:\/\/www.aguarda.es\/en\/a-praia-do-muino-xa-luce-o-distintivo-de-bandeira-azul\/","name":"A praia do Mu\u00ed\u00f1o xa luce o distintivo de Bandeira Azul - Concello da Guarda","isPartOf":{"@id":"https:\/\/www.aguarda.es\/en\/#website"},"datePublished":"2021-07-16T10:22:56+00:00","dateModified":"2021-07-16T10:22:56+00:00","author":{"@id":"https:\/\/www.aguarda.es\/en\/#\/schema\/person\/c463ca3006858ffb349d11179d044f21"},"breadcrumb":{"@id":"https:\/\/www.aguarda.es\/en\/a-praia-do-muino-xa-luce-o-distintivo-de-bandeira-azul\/#breadcrumb"},"inLanguage":"en-US","potentialAction":[{"@type":"ReadAction","target":["https:\/\/www.aguarda.es\/en\/a-praia-do-muino-xa-luce-o-distintivo-de-bandeira-azul\/"]}]},{"@type":"BreadcrumbList","@id":"https:\/\/www.aguarda.es\/en\/a-praia-do-muino-xa-luce-o-distintivo-de-bandeira-azul\/#breadcrumb","itemListElement":[{"@type":"ListItem","position":1,"name":"Portada","item":"https:\/\/www.aguarda.es\/en\/"},{"@type":"ListItem","position":2,"name":"A praia do Mu\u00ed\u00f1o xa luce o distintivo de Bandeira Azul"}]},{"@type":"WebSite","@id":"https:\/\/www.aguarda.es\/en\/#website","url":"https:\/\/www.aguarda.es\/en\/","name":"Concello da Guarda","description":"P\u00e1xina web do concello da Guarda","potentialAction":[{"@type":"SearchAction","target":{"@type":"EntryPoint","urlTemplate":"https:\/\/www.aguarda.es\/en\/?s={search_term_string}"},"query-input":"required name=search_term_string"}],"inLanguage":"en-US"},{"@type":"Person","@id":"https:\/\/www.aguarda.es\/en\/#\/schema\/person\/c463ca3006858ffb349d11179d044f21","name":"prensa","image":{"@type":"ImageObject","inLanguage":"en-US","@id":"https:\/\/www.aguarda.es\/en\/#\/schema\/person\/image\/","url":"https:\/\/secure.gravatar.com\/avatar\/5f90ef536b0f98306edf5c7a1135ffa1?s=96&d=mm&r=g","contentUrl":"https:\/\/secure.gravatar.com\/avatar\/5f90ef536b0f98306edf5c7a1135ffa1?s=96&d=mm&r=g","caption":"prensa"},"url":"https:\/\/www.aguarda.es\/en\/author\/prensa\/"}]}},"_links":{"self":[{"href":"https:\/\/www.aguarda.es\/en\/wp-json\/wp\/v2\/posts\/24109"}],"collection":[{"href":"https:\/\/www.aguarda.es\/en\/wp-json\/wp\/v2\/posts"}],"about":[{"href":"https:\/\/www.aguarda.es\/en\/wp-json\/wp\/v2\/types\/post"}],"author":[{"embeddable":true,"href":"https:\/\/www.aguarda.es\/en\/wp-json\/wp\/v2\/users\/2"}],"replies":[{"embeddable":true,"href":"https:\/\/www.aguarda.es\/en\/wp-json\/wp\/v2\/comments?post=24109"}],"version-history":[{"count":1,"href":"https:\/\/www.aguarda.es\/en\/wp-json\/wp\/v2\/posts\/24109\/revisions"}],"predecessor-version":[{"id":24112,"href":"https:\/\/www.aguarda.es\/en\/wp-json\/wp\/v2\/posts\/24109\/revisions\/24112"}],"wp:featuredmedia":[{"embeddable":true,"href":"https:\/\/www.aguarda.es\/en\/wp-json\/wp\/v2\/media\/24110"}],"wp:attachment":[{"href":"https:\/\/www.aguarda.es\/en\/wp-json\/wp\/v2\/media?parent=24109"}],"wp:term":[{"taxonomy":"category","embeddable":true,"href":"https:\/\/www.aguarda.es\/en\/wp-json\/wp\/v2\/categories?post=24109"},{"taxonomy":"post_tag","embeddable":true,"href":"https:\/\/www.aguarda.es\/en\/wp-json\/wp\/v2\/tags?post=24109"}],"curies":[{"name":"wp","href":"https:\/\/api.w.org\/{rel}","templated":true}]}}