{"id":24159,"date":"2021-07-21T07:57:30","date_gmt":"2021-07-21T07:57:30","guid":{"rendered":"https:\/\/www.aguarda.es\/?p=24159"},"modified":"2021-07-21T07:57:30","modified_gmt":"2021-07-21T07:57:30","slug":"a-deputacion-expresa-o-seu-apoio-ao-proxecto-da-variante-do-acceso-sur-do-porto-da-guarda","status":"publish","type":"post","link":"https:\/\/www.aguarda.es\/en\/a-deputacion-expresa-o-seu-apoio-ao-proxecto-da-variante-do-acceso-sur-do-porto-da-guarda\/","title":{"rendered":"A Deputaci\u00f3n expresa o seu apoio ao proxecto da variante do acceso sur do Porto da Guarda"},"content":{"rendered":"<p>O alcalde Antonio Lomba recordou que \u00e9 a mellor alternativa de trazado e pedir\u00e1 a implicaci\u00f3n de todas as administraci\u00f3ns nun encontro a tres bandas coa Xunta<\/p>\n<p>A Deputaci\u00f3n disposta a participar na xuntanza que prop\u00f3n o Concello e a avaliar a opci\u00f3n de coparticipar na financiaci\u00f3n a\u00ednda que sexa unha competencia allea<\/p>\n<p>A Deputaci\u00f3n de Pontevedra expresou hoxe o seu apoio ao Concello da Guarda no proxecto da variante do acceso sur do Porto como o mellor trazado posible para unha obra clave no desenvolvemento da vila do Baixo Mi\u00f1o. Nunha reuni\u00f3n celebrada na instituci\u00f3n provincial, \u00e1 que asistiu a presidenta Carmela Silva, o alcalde Antonio Lomba explicou que esta alternativa de trazado \u00e9 a mellor valorada desde todos os puntos de vista, a que escolleu desde un principio o persoal t\u00e9cnico da Deputaci\u00f3n e do Concello, e tendo en conta factores tan importantes como a afecci\u00f3n ao medio humano ou o impacto medioambiental xa que non afectar\u00eda \u00e1s vivendas, nin ao litoral o que permitir\u00e1 manter como principal o uso peonil e ciclista da senda litoral, reducindo o tr\u00e1fico de veh\u00edculos.<\/p>\n<p>O alcalde trasladou \u00e1 Deputaci\u00f3n a necesidade da implicaci\u00f3n da Xunta de Galicia no desenvolvemento deste trazado polo que adiantou que convidar\u00e1 \u00e1s tres administraci\u00f3ns a unha xuntanza para poder avanzar. A presidenta Carmela Silva xa mostrou a disposici\u00f3n da instituci\u00f3n para participar na reuni\u00f3n tripartita e, incluso, \u201ca\u00ednda que non son competencias provinciais, poder\u00edamos avaliar a opci\u00f3n de coparticipar na financiaci\u00f3n ao tratarse dun proxecto clave para o municipio, que cumpre todos os par\u00e1metros do noso modelo de recuperaci\u00f3n de espazo p\u00fablico e mobilidade amable e sustentable. \u201cAmais, recordou, a eliminaci\u00f3n do tr\u00e1fico do centro permitir\u00eda por fin, e como sempre foi a nosa intenci\u00f3n, que a r\u00faa Concepci\u00f3n Arenal que xa humanizamos poida ter un uso preferentemente peonil\u201d.<\/p>\n<p>O proxecto do acceso sur foi redactado pola Deputaci\u00f3n a solicitude do Concello no ano 2018, e actualmente se sigue traballando con Patrimonio desde un punto de vista t\u00e9cnico para adaptalo \u00e1s s\u00faas suxesti\u00f3ns e poder continuar co procedemento, xa que disp\u00f3n do resto dos informes sectoriais. O alcalde guard\u00e9s lembrou que a obra \u00e9 prioritaria cara \u00e1 necesaria reactivaci\u00f3n do Porto, eliminar o tr\u00e1nsito de veh\u00edculos nas r\u00faas do centro e conseguir un bo acceso \u00e1 principal zona tur\u00edstica e de restauraci\u00f3n da Guarda.<\/p>\n","protected":false},"excerpt":{"rendered":"<p>O alcalde Antonio Lomba recordou que \u00e9 a mellor alternativa de trazado e pedir\u00e1 a implicaci\u00f3n de todas as administraci\u00f3ns nun encontro a tres bandas coa Xunta A Deputaci\u00f3n disposta a participar na xuntanza que prop\u00f3n o Concello e a &hellip; <\/p>\n","protected":false},"author":2,"featured_media":24160,"comment_status":"open","ping_status":"open","sticky":false,"template":"","format":"standard","meta":[],"categories":[33],"tags":[226,1748,437,2552,274,443],"yoast_head":"<!-- This site is optimized with the Yoast SEO plugin v21.1 - https:\/\/yoast.com\/wordpress\/plugins\/seo\/ -->\n<title>A Deputaci\u00f3n expresa o seu apoio ao proxecto da variante do acceso sur do Porto da Guarda - Concello da Guarda<\/title>\n<meta name=\"robots\" content=\"index, follow, max-snippet:-1, max-image-preview:large, max-video-preview:-1\" \/>\n<link rel=\"canonical\" href=\"https:\/\/www.aguarda.es\/en\/a-deputacion-expresa-o-seu-apoio-ao-proxecto-da-variante-do-acceso-sur-do-porto-da-guarda\/\" \/>\n<meta property=\"og:locale\" content=\"en_US\" \/>\n<meta property=\"og:type\" content=\"article\" \/>\n<meta property=\"og:title\" content=\"A Deputaci\u00f3n expresa o seu apoio ao proxecto da variante do acceso sur do Porto da Guarda - Concello da Guarda\" \/>\n<meta property=\"og:description\" content=\"O alcalde Antonio Lomba recordou que \u00e9 a mellor alternativa de trazado e pedir\u00e1 a implicaci\u00f3n de todas as administraci\u00f3ns nun encontro a tres bandas coa Xunta A Deputaci\u00f3n disposta a participar na xuntanza que prop\u00f3n o Concello e a &hellip;\" \/>\n<meta property=\"og:url\" content=\"https:\/\/www.aguarda.es\/en\/a-deputacion-expresa-o-seu-apoio-ao-proxecto-da-variante-do-acceso-sur-do-porto-da-guarda\/\" \/>\n<meta property=\"og:site_name\" content=\"Concello da Guarda\" \/>\n<meta property=\"article:publisher\" content=\"https:\/\/www.facebook.com\/ConcellodaGuarda\" \/>\n<meta property=\"article:published_time\" content=\"2021-07-21T07:57:30+00:00\" \/>\n<meta property=\"og:image\" content=\"https:\/\/www.aguarda.es\/wp-content\/uploads\/2021\/07\/FOTO-REUNI\u00d3N-A-GUARDA.jpg\" \/>\n\t<meta property=\"og:image:width\" content=\"800\" \/>\n\t<meta property=\"og:image:height\" content=\"600\" \/>\n\t<meta property=\"og:image:type\" content=\"image\/jpeg\" \/>\n<meta name=\"author\" content=\"prensa\" \/>\n<meta name=\"twitter:card\" content=\"summary_large_image\" \/>\n<meta name=\"twitter:creator\" content=\"@AGuarda_es\" \/>\n<meta name=\"twitter:site\" content=\"@AGuarda_es\" \/>\n<meta name=\"twitter:label1\" content=\"Written by\" \/>\n\t<meta name=\"twitter:data1\" content=\"prensa\" \/>\n\t<meta name=\"twitter:label2\" content=\"Est. reading time\" \/>\n\t<meta name=\"twitter:data2\" content=\"2 minutes\" \/>\n<script type=\"application\/ld+json\" class=\"yoast-schema-graph\">{\"@context\":\"https:\/\/schema.org\",\"@graph\":[{\"@type\":\"WebPage\",\"@id\":\"https:\/\/www.aguarda.es\/en\/a-deputacion-expresa-o-seu-apoio-ao-proxecto-da-variante-do-acceso-sur-do-porto-da-guarda\/\",\"url\":\"https:\/\/www.aguarda.es\/en\/a-deputacion-expresa-o-seu-apoio-ao-proxecto-da-variante-do-acceso-sur-do-porto-da-guarda\/\",\"name\":\"A Deputaci\u00f3n expresa o seu apoio ao proxecto da variante do acceso sur do Porto da Guarda - Concello da Guarda\",\"isPartOf\":{\"@id\":\"https:\/\/www.aguarda.es\/en\/#website\"},\"datePublished\":\"2021-07-21T07:57:30+00:00\",\"dateModified\":\"2021-07-21T07:57:30+00:00\",\"author\":{\"@id\":\"https:\/\/www.aguarda.es\/en\/#\/schema\/person\/c463ca3006858ffb349d11179d044f21\"},\"breadcrumb\":{\"@id\":\"https:\/\/www.aguarda.es\/en\/a-deputacion-expresa-o-seu-apoio-ao-proxecto-da-variante-do-acceso-sur-do-porto-da-guarda\/#breadcrumb\"},\"inLanguage\":\"en-US\",\"potentialAction\":[{\"@type\":\"ReadAction\",\"target\":[\"https:\/\/www.aguarda.es\/en\/a-deputacion-expresa-o-seu-apoio-ao-proxecto-da-variante-do-acceso-sur-do-porto-da-guarda\/\"]}]},{\"@type\":\"BreadcrumbList\",\"@id\":\"https:\/\/www.aguarda.es\/en\/a-deputacion-expresa-o-seu-apoio-ao-proxecto-da-variante-do-acceso-sur-do-porto-da-guarda\/#breadcrumb\",\"itemListElement\":[{\"@type\":\"ListItem\",\"position\":1,\"name\":\"Portada\",\"item\":\"https:\/\/www.aguarda.es\/en\/\"},{\"@type\":\"ListItem\",\"position\":2,\"name\":\"A Deputaci\u00f3n expresa o seu apoio ao proxecto da variante do acceso sur do Porto da Guarda\"}]},{\"@type\":\"WebSite\",\"@id\":\"https:\/\/www.aguarda.es\/en\/#website\",\"url\":\"https:\/\/www.aguarda.es\/en\/\",\"name\":\"Concello da Guarda\",\"description\":\"P\u00e1xina web do concello da Guarda\",\"potentialAction\":[{\"@type\":\"SearchAction\",\"target\":{\"@type\":\"EntryPoint\",\"urlTemplate\":\"https:\/\/www.aguarda.es\/en\/?s={search_term_string}\"},\"query-input\":\"required name=search_term_string\"}],\"inLanguage\":\"en-US\"},{\"@type\":\"Person\",\"@id\":\"https:\/\/www.aguarda.es\/en\/#\/schema\/person\/c463ca3006858ffb349d11179d044f21\",\"name\":\"prensa\",\"image\":{\"@type\":\"ImageObject\",\"inLanguage\":\"en-US\",\"@id\":\"https:\/\/www.aguarda.es\/en\/#\/schema\/person\/image\/\",\"url\":\"https:\/\/secure.gravatar.com\/avatar\/5f90ef536b0f98306edf5c7a1135ffa1?s=96&d=mm&r=g\",\"contentUrl\":\"https:\/\/secure.gravatar.com\/avatar\/5f90ef536b0f98306edf5c7a1135ffa1?s=96&d=mm&r=g\",\"caption\":\"prensa\"},\"url\":\"https:\/\/www.aguarda.es\/en\/author\/prensa\/\"}]}<\/script>\n<!-- \/ Yoast SEO plugin. -->","yoast_head_json":{"title":"A Deputaci\u00f3n expresa o seu apoio ao proxecto da variante do acceso sur do Porto da Guarda - Concello da Guarda","robots":{"index":"index","follow":"follow","max-snippet":"max-snippet:-1","max-image-preview":"max-image-preview:large","max-video-preview":"max-video-preview:-1"},"canonical":"https:\/\/www.aguarda.es\/en\/a-deputacion-expresa-o-seu-apoio-ao-proxecto-da-variante-do-acceso-sur-do-porto-da-guarda\/","og_locale":"en_US","og_type":"article","og_title":"A Deputaci\u00f3n expresa o seu apoio ao proxecto da variante do acceso sur do Porto da Guarda - Concello da Guarda","og_description":"O alcalde Antonio Lomba recordou que \u00e9 a mellor alternativa de trazado e pedir\u00e1 a implicaci\u00f3n de todas as administraci\u00f3ns nun encontro a tres bandas coa Xunta A Deputaci\u00f3n disposta a participar na xuntanza que prop\u00f3n o Concello e a &hellip;","og_url":"https:\/\/www.aguarda.es\/en\/a-deputacion-expresa-o-seu-apoio-ao-proxecto-da-variante-do-acceso-sur-do-porto-da-guarda\/","og_site_name":"Concello da Guarda","article_publisher":"https:\/\/www.facebook.com\/ConcellodaGuarda","article_published_time":"2021-07-21T07:57:30+00:00","og_image":[{"width":800,"height":600,"url":"https:\/\/www.aguarda.es\/wp-content\/uploads\/2021\/07\/FOTO-REUNI\u00d3N-A-GUARDA.jpg","type":"image\/jpeg"}],"author":"prensa","twitter_card":"summary_large_image","twitter_creator":"@AGuarda_es","twitter_site":"@AGuarda_es","twitter_misc":{"Written by":"prensa","Est. reading time":"2 minutes"},"schema":{"@context":"https:\/\/schema.org","@graph":[{"@type":"WebPage","@id":"https:\/\/www.aguarda.es\/en\/a-deputacion-expresa-o-seu-apoio-ao-proxecto-da-variante-do-acceso-sur-do-porto-da-guarda\/","url":"https:\/\/www.aguarda.es\/en\/a-deputacion-expresa-o-seu-apoio-ao-proxecto-da-variante-do-acceso-sur-do-porto-da-guarda\/","name":"A Deputaci\u00f3n expresa o seu apoio ao proxecto da variante do acceso sur do Porto da Guarda - Concello da Guarda","isPartOf":{"@id":"https:\/\/www.aguarda.es\/en\/#website"},"datePublished":"2021-07-21T07:57:30+00:00","dateModified":"2021-07-21T07:57:30+00:00","author":{"@id":"https:\/\/www.aguarda.es\/en\/#\/schema\/person\/c463ca3006858ffb349d11179d044f21"},"breadcrumb":{"@id":"https:\/\/www.aguarda.es\/en\/a-deputacion-expresa-o-seu-apoio-ao-proxecto-da-variante-do-acceso-sur-do-porto-da-guarda\/#breadcrumb"},"inLanguage":"en-US","potentialAction":[{"@type":"ReadAction","target":["https:\/\/www.aguarda.es\/en\/a-deputacion-expresa-o-seu-apoio-ao-proxecto-da-variante-do-acceso-sur-do-porto-da-guarda\/"]}]},{"@type":"BreadcrumbList","@id":"https:\/\/www.aguarda.es\/en\/a-deputacion-expresa-o-seu-apoio-ao-proxecto-da-variante-do-acceso-sur-do-porto-da-guarda\/#breadcrumb","itemListElement":[{"@type":"ListItem","position":1,"name":"Portada","item":"https:\/\/www.aguarda.es\/en\/"},{"@type":"ListItem","position":2,"name":"A Deputaci\u00f3n expresa o seu apoio ao proxecto da variante do acceso sur do Porto da Guarda"}]},{"@type":"WebSite","@id":"https:\/\/www.aguarda.es\/en\/#website","url":"https:\/\/www.aguarda.es\/en\/","name":"Concello da Guarda","description":"P\u00e1xina web do concello da Guarda","potentialAction":[{"@type":"SearchAction","target":{"@type":"EntryPoint","urlTemplate":"https:\/\/www.aguarda.es\/en\/?s={search_term_string}"},"query-input":"required name=search_term_string"}],"inLanguage":"en-US"},{"@type":"Person","@id":"https:\/\/www.aguarda.es\/en\/#\/schema\/person\/c463ca3006858ffb349d11179d044f21","name":"prensa","image":{"@type":"ImageObject","inLanguage":"en-US","@id":"https:\/\/www.aguarda.es\/en\/#\/schema\/person\/image\/","url":"https:\/\/secure.gravatar.com\/avatar\/5f90ef536b0f98306edf5c7a1135ffa1?s=96&d=mm&r=g","contentUrl":"https:\/\/secure.gravatar.com\/avatar\/5f90ef536b0f98306edf5c7a1135ffa1?s=96&d=mm&r=g","caption":"prensa"},"url":"https:\/\/www.aguarda.es\/en\/author\/prensa\/"}]}},"_links":{"self":[{"href":"https:\/\/www.aguarda.es\/en\/wp-json\/wp\/v2\/posts\/24159"}],"collection":[{"href":"https:\/\/www.aguarda.es\/en\/wp-json\/wp\/v2\/posts"}],"about":[{"href":"https:\/\/www.aguarda.es\/en\/wp-json\/wp\/v2\/types\/post"}],"author":[{"embeddable":true,"href":"https:\/\/www.aguarda.es\/en\/wp-json\/wp\/v2\/users\/2"}],"replies":[{"embeddable":true,"href":"https:\/\/www.aguarda.es\/en\/wp-json\/wp\/v2\/comments?post=24159"}],"version-history":[{"count":1,"href":"https:\/\/www.aguarda.es\/en\/wp-json\/wp\/v2\/posts\/24159\/revisions"}],"predecessor-version":[{"id":24162,"href":"https:\/\/www.aguarda.es\/en\/wp-json\/wp\/v2\/posts\/24159\/revisions\/24162"}],"wp:featuredmedia":[{"embeddable":true,"href":"https:\/\/www.aguarda.es\/en\/wp-json\/wp\/v2\/media\/24160"}],"wp:attachment":[{"href":"https:\/\/www.aguarda.es\/en\/wp-json\/wp\/v2\/media?parent=24159"}],"wp:term":[{"taxonomy":"category","embeddable":true,"href":"https:\/\/www.aguarda.es\/en\/wp-json\/wp\/v2\/categories?post=24159"},{"taxonomy":"post_tag","embeddable":true,"href":"https:\/\/www.aguarda.es\/en\/wp-json\/wp\/v2\/tags?post=24159"}],"curies":[{"name":"wp","href":"https:\/\/api.w.org\/{rel}","templated":true}]}}