{"id":24195,"date":"2021-07-26T11:03:59","date_gmt":"2021-07-26T11:03:59","guid":{"rendered":"https:\/\/www.aguarda.es\/?p=24195"},"modified":"2021-07-26T11:03:59","modified_gmt":"2021-07-26T11:03:59","slug":"convocatoria-de-pleno-ordinario-este-venres-na-guarda-2","status":"publish","type":"post","link":"https:\/\/www.aguarda.es\/en\/convocatoria-de-pleno-ordinario-este-venres-na-guarda-2\/","title":{"rendered":"Convocatoria de Pleno Ordinario este venres na Guarda"},"content":{"rendered":"<p><strong>DATOS DA CONVOCATORIA<\/strong><br \/>\nTipo: Convocatoria Ordinaria<br \/>\nData e hora: 30 de xullo de 2021 \u00e1s 20:00<br \/>\nLugar: Casa do Concello<\/p>\n<p><strong>ASUNTOS DA CONVOCATORIA<\/strong><br \/>\n1. Aprobaci\u00f3n da acta da sesi\u00f3n ordinaria celebrada o 28.05.2021<br \/>\n2. Expediente 2158\/2021. DAR CONTA DOS DECRETOS DESDE O 16.05.2021 ATA O 15.07.2021<br \/>\n3. Expediente 1948\/2021. DAR CONTA DOS REPAROS DE INTERVENCI\u00d3N<br \/>\n4. Expediente 510\/2021. PROPOSTA APROBACI\u00d3N CONTA XERAL 2020<br \/>\n5. Expediente 1678\/2021. PROPOSTA APROBACI\u00d3N INICIAL ORDENANZA XERAL REGULADORA DE SUBVENCI\u00d3NS DO CONCELLO DA GUARDA<br \/>\n6. Expediente 2013\/2021.PROPOSTA ADHESI\u00d3N PROTOCOLO XERAL INICIATIVA CONCELLOS DOING BUSINESS<br \/>\n7. Expediente 2082\/2021. PROPOSTA APROBACI\u00d3N PROVISIONAL MODIFICACI\u00d3N ORDENANZA FISCAL IBI<br \/>\n8. Expediente 2083\/2021. PROPOSTA APROBACI\u00d3N PROVISIONAL MODIFICACI\u00d3N ORDENANZA FISCAL IAE<br \/>\n9. Expediente 2084\/2021. PROPOSTA APROBACI\u00d3N PROVISIONAL MODIFICACI\u00d3N ORDENANZA FISCAL ICIO<br \/>\n10. Expediente 47\/2021. PROPOSTA MODIFICACI\u00d3N ORDENANZA E PREZO P\u00daBLICO ALBERGUE MUNICIPAL<br \/>\n11. Expediente 1065\/2020. PROPOSTA DECLARACI\u00d3N UTILIDADE P\u00daBLICA TERCEIRA FASE OBRA SAN XEROME EMILIANI<br \/>\n12. Expediente 1819\/2021. PROPOSTA DECLARACI\u00d3N UTILIDADE P\u00daBLICA FASE CUARTA DA OBRA DE RENOVACI\u00d3N CENTRO SAN XEROME EMILIANI<br \/>\n13. Expediente 2797\/2019. PROPOSTA APROBACI\u00d3N PROVISIONAL MODIFICACI\u00d3N PUNTUAL N\u00daMERO 6 DO PXOM DO CONCELLO DA GUARDA<br \/>\n14. Expediente 2156\/2021. MOCI\u00d3N PRESENTADA POLA ASOCIACI\u00d3N TRANS MI\u00d1O (2021-E-RE-2200) E ASUMIDA POLO GRUPO MUNICIPAL DE CONVERXENCIA GALEGA<br \/>\n15. Expediente 2157\/2021. MOCI\u00d3N PRESENTADA POLA COMUNIDADE DE MONTES VECI\u00d1AIS EN MAN COM\u00daN DE SALCIDOS (2021-E-RE-2248) E ASUMIDA POR TODOS OS GRUPOS MUNICIPAIS<br \/>\n16. ROGOS E PREGUNTAS<\/p>\n","protected":false},"excerpt":{"rendered":"<p>DATOS DA CONVOCATORIA Tipo: Convocatoria Ordinaria Data e hora: 30 de xullo de 2021 \u00e1s 20:00 Lugar: Casa do Concello ASUNTOS DA CONVOCATORIA 1. Aprobaci\u00f3n da acta da sesi\u00f3n ordinaria celebrada o 28.05.2021 2. Expediente 2158\/2021. DAR CONTA DOS DECRETOS &hellip; <\/p>\n","protected":false},"author":2,"featured_media":24196,"comment_status":"open","ping_status":"open","sticky":false,"template":"","format":"standard","meta":[],"categories":[33],"tags":[226,2554,1329,1956],"yoast_head":"<!-- This site is optimized with the Yoast SEO plugin v21.1 - https:\/\/yoast.com\/wordpress\/plugins\/seo\/ -->\n<title>Convocatoria de Pleno Ordinario este venres na Guarda - Concello da Guarda<\/title>\n<meta name=\"robots\" content=\"index, follow, max-snippet:-1, max-image-preview:large, max-video-preview:-1\" \/>\n<link rel=\"canonical\" href=\"https:\/\/www.aguarda.es\/en\/convocatoria-de-pleno-ordinario-este-venres-na-guarda-2\/\" \/>\n<meta property=\"og:locale\" content=\"en_US\" \/>\n<meta property=\"og:type\" content=\"article\" \/>\n<meta property=\"og:title\" content=\"Convocatoria de Pleno Ordinario este venres na Guarda - Concello da Guarda\" \/>\n<meta property=\"og:description\" content=\"DATOS DA CONVOCATORIA Tipo: Convocatoria Ordinaria Data e hora: 30 de xullo de 2021 \u00e1s 20:00 Lugar: Casa do Concello ASUNTOS DA CONVOCATORIA 1. Aprobaci\u00f3n da acta da sesi\u00f3n ordinaria celebrada o 28.05.2021 2. Expediente 2158\/2021. DAR CONTA DOS DECRETOS &hellip;\" \/>\n<meta property=\"og:url\" content=\"https:\/\/www.aguarda.es\/en\/convocatoria-de-pleno-ordinario-este-venres-na-guarda-2\/\" \/>\n<meta property=\"og:site_name\" content=\"Concello da Guarda\" \/>\n<meta property=\"article:publisher\" content=\"https:\/\/www.facebook.com\/ConcellodaGuarda\" \/>\n<meta property=\"article:published_time\" content=\"2021-07-26T11:03:59+00:00\" \/>\n<meta property=\"og:image\" content=\"https:\/\/www.aguarda.es\/wp-content\/uploads\/2021\/07\/PLENO-ORDINARIO-xullo-2021.jpg\" \/>\n\t<meta property=\"og:image:width\" content=\"800\" \/>\n\t<meta property=\"og:image:height\" content=\"800\" \/>\n\t<meta property=\"og:image:type\" content=\"image\/jpeg\" \/>\n<meta name=\"author\" content=\"prensa\" \/>\n<meta name=\"twitter:card\" content=\"summary_large_image\" \/>\n<meta name=\"twitter:creator\" content=\"@AGuarda_es\" \/>\n<meta name=\"twitter:site\" content=\"@AGuarda_es\" \/>\n<meta name=\"twitter:label1\" content=\"Written by\" \/>\n\t<meta name=\"twitter:data1\" content=\"prensa\" \/>\n\t<meta name=\"twitter:label2\" content=\"Est. reading time\" \/>\n\t<meta name=\"twitter:data2\" content=\"1 minute\" \/>\n<script type=\"application\/ld+json\" class=\"yoast-schema-graph\">{\"@context\":\"https:\/\/schema.org\",\"@graph\":[{\"@type\":\"WebPage\",\"@id\":\"https:\/\/www.aguarda.es\/en\/convocatoria-de-pleno-ordinario-este-venres-na-guarda-2\/\",\"url\":\"https:\/\/www.aguarda.es\/en\/convocatoria-de-pleno-ordinario-este-venres-na-guarda-2\/\",\"name\":\"Convocatoria de Pleno Ordinario este venres na Guarda - Concello da Guarda\",\"isPartOf\":{\"@id\":\"https:\/\/www.aguarda.es\/en\/#website\"},\"datePublished\":\"2021-07-26T11:03:59+00:00\",\"dateModified\":\"2021-07-26T11:03:59+00:00\",\"author\":{\"@id\":\"https:\/\/www.aguarda.es\/en\/#\/schema\/person\/c463ca3006858ffb349d11179d044f21\"},\"breadcrumb\":{\"@id\":\"https:\/\/www.aguarda.es\/en\/convocatoria-de-pleno-ordinario-este-venres-na-guarda-2\/#breadcrumb\"},\"inLanguage\":\"en-US\",\"potentialAction\":[{\"@type\":\"ReadAction\",\"target\":[\"https:\/\/www.aguarda.es\/en\/convocatoria-de-pleno-ordinario-este-venres-na-guarda-2\/\"]}]},{\"@type\":\"BreadcrumbList\",\"@id\":\"https:\/\/www.aguarda.es\/en\/convocatoria-de-pleno-ordinario-este-venres-na-guarda-2\/#breadcrumb\",\"itemListElement\":[{\"@type\":\"ListItem\",\"position\":1,\"name\":\"Portada\",\"item\":\"https:\/\/www.aguarda.es\/en\/\"},{\"@type\":\"ListItem\",\"position\":2,\"name\":\"Convocatoria de Pleno Ordinario este venres na Guarda\"}]},{\"@type\":\"WebSite\",\"@id\":\"https:\/\/www.aguarda.es\/en\/#website\",\"url\":\"https:\/\/www.aguarda.es\/en\/\",\"name\":\"Concello da Guarda\",\"description\":\"P\u00e1xina web do concello da Guarda\",\"potentialAction\":[{\"@type\":\"SearchAction\",\"target\":{\"@type\":\"EntryPoint\",\"urlTemplate\":\"https:\/\/www.aguarda.es\/en\/?s={search_term_string}\"},\"query-input\":\"required name=search_term_string\"}],\"inLanguage\":\"en-US\"},{\"@type\":\"Person\",\"@id\":\"https:\/\/www.aguarda.es\/en\/#\/schema\/person\/c463ca3006858ffb349d11179d044f21\",\"name\":\"prensa\",\"image\":{\"@type\":\"ImageObject\",\"inLanguage\":\"en-US\",\"@id\":\"https:\/\/www.aguarda.es\/en\/#\/schema\/person\/image\/\",\"url\":\"https:\/\/secure.gravatar.com\/avatar\/5f90ef536b0f98306edf5c7a1135ffa1?s=96&d=mm&r=g\",\"contentUrl\":\"https:\/\/secure.gravatar.com\/avatar\/5f90ef536b0f98306edf5c7a1135ffa1?s=96&d=mm&r=g\",\"caption\":\"prensa\"},\"url\":\"https:\/\/www.aguarda.es\/en\/author\/prensa\/\"}]}<\/script>\n<!-- \/ Yoast SEO plugin. -->","yoast_head_json":{"title":"Convocatoria de Pleno Ordinario este venres na Guarda - Concello da Guarda","robots":{"index":"index","follow":"follow","max-snippet":"max-snippet:-1","max-image-preview":"max-image-preview:large","max-video-preview":"max-video-preview:-1"},"canonical":"https:\/\/www.aguarda.es\/en\/convocatoria-de-pleno-ordinario-este-venres-na-guarda-2\/","og_locale":"en_US","og_type":"article","og_title":"Convocatoria de Pleno Ordinario este venres na Guarda - Concello da Guarda","og_description":"DATOS DA CONVOCATORIA Tipo: Convocatoria Ordinaria Data e hora: 30 de xullo de 2021 \u00e1s 20:00 Lugar: Casa do Concello ASUNTOS DA CONVOCATORIA 1. Aprobaci\u00f3n da acta da sesi\u00f3n ordinaria celebrada o 28.05.2021 2. Expediente 2158\/2021. DAR CONTA DOS DECRETOS &hellip;","og_url":"https:\/\/www.aguarda.es\/en\/convocatoria-de-pleno-ordinario-este-venres-na-guarda-2\/","og_site_name":"Concello da Guarda","article_publisher":"https:\/\/www.facebook.com\/ConcellodaGuarda","article_published_time":"2021-07-26T11:03:59+00:00","og_image":[{"width":800,"height":800,"url":"https:\/\/www.aguarda.es\/wp-content\/uploads\/2021\/07\/PLENO-ORDINARIO-xullo-2021.jpg","type":"image\/jpeg"}],"author":"prensa","twitter_card":"summary_large_image","twitter_creator":"@AGuarda_es","twitter_site":"@AGuarda_es","twitter_misc":{"Written by":"prensa","Est. reading time":"1 minute"},"schema":{"@context":"https:\/\/schema.org","@graph":[{"@type":"WebPage","@id":"https:\/\/www.aguarda.es\/en\/convocatoria-de-pleno-ordinario-este-venres-na-guarda-2\/","url":"https:\/\/www.aguarda.es\/en\/convocatoria-de-pleno-ordinario-este-venres-na-guarda-2\/","name":"Convocatoria de Pleno Ordinario este venres na Guarda - Concello da Guarda","isPartOf":{"@id":"https:\/\/www.aguarda.es\/en\/#website"},"datePublished":"2021-07-26T11:03:59+00:00","dateModified":"2021-07-26T11:03:59+00:00","author":{"@id":"https:\/\/www.aguarda.es\/en\/#\/schema\/person\/c463ca3006858ffb349d11179d044f21"},"breadcrumb":{"@id":"https:\/\/www.aguarda.es\/en\/convocatoria-de-pleno-ordinario-este-venres-na-guarda-2\/#breadcrumb"},"inLanguage":"en-US","potentialAction":[{"@type":"ReadAction","target":["https:\/\/www.aguarda.es\/en\/convocatoria-de-pleno-ordinario-este-venres-na-guarda-2\/"]}]},{"@type":"BreadcrumbList","@id":"https:\/\/www.aguarda.es\/en\/convocatoria-de-pleno-ordinario-este-venres-na-guarda-2\/#breadcrumb","itemListElement":[{"@type":"ListItem","position":1,"name":"Portada","item":"https:\/\/www.aguarda.es\/en\/"},{"@type":"ListItem","position":2,"name":"Convocatoria de Pleno Ordinario este venres na Guarda"}]},{"@type":"WebSite","@id":"https:\/\/www.aguarda.es\/en\/#website","url":"https:\/\/www.aguarda.es\/en\/","name":"Concello da Guarda","description":"P\u00e1xina web do concello da Guarda","potentialAction":[{"@type":"SearchAction","target":{"@type":"EntryPoint","urlTemplate":"https:\/\/www.aguarda.es\/en\/?s={search_term_string}"},"query-input":"required name=search_term_string"}],"inLanguage":"en-US"},{"@type":"Person","@id":"https:\/\/www.aguarda.es\/en\/#\/schema\/person\/c463ca3006858ffb349d11179d044f21","name":"prensa","image":{"@type":"ImageObject","inLanguage":"en-US","@id":"https:\/\/www.aguarda.es\/en\/#\/schema\/person\/image\/","url":"https:\/\/secure.gravatar.com\/avatar\/5f90ef536b0f98306edf5c7a1135ffa1?s=96&d=mm&r=g","contentUrl":"https:\/\/secure.gravatar.com\/avatar\/5f90ef536b0f98306edf5c7a1135ffa1?s=96&d=mm&r=g","caption":"prensa"},"url":"https:\/\/www.aguarda.es\/en\/author\/prensa\/"}]}},"_links":{"self":[{"href":"https:\/\/www.aguarda.es\/en\/wp-json\/wp\/v2\/posts\/24195"}],"collection":[{"href":"https:\/\/www.aguarda.es\/en\/wp-json\/wp\/v2\/posts"}],"about":[{"href":"https:\/\/www.aguarda.es\/en\/wp-json\/wp\/v2\/types\/post"}],"author":[{"embeddable":true,"href":"https:\/\/www.aguarda.es\/en\/wp-json\/wp\/v2\/users\/2"}],"replies":[{"embeddable":true,"href":"https:\/\/www.aguarda.es\/en\/wp-json\/wp\/v2\/comments?post=24195"}],"version-history":[{"count":1,"href":"https:\/\/www.aguarda.es\/en\/wp-json\/wp\/v2\/posts\/24195\/revisions"}],"predecessor-version":[{"id":24198,"href":"https:\/\/www.aguarda.es\/en\/wp-json\/wp\/v2\/posts\/24195\/revisions\/24198"}],"wp:featuredmedia":[{"embeddable":true,"href":"https:\/\/www.aguarda.es\/en\/wp-json\/wp\/v2\/media\/24196"}],"wp:attachment":[{"href":"https:\/\/www.aguarda.es\/en\/wp-json\/wp\/v2\/media?parent=24195"}],"wp:term":[{"taxonomy":"category","embeddable":true,"href":"https:\/\/www.aguarda.es\/en\/wp-json\/wp\/v2\/categories?post=24195"},{"taxonomy":"post_tag","embeddable":true,"href":"https:\/\/www.aguarda.es\/en\/wp-json\/wp\/v2\/tags?post=24195"}],"curies":[{"name":"wp","href":"https:\/\/api.w.org\/{rel}","templated":true}]}}