{"id":24254,"date":"2021-08-04T07:44:45","date_gmt":"2021-08-04T07:44:45","guid":{"rendered":"https:\/\/www.aguarda.es\/?p=24254"},"modified":"2021-08-04T07:44:45","modified_gmt":"2021-08-04T07:44:45","slug":"suspendense-as-celebracions-tradicionais-das-festas-do-monte-debido-a-incidencia-da-crise-sanitaria-no-municipio-de-a-guarda","status":"publish","type":"post","link":"https:\/\/www.aguarda.es\/en\/suspendense-as-celebracions-tradicionais-das-festas-do-monte-debido-a-incidencia-da-crise-sanitaria-no-municipio-de-a-guarda\/","title":{"rendered":"Susp\u00e9ndense as celebraci\u00f3ns tradicionais das Festas do Monte debido \u00e1 incidencia da crise sanitaria no municipio de A Guarda"},"content":{"rendered":"<p><strong><em>\u2022 Representantes municipais da Polic\u00eda Local, da Garda Civil e da Subdelegaci\u00f3n do Goberno participaron esta ma\u00f1\u00e1 na Xunta Local de Seguridade celebrada co obxectivo de establecer os protocolos de colaboraci\u00f3n e seguridade durante a pr\u00f3xima semana festiva.<\/em><\/strong><br \/>\nA Subdelegaci\u00f3n do Goberno v\u00e9n de informar dos criterios de actuaci\u00f3n e colaboraci\u00f3n entre a Polic\u00eda Local e a Garda Civil durante as Festas do Monte de A Guarda, tras a celebraci\u00f3n dunha Xunta Local de Seguridade na que participaron representantes da corporaci\u00f3n municipal, da polic\u00eda local, da Garda Civil e da propia Subdelegaci\u00f3n do Goberno co obxectivo de establecer os criterios de seguridade durante esta semana festiva.<br \/>\nTal e como xa avanzara o alcalde de A Guarda, Antonio Lomba, a celebraci\u00f3n destas festas ter\u00e1 este ano un car\u00e1cter reducido debido \u00e1 incidencia da crise sanitaria na localidade, en risco alto segundo as \u00faltimas restrici\u00f3ns aprobadas pola Xunta de Galicia. Deste xeito, as festas limit\u00e1ranse a actuaci\u00f3ns de animaci\u00f3n na r\u00faa e ao peche do centro da vila de 21 h a 01 h, co obxectivo de que a xente poida disfrutar tranquilamente das actividades musicais programadas, as\u00ed como da hostalar\u00eda.<br \/>\nO domingo, d\u00eda da tradicional subida ao Tegra, non poder\u00e1 accederse ao monte, cuxos accesos permanecer\u00e1n pechados desde a noite do s\u00e1bado. As\u00ed mesmo, queda suspendido o gran desfile de bandas mari\u00f1eiras, as\u00ed como a tirada de fogos pirot\u00e9cnicos desde o porto.<br \/>\nPola s\u00faa banda, Polic\u00eda Local e Garda Civil prestar\u00e1n especial atenci\u00f3n e vixilancia \u00e1 posible celebraci\u00f3n de botell\u00f3ns. Para evitar as agrupaci\u00f3ns de xente e o consumo de bebidas alcoh\u00f3licas na v\u00eda p\u00fablica, sinalizaranse e prohibiranse os accesos a aquelas \u00e1reas nas que tradicionalmente adoita concentrarse a mocidade para beber. Ademais, a agrupaci\u00f3n de Tr\u00e1fico da Garda Civil reforzar\u00e1 a vixilancia de consumo de drogas e alcohol ao volante coa realizaci\u00f3n de controis m\u00f3biles. Esta medida ten ademais un obxectivo disuasorio ante a posible chegada de xente doutras zonas para participar nos botell\u00f3ns.<br \/>\nO alcalde incidiu na m\u00e1xima colaboraci\u00f3n ofrecida polas bandas e apelou \u00e1 responsabilidade individual durante estes d\u00edas festivos. Os integrantes da Xunta Local de Seguridade fixeron tam\u00e9n un chamamento \u00e1 veci\u00f1anza para maximizar as medidas de protecci\u00f3n fronte ao virus co obxectivo de gozar con seguridade de todos os actos programados.<\/p>\n","protected":false},"excerpt":{"rendered":"<p>\u2022 Representantes municipais da Polic\u00eda Local, da Garda Civil e da Subdelegaci\u00f3n do Goberno participaron esta ma\u00f1\u00e1 na Xunta Local de Seguridade celebrada co obxectivo de establecer os protocolos de colaboraci\u00f3n e seguridade durante a pr\u00f3xima semana festiva. A Subdelegaci\u00f3n &hellip; <\/p>\n","protected":false},"author":2,"featured_media":24255,"comment_status":"open","ping_status":"open","sticky":false,"template":"","format":"standard","meta":[],"categories":[33],"tags":[226,2559,2560],"yoast_head":"<!-- This site is optimized with the Yoast SEO plugin v21.1 - https:\/\/yoast.com\/wordpress\/plugins\/seo\/ -->\n<title>Susp\u00e9ndense as celebraci\u00f3ns tradicionais das Festas do Monte debido \u00e1 incidencia da crise sanitaria no municipio de A Guarda - Concello da Guarda<\/title>\n<meta name=\"robots\" content=\"index, follow, max-snippet:-1, max-image-preview:large, max-video-preview:-1\" \/>\n<link rel=\"canonical\" href=\"https:\/\/www.aguarda.es\/en\/suspendense-as-celebracions-tradicionais-das-festas-do-monte-debido-a-incidencia-da-crise-sanitaria-no-municipio-de-a-guarda\/\" \/>\n<meta property=\"og:locale\" content=\"en_US\" \/>\n<meta property=\"og:type\" content=\"article\" \/>\n<meta property=\"og:title\" content=\"Susp\u00e9ndense as celebraci\u00f3ns tradicionais das Festas do Monte debido \u00e1 incidencia da crise sanitaria no municipio de A Guarda - Concello da Guarda\" \/>\n<meta property=\"og:description\" content=\"\u2022 Representantes municipais da Polic\u00eda Local, da Garda Civil e da Subdelegaci\u00f3n do Goberno participaron esta ma\u00f1\u00e1 na Xunta Local de Seguridade celebrada co obxectivo de establecer os protocolos de colaboraci\u00f3n e seguridade durante a pr\u00f3xima semana festiva. A Subdelegaci\u00f3n &hellip;\" \/>\n<meta property=\"og:url\" content=\"https:\/\/www.aguarda.es\/en\/suspendense-as-celebracions-tradicionais-das-festas-do-monte-debido-a-incidencia-da-crise-sanitaria-no-municipio-de-a-guarda\/\" \/>\n<meta property=\"og:site_name\" content=\"Concello da Guarda\" \/>\n<meta property=\"article:publisher\" content=\"https:\/\/www.facebook.com\/ConcellodaGuarda\" \/>\n<meta property=\"article:published_time\" content=\"2021-08-04T07:44:45+00:00\" \/>\n<meta property=\"og:image\" content=\"https:\/\/www.aguarda.es\/wp-content\/uploads\/2021\/08\/20210803_SP_NdP_XLS-A-Guarda_COMP.jpg\" \/>\n\t<meta property=\"og:image:width\" content=\"800\" \/>\n\t<meta property=\"og:image:height\" content=\"494\" \/>\n\t<meta property=\"og:image:type\" content=\"image\/jpeg\" \/>\n<meta name=\"author\" content=\"prensa\" \/>\n<meta name=\"twitter:card\" content=\"summary_large_image\" \/>\n<meta name=\"twitter:creator\" content=\"@AGuarda_es\" \/>\n<meta name=\"twitter:site\" content=\"@AGuarda_es\" \/>\n<meta name=\"twitter:label1\" content=\"Written by\" \/>\n\t<meta name=\"twitter:data1\" content=\"prensa\" \/>\n\t<meta name=\"twitter:label2\" content=\"Est. reading time\" \/>\n\t<meta name=\"twitter:data2\" content=\"2 minutes\" \/>\n<script type=\"application\/ld+json\" class=\"yoast-schema-graph\">{\"@context\":\"https:\/\/schema.org\",\"@graph\":[{\"@type\":\"WebPage\",\"@id\":\"https:\/\/www.aguarda.es\/en\/suspendense-as-celebracions-tradicionais-das-festas-do-monte-debido-a-incidencia-da-crise-sanitaria-no-municipio-de-a-guarda\/\",\"url\":\"https:\/\/www.aguarda.es\/en\/suspendense-as-celebracions-tradicionais-das-festas-do-monte-debido-a-incidencia-da-crise-sanitaria-no-municipio-de-a-guarda\/\",\"name\":\"Susp\u00e9ndense as celebraci\u00f3ns tradicionais das Festas do Monte debido \u00e1 incidencia da crise sanitaria no municipio de A Guarda - Concello da Guarda\",\"isPartOf\":{\"@id\":\"https:\/\/www.aguarda.es\/en\/#website\"},\"datePublished\":\"2021-08-04T07:44:45+00:00\",\"dateModified\":\"2021-08-04T07:44:45+00:00\",\"author\":{\"@id\":\"https:\/\/www.aguarda.es\/en\/#\/schema\/person\/c463ca3006858ffb349d11179d044f21\"},\"breadcrumb\":{\"@id\":\"https:\/\/www.aguarda.es\/en\/suspendense-as-celebracions-tradicionais-das-festas-do-monte-debido-a-incidencia-da-crise-sanitaria-no-municipio-de-a-guarda\/#breadcrumb\"},\"inLanguage\":\"en-US\",\"potentialAction\":[{\"@type\":\"ReadAction\",\"target\":[\"https:\/\/www.aguarda.es\/en\/suspendense-as-celebracions-tradicionais-das-festas-do-monte-debido-a-incidencia-da-crise-sanitaria-no-municipio-de-a-guarda\/\"]}]},{\"@type\":\"BreadcrumbList\",\"@id\":\"https:\/\/www.aguarda.es\/en\/suspendense-as-celebracions-tradicionais-das-festas-do-monte-debido-a-incidencia-da-crise-sanitaria-no-municipio-de-a-guarda\/#breadcrumb\",\"itemListElement\":[{\"@type\":\"ListItem\",\"position\":1,\"name\":\"Portada\",\"item\":\"https:\/\/www.aguarda.es\/en\/\"},{\"@type\":\"ListItem\",\"position\":2,\"name\":\"Susp\u00e9ndense as celebraci\u00f3ns tradicionais das Festas do Monte debido \u00e1 incidencia da crise sanitaria no municipio de A Guarda\"}]},{\"@type\":\"WebSite\",\"@id\":\"https:\/\/www.aguarda.es\/en\/#website\",\"url\":\"https:\/\/www.aguarda.es\/en\/\",\"name\":\"Concello da Guarda\",\"description\":\"P\u00e1xina web do concello da Guarda\",\"potentialAction\":[{\"@type\":\"SearchAction\",\"target\":{\"@type\":\"EntryPoint\",\"urlTemplate\":\"https:\/\/www.aguarda.es\/en\/?s={search_term_string}\"},\"query-input\":\"required name=search_term_string\"}],\"inLanguage\":\"en-US\"},{\"@type\":\"Person\",\"@id\":\"https:\/\/www.aguarda.es\/en\/#\/schema\/person\/c463ca3006858ffb349d11179d044f21\",\"name\":\"prensa\",\"image\":{\"@type\":\"ImageObject\",\"inLanguage\":\"en-US\",\"@id\":\"https:\/\/www.aguarda.es\/en\/#\/schema\/person\/image\/\",\"url\":\"https:\/\/secure.gravatar.com\/avatar\/5f90ef536b0f98306edf5c7a1135ffa1?s=96&d=mm&r=g\",\"contentUrl\":\"https:\/\/secure.gravatar.com\/avatar\/5f90ef536b0f98306edf5c7a1135ffa1?s=96&d=mm&r=g\",\"caption\":\"prensa\"},\"url\":\"https:\/\/www.aguarda.es\/en\/author\/prensa\/\"}]}<\/script>\n<!-- \/ Yoast SEO plugin. -->","yoast_head_json":{"title":"Susp\u00e9ndense as celebraci\u00f3ns tradicionais das Festas do Monte debido \u00e1 incidencia da crise sanitaria no municipio de A Guarda - Concello da Guarda","robots":{"index":"index","follow":"follow","max-snippet":"max-snippet:-1","max-image-preview":"max-image-preview:large","max-video-preview":"max-video-preview:-1"},"canonical":"https:\/\/www.aguarda.es\/en\/suspendense-as-celebracions-tradicionais-das-festas-do-monte-debido-a-incidencia-da-crise-sanitaria-no-municipio-de-a-guarda\/","og_locale":"en_US","og_type":"article","og_title":"Susp\u00e9ndense as celebraci\u00f3ns tradicionais das Festas do Monte debido \u00e1 incidencia da crise sanitaria no municipio de A Guarda - Concello da Guarda","og_description":"\u2022 Representantes municipais da Polic\u00eda Local, da Garda Civil e da Subdelegaci\u00f3n do Goberno participaron esta ma\u00f1\u00e1 na Xunta Local de Seguridade celebrada co obxectivo de establecer os protocolos de colaboraci\u00f3n e seguridade durante a pr\u00f3xima semana festiva. A Subdelegaci\u00f3n &hellip;","og_url":"https:\/\/www.aguarda.es\/en\/suspendense-as-celebracions-tradicionais-das-festas-do-monte-debido-a-incidencia-da-crise-sanitaria-no-municipio-de-a-guarda\/","og_site_name":"Concello da Guarda","article_publisher":"https:\/\/www.facebook.com\/ConcellodaGuarda","article_published_time":"2021-08-04T07:44:45+00:00","og_image":[{"width":800,"height":494,"url":"https:\/\/www.aguarda.es\/wp-content\/uploads\/2021\/08\/20210803_SP_NdP_XLS-A-Guarda_COMP.jpg","type":"image\/jpeg"}],"author":"prensa","twitter_card":"summary_large_image","twitter_creator":"@AGuarda_es","twitter_site":"@AGuarda_es","twitter_misc":{"Written by":"prensa","Est. reading time":"2 minutes"},"schema":{"@context":"https:\/\/schema.org","@graph":[{"@type":"WebPage","@id":"https:\/\/www.aguarda.es\/en\/suspendense-as-celebracions-tradicionais-das-festas-do-monte-debido-a-incidencia-da-crise-sanitaria-no-municipio-de-a-guarda\/","url":"https:\/\/www.aguarda.es\/en\/suspendense-as-celebracions-tradicionais-das-festas-do-monte-debido-a-incidencia-da-crise-sanitaria-no-municipio-de-a-guarda\/","name":"Susp\u00e9ndense as celebraci\u00f3ns tradicionais das Festas do Monte debido \u00e1 incidencia da crise sanitaria no municipio de A Guarda - Concello da Guarda","isPartOf":{"@id":"https:\/\/www.aguarda.es\/en\/#website"},"datePublished":"2021-08-04T07:44:45+00:00","dateModified":"2021-08-04T07:44:45+00:00","author":{"@id":"https:\/\/www.aguarda.es\/en\/#\/schema\/person\/c463ca3006858ffb349d11179d044f21"},"breadcrumb":{"@id":"https:\/\/www.aguarda.es\/en\/suspendense-as-celebracions-tradicionais-das-festas-do-monte-debido-a-incidencia-da-crise-sanitaria-no-municipio-de-a-guarda\/#breadcrumb"},"inLanguage":"en-US","potentialAction":[{"@type":"ReadAction","target":["https:\/\/www.aguarda.es\/en\/suspendense-as-celebracions-tradicionais-das-festas-do-monte-debido-a-incidencia-da-crise-sanitaria-no-municipio-de-a-guarda\/"]}]},{"@type":"BreadcrumbList","@id":"https:\/\/www.aguarda.es\/en\/suspendense-as-celebracions-tradicionais-das-festas-do-monte-debido-a-incidencia-da-crise-sanitaria-no-municipio-de-a-guarda\/#breadcrumb","itemListElement":[{"@type":"ListItem","position":1,"name":"Portada","item":"https:\/\/www.aguarda.es\/en\/"},{"@type":"ListItem","position":2,"name":"Susp\u00e9ndense as celebraci\u00f3ns tradicionais das Festas do Monte debido \u00e1 incidencia da crise sanitaria no municipio de A Guarda"}]},{"@type":"WebSite","@id":"https:\/\/www.aguarda.es\/en\/#website","url":"https:\/\/www.aguarda.es\/en\/","name":"Concello da Guarda","description":"P\u00e1xina web do concello da Guarda","potentialAction":[{"@type":"SearchAction","target":{"@type":"EntryPoint","urlTemplate":"https:\/\/www.aguarda.es\/en\/?s={search_term_string}"},"query-input":"required name=search_term_string"}],"inLanguage":"en-US"},{"@type":"Person","@id":"https:\/\/www.aguarda.es\/en\/#\/schema\/person\/c463ca3006858ffb349d11179d044f21","name":"prensa","image":{"@type":"ImageObject","inLanguage":"en-US","@id":"https:\/\/www.aguarda.es\/en\/#\/schema\/person\/image\/","url":"https:\/\/secure.gravatar.com\/avatar\/5f90ef536b0f98306edf5c7a1135ffa1?s=96&d=mm&r=g","contentUrl":"https:\/\/secure.gravatar.com\/avatar\/5f90ef536b0f98306edf5c7a1135ffa1?s=96&d=mm&r=g","caption":"prensa"},"url":"https:\/\/www.aguarda.es\/en\/author\/prensa\/"}]}},"_links":{"self":[{"href":"https:\/\/www.aguarda.es\/en\/wp-json\/wp\/v2\/posts\/24254"}],"collection":[{"href":"https:\/\/www.aguarda.es\/en\/wp-json\/wp\/v2\/posts"}],"about":[{"href":"https:\/\/www.aguarda.es\/en\/wp-json\/wp\/v2\/types\/post"}],"author":[{"embeddable":true,"href":"https:\/\/www.aguarda.es\/en\/wp-json\/wp\/v2\/users\/2"}],"replies":[{"embeddable":true,"href":"https:\/\/www.aguarda.es\/en\/wp-json\/wp\/v2\/comments?post=24254"}],"version-history":[{"count":1,"href":"https:\/\/www.aguarda.es\/en\/wp-json\/wp\/v2\/posts\/24254\/revisions"}],"predecessor-version":[{"id":24257,"href":"https:\/\/www.aguarda.es\/en\/wp-json\/wp\/v2\/posts\/24254\/revisions\/24257"}],"wp:featuredmedia":[{"embeddable":true,"href":"https:\/\/www.aguarda.es\/en\/wp-json\/wp\/v2\/media\/24255"}],"wp:attachment":[{"href":"https:\/\/www.aguarda.es\/en\/wp-json\/wp\/v2\/media?parent=24254"}],"wp:term":[{"taxonomy":"category","embeddable":true,"href":"https:\/\/www.aguarda.es\/en\/wp-json\/wp\/v2\/categories?post=24254"},{"taxonomy":"post_tag","embeddable":true,"href":"https:\/\/www.aguarda.es\/en\/wp-json\/wp\/v2\/tags?post=24254"}],"curies":[{"name":"wp","href":"https:\/\/api.w.org\/{rel}","templated":true}]}}