{"id":24273,"date":"2021-08-12T09:14:01","date_gmt":"2021-08-12T09:14:01","guid":{"rendered":"https:\/\/www.aguarda.es\/?p=24273"},"modified":"2021-08-12T09:14:01","modified_gmt":"2021-08-12T09:14:01","slug":"xa-se-pode-obter-a-chave-365-e-o-certificado-covid-no-concello-da-guarda","status":"publish","type":"post","link":"https:\/\/www.aguarda.es\/en\/xa-se-pode-obter-a-chave-365-e-o-certificado-covid-no-concello-da-guarda\/","title":{"rendered":"Xa se pode obter a Chave 365 e o certificado Covid no Concello da Guarda"},"content":{"rendered":"<p><em><strong>\u2022 Grazas \u00e1 colaboraci\u00f3n entre o Concello da Guarda e o SERGAS, o andar baixo da Casa dos Alonso conta cunha oficina de atenci\u00f3n<\/strong><\/em><br \/>\n<em><strong>\u2022 O horario de apertura da oficina \u00e9 luns a venres de 8.30 h a 12 h e de 12.30 a 14.30 h.<\/strong><\/em><\/p>\n<p>O Concello da Guarda conta xa cunha oficina para tramitar a Chave365 e o certificado COVID no andar baixo da Casa dos Alonso, onde se instalou unha oficina, atendida por persoal funcionario do Servizo de Atenci\u00f3n Primaria da Conseller\u00eda de Sanidade da Xunta de Galicia.<\/p>\n<p>Antonio Lomba, alcalde da Guarda, respondeu favorablemente \u00e1 solicitude feita dende a xerencia do SERGAS para poder contar cun local na vila con esta finalidade.<\/p>\n<p>Os veci\u00f1os da Guarda e concellos lim\u00edtrofes poden achegarse ate este punto, no andar baixo da Casa dos Alonso, para solicitar a alta na Chave 365, o que permite o acceso ao certificado covid, e \u00e1 aplicaci\u00f3n E-Sa\u00fade con seguridade alta. As persoas interesadas poden amais obter unha copia impresa, no caso de precisalo, do seu certificado COVID.<br \/>\nO horario de apertura da oficina \u00e9 luns a venres de 8.30 h a 12 h e de 12.30 a 14.30 h.<br \/>\nO servizo prestarase inicialmente at\u00e9 o 31 de Agosto pero poder\u00e1 ser prorrogado de ser necesario.<\/p>\n","protected":false},"excerpt":{"rendered":"<p>\u2022 Grazas \u00e1 colaboraci\u00f3n entre o Concello da Guarda e o SERGAS, o andar baixo da Casa dos Alonso conta cunha oficina de atenci\u00f3n \u2022 O horario de apertura da oficina \u00e9 luns a venres de 8.30 h a 12 &hellip; <\/p>\n","protected":false},"author":2,"featured_media":24274,"comment_status":"open","ping_status":"open","sticky":false,"template":"","format":"standard","meta":[],"categories":[33],"tags":[226,2566,2565,1618,892],"yoast_head":"<!-- This site is optimized with the Yoast SEO plugin v21.1 - https:\/\/yoast.com\/wordpress\/plugins\/seo\/ -->\n<title>Xa se pode obter a Chave 365 e o certificado Covid no Concello da Guarda - Concello da Guarda<\/title>\n<meta name=\"robots\" content=\"index, follow, max-snippet:-1, max-image-preview:large, max-video-preview:-1\" \/>\n<link rel=\"canonical\" href=\"https:\/\/www.aguarda.es\/en\/xa-se-pode-obter-a-chave-365-e-o-certificado-covid-no-concello-da-guarda\/\" \/>\n<meta property=\"og:locale\" content=\"en_US\" \/>\n<meta property=\"og:type\" content=\"article\" \/>\n<meta property=\"og:title\" content=\"Xa se pode obter a Chave 365 e o certificado Covid no Concello da Guarda - Concello da Guarda\" \/>\n<meta property=\"og:description\" content=\"\u2022 Grazas \u00e1 colaboraci\u00f3n entre o Concello da Guarda e o SERGAS, o andar baixo da Casa dos Alonso conta cunha oficina de atenci\u00f3n \u2022 O horario de apertura da oficina \u00e9 luns a venres de 8.30 h a 12 &hellip;\" \/>\n<meta property=\"og:url\" content=\"https:\/\/www.aguarda.es\/en\/xa-se-pode-obter-a-chave-365-e-o-certificado-covid-no-concello-da-guarda\/\" \/>\n<meta property=\"og:site_name\" content=\"Concello da Guarda\" \/>\n<meta property=\"article:publisher\" content=\"https:\/\/www.facebook.com\/ConcellodaGuarda\" \/>\n<meta property=\"article:published_time\" content=\"2021-08-12T09:14:01+00:00\" \/>\n<meta property=\"og:image\" content=\"https:\/\/www.aguarda.es\/wp-content\/uploads\/2021\/08\/NP-12082021-Xa-se-pode-obter-a-Chave-365-e-o-certificado-Covid-nas-dependencias-municipais-do-Concello-da-Guarda.jpg\" \/>\n\t<meta property=\"og:image:width\" content=\"800\" \/>\n\t<meta property=\"og:image:height\" content=\"495\" \/>\n\t<meta property=\"og:image:type\" content=\"image\/jpeg\" \/>\n<meta name=\"author\" content=\"prensa\" \/>\n<meta name=\"twitter:card\" content=\"summary_large_image\" \/>\n<meta name=\"twitter:creator\" content=\"@AGuarda_es\" \/>\n<meta name=\"twitter:site\" content=\"@AGuarda_es\" \/>\n<meta name=\"twitter:label1\" content=\"Written by\" \/>\n\t<meta name=\"twitter:data1\" content=\"prensa\" \/>\n\t<meta name=\"twitter:label2\" content=\"Est. reading time\" \/>\n\t<meta name=\"twitter:data2\" content=\"1 minute\" \/>\n<script type=\"application\/ld+json\" class=\"yoast-schema-graph\">{\"@context\":\"https:\/\/schema.org\",\"@graph\":[{\"@type\":\"WebPage\",\"@id\":\"https:\/\/www.aguarda.es\/en\/xa-se-pode-obter-a-chave-365-e-o-certificado-covid-no-concello-da-guarda\/\",\"url\":\"https:\/\/www.aguarda.es\/en\/xa-se-pode-obter-a-chave-365-e-o-certificado-covid-no-concello-da-guarda\/\",\"name\":\"Xa se pode obter a Chave 365 e o certificado Covid no Concello da Guarda - Concello da Guarda\",\"isPartOf\":{\"@id\":\"https:\/\/www.aguarda.es\/en\/#website\"},\"datePublished\":\"2021-08-12T09:14:01+00:00\",\"dateModified\":\"2021-08-12T09:14:01+00:00\",\"author\":{\"@id\":\"https:\/\/www.aguarda.es\/en\/#\/schema\/person\/c463ca3006858ffb349d11179d044f21\"},\"breadcrumb\":{\"@id\":\"https:\/\/www.aguarda.es\/en\/xa-se-pode-obter-a-chave-365-e-o-certificado-covid-no-concello-da-guarda\/#breadcrumb\"},\"inLanguage\":\"en-US\",\"potentialAction\":[{\"@type\":\"ReadAction\",\"target\":[\"https:\/\/www.aguarda.es\/en\/xa-se-pode-obter-a-chave-365-e-o-certificado-covid-no-concello-da-guarda\/\"]}]},{\"@type\":\"BreadcrumbList\",\"@id\":\"https:\/\/www.aguarda.es\/en\/xa-se-pode-obter-a-chave-365-e-o-certificado-covid-no-concello-da-guarda\/#breadcrumb\",\"itemListElement\":[{\"@type\":\"ListItem\",\"position\":1,\"name\":\"Portada\",\"item\":\"https:\/\/www.aguarda.es\/en\/\"},{\"@type\":\"ListItem\",\"position\":2,\"name\":\"Xa se pode obter a Chave 365 e o certificado Covid no Concello da Guarda\"}]},{\"@type\":\"WebSite\",\"@id\":\"https:\/\/www.aguarda.es\/en\/#website\",\"url\":\"https:\/\/www.aguarda.es\/en\/\",\"name\":\"Concello da Guarda\",\"description\":\"P\u00e1xina web do concello da Guarda\",\"potentialAction\":[{\"@type\":\"SearchAction\",\"target\":{\"@type\":\"EntryPoint\",\"urlTemplate\":\"https:\/\/www.aguarda.es\/en\/?s={search_term_string}\"},\"query-input\":\"required name=search_term_string\"}],\"inLanguage\":\"en-US\"},{\"@type\":\"Person\",\"@id\":\"https:\/\/www.aguarda.es\/en\/#\/schema\/person\/c463ca3006858ffb349d11179d044f21\",\"name\":\"prensa\",\"image\":{\"@type\":\"ImageObject\",\"inLanguage\":\"en-US\",\"@id\":\"https:\/\/www.aguarda.es\/en\/#\/schema\/person\/image\/\",\"url\":\"https:\/\/secure.gravatar.com\/avatar\/5f90ef536b0f98306edf5c7a1135ffa1?s=96&d=mm&r=g\",\"contentUrl\":\"https:\/\/secure.gravatar.com\/avatar\/5f90ef536b0f98306edf5c7a1135ffa1?s=96&d=mm&r=g\",\"caption\":\"prensa\"},\"url\":\"https:\/\/www.aguarda.es\/en\/author\/prensa\/\"}]}<\/script>\n<!-- \/ Yoast SEO plugin. -->","yoast_head_json":{"title":"Xa se pode obter a Chave 365 e o certificado Covid no Concello da Guarda - Concello da Guarda","robots":{"index":"index","follow":"follow","max-snippet":"max-snippet:-1","max-image-preview":"max-image-preview:large","max-video-preview":"max-video-preview:-1"},"canonical":"https:\/\/www.aguarda.es\/en\/xa-se-pode-obter-a-chave-365-e-o-certificado-covid-no-concello-da-guarda\/","og_locale":"en_US","og_type":"article","og_title":"Xa se pode obter a Chave 365 e o certificado Covid no Concello da Guarda - Concello da Guarda","og_description":"\u2022 Grazas \u00e1 colaboraci\u00f3n entre o Concello da Guarda e o SERGAS, o andar baixo da Casa dos Alonso conta cunha oficina de atenci\u00f3n \u2022 O horario de apertura da oficina \u00e9 luns a venres de 8.30 h a 12 &hellip;","og_url":"https:\/\/www.aguarda.es\/en\/xa-se-pode-obter-a-chave-365-e-o-certificado-covid-no-concello-da-guarda\/","og_site_name":"Concello da Guarda","article_publisher":"https:\/\/www.facebook.com\/ConcellodaGuarda","article_published_time":"2021-08-12T09:14:01+00:00","og_image":[{"width":800,"height":495,"url":"https:\/\/www.aguarda.es\/wp-content\/uploads\/2021\/08\/NP-12082021-Xa-se-pode-obter-a-Chave-365-e-o-certificado-Covid-nas-dependencias-municipais-do-Concello-da-Guarda.jpg","type":"image\/jpeg"}],"author":"prensa","twitter_card":"summary_large_image","twitter_creator":"@AGuarda_es","twitter_site":"@AGuarda_es","twitter_misc":{"Written by":"prensa","Est. reading time":"1 minute"},"schema":{"@context":"https:\/\/schema.org","@graph":[{"@type":"WebPage","@id":"https:\/\/www.aguarda.es\/en\/xa-se-pode-obter-a-chave-365-e-o-certificado-covid-no-concello-da-guarda\/","url":"https:\/\/www.aguarda.es\/en\/xa-se-pode-obter-a-chave-365-e-o-certificado-covid-no-concello-da-guarda\/","name":"Xa se pode obter a Chave 365 e o certificado Covid no Concello da Guarda - Concello da Guarda","isPartOf":{"@id":"https:\/\/www.aguarda.es\/en\/#website"},"datePublished":"2021-08-12T09:14:01+00:00","dateModified":"2021-08-12T09:14:01+00:00","author":{"@id":"https:\/\/www.aguarda.es\/en\/#\/schema\/person\/c463ca3006858ffb349d11179d044f21"},"breadcrumb":{"@id":"https:\/\/www.aguarda.es\/en\/xa-se-pode-obter-a-chave-365-e-o-certificado-covid-no-concello-da-guarda\/#breadcrumb"},"inLanguage":"en-US","potentialAction":[{"@type":"ReadAction","target":["https:\/\/www.aguarda.es\/en\/xa-se-pode-obter-a-chave-365-e-o-certificado-covid-no-concello-da-guarda\/"]}]},{"@type":"BreadcrumbList","@id":"https:\/\/www.aguarda.es\/en\/xa-se-pode-obter-a-chave-365-e-o-certificado-covid-no-concello-da-guarda\/#breadcrumb","itemListElement":[{"@type":"ListItem","position":1,"name":"Portada","item":"https:\/\/www.aguarda.es\/en\/"},{"@type":"ListItem","position":2,"name":"Xa se pode obter a Chave 365 e o certificado Covid no Concello da Guarda"}]},{"@type":"WebSite","@id":"https:\/\/www.aguarda.es\/en\/#website","url":"https:\/\/www.aguarda.es\/en\/","name":"Concello da Guarda","description":"P\u00e1xina web do concello da Guarda","potentialAction":[{"@type":"SearchAction","target":{"@type":"EntryPoint","urlTemplate":"https:\/\/www.aguarda.es\/en\/?s={search_term_string}"},"query-input":"required name=search_term_string"}],"inLanguage":"en-US"},{"@type":"Person","@id":"https:\/\/www.aguarda.es\/en\/#\/schema\/person\/c463ca3006858ffb349d11179d044f21","name":"prensa","image":{"@type":"ImageObject","inLanguage":"en-US","@id":"https:\/\/www.aguarda.es\/en\/#\/schema\/person\/image\/","url":"https:\/\/secure.gravatar.com\/avatar\/5f90ef536b0f98306edf5c7a1135ffa1?s=96&d=mm&r=g","contentUrl":"https:\/\/secure.gravatar.com\/avatar\/5f90ef536b0f98306edf5c7a1135ffa1?s=96&d=mm&r=g","caption":"prensa"},"url":"https:\/\/www.aguarda.es\/en\/author\/prensa\/"}]}},"_links":{"self":[{"href":"https:\/\/www.aguarda.es\/en\/wp-json\/wp\/v2\/posts\/24273"}],"collection":[{"href":"https:\/\/www.aguarda.es\/en\/wp-json\/wp\/v2\/posts"}],"about":[{"href":"https:\/\/www.aguarda.es\/en\/wp-json\/wp\/v2\/types\/post"}],"author":[{"embeddable":true,"href":"https:\/\/www.aguarda.es\/en\/wp-json\/wp\/v2\/users\/2"}],"replies":[{"embeddable":true,"href":"https:\/\/www.aguarda.es\/en\/wp-json\/wp\/v2\/comments?post=24273"}],"version-history":[{"count":1,"href":"https:\/\/www.aguarda.es\/en\/wp-json\/wp\/v2\/posts\/24273\/revisions"}],"predecessor-version":[{"id":24276,"href":"https:\/\/www.aguarda.es\/en\/wp-json\/wp\/v2\/posts\/24273\/revisions\/24276"}],"wp:featuredmedia":[{"embeddable":true,"href":"https:\/\/www.aguarda.es\/en\/wp-json\/wp\/v2\/media\/24274"}],"wp:attachment":[{"href":"https:\/\/www.aguarda.es\/en\/wp-json\/wp\/v2\/media?parent=24273"}],"wp:term":[{"taxonomy":"category","embeddable":true,"href":"https:\/\/www.aguarda.es\/en\/wp-json\/wp\/v2\/categories?post=24273"},{"taxonomy":"post_tag","embeddable":true,"href":"https:\/\/www.aguarda.es\/en\/wp-json\/wp\/v2\/tags?post=24273"}],"curies":[{"name":"wp","href":"https:\/\/api.w.org\/{rel}","templated":true}]}}