{"id":24281,"date":"2021-08-13T11:10:53","date_gmt":"2021-08-13T11:10:53","guid":{"rendered":"https:\/\/www.aguarda.es\/?p=24281"},"modified":"2021-08-13T11:27:15","modified_gmt":"2021-08-13T11:27:15","slug":"francisco-carrero-o-avo-de-camposancos-celebrou-o-seu-105-aniversario","status":"publish","type":"post","link":"https:\/\/www.aguarda.es\/en\/francisco-carrero-o-avo-de-camposancos-celebrou-o-seu-105-aniversario\/","title":{"rendered":"Francisco Carrero, o av\u00f3 de Camposancos, celebrou o seu 105 aniversario"},"content":{"rendered":"<p>\u2022 O Alcalde da Guarda e o Concelleiro de Turismo acheg\u00e1ronse ata a s\u00faa vivenda para felic\u00edtalo e charlar con el.<\/p>\n<p>O veci\u00f1o da Guarda Francisco Carrero Carrero celebrou hoxe d\u00eda 13 de agosto un d\u00eda moi especial, o seu 105\u00ba aniversario. Un dos veci\u00f1os m\u00e1is lonxevos da vila festexou a destacada data do seu 105 aniversario na compa\u00f1a da s\u00faa familia.<\/p>\n<p>Francisco Carrero Carrero, m\u00e1is co\u00f1ecido entre os seus veci\u00f1os e veci\u00f1as da Guarda como \u201cFrancisqui\u00f1o\u201d, mantense con moi boa sa\u00fade, destacou os seus paseos pola ribeira do R\u00edo Mi\u00f1o, \u201ca media ma\u00f1\u00e1 e polas tardes\u201d, a\u00ednda que faga sol, choiva ou vento.<\/p>\n<p>Nesta celebraci\u00f3n, ademais de estar rodeado da s\u00faa familia, tam\u00e9n recibiu unha homenaxe do concello en mans do alcalde da Guarda, Antonio Lomba Baz, e o Concelleiro de Turismo, Rafa \u00c1lvarez, que quixeron acudir a dar os parab\u00e9ns e un pequeno agasallo a este veci\u00f1o por acadar os 105 anos de idade.<\/p>\n<p>Nos intres de distendida tertulia que intercambiou co alcalde e co concelleiro Francisco mostrouse moi animado e contento por ter acadado esta faza\u00f1a. Pero con ganas de m\u00e1is. E coa sa\u00fade, a forza de vontade e o \u00e1nimo que amosou non cabe d\u00fabida que a este veci\u00f1o da Guarda a\u00ednda lle quedan historias por vivir e contar.<\/p>\n","protected":false},"excerpt":{"rendered":"<p>\u2022 O Alcalde da Guarda e o Concelleiro de Turismo acheg\u00e1ronse ata a s\u00faa vivenda para felic\u00edtalo e charlar con el. O veci\u00f1o da Guarda Francisco Carrero Carrero celebrou hoxe d\u00eda 13 de agosto un d\u00eda moi especial, o seu &hellip; <\/p>\n","protected":false},"author":2,"featured_media":24282,"comment_status":"open","ping_status":"open","sticky":false,"template":"","format":"standard","meta":[],"categories":[33],"tags":[226,733,431,2568],"yoast_head":"<!-- This site is optimized with the Yoast SEO plugin v21.1 - https:\/\/yoast.com\/wordpress\/plugins\/seo\/ -->\n<title>Francisco Carrero, o av\u00f3 de Camposancos, celebrou o seu 105 aniversario - Concello da Guarda<\/title>\n<meta name=\"robots\" content=\"index, follow, max-snippet:-1, max-image-preview:large, max-video-preview:-1\" \/>\n<link rel=\"canonical\" href=\"https:\/\/www.aguarda.es\/en\/francisco-carrero-o-avo-de-camposancos-celebrou-o-seu-105-aniversario\/\" \/>\n<meta property=\"og:locale\" content=\"en_US\" \/>\n<meta property=\"og:type\" content=\"article\" \/>\n<meta property=\"og:title\" content=\"Francisco Carrero, o av\u00f3 de Camposancos, celebrou o seu 105 aniversario - Concello da Guarda\" \/>\n<meta property=\"og:description\" content=\"\u2022 O Alcalde da Guarda e o Concelleiro de Turismo acheg\u00e1ronse ata a s\u00faa vivenda para felic\u00edtalo e charlar con el. O veci\u00f1o da Guarda Francisco Carrero Carrero celebrou hoxe d\u00eda 13 de agosto un d\u00eda moi especial, o seu &hellip;\" \/>\n<meta property=\"og:url\" content=\"https:\/\/www.aguarda.es\/en\/francisco-carrero-o-avo-de-camposancos-celebrou-o-seu-105-aniversario\/\" \/>\n<meta property=\"og:site_name\" content=\"Concello da Guarda\" \/>\n<meta property=\"article:publisher\" content=\"https:\/\/www.facebook.com\/ConcellodaGuarda\" \/>\n<meta property=\"article:published_time\" content=\"2021-08-13T11:10:53+00:00\" \/>\n<meta property=\"article:modified_time\" content=\"2021-08-13T11:27:15+00:00\" \/>\n<meta property=\"og:image\" content=\"https:\/\/www.aguarda.es\/wp-content\/uploads\/2021\/08\/NP-13082021-Francisco-Carrero-o-av\u00f3-de-Camposancos-celebrou-o-seu-105-aniversario.jpg\" \/>\n\t<meta property=\"og:image:width\" content=\"800\" \/>\n\t<meta property=\"og:image:height\" content=\"533\" \/>\n\t<meta property=\"og:image:type\" content=\"image\/jpeg\" \/>\n<meta name=\"author\" content=\"prensa\" \/>\n<meta name=\"twitter:card\" content=\"summary_large_image\" \/>\n<meta name=\"twitter:creator\" content=\"@AGuarda_es\" \/>\n<meta name=\"twitter:site\" content=\"@AGuarda_es\" \/>\n<meta name=\"twitter:label1\" content=\"Written by\" \/>\n\t<meta name=\"twitter:data1\" content=\"prensa\" \/>\n\t<meta name=\"twitter:label2\" content=\"Est. reading time\" \/>\n\t<meta name=\"twitter:data2\" content=\"1 minute\" \/>\n<script type=\"application\/ld+json\" class=\"yoast-schema-graph\">{\"@context\":\"https:\/\/schema.org\",\"@graph\":[{\"@type\":\"WebPage\",\"@id\":\"https:\/\/www.aguarda.es\/en\/francisco-carrero-o-avo-de-camposancos-celebrou-o-seu-105-aniversario\/\",\"url\":\"https:\/\/www.aguarda.es\/en\/francisco-carrero-o-avo-de-camposancos-celebrou-o-seu-105-aniversario\/\",\"name\":\"Francisco Carrero, o av\u00f3 de Camposancos, celebrou o seu 105 aniversario - Concello da Guarda\",\"isPartOf\":{\"@id\":\"https:\/\/www.aguarda.es\/en\/#website\"},\"datePublished\":\"2021-08-13T11:10:53+00:00\",\"dateModified\":\"2021-08-13T11:27:15+00:00\",\"author\":{\"@id\":\"https:\/\/www.aguarda.es\/en\/#\/schema\/person\/c463ca3006858ffb349d11179d044f21\"},\"breadcrumb\":{\"@id\":\"https:\/\/www.aguarda.es\/en\/francisco-carrero-o-avo-de-camposancos-celebrou-o-seu-105-aniversario\/#breadcrumb\"},\"inLanguage\":\"en-US\",\"potentialAction\":[{\"@type\":\"ReadAction\",\"target\":[\"https:\/\/www.aguarda.es\/en\/francisco-carrero-o-avo-de-camposancos-celebrou-o-seu-105-aniversario\/\"]}]},{\"@type\":\"BreadcrumbList\",\"@id\":\"https:\/\/www.aguarda.es\/en\/francisco-carrero-o-avo-de-camposancos-celebrou-o-seu-105-aniversario\/#breadcrumb\",\"itemListElement\":[{\"@type\":\"ListItem\",\"position\":1,\"name\":\"Portada\",\"item\":\"https:\/\/www.aguarda.es\/en\/\"},{\"@type\":\"ListItem\",\"position\":2,\"name\":\"Francisco Carrero, o av\u00f3 de Camposancos, celebrou o seu 105 aniversario\"}]},{\"@type\":\"WebSite\",\"@id\":\"https:\/\/www.aguarda.es\/en\/#website\",\"url\":\"https:\/\/www.aguarda.es\/en\/\",\"name\":\"Concello da Guarda\",\"description\":\"P\u00e1xina web do concello da Guarda\",\"potentialAction\":[{\"@type\":\"SearchAction\",\"target\":{\"@type\":\"EntryPoint\",\"urlTemplate\":\"https:\/\/www.aguarda.es\/en\/?s={search_term_string}\"},\"query-input\":\"required name=search_term_string\"}],\"inLanguage\":\"en-US\"},{\"@type\":\"Person\",\"@id\":\"https:\/\/www.aguarda.es\/en\/#\/schema\/person\/c463ca3006858ffb349d11179d044f21\",\"name\":\"prensa\",\"image\":{\"@type\":\"ImageObject\",\"inLanguage\":\"en-US\",\"@id\":\"https:\/\/www.aguarda.es\/en\/#\/schema\/person\/image\/\",\"url\":\"https:\/\/secure.gravatar.com\/avatar\/5f90ef536b0f98306edf5c7a1135ffa1?s=96&d=mm&r=g\",\"contentUrl\":\"https:\/\/secure.gravatar.com\/avatar\/5f90ef536b0f98306edf5c7a1135ffa1?s=96&d=mm&r=g\",\"caption\":\"prensa\"},\"url\":\"https:\/\/www.aguarda.es\/en\/author\/prensa\/\"}]}<\/script>\n<!-- \/ Yoast SEO plugin. -->","yoast_head_json":{"title":"Francisco Carrero, o av\u00f3 de Camposancos, celebrou o seu 105 aniversario - Concello da Guarda","robots":{"index":"index","follow":"follow","max-snippet":"max-snippet:-1","max-image-preview":"max-image-preview:large","max-video-preview":"max-video-preview:-1"},"canonical":"https:\/\/www.aguarda.es\/en\/francisco-carrero-o-avo-de-camposancos-celebrou-o-seu-105-aniversario\/","og_locale":"en_US","og_type":"article","og_title":"Francisco Carrero, o av\u00f3 de Camposancos, celebrou o seu 105 aniversario - Concello da Guarda","og_description":"\u2022 O Alcalde da Guarda e o Concelleiro de Turismo acheg\u00e1ronse ata a s\u00faa vivenda para felic\u00edtalo e charlar con el. O veci\u00f1o da Guarda Francisco Carrero Carrero celebrou hoxe d\u00eda 13 de agosto un d\u00eda moi especial, o seu &hellip;","og_url":"https:\/\/www.aguarda.es\/en\/francisco-carrero-o-avo-de-camposancos-celebrou-o-seu-105-aniversario\/","og_site_name":"Concello da Guarda","article_publisher":"https:\/\/www.facebook.com\/ConcellodaGuarda","article_published_time":"2021-08-13T11:10:53+00:00","article_modified_time":"2021-08-13T11:27:15+00:00","og_image":[{"width":800,"height":533,"url":"https:\/\/www.aguarda.es\/wp-content\/uploads\/2021\/08\/NP-13082021-Francisco-Carrero-o-av\u00f3-de-Camposancos-celebrou-o-seu-105-aniversario.jpg","type":"image\/jpeg"}],"author":"prensa","twitter_card":"summary_large_image","twitter_creator":"@AGuarda_es","twitter_site":"@AGuarda_es","twitter_misc":{"Written by":"prensa","Est. reading time":"1 minute"},"schema":{"@context":"https:\/\/schema.org","@graph":[{"@type":"WebPage","@id":"https:\/\/www.aguarda.es\/en\/francisco-carrero-o-avo-de-camposancos-celebrou-o-seu-105-aniversario\/","url":"https:\/\/www.aguarda.es\/en\/francisco-carrero-o-avo-de-camposancos-celebrou-o-seu-105-aniversario\/","name":"Francisco Carrero, o av\u00f3 de Camposancos, celebrou o seu 105 aniversario - Concello da Guarda","isPartOf":{"@id":"https:\/\/www.aguarda.es\/en\/#website"},"datePublished":"2021-08-13T11:10:53+00:00","dateModified":"2021-08-13T11:27:15+00:00","author":{"@id":"https:\/\/www.aguarda.es\/en\/#\/schema\/person\/c463ca3006858ffb349d11179d044f21"},"breadcrumb":{"@id":"https:\/\/www.aguarda.es\/en\/francisco-carrero-o-avo-de-camposancos-celebrou-o-seu-105-aniversario\/#breadcrumb"},"inLanguage":"en-US","potentialAction":[{"@type":"ReadAction","target":["https:\/\/www.aguarda.es\/en\/francisco-carrero-o-avo-de-camposancos-celebrou-o-seu-105-aniversario\/"]}]},{"@type":"BreadcrumbList","@id":"https:\/\/www.aguarda.es\/en\/francisco-carrero-o-avo-de-camposancos-celebrou-o-seu-105-aniversario\/#breadcrumb","itemListElement":[{"@type":"ListItem","position":1,"name":"Portada","item":"https:\/\/www.aguarda.es\/en\/"},{"@type":"ListItem","position":2,"name":"Francisco Carrero, o av\u00f3 de Camposancos, celebrou o seu 105 aniversario"}]},{"@type":"WebSite","@id":"https:\/\/www.aguarda.es\/en\/#website","url":"https:\/\/www.aguarda.es\/en\/","name":"Concello da Guarda","description":"P\u00e1xina web do concello da Guarda","potentialAction":[{"@type":"SearchAction","target":{"@type":"EntryPoint","urlTemplate":"https:\/\/www.aguarda.es\/en\/?s={search_term_string}"},"query-input":"required name=search_term_string"}],"inLanguage":"en-US"},{"@type":"Person","@id":"https:\/\/www.aguarda.es\/en\/#\/schema\/person\/c463ca3006858ffb349d11179d044f21","name":"prensa","image":{"@type":"ImageObject","inLanguage":"en-US","@id":"https:\/\/www.aguarda.es\/en\/#\/schema\/person\/image\/","url":"https:\/\/secure.gravatar.com\/avatar\/5f90ef536b0f98306edf5c7a1135ffa1?s=96&d=mm&r=g","contentUrl":"https:\/\/secure.gravatar.com\/avatar\/5f90ef536b0f98306edf5c7a1135ffa1?s=96&d=mm&r=g","caption":"prensa"},"url":"https:\/\/www.aguarda.es\/en\/author\/prensa\/"}]}},"_links":{"self":[{"href":"https:\/\/www.aguarda.es\/en\/wp-json\/wp\/v2\/posts\/24281"}],"collection":[{"href":"https:\/\/www.aguarda.es\/en\/wp-json\/wp\/v2\/posts"}],"about":[{"href":"https:\/\/www.aguarda.es\/en\/wp-json\/wp\/v2\/types\/post"}],"author":[{"embeddable":true,"href":"https:\/\/www.aguarda.es\/en\/wp-json\/wp\/v2\/users\/2"}],"replies":[{"embeddable":true,"href":"https:\/\/www.aguarda.es\/en\/wp-json\/wp\/v2\/comments?post=24281"}],"version-history":[{"count":4,"href":"https:\/\/www.aguarda.es\/en\/wp-json\/wp\/v2\/posts\/24281\/revisions"}],"predecessor-version":[{"id":24287,"href":"https:\/\/www.aguarda.es\/en\/wp-json\/wp\/v2\/posts\/24281\/revisions\/24287"}],"wp:featuredmedia":[{"embeddable":true,"href":"https:\/\/www.aguarda.es\/en\/wp-json\/wp\/v2\/media\/24282"}],"wp:attachment":[{"href":"https:\/\/www.aguarda.es\/en\/wp-json\/wp\/v2\/media?parent=24281"}],"wp:term":[{"taxonomy":"category","embeddable":true,"href":"https:\/\/www.aguarda.es\/en\/wp-json\/wp\/v2\/categories?post=24281"},{"taxonomy":"post_tag","embeddable":true,"href":"https:\/\/www.aguarda.es\/en\/wp-json\/wp\/v2\/tags?post=24281"}],"curies":[{"name":"wp","href":"https:\/\/api.w.org\/{rel}","templated":true}]}}