{"id":24361,"date":"2021-08-25T09:29:48","date_gmt":"2021-08-25T09:29:48","guid":{"rendered":"https:\/\/www.aguarda.es\/?p=24361"},"modified":"2021-08-25T09:29:48","modified_gmt":"2021-08-25T09:29:48","slug":"concerto-infantil-de-pitusa-semifusa-o-4-de-setembro-na-guarda","status":"publish","type":"post","link":"https:\/\/www.aguarda.es\/en\/concerto-infantil-de-pitusa-semifusa-o-4-de-setembro-na-guarda\/","title":{"rendered":"Concerto infantil de \u201cPitusa Semifusa\u201d o 4 de setembro na Guarda"},"content":{"rendered":"<p><em><strong>\u2022 Para asistir ao \u00e9 preciso inscribirse no enderezo electr\u00f3nico centrocultural@aguarda.es indicando nome, apelidos e tel\u00e9fono.<\/strong><\/em><br \/>\nA Biblioteca P\u00fablica Municipal da Guarda organiza o concerto infantil \u201cPitusa Semifusa\u201d, de Olga Bra\u00f1as, enmarcado no programa Ler Conta Moito da Xunta de Galicia coa colaboraci\u00f3n do Concello da Guarda.<\/p>\n<p>Pitusa Semifusa \u00e9 un espect\u00e1culo a d\u00fao (voces, piano, pandeireta) moi participativo coa cativada. E quere aprenderlles aos nenos e nenas as familias de instrumentos dun xeito moi divertido. V\u00e9n cantar e bailar con Pitusa!<\/p>\n<p>Os libro discos, (\u201cPitusa Semifusa\u201d, 2014; \u201cPitusa Semifusa e os estilos musicais\u201d, 2017) publicados ambos dentro da colecci\u00f3n Son\u00e1rbore da Editorial Galaxia, da autor\u00eda de Olga Bra\u00f1as e coas ilustraci\u00f3ns de Leandro Lamas son uns impresionantes proxectos comandados pola pandereteira folk e que ofrecen un mollo de canci\u00f3ns pegadizas e de alta calidade musical.<\/p>\n<p>Ademais, pretende aprenderlles aos nenos e nenas as familias de instrumentos e os estilos musicais dun xeito l\u00fadico e ameno. Para iso, Olga Bra\u00f1as rodeouse dos m\u00fasicos e m\u00fasicas m\u00e1is importantes do panorama galego, como Ux\u00eda, S\u00e9rgio Tannus, Ram\u00f3n Bermejo, Quim Farinha, Anxo Pintos, Sonia Lebedynski, Pedro Pascual ou Santi Cribeiro. \u00c9 unha proposta para gozar da m\u00fasica dende as idades m\u00e1is temper\u00e1s, xa que est\u00e1 inspirado na forma de aprender das cativas e cativos a partir dos 3 anos de idade.<\/p>\n<p>Olga Bra\u00f1as \u00e9 Licenciada en Historia da Arte pola Universidade de Santiago de Compostela, ten o Grao Profesional de piano (Conservatorio profesional de M\u00fasica de Santiago de Compostela) e o M\u00e1ster en Profesorado de m\u00fasica (USC). \u00c9 membro de Bra\u00f1as Folk dende hai case d\u00faas d\u00e9cadas, onde ademais de ser instrumentista \u00e9 compositora e arranxista. Ademais, leva anos adic\u00e1ndose \u00e1 ensinanza musical en Escolas Infant\u00eds e Escolas de M\u00fasica, actividade na que se inspirou para facer estes proxectos tan did\u00e1cticos coma divertidos.<\/p>\n<p>Para asistir ao \u00e9 preciso inscribirse no enderezo electr\u00f3nico centrocultural@aguarda.es indicando nome, apelidos e tel\u00e9fono. O prazo de inscrici\u00f3n estar\u00e1 aberto a partires do xoves 26 de setembro.<\/p>\n","protected":false},"excerpt":{"rendered":"<p>\u2022 Para asistir ao \u00e9 preciso inscribirse no enderezo electr\u00f3nico centrocultural@aguarda.es indicando nome, apelidos e tel\u00e9fono. A Biblioteca P\u00fablica Municipal da Guarda organiza o concerto infantil \u201cPitusa Semifusa\u201d, de Olga Bra\u00f1as, enmarcado no programa Ler Conta Moito da Xunta de &hellip; <\/p>\n","protected":false},"author":2,"featured_media":24362,"comment_status":"open","ping_status":"open","sticky":false,"template":"","format":"standard","meta":[],"categories":[34],"tags":[226,707,2575,2576],"yoast_head":"<!-- This site is optimized with the Yoast SEO plugin v21.1 - https:\/\/yoast.com\/wordpress\/plugins\/seo\/ -->\n<title>Concerto infantil de \u201cPitusa Semifusa\u201d o 4 de setembro na Guarda - Concello da Guarda<\/title>\n<meta name=\"robots\" content=\"index, follow, max-snippet:-1, max-image-preview:large, max-video-preview:-1\" \/>\n<link rel=\"canonical\" href=\"https:\/\/www.aguarda.es\/en\/concerto-infantil-de-pitusa-semifusa-o-4-de-setembro-na-guarda\/\" \/>\n<meta property=\"og:locale\" content=\"en_US\" \/>\n<meta property=\"og:type\" content=\"article\" \/>\n<meta property=\"og:title\" content=\"Concerto infantil de \u201cPitusa Semifusa\u201d o 4 de setembro na Guarda - Concello da Guarda\" \/>\n<meta property=\"og:description\" content=\"\u2022 Para asistir ao \u00e9 preciso inscribirse no enderezo electr\u00f3nico centrocultural@aguarda.es indicando nome, apelidos e tel\u00e9fono. A Biblioteca P\u00fablica Municipal da Guarda organiza o concerto infantil \u201cPitusa Semifusa\u201d, de Olga Bra\u00f1as, enmarcado no programa Ler Conta Moito da Xunta de &hellip;\" \/>\n<meta property=\"og:url\" content=\"https:\/\/www.aguarda.es\/en\/concerto-infantil-de-pitusa-semifusa-o-4-de-setembro-na-guarda\/\" \/>\n<meta property=\"og:site_name\" content=\"Concello da Guarda\" \/>\n<meta property=\"article:publisher\" content=\"https:\/\/www.facebook.com\/ConcellodaGuarda\" \/>\n<meta property=\"article:published_time\" content=\"2021-08-25T09:29:48+00:00\" \/>\n<meta property=\"og:image\" content=\"https:\/\/www.aguarda.es\/wp-content\/uploads\/2021\/08\/NP-25082021-Concerto-infantil-de-\u201cPitusa-Semifusa\u201d-o-4-de-setembro-na-Guarda.jpg\" \/>\n\t<meta property=\"og:image:width\" content=\"800\" \/>\n\t<meta property=\"og:image:height\" content=\"1132\" \/>\n\t<meta property=\"og:image:type\" content=\"image\/jpeg\" \/>\n<meta name=\"author\" content=\"prensa\" \/>\n<meta name=\"twitter:card\" content=\"summary_large_image\" \/>\n<meta name=\"twitter:creator\" content=\"@AGuarda_es\" \/>\n<meta name=\"twitter:site\" content=\"@AGuarda_es\" \/>\n<meta name=\"twitter:label1\" content=\"Written by\" \/>\n\t<meta name=\"twitter:data1\" content=\"prensa\" \/>\n\t<meta name=\"twitter:label2\" content=\"Est. reading time\" \/>\n\t<meta name=\"twitter:data2\" content=\"2 minutes\" \/>\n<script type=\"application\/ld+json\" class=\"yoast-schema-graph\">{\"@context\":\"https:\/\/schema.org\",\"@graph\":[{\"@type\":\"WebPage\",\"@id\":\"https:\/\/www.aguarda.es\/en\/concerto-infantil-de-pitusa-semifusa-o-4-de-setembro-na-guarda\/\",\"url\":\"https:\/\/www.aguarda.es\/en\/concerto-infantil-de-pitusa-semifusa-o-4-de-setembro-na-guarda\/\",\"name\":\"Concerto infantil de \u201cPitusa Semifusa\u201d o 4 de setembro na Guarda - Concello da Guarda\",\"isPartOf\":{\"@id\":\"https:\/\/www.aguarda.es\/en\/#website\"},\"datePublished\":\"2021-08-25T09:29:48+00:00\",\"dateModified\":\"2021-08-25T09:29:48+00:00\",\"author\":{\"@id\":\"https:\/\/www.aguarda.es\/en\/#\/schema\/person\/c463ca3006858ffb349d11179d044f21\"},\"breadcrumb\":{\"@id\":\"https:\/\/www.aguarda.es\/en\/concerto-infantil-de-pitusa-semifusa-o-4-de-setembro-na-guarda\/#breadcrumb\"},\"inLanguage\":\"en-US\",\"potentialAction\":[{\"@type\":\"ReadAction\",\"target\":[\"https:\/\/www.aguarda.es\/en\/concerto-infantil-de-pitusa-semifusa-o-4-de-setembro-na-guarda\/\"]}]},{\"@type\":\"BreadcrumbList\",\"@id\":\"https:\/\/www.aguarda.es\/en\/concerto-infantil-de-pitusa-semifusa-o-4-de-setembro-na-guarda\/#breadcrumb\",\"itemListElement\":[{\"@type\":\"ListItem\",\"position\":1,\"name\":\"Portada\",\"item\":\"https:\/\/www.aguarda.es\/en\/\"},{\"@type\":\"ListItem\",\"position\":2,\"name\":\"Concerto infantil de \u201cPitusa Semifusa\u201d o 4 de setembro na Guarda\"}]},{\"@type\":\"WebSite\",\"@id\":\"https:\/\/www.aguarda.es\/en\/#website\",\"url\":\"https:\/\/www.aguarda.es\/en\/\",\"name\":\"Concello da Guarda\",\"description\":\"P\u00e1xina web do concello da Guarda\",\"potentialAction\":[{\"@type\":\"SearchAction\",\"target\":{\"@type\":\"EntryPoint\",\"urlTemplate\":\"https:\/\/www.aguarda.es\/en\/?s={search_term_string}\"},\"query-input\":\"required name=search_term_string\"}],\"inLanguage\":\"en-US\"},{\"@type\":\"Person\",\"@id\":\"https:\/\/www.aguarda.es\/en\/#\/schema\/person\/c463ca3006858ffb349d11179d044f21\",\"name\":\"prensa\",\"image\":{\"@type\":\"ImageObject\",\"inLanguage\":\"en-US\",\"@id\":\"https:\/\/www.aguarda.es\/en\/#\/schema\/person\/image\/\",\"url\":\"https:\/\/secure.gravatar.com\/avatar\/5f90ef536b0f98306edf5c7a1135ffa1?s=96&d=mm&r=g\",\"contentUrl\":\"https:\/\/secure.gravatar.com\/avatar\/5f90ef536b0f98306edf5c7a1135ffa1?s=96&d=mm&r=g\",\"caption\":\"prensa\"},\"url\":\"https:\/\/www.aguarda.es\/en\/author\/prensa\/\"}]}<\/script>\n<!-- \/ Yoast SEO plugin. -->","yoast_head_json":{"title":"Concerto infantil de \u201cPitusa Semifusa\u201d o 4 de setembro na Guarda - Concello da Guarda","robots":{"index":"index","follow":"follow","max-snippet":"max-snippet:-1","max-image-preview":"max-image-preview:large","max-video-preview":"max-video-preview:-1"},"canonical":"https:\/\/www.aguarda.es\/en\/concerto-infantil-de-pitusa-semifusa-o-4-de-setembro-na-guarda\/","og_locale":"en_US","og_type":"article","og_title":"Concerto infantil de \u201cPitusa Semifusa\u201d o 4 de setembro na Guarda - Concello da Guarda","og_description":"\u2022 Para asistir ao \u00e9 preciso inscribirse no enderezo electr\u00f3nico centrocultural@aguarda.es indicando nome, apelidos e tel\u00e9fono. A Biblioteca P\u00fablica Municipal da Guarda organiza o concerto infantil \u201cPitusa Semifusa\u201d, de Olga Bra\u00f1as, enmarcado no programa Ler Conta Moito da Xunta de &hellip;","og_url":"https:\/\/www.aguarda.es\/en\/concerto-infantil-de-pitusa-semifusa-o-4-de-setembro-na-guarda\/","og_site_name":"Concello da Guarda","article_publisher":"https:\/\/www.facebook.com\/ConcellodaGuarda","article_published_time":"2021-08-25T09:29:48+00:00","og_image":[{"width":800,"height":1132,"url":"https:\/\/www.aguarda.es\/wp-content\/uploads\/2021\/08\/NP-25082021-Concerto-infantil-de-\u201cPitusa-Semifusa\u201d-o-4-de-setembro-na-Guarda.jpg","type":"image\/jpeg"}],"author":"prensa","twitter_card":"summary_large_image","twitter_creator":"@AGuarda_es","twitter_site":"@AGuarda_es","twitter_misc":{"Written by":"prensa","Est. reading time":"2 minutes"},"schema":{"@context":"https:\/\/schema.org","@graph":[{"@type":"WebPage","@id":"https:\/\/www.aguarda.es\/en\/concerto-infantil-de-pitusa-semifusa-o-4-de-setembro-na-guarda\/","url":"https:\/\/www.aguarda.es\/en\/concerto-infantil-de-pitusa-semifusa-o-4-de-setembro-na-guarda\/","name":"Concerto infantil de \u201cPitusa Semifusa\u201d o 4 de setembro na Guarda - Concello da Guarda","isPartOf":{"@id":"https:\/\/www.aguarda.es\/en\/#website"},"datePublished":"2021-08-25T09:29:48+00:00","dateModified":"2021-08-25T09:29:48+00:00","author":{"@id":"https:\/\/www.aguarda.es\/en\/#\/schema\/person\/c463ca3006858ffb349d11179d044f21"},"breadcrumb":{"@id":"https:\/\/www.aguarda.es\/en\/concerto-infantil-de-pitusa-semifusa-o-4-de-setembro-na-guarda\/#breadcrumb"},"inLanguage":"en-US","potentialAction":[{"@type":"ReadAction","target":["https:\/\/www.aguarda.es\/en\/concerto-infantil-de-pitusa-semifusa-o-4-de-setembro-na-guarda\/"]}]},{"@type":"BreadcrumbList","@id":"https:\/\/www.aguarda.es\/en\/concerto-infantil-de-pitusa-semifusa-o-4-de-setembro-na-guarda\/#breadcrumb","itemListElement":[{"@type":"ListItem","position":1,"name":"Portada","item":"https:\/\/www.aguarda.es\/en\/"},{"@type":"ListItem","position":2,"name":"Concerto infantil de \u201cPitusa Semifusa\u201d o 4 de setembro na Guarda"}]},{"@type":"WebSite","@id":"https:\/\/www.aguarda.es\/en\/#website","url":"https:\/\/www.aguarda.es\/en\/","name":"Concello da Guarda","description":"P\u00e1xina web do concello da Guarda","potentialAction":[{"@type":"SearchAction","target":{"@type":"EntryPoint","urlTemplate":"https:\/\/www.aguarda.es\/en\/?s={search_term_string}"},"query-input":"required name=search_term_string"}],"inLanguage":"en-US"},{"@type":"Person","@id":"https:\/\/www.aguarda.es\/en\/#\/schema\/person\/c463ca3006858ffb349d11179d044f21","name":"prensa","image":{"@type":"ImageObject","inLanguage":"en-US","@id":"https:\/\/www.aguarda.es\/en\/#\/schema\/person\/image\/","url":"https:\/\/secure.gravatar.com\/avatar\/5f90ef536b0f98306edf5c7a1135ffa1?s=96&d=mm&r=g","contentUrl":"https:\/\/secure.gravatar.com\/avatar\/5f90ef536b0f98306edf5c7a1135ffa1?s=96&d=mm&r=g","caption":"prensa"},"url":"https:\/\/www.aguarda.es\/en\/author\/prensa\/"}]}},"_links":{"self":[{"href":"https:\/\/www.aguarda.es\/en\/wp-json\/wp\/v2\/posts\/24361"}],"collection":[{"href":"https:\/\/www.aguarda.es\/en\/wp-json\/wp\/v2\/posts"}],"about":[{"href":"https:\/\/www.aguarda.es\/en\/wp-json\/wp\/v2\/types\/post"}],"author":[{"embeddable":true,"href":"https:\/\/www.aguarda.es\/en\/wp-json\/wp\/v2\/users\/2"}],"replies":[{"embeddable":true,"href":"https:\/\/www.aguarda.es\/en\/wp-json\/wp\/v2\/comments?post=24361"}],"version-history":[{"count":1,"href":"https:\/\/www.aguarda.es\/en\/wp-json\/wp\/v2\/posts\/24361\/revisions"}],"predecessor-version":[{"id":24364,"href":"https:\/\/www.aguarda.es\/en\/wp-json\/wp\/v2\/posts\/24361\/revisions\/24364"}],"wp:featuredmedia":[{"embeddable":true,"href":"https:\/\/www.aguarda.es\/en\/wp-json\/wp\/v2\/media\/24362"}],"wp:attachment":[{"href":"https:\/\/www.aguarda.es\/en\/wp-json\/wp\/v2\/media?parent=24361"}],"wp:term":[{"taxonomy":"category","embeddable":true,"href":"https:\/\/www.aguarda.es\/en\/wp-json\/wp\/v2\/categories?post=24361"},{"taxonomy":"post_tag","embeddable":true,"href":"https:\/\/www.aguarda.es\/en\/wp-json\/wp\/v2\/tags?post=24361"}],"curies":[{"name":"wp","href":"https:\/\/api.w.org\/{rel}","templated":true}]}}