{"id":2441,"date":"2016-12-22T13:45:25","date_gmt":"2016-12-22T13:45:25","guid":{"rendered":"https:\/\/www.aguarda.es\/?p=2441"},"modified":"2016-12-22T13:45:25","modified_gmt":"2016-12-22T13:45:25","slug":"aprobados-inicialmente-os-orzamentos-do-concello-da-guarda-para-2017","status":"publish","type":"post","link":"https:\/\/www.aguarda.es\/en\/aprobados-inicialmente-os-orzamentos-do-concello-da-guarda-para-2017\/","title":{"rendered":"Aprobados inicialmente os orzamentos do Concello da Guarda para 2017"},"content":{"rendered":"<p lang=\"gl-ES\"><span>No pleno que tivo lugar no d\u00eda de onte aprob\u00e1ronse inicialmente os orzamentos para o exercicio 2017 do Concello da Guarda cos votos do equipo de goberno e co apoio dos dous grupos minoritarios, a concelleira non adscrita F\u00e1tima Iglesias e por Converxencia Galega Celso R. Fari\u00f1as; cos cales se adquiriron compromisos que non alteran o proxecto que os socialistas te\u00f1en para A Guarda.<\/span><\/p>\n<p>  <!--more-->  <\/p>\n<p lang=\"gl-ES\"><span><span>No pleno que tivo lugar no d\u00eda de onte aprob\u00e1ronse inicialmente os orzamentos para o exercicio 2017 do Concello da Guarda cos votos do equipo de goberno e co apoio dos dous grupos minoritarios, a concelleira non adscrita F\u00e1tima Iglesias e por Converxencia Galega Celso R. Fari\u00f1as; cos cales se adquiriron compromisos que non alteran o proxecto que os socialistas te\u00f1en para A Guarda.<\/span><\/span><\/p>\n<p lang=\"gl-ES\"><span>\u00a0<\/span><\/p>\n<p lang=\"gl-ES\"><span>O equipo de goberno considera que estes orzamentos son importantes para cubrir as necesidades dos veci\u00f1os e veci\u00f1as da Guarda, xa que agora estaban traballando cos presupostos prorrogados de 2015. Isto sup\u00f3n que o Concello da Guarda contar\u00e1 en 2017 cuns orzamentos de 6.142.948,06\u20ac, e o de patronato de 186.310,60\u20ac.<\/span><\/p>\n<p lang=\"gl-ES\"><span>\u00a0<\/span><\/p>\n<p lang=\"gl-ES\"><span>Do orzamento aprobado a partida m\u00e1is significativa e \u00e1 que o equipo de goberno quixo dar un maior impulso foi a destinada a Servizos Sociais. Esta ronda os 500.000 \u20ac e se destinar\u00e1 servizos como a atenci\u00f3n das persoas maiores, \u00e1 axuda a domicilio, emerxencia social ou \u00f3 Centro de Informaci\u00f3n da Muller. Nesta partida prod\u00facese as\u00ed o maior aumento, que alcanza o 31%. Ademais, como parte do proceso de modernizaci\u00f3n da administraci\u00f3n local, Servizos Sociais contar\u00e1 cunha aplicaci\u00f3n inform\u00e1tica para a xesti\u00f3n da axuda a domicilio.<\/span><\/p>\n<p lang=\"gl-ES\"><span>\u00a0<\/span><\/p>\n<p lang=\"gl-ES\"><span>En relaci\u00f3n con esta modernizaci\u00f3n, outra das principais preocupaci\u00f3ns reflexadas nestes orzamentos \u00e9 a mellora da calidade das prestaci\u00f3ns dos servizos que realiza a propia administraci\u00f3n local. Cont\u00e9mplase unha partida para redactar a Relaci\u00f3n de Postos de Traballo (RPT) coa finalidade de conseguir a mellora na eficacia dos servizos que se prestan dende o propio concello.<\/span><\/p>\n<p lang=\"gl-ES\"><span>\u00a0<\/span><\/p>\n<p lang=\"gl-ES\"><span>Deste xeito, cos orzamentos de 2017 aprobados onte, quedan mellor estruturadas as partidas dos diferentes servizos que se prestan dende o concello e que se adaptan e responden mellor \u00e1 realidade cambiante da vila, o que supor\u00e1 unha mellora na satisfacci\u00f3n das necesidades dos veci\u00f1os e veci\u00f1as da Guarda.<\/span><\/p>\n<p lang=\"gl-ES\"><span>\u00a0<\/span><\/p>\n<p lang=\"gl-ES\"><span>Tam\u00e9n se realizou unha modificaci\u00f3n nas subvenci\u00f3ns que se outorgan a algunhas asociaci\u00f3ns deportivas e que responden \u00f3 cambio das s\u00faas condici\u00f3ns, adapt\u00e1ndose as\u00ed \u00e1 situaci\u00f3n actual das mesmas.<\/span><\/p>\n<p lang=\"gl-ES\"><span>\u00a0<\/span><\/p>\n<p lang=\"gl-ES\"><span>Dentro do Plan Concellos 2017, que conta cunha partida de 765.000 \u20ac, o equipo de goberno incl\u00fae entre as s\u00faas prioridades realizar un plan de accesibilidade para o concello.<\/span><\/p>\n<p lang=\"gl-ES\"><span>\u00a0<\/span><\/p>\n<p lang=\"gl-ES\"><span>Recalcan que o equipo de goberno comezou o d\u00eda 7 de novembro as conversaci\u00f3ns cos diferentes grupos da oposici\u00f3n. Nestas tratouse de consensuar os orzamentos, xa que o equipo de goberno ti\u00f1a claro que no exercicio 2017 non se pod\u00eda traballar co orzamento prorrogado de 2015, pois non permit\u00eda dar satisfacci\u00f3n \u00e1s necesidades da sociedade guardesa. Co BNG houbo d\u00faas reuni\u00f3ns: unha en novembro, na que trasladaron que exist\u00eda a posibilidade de que este grupo se sentase a falar, e outra en decembro na que o BNG trasladou \u00f3 equipo de goberno da Guarda que non estaban pola labor de apoiar os orzamentos de 2017.<\/span><\/p>\n<p lang=\"gl-ES\"><span>\u00a0<\/span><\/p>\n<p lang=\"gl-ES\"><span>Ademais, dende o equipo de goberno sinalan que \u201clamentamos as afirmaci\u00f3ns dalg\u00fan grupo da oposici\u00f3n en clave persoal que po\u00f1en de manifesto que o \u00fanico que queren \u00e9 estrangular a acci\u00f3n de goberno e que con reacci\u00f3ns de ese nivel amosan a s\u00faa falta de implicaci\u00f3n e presencia nas diferentes asociaci\u00f3ns culturais, veci\u00f1ais, deportivas ou sociais da localidade.\u201d<\/span><\/p>\n","protected":false},"excerpt":{"rendered":"<p>No pleno que tivo lugar no d\u00eda de onte aprob\u00e1ronse inicialmente os orzamentos para o exercicio 2017 do Concello da Guarda cos votos do equipo de goberno e co apoio dos dous grupos minoritarios, a concelleira non adscrita F\u00e1tima Iglesias &hellip; <\/p>\n","protected":false},"author":1,"featured_media":0,"comment_status":"open","ping_status":"open","sticky":false,"template":"","format":"standard","meta":[],"categories":[33],"tags":[],"yoast_head":"<!-- This site is optimized with the Yoast SEO plugin v21.1 - https:\/\/yoast.com\/wordpress\/plugins\/seo\/ -->\n<title>Aprobados inicialmente os orzamentos do Concello da Guarda para 2017 - Concello da Guarda<\/title>\n<meta name=\"robots\" content=\"index, follow, max-snippet:-1, max-image-preview:large, max-video-preview:-1\" \/>\n<link rel=\"canonical\" href=\"https:\/\/www.aguarda.es\/en\/aprobados-inicialmente-os-orzamentos-do-concello-da-guarda-para-2017\/\" \/>\n<meta property=\"og:locale\" content=\"en_US\" \/>\n<meta property=\"og:type\" content=\"article\" \/>\n<meta property=\"og:title\" content=\"Aprobados inicialmente os orzamentos do Concello da Guarda para 2017 - Concello da Guarda\" \/>\n<meta property=\"og:description\" content=\"No pleno que tivo lugar no d\u00eda de onte aprob\u00e1ronse inicialmente os orzamentos para o exercicio 2017 do Concello da Guarda cos votos do equipo de goberno e co apoio dos dous grupos minoritarios, a concelleira non adscrita F\u00e1tima Iglesias &hellip;\" \/>\n<meta property=\"og:url\" content=\"https:\/\/www.aguarda.es\/en\/aprobados-inicialmente-os-orzamentos-do-concello-da-guarda-para-2017\/\" \/>\n<meta property=\"og:site_name\" content=\"Concello da Guarda\" \/>\n<meta property=\"article:publisher\" content=\"https:\/\/www.facebook.com\/ConcellodaGuarda\" \/>\n<meta property=\"article:published_time\" content=\"2016-12-22T13:45:25+00:00\" \/>\n<meta property=\"og:image\" content=\"https:\/\/www.aguarda.es\/wp-content\/uploads\/2017\/06\/escudo-full-2.jpg\" \/>\n\t<meta property=\"og:image:width\" content=\"1135\" \/>\n\t<meta property=\"og:image:height\" content=\"712\" \/>\n\t<meta property=\"og:image:type\" content=\"image\/jpeg\" \/>\n<meta name=\"author\" content=\"Concello\" \/>\n<meta name=\"twitter:card\" content=\"summary_large_image\" \/>\n<meta name=\"twitter:creator\" content=\"@AGuarda_es\" \/>\n<meta name=\"twitter:site\" content=\"@AGuarda_es\" \/>\n<meta name=\"twitter:label1\" content=\"Written by\" \/>\n\t<meta name=\"twitter:data1\" content=\"Concello\" \/>\n\t<meta name=\"twitter:label2\" content=\"Est. reading time\" \/>\n\t<meta name=\"twitter:data2\" content=\"3 minutes\" \/>\n<script type=\"application\/ld+json\" class=\"yoast-schema-graph\">{\"@context\":\"https:\/\/schema.org\",\"@graph\":[{\"@type\":\"WebPage\",\"@id\":\"https:\/\/www.aguarda.es\/en\/aprobados-inicialmente-os-orzamentos-do-concello-da-guarda-para-2017\/\",\"url\":\"https:\/\/www.aguarda.es\/en\/aprobados-inicialmente-os-orzamentos-do-concello-da-guarda-para-2017\/\",\"name\":\"Aprobados inicialmente os orzamentos do Concello da Guarda para 2017 - Concello da Guarda\",\"isPartOf\":{\"@id\":\"https:\/\/www.aguarda.es\/en\/#website\"},\"datePublished\":\"2016-12-22T13:45:25+00:00\",\"dateModified\":\"2016-12-22T13:45:25+00:00\",\"author\":{\"@id\":\"https:\/\/www.aguarda.es\/en\/#\/schema\/person\/ac30f4d74843174f0af56c730f74dd57\"},\"breadcrumb\":{\"@id\":\"https:\/\/www.aguarda.es\/en\/aprobados-inicialmente-os-orzamentos-do-concello-da-guarda-para-2017\/#breadcrumb\"},\"inLanguage\":\"en-US\",\"potentialAction\":[{\"@type\":\"ReadAction\",\"target\":[\"https:\/\/www.aguarda.es\/en\/aprobados-inicialmente-os-orzamentos-do-concello-da-guarda-para-2017\/\"]}]},{\"@type\":\"BreadcrumbList\",\"@id\":\"https:\/\/www.aguarda.es\/en\/aprobados-inicialmente-os-orzamentos-do-concello-da-guarda-para-2017\/#breadcrumb\",\"itemListElement\":[{\"@type\":\"ListItem\",\"position\":1,\"name\":\"Portada\",\"item\":\"https:\/\/www.aguarda.es\/en\/\"},{\"@type\":\"ListItem\",\"position\":2,\"name\":\"Aprobados inicialmente os orzamentos do Concello da Guarda para 2017\"}]},{\"@type\":\"WebSite\",\"@id\":\"https:\/\/www.aguarda.es\/en\/#website\",\"url\":\"https:\/\/www.aguarda.es\/en\/\",\"name\":\"Concello da Guarda\",\"description\":\"P\u00e1xina web do concello da Guarda\",\"potentialAction\":[{\"@type\":\"SearchAction\",\"target\":{\"@type\":\"EntryPoint\",\"urlTemplate\":\"https:\/\/www.aguarda.es\/en\/?s={search_term_string}\"},\"query-input\":\"required name=search_term_string\"}],\"inLanguage\":\"en-US\"},{\"@type\":\"Person\",\"@id\":\"https:\/\/www.aguarda.es\/en\/#\/schema\/person\/ac30f4d74843174f0af56c730f74dd57\",\"name\":\"Concello\",\"image\":{\"@type\":\"ImageObject\",\"inLanguage\":\"en-US\",\"@id\":\"https:\/\/www.aguarda.es\/en\/#\/schema\/person\/image\/\",\"url\":\"https:\/\/secure.gravatar.com\/avatar\/7eda12a04da40b2ef77eb62e68f07027?s=96&d=mm&r=g\",\"contentUrl\":\"https:\/\/secure.gravatar.com\/avatar\/7eda12a04da40b2ef77eb62e68f07027?s=96&d=mm&r=g\",\"caption\":\"Concello\"},\"url\":\"https:\/\/www.aguarda.es\/en\/author\/admin\/\"}]}<\/script>\n<!-- \/ Yoast SEO plugin. -->","yoast_head_json":{"title":"Aprobados inicialmente os orzamentos do Concello da Guarda para 2017 - Concello da Guarda","robots":{"index":"index","follow":"follow","max-snippet":"max-snippet:-1","max-image-preview":"max-image-preview:large","max-video-preview":"max-video-preview:-1"},"canonical":"https:\/\/www.aguarda.es\/en\/aprobados-inicialmente-os-orzamentos-do-concello-da-guarda-para-2017\/","og_locale":"en_US","og_type":"article","og_title":"Aprobados inicialmente os orzamentos do Concello da Guarda para 2017 - Concello da Guarda","og_description":"No pleno que tivo lugar no d\u00eda de onte aprob\u00e1ronse inicialmente os orzamentos para o exercicio 2017 do Concello da Guarda cos votos do equipo de goberno e co apoio dos dous grupos minoritarios, a concelleira non adscrita F\u00e1tima Iglesias &hellip;","og_url":"https:\/\/www.aguarda.es\/en\/aprobados-inicialmente-os-orzamentos-do-concello-da-guarda-para-2017\/","og_site_name":"Concello da Guarda","article_publisher":"https:\/\/www.facebook.com\/ConcellodaGuarda","article_published_time":"2016-12-22T13:45:25+00:00","og_image":[{"width":1135,"height":712,"url":"https:\/\/www.aguarda.es\/wp-content\/uploads\/2017\/06\/escudo-full-2.jpg","type":"image\/jpeg"}],"author":"Concello","twitter_card":"summary_large_image","twitter_creator":"@AGuarda_es","twitter_site":"@AGuarda_es","twitter_misc":{"Written by":"Concello","Est. reading time":"3 minutes"},"schema":{"@context":"https:\/\/schema.org","@graph":[{"@type":"WebPage","@id":"https:\/\/www.aguarda.es\/en\/aprobados-inicialmente-os-orzamentos-do-concello-da-guarda-para-2017\/","url":"https:\/\/www.aguarda.es\/en\/aprobados-inicialmente-os-orzamentos-do-concello-da-guarda-para-2017\/","name":"Aprobados inicialmente os orzamentos do Concello da Guarda para 2017 - Concello da Guarda","isPartOf":{"@id":"https:\/\/www.aguarda.es\/en\/#website"},"datePublished":"2016-12-22T13:45:25+00:00","dateModified":"2016-12-22T13:45:25+00:00","author":{"@id":"https:\/\/www.aguarda.es\/en\/#\/schema\/person\/ac30f4d74843174f0af56c730f74dd57"},"breadcrumb":{"@id":"https:\/\/www.aguarda.es\/en\/aprobados-inicialmente-os-orzamentos-do-concello-da-guarda-para-2017\/#breadcrumb"},"inLanguage":"en-US","potentialAction":[{"@type":"ReadAction","target":["https:\/\/www.aguarda.es\/en\/aprobados-inicialmente-os-orzamentos-do-concello-da-guarda-para-2017\/"]}]},{"@type":"BreadcrumbList","@id":"https:\/\/www.aguarda.es\/en\/aprobados-inicialmente-os-orzamentos-do-concello-da-guarda-para-2017\/#breadcrumb","itemListElement":[{"@type":"ListItem","position":1,"name":"Portada","item":"https:\/\/www.aguarda.es\/en\/"},{"@type":"ListItem","position":2,"name":"Aprobados inicialmente os orzamentos do Concello da Guarda para 2017"}]},{"@type":"WebSite","@id":"https:\/\/www.aguarda.es\/en\/#website","url":"https:\/\/www.aguarda.es\/en\/","name":"Concello da Guarda","description":"P\u00e1xina web do concello da Guarda","potentialAction":[{"@type":"SearchAction","target":{"@type":"EntryPoint","urlTemplate":"https:\/\/www.aguarda.es\/en\/?s={search_term_string}"},"query-input":"required name=search_term_string"}],"inLanguage":"en-US"},{"@type":"Person","@id":"https:\/\/www.aguarda.es\/en\/#\/schema\/person\/ac30f4d74843174f0af56c730f74dd57","name":"Concello","image":{"@type":"ImageObject","inLanguage":"en-US","@id":"https:\/\/www.aguarda.es\/en\/#\/schema\/person\/image\/","url":"https:\/\/secure.gravatar.com\/avatar\/7eda12a04da40b2ef77eb62e68f07027?s=96&d=mm&r=g","contentUrl":"https:\/\/secure.gravatar.com\/avatar\/7eda12a04da40b2ef77eb62e68f07027?s=96&d=mm&r=g","caption":"Concello"},"url":"https:\/\/www.aguarda.es\/en\/author\/admin\/"}]}},"_links":{"self":[{"href":"https:\/\/www.aguarda.es\/en\/wp-json\/wp\/v2\/posts\/2441"}],"collection":[{"href":"https:\/\/www.aguarda.es\/en\/wp-json\/wp\/v2\/posts"}],"about":[{"href":"https:\/\/www.aguarda.es\/en\/wp-json\/wp\/v2\/types\/post"}],"author":[{"embeddable":true,"href":"https:\/\/www.aguarda.es\/en\/wp-json\/wp\/v2\/users\/1"}],"replies":[{"embeddable":true,"href":"https:\/\/www.aguarda.es\/en\/wp-json\/wp\/v2\/comments?post=2441"}],"version-history":[{"count":0,"href":"https:\/\/www.aguarda.es\/en\/wp-json\/wp\/v2\/posts\/2441\/revisions"}],"wp:attachment":[{"href":"https:\/\/www.aguarda.es\/en\/wp-json\/wp\/v2\/media?parent=2441"}],"wp:term":[{"taxonomy":"category","embeddable":true,"href":"https:\/\/www.aguarda.es\/en\/wp-json\/wp\/v2\/categories?post=2441"},{"taxonomy":"post_tag","embeddable":true,"href":"https:\/\/www.aguarda.es\/en\/wp-json\/wp\/v2\/tags?post=2441"}],"curies":[{"name":"wp","href":"https:\/\/api.w.org\/{rel}","templated":true}]}}