{"id":24422,"date":"2021-09-06T09:05:20","date_gmt":"2021-09-06T09:05:20","guid":{"rendered":"https:\/\/www.aguarda.es\/?p=24422"},"modified":"2021-09-06T18:21:10","modified_gmt":"2021-09-06T18:21:10","slug":"o-teu-xacobeo-trae-a-guarda-ao-cuarteto-rastrelli","status":"publish","type":"post","link":"https:\/\/www.aguarda.es\/en\/o-teu-xacobeo-trae-a-guarda-ao-cuarteto-rastrelli\/","title":{"rendered":"O Teu Xacobeo trae \u00e1 Guarda ao Cuarteto Rastrelli"},"content":{"rendered":"<p>[vc_row][vc_column][vc_column_text]<em><strong>\u2022 Ter\u00e1 lugar o venres 17 de setembro \u00e1s 20:00h na Praza do Rel\u00f3, con aforo limitado e inscrici\u00f3n previa. En caso de choiva realizarase nos baixos do concello.<\/strong><\/em><\/p>\n<p>O vindeiro venres d\u00eda 17 de setembro a Praza do Rel\u00f3 da Guarda ser\u00e1 o escenario para un concerto moi especial da man de O Teu Xacobeo, o do grupo Cuarteto Rastrelli, formado por Kira Kraftzoff, Sergio Drabkin, Kirill Timofeev e Misha Degtjareff.<\/p>\n<p>O Proxecto \u201cXacobeo Musical polos Cami\u00f1os de Santiago 2021\u201d \u00e9 promovido pola Asociaci\u00f3n Peregrinos Musicais, en colaboraci\u00f3n cos Concellos de Cangas, Cambados, Nigr\u00e1n, Ribadeo, Lourenz\u00e1, Abad\u00edn, Sobrado dos Monxes, Tui, O Porri\u00f1o, Redondela, A Guarda, Pontevedra, Padr\u00f3n, Sarria, Portomar\u00edn, Palas de Rei, Arz\u00faa, Mondo\u00f1edo e Santiago, lugares onde se desenrola esta actividade.<\/p>\n<p>O grupo traer\u00e1 \u00e1 Guarda o Programa \u201cDe Brahms aos Beatles\u201d cun repertorio con canci\u00f3ns de reco\u00f1ecidos art\u00edstas coma D. Popper, P. I. Tchaikovsky, E. Grieg, Peer Gynth ou J. Brahms, adem\u00e1is de cl\u00e1sicos do \u201cLibro de canci\u00f3ns dos BEATLES\u201c como Yesterday, Sgt. Pepper\u2019s Lonely Club Band, Things We Said, If I Fell, I Saw Her Standing There, e outros.<\/p>\n<p>Debido ao protocolo covid-19 \u00e9 preciso inscribirse previamente a trav\u00e9s da seguinte ligaz\u00f3n: <a href=\"https:\/\/www.woutick.es\/evento\/1594\/entradas-axenda-cultural-a-guarda\">https:\/\/www.woutick.es\/evento\/1594\/entradas-axenda-cultural-a-guarda<\/a> (as inscrici\u00f3ns abriranse unha semana antes do concerto). En Caso de choiva o concerto ter\u00e1 lugar nos baixos da Casa dos Alonso.[\/vc_column_text][\/vc_column][\/vc_row][vc_row][vc_column][vc_raw_html]JTNDaWZyYW1lJTIwc3JjJTNEJTIyaHR0cHMlM0ElMkYlMkZ3d3cud291dGljay5lcyUyRmVtYmVkJTJGMTU5NCUyRmVudHJhZGFzLWF4ZW5kYS1jdWx0dXJhbC1hLWd1YXJkYSUzRmVtYmVkT3JpZ2luJTNEQ29uY2VsbG9hZ3VhcmRhJTI2ZW1iZWRTaW5nbGVFdmVudCUzRHRydWUlMjIlMjBzdHlsZSUzRCUyMndpZHRoJTNBJTIwMTAwJTI1JTNCJTIwaGVpZ2h0JTNBJTIwNzAwcHglM0IlMjIlMjAlM0UlMEElM0NwJTNFVHUlMjBuYXZlZ2Fkb3IlMjB3ZWIlMjBubyUyMHNvcG9ydGElMjBpZnJhbWVzLiUyMFB1ZWRlcyUyMGludGVudGFybG8lMjBkZXNkZSUyMG90cm8lMjBuYXZlZ2Fkb3IlMjBvJTIwZGVzZGUlMjBvdHJvJTIwZGlzcG9zaXRpdm8uJTNDJTJGcCUzRSUwQSUzQyUyRmlmcmFtZSUzRQ==[\/vc_raw_html][\/vc_column][\/vc_row]<\/p>\n","protected":false},"excerpt":{"rendered":"<p>[vc_row][vc_column][vc_column_text]\u2022 Ter\u00e1 lugar o venres 17 de setembro \u00e1s 20:00h na Praza do Rel\u00f3, con aforo limitado e inscrici\u00f3n previa. En caso de choiva realizarase nos baixos do concello. O vindeiro venres d\u00eda 17 de setembro a Praza do Rel\u00f3 &hellip; <\/p>\n","protected":false},"author":2,"featured_media":24423,"comment_status":"open","ping_status":"open","sticky":false,"template":"","format":"standard","meta":[],"categories":[34],"tags":[226,2589,2588,719,1966],"yoast_head":"<!-- This site is optimized with the Yoast SEO plugin v21.1 - https:\/\/yoast.com\/wordpress\/plugins\/seo\/ -->\n<title>O Teu Xacobeo trae \u00e1 Guarda ao Cuarteto Rastrelli - Concello da Guarda<\/title>\n<meta name=\"robots\" content=\"index, follow, max-snippet:-1, max-image-preview:large, max-video-preview:-1\" \/>\n<link rel=\"canonical\" href=\"https:\/\/www.aguarda.es\/en\/o-teu-xacobeo-trae-a-guarda-ao-cuarteto-rastrelli\/\" \/>\n<meta property=\"og:locale\" content=\"en_US\" \/>\n<meta property=\"og:type\" content=\"article\" \/>\n<meta property=\"og:title\" content=\"O Teu Xacobeo trae \u00e1 Guarda ao Cuarteto Rastrelli - Concello da Guarda\" \/>\n<meta property=\"og:description\" content=\"[vc_row][vc_column][vc_column_text]\u2022 Ter\u00e1 lugar o venres 17 de setembro \u00e1s 20:00h na Praza do Rel\u00f3, con aforo limitado e inscrici\u00f3n previa. En caso de choiva realizarase nos baixos do concello. O vindeiro venres d\u00eda 17 de setembro a Praza do Rel\u00f3 &hellip;\" \/>\n<meta property=\"og:url\" content=\"https:\/\/www.aguarda.es\/en\/o-teu-xacobeo-trae-a-guarda-ao-cuarteto-rastrelli\/\" \/>\n<meta property=\"og:site_name\" content=\"Concello da Guarda\" \/>\n<meta property=\"article:publisher\" content=\"https:\/\/www.facebook.com\/ConcellodaGuarda\" \/>\n<meta property=\"article:published_time\" content=\"2021-09-06T09:05:20+00:00\" \/>\n<meta property=\"article:modified_time\" content=\"2021-09-06T18:21:10+00:00\" \/>\n<meta property=\"og:image\" content=\"https:\/\/www.aguarda.es\/wp-content\/uploads\/2021\/09\/O-Teu-Xacobeo-trae-\u00e1-Guarda-ao-Cuarteto-Rastrelli-4.jpg\" \/>\n\t<meta property=\"og:image:width\" content=\"800\" \/>\n\t<meta property=\"og:image:height\" content=\"1130\" \/>\n\t<meta property=\"og:image:type\" content=\"image\/jpeg\" \/>\n<meta name=\"author\" content=\"prensa\" \/>\n<meta name=\"twitter:card\" content=\"summary_large_image\" \/>\n<meta name=\"twitter:creator\" content=\"@AGuarda_es\" \/>\n<meta name=\"twitter:site\" content=\"@AGuarda_es\" \/>\n<meta name=\"twitter:label1\" content=\"Written by\" \/>\n\t<meta name=\"twitter:data1\" content=\"prensa\" \/>\n\t<meta name=\"twitter:label2\" content=\"Est. reading time\" \/>\n\t<meta name=\"twitter:data2\" content=\"2 minutes\" \/>\n<script type=\"application\/ld+json\" class=\"yoast-schema-graph\">{\"@context\":\"https:\/\/schema.org\",\"@graph\":[{\"@type\":\"WebPage\",\"@id\":\"https:\/\/www.aguarda.es\/en\/o-teu-xacobeo-trae-a-guarda-ao-cuarteto-rastrelli\/\",\"url\":\"https:\/\/www.aguarda.es\/en\/o-teu-xacobeo-trae-a-guarda-ao-cuarteto-rastrelli\/\",\"name\":\"O Teu Xacobeo trae \u00e1 Guarda ao Cuarteto Rastrelli - Concello da Guarda\",\"isPartOf\":{\"@id\":\"https:\/\/www.aguarda.es\/en\/#website\"},\"datePublished\":\"2021-09-06T09:05:20+00:00\",\"dateModified\":\"2021-09-06T18:21:10+00:00\",\"author\":{\"@id\":\"https:\/\/www.aguarda.es\/en\/#\/schema\/person\/c463ca3006858ffb349d11179d044f21\"},\"breadcrumb\":{\"@id\":\"https:\/\/www.aguarda.es\/en\/o-teu-xacobeo-trae-a-guarda-ao-cuarteto-rastrelli\/#breadcrumb\"},\"inLanguage\":\"en-US\",\"potentialAction\":[{\"@type\":\"ReadAction\",\"target\":[\"https:\/\/www.aguarda.es\/en\/o-teu-xacobeo-trae-a-guarda-ao-cuarteto-rastrelli\/\"]}]},{\"@type\":\"BreadcrumbList\",\"@id\":\"https:\/\/www.aguarda.es\/en\/o-teu-xacobeo-trae-a-guarda-ao-cuarteto-rastrelli\/#breadcrumb\",\"itemListElement\":[{\"@type\":\"ListItem\",\"position\":1,\"name\":\"Portada\",\"item\":\"https:\/\/www.aguarda.es\/en\/\"},{\"@type\":\"ListItem\",\"position\":2,\"name\":\"O Teu Xacobeo trae \u00e1 Guarda ao Cuarteto Rastrelli\"}]},{\"@type\":\"WebSite\",\"@id\":\"https:\/\/www.aguarda.es\/en\/#website\",\"url\":\"https:\/\/www.aguarda.es\/en\/\",\"name\":\"Concello da Guarda\",\"description\":\"P\u00e1xina web do concello da Guarda\",\"potentialAction\":[{\"@type\":\"SearchAction\",\"target\":{\"@type\":\"EntryPoint\",\"urlTemplate\":\"https:\/\/www.aguarda.es\/en\/?s={search_term_string}\"},\"query-input\":\"required name=search_term_string\"}],\"inLanguage\":\"en-US\"},{\"@type\":\"Person\",\"@id\":\"https:\/\/www.aguarda.es\/en\/#\/schema\/person\/c463ca3006858ffb349d11179d044f21\",\"name\":\"prensa\",\"image\":{\"@type\":\"ImageObject\",\"inLanguage\":\"en-US\",\"@id\":\"https:\/\/www.aguarda.es\/en\/#\/schema\/person\/image\/\",\"url\":\"https:\/\/secure.gravatar.com\/avatar\/5f90ef536b0f98306edf5c7a1135ffa1?s=96&d=mm&r=g\",\"contentUrl\":\"https:\/\/secure.gravatar.com\/avatar\/5f90ef536b0f98306edf5c7a1135ffa1?s=96&d=mm&r=g\",\"caption\":\"prensa\"},\"url\":\"https:\/\/www.aguarda.es\/en\/author\/prensa\/\"}]}<\/script>\n<!-- \/ Yoast SEO plugin. -->","yoast_head_json":{"title":"O Teu Xacobeo trae \u00e1 Guarda ao Cuarteto Rastrelli - Concello da Guarda","robots":{"index":"index","follow":"follow","max-snippet":"max-snippet:-1","max-image-preview":"max-image-preview:large","max-video-preview":"max-video-preview:-1"},"canonical":"https:\/\/www.aguarda.es\/en\/o-teu-xacobeo-trae-a-guarda-ao-cuarteto-rastrelli\/","og_locale":"en_US","og_type":"article","og_title":"O Teu Xacobeo trae \u00e1 Guarda ao Cuarteto Rastrelli - Concello da Guarda","og_description":"[vc_row][vc_column][vc_column_text]\u2022 Ter\u00e1 lugar o venres 17 de setembro \u00e1s 20:00h na Praza do Rel\u00f3, con aforo limitado e inscrici\u00f3n previa. En caso de choiva realizarase nos baixos do concello. O vindeiro venres d\u00eda 17 de setembro a Praza do Rel\u00f3 &hellip;","og_url":"https:\/\/www.aguarda.es\/en\/o-teu-xacobeo-trae-a-guarda-ao-cuarteto-rastrelli\/","og_site_name":"Concello da Guarda","article_publisher":"https:\/\/www.facebook.com\/ConcellodaGuarda","article_published_time":"2021-09-06T09:05:20+00:00","article_modified_time":"2021-09-06T18:21:10+00:00","og_image":[{"width":800,"height":1130,"url":"https:\/\/www.aguarda.es\/wp-content\/uploads\/2021\/09\/O-Teu-Xacobeo-trae-\u00e1-Guarda-ao-Cuarteto-Rastrelli-4.jpg","type":"image\/jpeg"}],"author":"prensa","twitter_card":"summary_large_image","twitter_creator":"@AGuarda_es","twitter_site":"@AGuarda_es","twitter_misc":{"Written by":"prensa","Est. reading time":"2 minutes"},"schema":{"@context":"https:\/\/schema.org","@graph":[{"@type":"WebPage","@id":"https:\/\/www.aguarda.es\/en\/o-teu-xacobeo-trae-a-guarda-ao-cuarteto-rastrelli\/","url":"https:\/\/www.aguarda.es\/en\/o-teu-xacobeo-trae-a-guarda-ao-cuarteto-rastrelli\/","name":"O Teu Xacobeo trae \u00e1 Guarda ao Cuarteto Rastrelli - Concello da Guarda","isPartOf":{"@id":"https:\/\/www.aguarda.es\/en\/#website"},"datePublished":"2021-09-06T09:05:20+00:00","dateModified":"2021-09-06T18:21:10+00:00","author":{"@id":"https:\/\/www.aguarda.es\/en\/#\/schema\/person\/c463ca3006858ffb349d11179d044f21"},"breadcrumb":{"@id":"https:\/\/www.aguarda.es\/en\/o-teu-xacobeo-trae-a-guarda-ao-cuarteto-rastrelli\/#breadcrumb"},"inLanguage":"en-US","potentialAction":[{"@type":"ReadAction","target":["https:\/\/www.aguarda.es\/en\/o-teu-xacobeo-trae-a-guarda-ao-cuarteto-rastrelli\/"]}]},{"@type":"BreadcrumbList","@id":"https:\/\/www.aguarda.es\/en\/o-teu-xacobeo-trae-a-guarda-ao-cuarteto-rastrelli\/#breadcrumb","itemListElement":[{"@type":"ListItem","position":1,"name":"Portada","item":"https:\/\/www.aguarda.es\/en\/"},{"@type":"ListItem","position":2,"name":"O Teu Xacobeo trae \u00e1 Guarda ao Cuarteto Rastrelli"}]},{"@type":"WebSite","@id":"https:\/\/www.aguarda.es\/en\/#website","url":"https:\/\/www.aguarda.es\/en\/","name":"Concello da Guarda","description":"P\u00e1xina web do concello da Guarda","potentialAction":[{"@type":"SearchAction","target":{"@type":"EntryPoint","urlTemplate":"https:\/\/www.aguarda.es\/en\/?s={search_term_string}"},"query-input":"required name=search_term_string"}],"inLanguage":"en-US"},{"@type":"Person","@id":"https:\/\/www.aguarda.es\/en\/#\/schema\/person\/c463ca3006858ffb349d11179d044f21","name":"prensa","image":{"@type":"ImageObject","inLanguage":"en-US","@id":"https:\/\/www.aguarda.es\/en\/#\/schema\/person\/image\/","url":"https:\/\/secure.gravatar.com\/avatar\/5f90ef536b0f98306edf5c7a1135ffa1?s=96&d=mm&r=g","contentUrl":"https:\/\/secure.gravatar.com\/avatar\/5f90ef536b0f98306edf5c7a1135ffa1?s=96&d=mm&r=g","caption":"prensa"},"url":"https:\/\/www.aguarda.es\/en\/author\/prensa\/"}]}},"_links":{"self":[{"href":"https:\/\/www.aguarda.es\/en\/wp-json\/wp\/v2\/posts\/24422"}],"collection":[{"href":"https:\/\/www.aguarda.es\/en\/wp-json\/wp\/v2\/posts"}],"about":[{"href":"https:\/\/www.aguarda.es\/en\/wp-json\/wp\/v2\/types\/post"}],"author":[{"embeddable":true,"href":"https:\/\/www.aguarda.es\/en\/wp-json\/wp\/v2\/users\/2"}],"replies":[{"embeddable":true,"href":"https:\/\/www.aguarda.es\/en\/wp-json\/wp\/v2\/comments?post=24422"}],"version-history":[{"count":2,"href":"https:\/\/www.aguarda.es\/en\/wp-json\/wp\/v2\/posts\/24422\/revisions"}],"predecessor-version":[{"id":24426,"href":"https:\/\/www.aguarda.es\/en\/wp-json\/wp\/v2\/posts\/24422\/revisions\/24426"}],"wp:featuredmedia":[{"embeddable":true,"href":"https:\/\/www.aguarda.es\/en\/wp-json\/wp\/v2\/media\/24423"}],"wp:attachment":[{"href":"https:\/\/www.aguarda.es\/en\/wp-json\/wp\/v2\/media?parent=24422"}],"wp:term":[{"taxonomy":"category","embeddable":true,"href":"https:\/\/www.aguarda.es\/en\/wp-json\/wp\/v2\/categories?post=24422"},{"taxonomy":"post_tag","embeddable":true,"href":"https:\/\/www.aguarda.es\/en\/wp-json\/wp\/v2\/tags?post=24422"}],"curies":[{"name":"wp","href":"https:\/\/api.w.org\/{rel}","templated":true}]}}