{"id":24506,"date":"2021-09-22T08:58:03","date_gmt":"2021-09-22T08:58:03","guid":{"rendered":"https:\/\/www.aguarda.es\/?p=24506"},"modified":"2021-09-22T08:58:03","modified_gmt":"2021-09-22T08:58:03","slug":"a-guarda-conmemora-o-dia-mundial-do-turismo-con-visitas-guiadas-especiais-ao-castro-de-santa-trega","status":"publish","type":"post","link":"https:\/\/www.aguarda.es\/en\/a-guarda-conmemora-o-dia-mundial-do-turismo-con-visitas-guiadas-especiais-ao-castro-de-santa-trega\/","title":{"rendered":"A Guarda conmemora o D\u00eda Mundial do Turismo con visitas guiadas especiais ao castro de Santa Trega"},"content":{"rendered":"<p><em><strong>\u2022 Estas visitas especiais, de car\u00e1cter gratu\u00edto e con inscrici\u00f3n previa, ter\u00e1n lugar o s\u00e1bado 25 e domingo 26 de setembro con d\u00faas citas: \u00e1s 11:00 e \u00e1s 12:30h.<\/strong><\/em><\/p>\n<p>O luns d\u00eda 27 de setembro celebrase o D\u00eda Mundial de Turismo e a Conceller\u00eda de Turismo do Concello da Guarda aposta novamente polas visitas guiadas para conmemorar esta cita.<br \/>\nDespois dun ver\u00e1n con visitas guiadas no Monte Santa Trega volvese a ofertar este servizo pero nesta ocasi\u00f3n as visitas guiadas estar\u00e1n centradas nas \u00e1reas escavadas dende o norte ao sur.<br \/>\nPara ofrecer unha visi\u00f3n m\u00e1is ampla da zona escavada vaise realizar un percorrido completo dende porta norte ata a porta sur, recorrendo as diferentes \u00e1reas escavadas ao longo dos \u00faltimos cen anos como as vivendas reconstru\u00eddas, a zona de Mergelina, o concheiro,&#8230;<br \/>\nEstas visitas especiais ter\u00e1n lugar o s\u00e1bado 25 e domingo 26 de setembro con d\u00faas citas: \u00e1s 11:00 e \u00e1s 12:30h. As prazas est\u00e1n limitadas polo que precisan de inscrici\u00f3n previa no Museo Arqueol\u00f3xico no tel. 690.01.70.38 (tam\u00e9n WhapsApp) ou un mail a masat@aguarda.es. A visita guiada \u00e9 gratu\u00edta pero aqueles que accedan ao Monte Santa Trega en veh\u00edculo deber\u00e1n abonar o prezo p\u00fablico.<br \/>\nA duraci\u00f3n aproximada \u00e9 60 minutos e o punto de encontro \u00e9 o aparcadoiro da Casa Forestal desde onde se partir\u00e1 para comezar esta fermosa ruta polo interior do castro escavado.<\/p>\n","protected":false},"excerpt":{"rendered":"<p>\u2022 Estas visitas especiais, de car\u00e1cter gratu\u00edto e con inscrici\u00f3n previa, ter\u00e1n lugar o s\u00e1bado 25 e domingo 26 de setembro con d\u00faas citas: \u00e1s 11:00 e \u00e1s 12:30h. O luns d\u00eda 27 de setembro celebrase o D\u00eda Mundial de &hellip; <\/p>\n","protected":false},"author":2,"featured_media":24507,"comment_status":"open","ping_status":"open","sticky":false,"template":"","format":"standard","meta":[],"categories":[56],"tags":[226,2599,1539,275,232,2236],"yoast_head":"<!-- This site is optimized with the Yoast SEO plugin v21.1 - https:\/\/yoast.com\/wordpress\/plugins\/seo\/ -->\n<title>A Guarda conmemora o D\u00eda Mundial do Turismo con visitas guiadas especiais ao castro de Santa Trega - Concello da Guarda<\/title>\n<meta name=\"robots\" content=\"index, follow, max-snippet:-1, max-image-preview:large, max-video-preview:-1\" \/>\n<link rel=\"canonical\" href=\"https:\/\/www.aguarda.es\/en\/a-guarda-conmemora-o-dia-mundial-do-turismo-con-visitas-guiadas-especiais-ao-castro-de-santa-trega\/\" \/>\n<meta property=\"og:locale\" content=\"en_US\" \/>\n<meta property=\"og:type\" content=\"article\" \/>\n<meta property=\"og:title\" content=\"A Guarda conmemora o D\u00eda Mundial do Turismo con visitas guiadas especiais ao castro de Santa Trega - Concello da Guarda\" \/>\n<meta property=\"og:description\" content=\"\u2022 Estas visitas especiais, de car\u00e1cter gratu\u00edto e con inscrici\u00f3n previa, ter\u00e1n lugar o s\u00e1bado 25 e domingo 26 de setembro con d\u00faas citas: \u00e1s 11:00 e \u00e1s 12:30h. O luns d\u00eda 27 de setembro celebrase o D\u00eda Mundial de &hellip;\" \/>\n<meta property=\"og:url\" content=\"https:\/\/www.aguarda.es\/en\/a-guarda-conmemora-o-dia-mundial-do-turismo-con-visitas-guiadas-especiais-ao-castro-de-santa-trega\/\" \/>\n<meta property=\"og:site_name\" content=\"Concello da Guarda\" \/>\n<meta property=\"article:publisher\" content=\"https:\/\/www.facebook.com\/ConcellodaGuarda\" \/>\n<meta property=\"article:published_time\" content=\"2021-09-22T08:58:03+00:00\" \/>\n<meta property=\"og:image\" content=\"https:\/\/www.aguarda.es\/wp-content\/uploads\/2021\/09\/NP-22092021-A-Guarda-conmemora-o-D\u00eda-Mundial-do-Turismo-con-visitas-guiadas-especiais-ao-castro-de-Santa-Trega.jpg\" \/>\n\t<meta property=\"og:image:width\" content=\"800\" \/>\n\t<meta property=\"og:image:height\" content=\"566\" \/>\n\t<meta property=\"og:image:type\" content=\"image\/jpeg\" \/>\n<meta name=\"author\" content=\"prensa\" \/>\n<meta name=\"twitter:card\" content=\"summary_large_image\" \/>\n<meta name=\"twitter:creator\" content=\"@AGuarda_es\" \/>\n<meta name=\"twitter:site\" content=\"@AGuarda_es\" \/>\n<meta name=\"twitter:label1\" content=\"Written by\" \/>\n\t<meta name=\"twitter:data1\" content=\"prensa\" \/>\n\t<meta name=\"twitter:label2\" content=\"Est. reading time\" \/>\n\t<meta name=\"twitter:data2\" content=\"1 minute\" \/>\n<script type=\"application\/ld+json\" class=\"yoast-schema-graph\">{\"@context\":\"https:\/\/schema.org\",\"@graph\":[{\"@type\":\"WebPage\",\"@id\":\"https:\/\/www.aguarda.es\/en\/a-guarda-conmemora-o-dia-mundial-do-turismo-con-visitas-guiadas-especiais-ao-castro-de-santa-trega\/\",\"url\":\"https:\/\/www.aguarda.es\/en\/a-guarda-conmemora-o-dia-mundial-do-turismo-con-visitas-guiadas-especiais-ao-castro-de-santa-trega\/\",\"name\":\"A Guarda conmemora o D\u00eda Mundial do Turismo con visitas guiadas especiais ao castro de Santa Trega - Concello da Guarda\",\"isPartOf\":{\"@id\":\"https:\/\/www.aguarda.es\/en\/#website\"},\"datePublished\":\"2021-09-22T08:58:03+00:00\",\"dateModified\":\"2021-09-22T08:58:03+00:00\",\"author\":{\"@id\":\"https:\/\/www.aguarda.es\/en\/#\/schema\/person\/c463ca3006858ffb349d11179d044f21\"},\"breadcrumb\":{\"@id\":\"https:\/\/www.aguarda.es\/en\/a-guarda-conmemora-o-dia-mundial-do-turismo-con-visitas-guiadas-especiais-ao-castro-de-santa-trega\/#breadcrumb\"},\"inLanguage\":\"en-US\",\"potentialAction\":[{\"@type\":\"ReadAction\",\"target\":[\"https:\/\/www.aguarda.es\/en\/a-guarda-conmemora-o-dia-mundial-do-turismo-con-visitas-guiadas-especiais-ao-castro-de-santa-trega\/\"]}]},{\"@type\":\"BreadcrumbList\",\"@id\":\"https:\/\/www.aguarda.es\/en\/a-guarda-conmemora-o-dia-mundial-do-turismo-con-visitas-guiadas-especiais-ao-castro-de-santa-trega\/#breadcrumb\",\"itemListElement\":[{\"@type\":\"ListItem\",\"position\":1,\"name\":\"Portada\",\"item\":\"https:\/\/www.aguarda.es\/en\/\"},{\"@type\":\"ListItem\",\"position\":2,\"name\":\"A Guarda conmemora o D\u00eda Mundial do Turismo con visitas guiadas especiais ao castro de Santa Trega\"}]},{\"@type\":\"WebSite\",\"@id\":\"https:\/\/www.aguarda.es\/en\/#website\",\"url\":\"https:\/\/www.aguarda.es\/en\/\",\"name\":\"Concello da Guarda\",\"description\":\"P\u00e1xina web do concello da Guarda\",\"potentialAction\":[{\"@type\":\"SearchAction\",\"target\":{\"@type\":\"EntryPoint\",\"urlTemplate\":\"https:\/\/www.aguarda.es\/en\/?s={search_term_string}\"},\"query-input\":\"required name=search_term_string\"}],\"inLanguage\":\"en-US\"},{\"@type\":\"Person\",\"@id\":\"https:\/\/www.aguarda.es\/en\/#\/schema\/person\/c463ca3006858ffb349d11179d044f21\",\"name\":\"prensa\",\"image\":{\"@type\":\"ImageObject\",\"inLanguage\":\"en-US\",\"@id\":\"https:\/\/www.aguarda.es\/en\/#\/schema\/person\/image\/\",\"url\":\"https:\/\/secure.gravatar.com\/avatar\/5f90ef536b0f98306edf5c7a1135ffa1?s=96&d=mm&r=g\",\"contentUrl\":\"https:\/\/secure.gravatar.com\/avatar\/5f90ef536b0f98306edf5c7a1135ffa1?s=96&d=mm&r=g\",\"caption\":\"prensa\"},\"url\":\"https:\/\/www.aguarda.es\/en\/author\/prensa\/\"}]}<\/script>\n<!-- \/ Yoast SEO plugin. -->","yoast_head_json":{"title":"A Guarda conmemora o D\u00eda Mundial do Turismo con visitas guiadas especiais ao castro de Santa Trega - Concello da Guarda","robots":{"index":"index","follow":"follow","max-snippet":"max-snippet:-1","max-image-preview":"max-image-preview:large","max-video-preview":"max-video-preview:-1"},"canonical":"https:\/\/www.aguarda.es\/en\/a-guarda-conmemora-o-dia-mundial-do-turismo-con-visitas-guiadas-especiais-ao-castro-de-santa-trega\/","og_locale":"en_US","og_type":"article","og_title":"A Guarda conmemora o D\u00eda Mundial do Turismo con visitas guiadas especiais ao castro de Santa Trega - Concello da Guarda","og_description":"\u2022 Estas visitas especiais, de car\u00e1cter gratu\u00edto e con inscrici\u00f3n previa, ter\u00e1n lugar o s\u00e1bado 25 e domingo 26 de setembro con d\u00faas citas: \u00e1s 11:00 e \u00e1s 12:30h. O luns d\u00eda 27 de setembro celebrase o D\u00eda Mundial de &hellip;","og_url":"https:\/\/www.aguarda.es\/en\/a-guarda-conmemora-o-dia-mundial-do-turismo-con-visitas-guiadas-especiais-ao-castro-de-santa-trega\/","og_site_name":"Concello da Guarda","article_publisher":"https:\/\/www.facebook.com\/ConcellodaGuarda","article_published_time":"2021-09-22T08:58:03+00:00","og_image":[{"width":800,"height":566,"url":"https:\/\/www.aguarda.es\/wp-content\/uploads\/2021\/09\/NP-22092021-A-Guarda-conmemora-o-D\u00eda-Mundial-do-Turismo-con-visitas-guiadas-especiais-ao-castro-de-Santa-Trega.jpg","type":"image\/jpeg"}],"author":"prensa","twitter_card":"summary_large_image","twitter_creator":"@AGuarda_es","twitter_site":"@AGuarda_es","twitter_misc":{"Written by":"prensa","Est. reading time":"1 minute"},"schema":{"@context":"https:\/\/schema.org","@graph":[{"@type":"WebPage","@id":"https:\/\/www.aguarda.es\/en\/a-guarda-conmemora-o-dia-mundial-do-turismo-con-visitas-guiadas-especiais-ao-castro-de-santa-trega\/","url":"https:\/\/www.aguarda.es\/en\/a-guarda-conmemora-o-dia-mundial-do-turismo-con-visitas-guiadas-especiais-ao-castro-de-santa-trega\/","name":"A Guarda conmemora o D\u00eda Mundial do Turismo con visitas guiadas especiais ao castro de Santa Trega - Concello da Guarda","isPartOf":{"@id":"https:\/\/www.aguarda.es\/en\/#website"},"datePublished":"2021-09-22T08:58:03+00:00","dateModified":"2021-09-22T08:58:03+00:00","author":{"@id":"https:\/\/www.aguarda.es\/en\/#\/schema\/person\/c463ca3006858ffb349d11179d044f21"},"breadcrumb":{"@id":"https:\/\/www.aguarda.es\/en\/a-guarda-conmemora-o-dia-mundial-do-turismo-con-visitas-guiadas-especiais-ao-castro-de-santa-trega\/#breadcrumb"},"inLanguage":"en-US","potentialAction":[{"@type":"ReadAction","target":["https:\/\/www.aguarda.es\/en\/a-guarda-conmemora-o-dia-mundial-do-turismo-con-visitas-guiadas-especiais-ao-castro-de-santa-trega\/"]}]},{"@type":"BreadcrumbList","@id":"https:\/\/www.aguarda.es\/en\/a-guarda-conmemora-o-dia-mundial-do-turismo-con-visitas-guiadas-especiais-ao-castro-de-santa-trega\/#breadcrumb","itemListElement":[{"@type":"ListItem","position":1,"name":"Portada","item":"https:\/\/www.aguarda.es\/en\/"},{"@type":"ListItem","position":2,"name":"A Guarda conmemora o D\u00eda Mundial do Turismo con visitas guiadas especiais ao castro de Santa Trega"}]},{"@type":"WebSite","@id":"https:\/\/www.aguarda.es\/en\/#website","url":"https:\/\/www.aguarda.es\/en\/","name":"Concello da Guarda","description":"P\u00e1xina web do concello da Guarda","potentialAction":[{"@type":"SearchAction","target":{"@type":"EntryPoint","urlTemplate":"https:\/\/www.aguarda.es\/en\/?s={search_term_string}"},"query-input":"required name=search_term_string"}],"inLanguage":"en-US"},{"@type":"Person","@id":"https:\/\/www.aguarda.es\/en\/#\/schema\/person\/c463ca3006858ffb349d11179d044f21","name":"prensa","image":{"@type":"ImageObject","inLanguage":"en-US","@id":"https:\/\/www.aguarda.es\/en\/#\/schema\/person\/image\/","url":"https:\/\/secure.gravatar.com\/avatar\/5f90ef536b0f98306edf5c7a1135ffa1?s=96&d=mm&r=g","contentUrl":"https:\/\/secure.gravatar.com\/avatar\/5f90ef536b0f98306edf5c7a1135ffa1?s=96&d=mm&r=g","caption":"prensa"},"url":"https:\/\/www.aguarda.es\/en\/author\/prensa\/"}]}},"_links":{"self":[{"href":"https:\/\/www.aguarda.es\/en\/wp-json\/wp\/v2\/posts\/24506"}],"collection":[{"href":"https:\/\/www.aguarda.es\/en\/wp-json\/wp\/v2\/posts"}],"about":[{"href":"https:\/\/www.aguarda.es\/en\/wp-json\/wp\/v2\/types\/post"}],"author":[{"embeddable":true,"href":"https:\/\/www.aguarda.es\/en\/wp-json\/wp\/v2\/users\/2"}],"replies":[{"embeddable":true,"href":"https:\/\/www.aguarda.es\/en\/wp-json\/wp\/v2\/comments?post=24506"}],"version-history":[{"count":1,"href":"https:\/\/www.aguarda.es\/en\/wp-json\/wp\/v2\/posts\/24506\/revisions"}],"predecessor-version":[{"id":24509,"href":"https:\/\/www.aguarda.es\/en\/wp-json\/wp\/v2\/posts\/24506\/revisions\/24509"}],"wp:featuredmedia":[{"embeddable":true,"href":"https:\/\/www.aguarda.es\/en\/wp-json\/wp\/v2\/media\/24507"}],"wp:attachment":[{"href":"https:\/\/www.aguarda.es\/en\/wp-json\/wp\/v2\/media?parent=24506"}],"wp:term":[{"taxonomy":"category","embeddable":true,"href":"https:\/\/www.aguarda.es\/en\/wp-json\/wp\/v2\/categories?post=24506"},{"taxonomy":"post_tag","embeddable":true,"href":"https:\/\/www.aguarda.es\/en\/wp-json\/wp\/v2\/tags?post=24506"}],"curies":[{"name":"wp","href":"https:\/\/api.w.org\/{rel}","templated":true}]}}