{"id":24571,"date":"2021-10-04T09:40:49","date_gmt":"2021-10-04T09:40:49","guid":{"rendered":"https:\/\/www.aguarda.es\/?p=24571"},"modified":"2021-10-04T09:40:49","modified_gmt":"2021-10-04T09:40:49","slug":"manuel-lorenzo-e-rocio-rodriguez-soben-ao-mais-alto-do-podio-da-15k-atlantico-banco-mediolanum","status":"publish","type":"post","link":"https:\/\/www.aguarda.es\/en\/manuel-lorenzo-e-rocio-rodriguez-soben-ao-mais-alto-do-podio-da-15k-atlantico-banco-mediolanum\/","title":{"rendered":"Manuel Lorenzo e Roc\u00edo Rodr\u00edguez soben ao m\u00e1is alto do podio da 15k Atl\u00e1ntico Banco Mediolanum"},"content":{"rendered":"<p><em><strong>\u2022 Os atletas sa\u00edron de Oia e pasaron polo Rosal ata chegar \u00e1 Guarda.<\/strong><\/em><\/p>\n<p>A 15K Atl\u00e1ntico Banco Mediolanum contou este ano no alto do podio con Manuel Lorenzo, na categor\u00eda masculina, e a Roc\u00edo Rodr\u00edguez Oliveira, na feminina, como os ga\u00f1adores dunha proba na que participaron m\u00e1is de 500 atletas, o n\u00famero m\u00e1ximo permitido polos controis sanitarios vixentes. Foron quince quil\u00f3metros entre Oia e A Guarda, con paso polo Rosal. A carreira \u00e9 xa unha tradici\u00f3n con oito edici\u00f3ns xa disputadas. Despois dun per\u00edodo de d\u00fabidas, a s\u00faa celebraci\u00f3n sup\u00f3n un novo paso para a normalidade deportiva. Ademais, tam\u00e9n realizou unha marcha na que participaron 100 persoas.<\/p>\n<p>Manuel Lorenzo L\u00f3pez foi o que presentouse primeiro na li\u00f1a de chegada no incomparable marco do paseo do Porto da Guarda, escenario habitual para instalar a meta. O ga\u00f1ador tivo en Iv\u00e1n Docampo Gonz\u00e1lez, que ocupou a segunda posici\u00f3n, ao seu principal opo\u00f1ente. \u00d3scar Bern\u00e1rdez Carballo foi terceiro y completou o podio. Jordi Carrasco e Juan Out\u00f3n foron cuarto e quinto, respectivamente.<br \/>\nNa categor\u00eda feminina foi Roc\u00edo Rodr\u00edguez Oliveira a que proclamouse campioa. Superou a Ux\u00eda Fern\u00e1ndez Garc\u00eda, que ocupou o segundo lugar na clasificaci\u00f3n. Ana Alonso Garc\u00eda foi terceira. A continuaci\u00f3n entraron Bel\u00e9n Bascoy Cao e Sandra Fern\u00e1ndez Y\u00e1\u00f1ez.<br \/>\nNa presente edici\u00f3n participaron m\u00e1is de 500 deportistas e estableceuse un estrito control sanitario. Program\u00e1ronse sa\u00eddas en grupos cada 30 segundos. O mosteiro de Oia foi o lugar, tam\u00e9n tradicional, onde iniciouse a proba. Os 15 quil\u00f3metros habituais cambiaron algo o seu percorrido, pero sen grandes sorpresas. Os atletas pasaron polo Rosal ata chegar \u00e1 Guarda. Os tres concellos apoiaron a proba co seu apoio, tal como aconteceu en edici\u00f3ns anteriores.<br \/>\nAdemais de estar consolidada como un referente e ao mesmo xa se pode considerar emblem\u00e1tica, tam\u00e9n serve para promocionar o Cami\u00f1o Portugu\u00e9s pola Costa, que nos \u00faltimos meses adquiriu unha gran importancia co gran n\u00famero de peregrinos que o utilizan.<br \/>\nLa 15k Atl\u00e1ntico Banco Mediolanum tam\u00e9n amosou o seu lado m\u00e1is solidario. A trav\u00e9s do programa Mediolanumaproxima, que axuda a co\u00f1ecer \u00e1s ONGS locais, colaborou con Bicos de Papel, asociaci\u00f3n que axuda aos nenos oncol\u00f3xicos. B\u00fascase favorecer o seu apoio escolar aos xoves que deben estar ingresados no hospital por esta enfermidade. En cada inscrici\u00f3n realizouse unha doaz\u00f3n dun euro e tam\u00e9n creouse unha fila cero. Con todo elo e a aportaci\u00f3n da Fundaci\u00f3n Banco Mediolanum chegouse \u00e1 cantidade de 10.000 euros.<br \/>\nA Xunta de Galicia, a Deputaci\u00f3n de Pontevedra e Supermercados Froiz tam\u00e9n colaboraron para que a xornada fora un \u00e9xito. O bo tempo acompa\u00f1ou \u00e1 competici\u00f3n. \u201cZa nos apetec\u00eda desfrutar\u201d, dixeron moitos dos participantes. A pr\u00f3xima edici\u00f3n xa est\u00e1 en marcha.<\/p>\n<p>Ver clasificaci\u00f3ns aqu\u00ed: <a href=\"https:\/\/bancomediolanum15kseries.com\/clasificacion-15k-del-atlantico-2021\/\">https:\/\/bancomediolanum15kseries.com\/clasificacion-15k-del-atlantico-2021\/<\/a><\/p>\n","protected":false},"excerpt":{"rendered":"<p>\u2022 Os atletas sa\u00edron de Oia e pasaron polo Rosal ata chegar \u00e1 Guarda. A 15K Atl\u00e1ntico Banco Mediolanum contou este ano no alto do podio con Manuel Lorenzo, na categor\u00eda masculina, e a Roc\u00edo Rodr\u00edguez Oliveira, na feminina, como &hellip; <\/p>\n","protected":false},"author":2,"featured_media":24572,"comment_status":"open","ping_status":"open","sticky":false,"template":"","format":"standard","meta":[],"categories":[35],"tags":[566,226,531,968,568,276],"yoast_head":"<!-- This site is optimized with the Yoast SEO plugin v21.1 - https:\/\/yoast.com\/wordpress\/plugins\/seo\/ -->\n<title>Manuel Lorenzo e Roc\u00edo Rodr\u00edguez soben ao m\u00e1is alto do podio da 15k Atl\u00e1ntico Banco Mediolanum - Concello da Guarda<\/title>\n<meta name=\"robots\" content=\"index, follow, max-snippet:-1, max-image-preview:large, max-video-preview:-1\" \/>\n<link rel=\"canonical\" href=\"https:\/\/www.aguarda.es\/en\/manuel-lorenzo-e-rocio-rodriguez-soben-ao-mais-alto-do-podio-da-15k-atlantico-banco-mediolanum\/\" \/>\n<meta property=\"og:locale\" content=\"en_US\" \/>\n<meta property=\"og:type\" content=\"article\" \/>\n<meta property=\"og:title\" content=\"Manuel Lorenzo e Roc\u00edo Rodr\u00edguez soben ao m\u00e1is alto do podio da 15k Atl\u00e1ntico Banco Mediolanum - Concello da Guarda\" \/>\n<meta property=\"og:description\" content=\"\u2022 Os atletas sa\u00edron de Oia e pasaron polo Rosal ata chegar \u00e1 Guarda. A 15K Atl\u00e1ntico Banco Mediolanum contou este ano no alto do podio con Manuel Lorenzo, na categor\u00eda masculina, e a Roc\u00edo Rodr\u00edguez Oliveira, na feminina, como &hellip;\" \/>\n<meta property=\"og:url\" content=\"https:\/\/www.aguarda.es\/en\/manuel-lorenzo-e-rocio-rodriguez-soben-ao-mais-alto-do-podio-da-15k-atlantico-banco-mediolanum\/\" \/>\n<meta property=\"og:site_name\" content=\"Concello da Guarda\" \/>\n<meta property=\"article:publisher\" content=\"https:\/\/www.facebook.com\/ConcellodaGuarda\" \/>\n<meta property=\"article:published_time\" content=\"2021-10-04T09:40:49+00:00\" \/>\n<meta property=\"og:image\" content=\"https:\/\/www.aguarda.es\/wp-content\/uploads\/2021\/10\/15K-2021.jpg\" \/>\n\t<meta property=\"og:image:width\" content=\"800\" \/>\n\t<meta property=\"og:image:height\" content=\"750\" \/>\n\t<meta property=\"og:image:type\" content=\"image\/jpeg\" \/>\n<meta name=\"author\" content=\"prensa\" \/>\n<meta name=\"twitter:card\" content=\"summary_large_image\" \/>\n<meta name=\"twitter:creator\" content=\"@AGuarda_es\" \/>\n<meta name=\"twitter:site\" content=\"@AGuarda_es\" \/>\n<meta name=\"twitter:label1\" content=\"Written by\" \/>\n\t<meta name=\"twitter:data1\" content=\"prensa\" \/>\n\t<meta name=\"twitter:label2\" content=\"Est. reading time\" \/>\n\t<meta name=\"twitter:data2\" content=\"3 minutes\" \/>\n<script type=\"application\/ld+json\" class=\"yoast-schema-graph\">{\"@context\":\"https:\/\/schema.org\",\"@graph\":[{\"@type\":\"WebPage\",\"@id\":\"https:\/\/www.aguarda.es\/en\/manuel-lorenzo-e-rocio-rodriguez-soben-ao-mais-alto-do-podio-da-15k-atlantico-banco-mediolanum\/\",\"url\":\"https:\/\/www.aguarda.es\/en\/manuel-lorenzo-e-rocio-rodriguez-soben-ao-mais-alto-do-podio-da-15k-atlantico-banco-mediolanum\/\",\"name\":\"Manuel Lorenzo e Roc\u00edo Rodr\u00edguez soben ao m\u00e1is alto do podio da 15k Atl\u00e1ntico Banco Mediolanum - Concello da Guarda\",\"isPartOf\":{\"@id\":\"https:\/\/www.aguarda.es\/en\/#website\"},\"datePublished\":\"2021-10-04T09:40:49+00:00\",\"dateModified\":\"2021-10-04T09:40:49+00:00\",\"author\":{\"@id\":\"https:\/\/www.aguarda.es\/en\/#\/schema\/person\/c463ca3006858ffb349d11179d044f21\"},\"breadcrumb\":{\"@id\":\"https:\/\/www.aguarda.es\/en\/manuel-lorenzo-e-rocio-rodriguez-soben-ao-mais-alto-do-podio-da-15k-atlantico-banco-mediolanum\/#breadcrumb\"},\"inLanguage\":\"en-US\",\"potentialAction\":[{\"@type\":\"ReadAction\",\"target\":[\"https:\/\/www.aguarda.es\/en\/manuel-lorenzo-e-rocio-rodriguez-soben-ao-mais-alto-do-podio-da-15k-atlantico-banco-mediolanum\/\"]}]},{\"@type\":\"BreadcrumbList\",\"@id\":\"https:\/\/www.aguarda.es\/en\/manuel-lorenzo-e-rocio-rodriguez-soben-ao-mais-alto-do-podio-da-15k-atlantico-banco-mediolanum\/#breadcrumb\",\"itemListElement\":[{\"@type\":\"ListItem\",\"position\":1,\"name\":\"Portada\",\"item\":\"https:\/\/www.aguarda.es\/en\/\"},{\"@type\":\"ListItem\",\"position\":2,\"name\":\"Manuel Lorenzo e Roc\u00edo Rodr\u00edguez soben ao m\u00e1is alto do podio da 15k Atl\u00e1ntico Banco Mediolanum\"}]},{\"@type\":\"WebSite\",\"@id\":\"https:\/\/www.aguarda.es\/en\/#website\",\"url\":\"https:\/\/www.aguarda.es\/en\/\",\"name\":\"Concello da Guarda\",\"description\":\"P\u00e1xina web do concello da Guarda\",\"potentialAction\":[{\"@type\":\"SearchAction\",\"target\":{\"@type\":\"EntryPoint\",\"urlTemplate\":\"https:\/\/www.aguarda.es\/en\/?s={search_term_string}\"},\"query-input\":\"required name=search_term_string\"}],\"inLanguage\":\"en-US\"},{\"@type\":\"Person\",\"@id\":\"https:\/\/www.aguarda.es\/en\/#\/schema\/person\/c463ca3006858ffb349d11179d044f21\",\"name\":\"prensa\",\"image\":{\"@type\":\"ImageObject\",\"inLanguage\":\"en-US\",\"@id\":\"https:\/\/www.aguarda.es\/en\/#\/schema\/person\/image\/\",\"url\":\"https:\/\/secure.gravatar.com\/avatar\/5f90ef536b0f98306edf5c7a1135ffa1?s=96&d=mm&r=g\",\"contentUrl\":\"https:\/\/secure.gravatar.com\/avatar\/5f90ef536b0f98306edf5c7a1135ffa1?s=96&d=mm&r=g\",\"caption\":\"prensa\"},\"url\":\"https:\/\/www.aguarda.es\/en\/author\/prensa\/\"}]}<\/script>\n<!-- \/ Yoast SEO plugin. -->","yoast_head_json":{"title":"Manuel Lorenzo e Roc\u00edo Rodr\u00edguez soben ao m\u00e1is alto do podio da 15k Atl\u00e1ntico Banco Mediolanum - Concello da Guarda","robots":{"index":"index","follow":"follow","max-snippet":"max-snippet:-1","max-image-preview":"max-image-preview:large","max-video-preview":"max-video-preview:-1"},"canonical":"https:\/\/www.aguarda.es\/en\/manuel-lorenzo-e-rocio-rodriguez-soben-ao-mais-alto-do-podio-da-15k-atlantico-banco-mediolanum\/","og_locale":"en_US","og_type":"article","og_title":"Manuel Lorenzo e Roc\u00edo Rodr\u00edguez soben ao m\u00e1is alto do podio da 15k Atl\u00e1ntico Banco Mediolanum - Concello da Guarda","og_description":"\u2022 Os atletas sa\u00edron de Oia e pasaron polo Rosal ata chegar \u00e1 Guarda. A 15K Atl\u00e1ntico Banco Mediolanum contou este ano no alto do podio con Manuel Lorenzo, na categor\u00eda masculina, e a Roc\u00edo Rodr\u00edguez Oliveira, na feminina, como &hellip;","og_url":"https:\/\/www.aguarda.es\/en\/manuel-lorenzo-e-rocio-rodriguez-soben-ao-mais-alto-do-podio-da-15k-atlantico-banco-mediolanum\/","og_site_name":"Concello da Guarda","article_publisher":"https:\/\/www.facebook.com\/ConcellodaGuarda","article_published_time":"2021-10-04T09:40:49+00:00","og_image":[{"width":800,"height":750,"url":"https:\/\/www.aguarda.es\/wp-content\/uploads\/2021\/10\/15K-2021.jpg","type":"image\/jpeg"}],"author":"prensa","twitter_card":"summary_large_image","twitter_creator":"@AGuarda_es","twitter_site":"@AGuarda_es","twitter_misc":{"Written by":"prensa","Est. reading time":"3 minutes"},"schema":{"@context":"https:\/\/schema.org","@graph":[{"@type":"WebPage","@id":"https:\/\/www.aguarda.es\/en\/manuel-lorenzo-e-rocio-rodriguez-soben-ao-mais-alto-do-podio-da-15k-atlantico-banco-mediolanum\/","url":"https:\/\/www.aguarda.es\/en\/manuel-lorenzo-e-rocio-rodriguez-soben-ao-mais-alto-do-podio-da-15k-atlantico-banco-mediolanum\/","name":"Manuel Lorenzo e Roc\u00edo Rodr\u00edguez soben ao m\u00e1is alto do podio da 15k Atl\u00e1ntico Banco Mediolanum - Concello da Guarda","isPartOf":{"@id":"https:\/\/www.aguarda.es\/en\/#website"},"datePublished":"2021-10-04T09:40:49+00:00","dateModified":"2021-10-04T09:40:49+00:00","author":{"@id":"https:\/\/www.aguarda.es\/en\/#\/schema\/person\/c463ca3006858ffb349d11179d044f21"},"breadcrumb":{"@id":"https:\/\/www.aguarda.es\/en\/manuel-lorenzo-e-rocio-rodriguez-soben-ao-mais-alto-do-podio-da-15k-atlantico-banco-mediolanum\/#breadcrumb"},"inLanguage":"en-US","potentialAction":[{"@type":"ReadAction","target":["https:\/\/www.aguarda.es\/en\/manuel-lorenzo-e-rocio-rodriguez-soben-ao-mais-alto-do-podio-da-15k-atlantico-banco-mediolanum\/"]}]},{"@type":"BreadcrumbList","@id":"https:\/\/www.aguarda.es\/en\/manuel-lorenzo-e-rocio-rodriguez-soben-ao-mais-alto-do-podio-da-15k-atlantico-banco-mediolanum\/#breadcrumb","itemListElement":[{"@type":"ListItem","position":1,"name":"Portada","item":"https:\/\/www.aguarda.es\/en\/"},{"@type":"ListItem","position":2,"name":"Manuel Lorenzo e Roc\u00edo Rodr\u00edguez soben ao m\u00e1is alto do podio da 15k Atl\u00e1ntico Banco Mediolanum"}]},{"@type":"WebSite","@id":"https:\/\/www.aguarda.es\/en\/#website","url":"https:\/\/www.aguarda.es\/en\/","name":"Concello da Guarda","description":"P\u00e1xina web do concello da Guarda","potentialAction":[{"@type":"SearchAction","target":{"@type":"EntryPoint","urlTemplate":"https:\/\/www.aguarda.es\/en\/?s={search_term_string}"},"query-input":"required name=search_term_string"}],"inLanguage":"en-US"},{"@type":"Person","@id":"https:\/\/www.aguarda.es\/en\/#\/schema\/person\/c463ca3006858ffb349d11179d044f21","name":"prensa","image":{"@type":"ImageObject","inLanguage":"en-US","@id":"https:\/\/www.aguarda.es\/en\/#\/schema\/person\/image\/","url":"https:\/\/secure.gravatar.com\/avatar\/5f90ef536b0f98306edf5c7a1135ffa1?s=96&d=mm&r=g","contentUrl":"https:\/\/secure.gravatar.com\/avatar\/5f90ef536b0f98306edf5c7a1135ffa1?s=96&d=mm&r=g","caption":"prensa"},"url":"https:\/\/www.aguarda.es\/en\/author\/prensa\/"}]}},"_links":{"self":[{"href":"https:\/\/www.aguarda.es\/en\/wp-json\/wp\/v2\/posts\/24571"}],"collection":[{"href":"https:\/\/www.aguarda.es\/en\/wp-json\/wp\/v2\/posts"}],"about":[{"href":"https:\/\/www.aguarda.es\/en\/wp-json\/wp\/v2\/types\/post"}],"author":[{"embeddable":true,"href":"https:\/\/www.aguarda.es\/en\/wp-json\/wp\/v2\/users\/2"}],"replies":[{"embeddable":true,"href":"https:\/\/www.aguarda.es\/en\/wp-json\/wp\/v2\/comments?post=24571"}],"version-history":[{"count":1,"href":"https:\/\/www.aguarda.es\/en\/wp-json\/wp\/v2\/posts\/24571\/revisions"}],"predecessor-version":[{"id":24574,"href":"https:\/\/www.aguarda.es\/en\/wp-json\/wp\/v2\/posts\/24571\/revisions\/24574"}],"wp:featuredmedia":[{"embeddable":true,"href":"https:\/\/www.aguarda.es\/en\/wp-json\/wp\/v2\/media\/24572"}],"wp:attachment":[{"href":"https:\/\/www.aguarda.es\/en\/wp-json\/wp\/v2\/media?parent=24571"}],"wp:term":[{"taxonomy":"category","embeddable":true,"href":"https:\/\/www.aguarda.es\/en\/wp-json\/wp\/v2\/categories?post=24571"},{"taxonomy":"post_tag","embeddable":true,"href":"https:\/\/www.aguarda.es\/en\/wp-json\/wp\/v2\/tags?post=24571"}],"curies":[{"name":"wp","href":"https:\/\/api.w.org\/{rel}","templated":true}]}}