{"id":24666,"date":"2021-10-08T12:19:14","date_gmt":"2021-10-08T12:19:14","guid":{"rendered":"https:\/\/www.aguarda.es\/?p=24666"},"modified":"2021-10-08T12:19:14","modified_gmt":"2021-10-08T12:19:14","slug":"o-concello-da-guarda-renova-o-pavimento-do-pavillon-municipal-da-sangrina","status":"publish","type":"post","link":"https:\/\/www.aguarda.es\/en\/o-concello-da-guarda-renova-o-pavimento-do-pavillon-municipal-da-sangrina\/","title":{"rendered":"O Concello da Guarda renova o pavimento do Pavill\u00f3n Municipal da Sangri\u00f1a"},"content":{"rendered":"<p>O Concello da Guarda realizou ao longo do ver\u00e1n obras de mantemento correctivo do pavimento do pavill\u00f3n municipal de cara ao inicio da tempada deportiva 2021\/22, consistentes no acoitelado, lixado e vernizado do parquet deportivo, a reparaci\u00f3n do pavimento en zonas danadas, o pintado dos bordes do campo cun acabado con propiedades antideslizantes e o marcaxe e pintado do campo de balonm\u00e1n e zonas a resaltar.<\/p>\n<p>Nestas obras no pavill\u00f3n destin\u00e1ronse preto de 30.000\u20ac, asumidos con recursos propios do Concello da Guarda dentro do Plan de Inversi\u00f3ns previstas para este 2021.<\/p>\n<p>Estas obras eran moi demandadas polo club de balonm\u00e1n Atl\u00e9tico Guard\u00e9s e necesarias para unha correcta pr\u00e1ctica da actividade deportiva.<\/p>\n<p>Hai que ter en conta que no club, ademais da Divisi\u00f3n de Honra, tam\u00e9n hai equipos de xuvenil, cadete, infantil e benxam\u00edn, e ademais neste ano creouse un equipo de auton\u00f3mico masculino, polo cal foi preciso facer estas obras para que a pr\u00e1ctica deportiva se realice con todas as medidas de seguridade e en condici\u00f3ns \u00f3ptimas para os nosos deportistas.<\/p>\n","protected":false},"excerpt":{"rendered":"<p>O Concello da Guarda realizou ao longo do ver\u00e1n obras de mantemento correctivo do pavimento do pavill\u00f3n municipal de cara ao inicio da tempada deportiva 2021\/22, consistentes no acoitelado, lixado e vernizado do parquet deportivo, a reparaci\u00f3n do pavimento en &hellip; <\/p>\n","protected":false},"author":2,"featured_media":24667,"comment_status":"open","ping_status":"open","sticky":false,"template":"","format":"standard","meta":[],"categories":[35],"tags":[226,276,2607,1070],"yoast_head":"<!-- This site is optimized with the Yoast SEO plugin v21.1 - https:\/\/yoast.com\/wordpress\/plugins\/seo\/ -->\n<title>O Concello da Guarda renova o pavimento do Pavill\u00f3n Municipal da Sangri\u00f1a - Concello da Guarda<\/title>\n<meta name=\"robots\" content=\"index, follow, max-snippet:-1, max-image-preview:large, max-video-preview:-1\" \/>\n<link rel=\"canonical\" href=\"https:\/\/www.aguarda.es\/en\/o-concello-da-guarda-renova-o-pavimento-do-pavillon-municipal-da-sangrina\/\" \/>\n<meta property=\"og:locale\" content=\"en_US\" \/>\n<meta property=\"og:type\" content=\"article\" \/>\n<meta property=\"og:title\" content=\"O Concello da Guarda renova o pavimento do Pavill\u00f3n Municipal da Sangri\u00f1a - Concello da Guarda\" \/>\n<meta property=\"og:description\" content=\"O Concello da Guarda realizou ao longo do ver\u00e1n obras de mantemento correctivo do pavimento do pavill\u00f3n municipal de cara ao inicio da tempada deportiva 2021\/22, consistentes no acoitelado, lixado e vernizado do parquet deportivo, a reparaci\u00f3n do pavimento en &hellip;\" \/>\n<meta property=\"og:url\" content=\"https:\/\/www.aguarda.es\/en\/o-concello-da-guarda-renova-o-pavimento-do-pavillon-municipal-da-sangrina\/\" \/>\n<meta property=\"og:site_name\" content=\"Concello da Guarda\" \/>\n<meta property=\"article:publisher\" content=\"https:\/\/www.facebook.com\/ConcellodaGuarda\" \/>\n<meta property=\"article:published_time\" content=\"2021-10-08T12:19:14+00:00\" \/>\n<meta property=\"og:image\" content=\"https:\/\/www.aguarda.es\/wp-content\/uploads\/2021\/10\/NP-08102021-O-Concello-da-Guarda-renova-o-pavimento-do-Pavill\u00f3n-Municipal-da-Sangri\u00f1a.jpg\" \/>\n\t<meta property=\"og:image:width\" content=\"800\" \/>\n\t<meta property=\"og:image:height\" content=\"533\" \/>\n\t<meta property=\"og:image:type\" content=\"image\/jpeg\" \/>\n<meta name=\"author\" content=\"prensa\" \/>\n<meta name=\"twitter:card\" content=\"summary_large_image\" \/>\n<meta name=\"twitter:creator\" content=\"@AGuarda_es\" \/>\n<meta name=\"twitter:site\" content=\"@AGuarda_es\" \/>\n<meta name=\"twitter:label1\" content=\"Written by\" \/>\n\t<meta name=\"twitter:data1\" content=\"prensa\" \/>\n\t<meta name=\"twitter:label2\" content=\"Est. reading time\" \/>\n\t<meta name=\"twitter:data2\" content=\"1 minute\" \/>\n<script type=\"application\/ld+json\" class=\"yoast-schema-graph\">{\"@context\":\"https:\/\/schema.org\",\"@graph\":[{\"@type\":\"WebPage\",\"@id\":\"https:\/\/www.aguarda.es\/en\/o-concello-da-guarda-renova-o-pavimento-do-pavillon-municipal-da-sangrina\/\",\"url\":\"https:\/\/www.aguarda.es\/en\/o-concello-da-guarda-renova-o-pavimento-do-pavillon-municipal-da-sangrina\/\",\"name\":\"O Concello da Guarda renova o pavimento do Pavill\u00f3n Municipal da Sangri\u00f1a - Concello da Guarda\",\"isPartOf\":{\"@id\":\"https:\/\/www.aguarda.es\/en\/#website\"},\"datePublished\":\"2021-10-08T12:19:14+00:00\",\"dateModified\":\"2021-10-08T12:19:14+00:00\",\"author\":{\"@id\":\"https:\/\/www.aguarda.es\/en\/#\/schema\/person\/c463ca3006858ffb349d11179d044f21\"},\"breadcrumb\":{\"@id\":\"https:\/\/www.aguarda.es\/en\/o-concello-da-guarda-renova-o-pavimento-do-pavillon-municipal-da-sangrina\/#breadcrumb\"},\"inLanguage\":\"en-US\",\"potentialAction\":[{\"@type\":\"ReadAction\",\"target\":[\"https:\/\/www.aguarda.es\/en\/o-concello-da-guarda-renova-o-pavimento-do-pavillon-municipal-da-sangrina\/\"]}]},{\"@type\":\"BreadcrumbList\",\"@id\":\"https:\/\/www.aguarda.es\/en\/o-concello-da-guarda-renova-o-pavimento-do-pavillon-municipal-da-sangrina\/#breadcrumb\",\"itemListElement\":[{\"@type\":\"ListItem\",\"position\":1,\"name\":\"Portada\",\"item\":\"https:\/\/www.aguarda.es\/en\/\"},{\"@type\":\"ListItem\",\"position\":2,\"name\":\"O Concello da Guarda renova o pavimento do Pavill\u00f3n Municipal da Sangri\u00f1a\"}]},{\"@type\":\"WebSite\",\"@id\":\"https:\/\/www.aguarda.es\/en\/#website\",\"url\":\"https:\/\/www.aguarda.es\/en\/\",\"name\":\"Concello da Guarda\",\"description\":\"P\u00e1xina web do concello da Guarda\",\"potentialAction\":[{\"@type\":\"SearchAction\",\"target\":{\"@type\":\"EntryPoint\",\"urlTemplate\":\"https:\/\/www.aguarda.es\/en\/?s={search_term_string}\"},\"query-input\":\"required name=search_term_string\"}],\"inLanguage\":\"en-US\"},{\"@type\":\"Person\",\"@id\":\"https:\/\/www.aguarda.es\/en\/#\/schema\/person\/c463ca3006858ffb349d11179d044f21\",\"name\":\"prensa\",\"image\":{\"@type\":\"ImageObject\",\"inLanguage\":\"en-US\",\"@id\":\"https:\/\/www.aguarda.es\/en\/#\/schema\/person\/image\/\",\"url\":\"https:\/\/secure.gravatar.com\/avatar\/5f90ef536b0f98306edf5c7a1135ffa1?s=96&d=mm&r=g\",\"contentUrl\":\"https:\/\/secure.gravatar.com\/avatar\/5f90ef536b0f98306edf5c7a1135ffa1?s=96&d=mm&r=g\",\"caption\":\"prensa\"},\"url\":\"https:\/\/www.aguarda.es\/en\/author\/prensa\/\"}]}<\/script>\n<!-- \/ Yoast SEO plugin. -->","yoast_head_json":{"title":"O Concello da Guarda renova o pavimento do Pavill\u00f3n Municipal da Sangri\u00f1a - Concello da Guarda","robots":{"index":"index","follow":"follow","max-snippet":"max-snippet:-1","max-image-preview":"max-image-preview:large","max-video-preview":"max-video-preview:-1"},"canonical":"https:\/\/www.aguarda.es\/en\/o-concello-da-guarda-renova-o-pavimento-do-pavillon-municipal-da-sangrina\/","og_locale":"en_US","og_type":"article","og_title":"O Concello da Guarda renova o pavimento do Pavill\u00f3n Municipal da Sangri\u00f1a - Concello da Guarda","og_description":"O Concello da Guarda realizou ao longo do ver\u00e1n obras de mantemento correctivo do pavimento do pavill\u00f3n municipal de cara ao inicio da tempada deportiva 2021\/22, consistentes no acoitelado, lixado e vernizado do parquet deportivo, a reparaci\u00f3n do pavimento en &hellip;","og_url":"https:\/\/www.aguarda.es\/en\/o-concello-da-guarda-renova-o-pavimento-do-pavillon-municipal-da-sangrina\/","og_site_name":"Concello da Guarda","article_publisher":"https:\/\/www.facebook.com\/ConcellodaGuarda","article_published_time":"2021-10-08T12:19:14+00:00","og_image":[{"width":800,"height":533,"url":"https:\/\/www.aguarda.es\/wp-content\/uploads\/2021\/10\/NP-08102021-O-Concello-da-Guarda-renova-o-pavimento-do-Pavill\u00f3n-Municipal-da-Sangri\u00f1a.jpg","type":"image\/jpeg"}],"author":"prensa","twitter_card":"summary_large_image","twitter_creator":"@AGuarda_es","twitter_site":"@AGuarda_es","twitter_misc":{"Written by":"prensa","Est. reading time":"1 minute"},"schema":{"@context":"https:\/\/schema.org","@graph":[{"@type":"WebPage","@id":"https:\/\/www.aguarda.es\/en\/o-concello-da-guarda-renova-o-pavimento-do-pavillon-municipal-da-sangrina\/","url":"https:\/\/www.aguarda.es\/en\/o-concello-da-guarda-renova-o-pavimento-do-pavillon-municipal-da-sangrina\/","name":"O Concello da Guarda renova o pavimento do Pavill\u00f3n Municipal da Sangri\u00f1a - Concello da Guarda","isPartOf":{"@id":"https:\/\/www.aguarda.es\/en\/#website"},"datePublished":"2021-10-08T12:19:14+00:00","dateModified":"2021-10-08T12:19:14+00:00","author":{"@id":"https:\/\/www.aguarda.es\/en\/#\/schema\/person\/c463ca3006858ffb349d11179d044f21"},"breadcrumb":{"@id":"https:\/\/www.aguarda.es\/en\/o-concello-da-guarda-renova-o-pavimento-do-pavillon-municipal-da-sangrina\/#breadcrumb"},"inLanguage":"en-US","potentialAction":[{"@type":"ReadAction","target":["https:\/\/www.aguarda.es\/en\/o-concello-da-guarda-renova-o-pavimento-do-pavillon-municipal-da-sangrina\/"]}]},{"@type":"BreadcrumbList","@id":"https:\/\/www.aguarda.es\/en\/o-concello-da-guarda-renova-o-pavimento-do-pavillon-municipal-da-sangrina\/#breadcrumb","itemListElement":[{"@type":"ListItem","position":1,"name":"Portada","item":"https:\/\/www.aguarda.es\/en\/"},{"@type":"ListItem","position":2,"name":"O Concello da Guarda renova o pavimento do Pavill\u00f3n Municipal da Sangri\u00f1a"}]},{"@type":"WebSite","@id":"https:\/\/www.aguarda.es\/en\/#website","url":"https:\/\/www.aguarda.es\/en\/","name":"Concello da Guarda","description":"P\u00e1xina web do concello da Guarda","potentialAction":[{"@type":"SearchAction","target":{"@type":"EntryPoint","urlTemplate":"https:\/\/www.aguarda.es\/en\/?s={search_term_string}"},"query-input":"required name=search_term_string"}],"inLanguage":"en-US"},{"@type":"Person","@id":"https:\/\/www.aguarda.es\/en\/#\/schema\/person\/c463ca3006858ffb349d11179d044f21","name":"prensa","image":{"@type":"ImageObject","inLanguage":"en-US","@id":"https:\/\/www.aguarda.es\/en\/#\/schema\/person\/image\/","url":"https:\/\/secure.gravatar.com\/avatar\/5f90ef536b0f98306edf5c7a1135ffa1?s=96&d=mm&r=g","contentUrl":"https:\/\/secure.gravatar.com\/avatar\/5f90ef536b0f98306edf5c7a1135ffa1?s=96&d=mm&r=g","caption":"prensa"},"url":"https:\/\/www.aguarda.es\/en\/author\/prensa\/"}]}},"_links":{"self":[{"href":"https:\/\/www.aguarda.es\/en\/wp-json\/wp\/v2\/posts\/24666"}],"collection":[{"href":"https:\/\/www.aguarda.es\/en\/wp-json\/wp\/v2\/posts"}],"about":[{"href":"https:\/\/www.aguarda.es\/en\/wp-json\/wp\/v2\/types\/post"}],"author":[{"embeddable":true,"href":"https:\/\/www.aguarda.es\/en\/wp-json\/wp\/v2\/users\/2"}],"replies":[{"embeddable":true,"href":"https:\/\/www.aguarda.es\/en\/wp-json\/wp\/v2\/comments?post=24666"}],"version-history":[{"count":1,"href":"https:\/\/www.aguarda.es\/en\/wp-json\/wp\/v2\/posts\/24666\/revisions"}],"predecessor-version":[{"id":24669,"href":"https:\/\/www.aguarda.es\/en\/wp-json\/wp\/v2\/posts\/24666\/revisions\/24669"}],"wp:featuredmedia":[{"embeddable":true,"href":"https:\/\/www.aguarda.es\/en\/wp-json\/wp\/v2\/media\/24667"}],"wp:attachment":[{"href":"https:\/\/www.aguarda.es\/en\/wp-json\/wp\/v2\/media?parent=24666"}],"wp:term":[{"taxonomy":"category","embeddable":true,"href":"https:\/\/www.aguarda.es\/en\/wp-json\/wp\/v2\/categories?post=24666"},{"taxonomy":"post_tag","embeddable":true,"href":"https:\/\/www.aguarda.es\/en\/wp-json\/wp\/v2\/tags?post=24666"}],"curies":[{"name":"wp","href":"https:\/\/api.w.org\/{rel}","templated":true}]}}