{"id":24670,"date":"2021-10-08T14:08:47","date_gmt":"2021-10-08T14:08:47","guid":{"rendered":"https:\/\/www.aguarda.es\/?p=24670"},"modified":"2021-10-08T14:08:47","modified_gmt":"2021-10-08T14:08:47","slug":"a-guarda-participa-na-limpeza-simultanea-de-praias-convocada-por-adega","status":"publish","type":"post","link":"https:\/\/www.aguarda.es\/en\/a-guarda-participa-na-limpeza-simultanea-de-praias-convocada-por-adega\/","title":{"rendered":"A Guarda participa na Limpeza Simult\u00e1nea de praias convocada por ADEGA"},"content":{"rendered":"<p>O vindeiro s\u00e1bado d\u00eda 16 de outubro o Concello da Guarda e a Agrupaci\u00f3n O Buxeiro adh\u00edrense \u00e1 convocatoria galega de Limpeza Simult\u00e1nea de Praias convocada pola Asociaci\u00f3n para a Defensa Ecol\u00f3xica de Galiza (ADEGA).<br \/>\nNo caso da actividade na Guarda, estenderase m\u00e1is al\u00f3 das praias fluviais e mar\u00edtimas para tentar recoller o lixo existente ao longo da zona costeira entre o noso municipio, pero tam\u00e9n nos municipios do Rosal e de Oia.<br \/>\nOs participantes manter\u00e1n unha reuni\u00f3n previa \u00e1s 9:00h da ma\u00f1\u00e1 na Alameda da Guarda, onde se explicar\u00e1n os diferentes puntos de recollida ao longo da zona costeira, faranse os diferentes grupos e repartirase o material necesario(luvas e bolsas de recollida do lixo).<br \/>\nNa Guarda xa se estableceron 4 puntos para a recollida, a zona do Puntal, a zona da EDAR, a zona da Praia da Area Grande e a zona da Cet\u00e1rea Redonda. No Rosal a limpeza costeira realizarase nas zonas de Portecelo e Amiadelo e en Oia nas zonas de Punta Orelludas, desembocadura r\u00edo Vilar e Mosteiro.<br \/>\nAs diferentes zonas se poden visualizar a trav\u00e9s do seguinte mapa: <a href=\"https:\/\/www.google.com\/maps\/d\/edit?mid=1zMumJtZycPCIROyDrLPLOPdTelxclvw_&amp;usp=sharing\">https:\/\/www.google.com\/maps\/d\/edit?mid=1zMumJtZycPCIROyDrLPLOPdTelxclvw_&amp;usp=sharing<\/a><\/p>\n","protected":false},"excerpt":{"rendered":"<p>O vindeiro s\u00e1bado d\u00eda 16 de outubro o Concello da Guarda e a Agrupaci\u00f3n O Buxeiro adh\u00edrense \u00e1 convocatoria galega de Limpeza Simult\u00e1nea de Praias convocada pola Asociaci\u00f3n para a Defensa Ecol\u00f3xica de Galiza (ADEGA). No caso da actividade na &hellip; <\/p>\n","protected":false},"author":2,"featured_media":24671,"comment_status":"open","ping_status":"open","sticky":false,"template":"","format":"standard","meta":[],"categories":[40],"tags":[226,2608,2318,227],"yoast_head":"<!-- This site is optimized with the Yoast SEO plugin v21.1 - https:\/\/yoast.com\/wordpress\/plugins\/seo\/ -->\n<title>A Guarda participa na Limpeza Simult\u00e1nea de praias convocada por ADEGA - Concello da Guarda<\/title>\n<meta name=\"robots\" content=\"index, follow, max-snippet:-1, max-image-preview:large, max-video-preview:-1\" \/>\n<link rel=\"canonical\" href=\"https:\/\/www.aguarda.es\/en\/a-guarda-participa-na-limpeza-simultanea-de-praias-convocada-por-adega\/\" \/>\n<meta property=\"og:locale\" content=\"en_US\" \/>\n<meta property=\"og:type\" content=\"article\" \/>\n<meta property=\"og:title\" content=\"A Guarda participa na Limpeza Simult\u00e1nea de praias convocada por ADEGA - Concello da Guarda\" \/>\n<meta property=\"og:description\" content=\"O vindeiro s\u00e1bado d\u00eda 16 de outubro o Concello da Guarda e a Agrupaci\u00f3n O Buxeiro adh\u00edrense \u00e1 convocatoria galega de Limpeza Simult\u00e1nea de Praias convocada pola Asociaci\u00f3n para a Defensa Ecol\u00f3xica de Galiza (ADEGA). No caso da actividade na &hellip;\" \/>\n<meta property=\"og:url\" content=\"https:\/\/www.aguarda.es\/en\/a-guarda-participa-na-limpeza-simultanea-de-praias-convocada-por-adega\/\" \/>\n<meta property=\"og:site_name\" content=\"Concello da Guarda\" \/>\n<meta property=\"article:publisher\" content=\"https:\/\/www.facebook.com\/ConcellodaGuarda\" \/>\n<meta property=\"article:published_time\" content=\"2021-10-08T14:08:47+00:00\" \/>\n<meta property=\"og:image\" content=\"https:\/\/www.aguarda.es\/wp-content\/uploads\/2021\/10\/NP-08102021-A-Guarda-participa-na-Limpeza-Simult\u00e1nea-de-praias-convocada-por-ADEGA.jpg\" \/>\n\t<meta property=\"og:image:width\" content=\"800\" \/>\n\t<meta property=\"og:image:height\" content=\"1132\" \/>\n\t<meta property=\"og:image:type\" content=\"image\/jpeg\" \/>\n<meta name=\"author\" content=\"prensa\" \/>\n<meta name=\"twitter:card\" content=\"summary_large_image\" \/>\n<meta name=\"twitter:creator\" content=\"@AGuarda_es\" \/>\n<meta name=\"twitter:site\" content=\"@AGuarda_es\" \/>\n<meta name=\"twitter:label1\" content=\"Written by\" \/>\n\t<meta name=\"twitter:data1\" content=\"prensa\" \/>\n\t<meta name=\"twitter:label2\" content=\"Est. reading time\" \/>\n\t<meta name=\"twitter:data2\" content=\"1 minute\" \/>\n<script type=\"application\/ld+json\" class=\"yoast-schema-graph\">{\"@context\":\"https:\/\/schema.org\",\"@graph\":[{\"@type\":\"WebPage\",\"@id\":\"https:\/\/www.aguarda.es\/en\/a-guarda-participa-na-limpeza-simultanea-de-praias-convocada-por-adega\/\",\"url\":\"https:\/\/www.aguarda.es\/en\/a-guarda-participa-na-limpeza-simultanea-de-praias-convocada-por-adega\/\",\"name\":\"A Guarda participa na Limpeza Simult\u00e1nea de praias convocada por ADEGA - Concello da Guarda\",\"isPartOf\":{\"@id\":\"https:\/\/www.aguarda.es\/en\/#website\"},\"datePublished\":\"2021-10-08T14:08:47+00:00\",\"dateModified\":\"2021-10-08T14:08:47+00:00\",\"author\":{\"@id\":\"https:\/\/www.aguarda.es\/en\/#\/schema\/person\/c463ca3006858ffb349d11179d044f21\"},\"breadcrumb\":{\"@id\":\"https:\/\/www.aguarda.es\/en\/a-guarda-participa-na-limpeza-simultanea-de-praias-convocada-por-adega\/#breadcrumb\"},\"inLanguage\":\"en-US\",\"potentialAction\":[{\"@type\":\"ReadAction\",\"target\":[\"https:\/\/www.aguarda.es\/en\/a-guarda-participa-na-limpeza-simultanea-de-praias-convocada-por-adega\/\"]}]},{\"@type\":\"BreadcrumbList\",\"@id\":\"https:\/\/www.aguarda.es\/en\/a-guarda-participa-na-limpeza-simultanea-de-praias-convocada-por-adega\/#breadcrumb\",\"itemListElement\":[{\"@type\":\"ListItem\",\"position\":1,\"name\":\"Portada\",\"item\":\"https:\/\/www.aguarda.es\/en\/\"},{\"@type\":\"ListItem\",\"position\":2,\"name\":\"A Guarda participa na Limpeza Simult\u00e1nea de praias convocada por ADEGA\"}]},{\"@type\":\"WebSite\",\"@id\":\"https:\/\/www.aguarda.es\/en\/#website\",\"url\":\"https:\/\/www.aguarda.es\/en\/\",\"name\":\"Concello da Guarda\",\"description\":\"P\u00e1xina web do concello da Guarda\",\"potentialAction\":[{\"@type\":\"SearchAction\",\"target\":{\"@type\":\"EntryPoint\",\"urlTemplate\":\"https:\/\/www.aguarda.es\/en\/?s={search_term_string}\"},\"query-input\":\"required name=search_term_string\"}],\"inLanguage\":\"en-US\"},{\"@type\":\"Person\",\"@id\":\"https:\/\/www.aguarda.es\/en\/#\/schema\/person\/c463ca3006858ffb349d11179d044f21\",\"name\":\"prensa\",\"image\":{\"@type\":\"ImageObject\",\"inLanguage\":\"en-US\",\"@id\":\"https:\/\/www.aguarda.es\/en\/#\/schema\/person\/image\/\",\"url\":\"https:\/\/secure.gravatar.com\/avatar\/5f90ef536b0f98306edf5c7a1135ffa1?s=96&d=mm&r=g\",\"contentUrl\":\"https:\/\/secure.gravatar.com\/avatar\/5f90ef536b0f98306edf5c7a1135ffa1?s=96&d=mm&r=g\",\"caption\":\"prensa\"},\"url\":\"https:\/\/www.aguarda.es\/en\/author\/prensa\/\"}]}<\/script>\n<!-- \/ Yoast SEO plugin. -->","yoast_head_json":{"title":"A Guarda participa na Limpeza Simult\u00e1nea de praias convocada por ADEGA - Concello da Guarda","robots":{"index":"index","follow":"follow","max-snippet":"max-snippet:-1","max-image-preview":"max-image-preview:large","max-video-preview":"max-video-preview:-1"},"canonical":"https:\/\/www.aguarda.es\/en\/a-guarda-participa-na-limpeza-simultanea-de-praias-convocada-por-adega\/","og_locale":"en_US","og_type":"article","og_title":"A Guarda participa na Limpeza Simult\u00e1nea de praias convocada por ADEGA - Concello da Guarda","og_description":"O vindeiro s\u00e1bado d\u00eda 16 de outubro o Concello da Guarda e a Agrupaci\u00f3n O Buxeiro adh\u00edrense \u00e1 convocatoria galega de Limpeza Simult\u00e1nea de Praias convocada pola Asociaci\u00f3n para a Defensa Ecol\u00f3xica de Galiza (ADEGA). No caso da actividade na &hellip;","og_url":"https:\/\/www.aguarda.es\/en\/a-guarda-participa-na-limpeza-simultanea-de-praias-convocada-por-adega\/","og_site_name":"Concello da Guarda","article_publisher":"https:\/\/www.facebook.com\/ConcellodaGuarda","article_published_time":"2021-10-08T14:08:47+00:00","og_image":[{"width":800,"height":1132,"url":"https:\/\/www.aguarda.es\/wp-content\/uploads\/2021\/10\/NP-08102021-A-Guarda-participa-na-Limpeza-Simult\u00e1nea-de-praias-convocada-por-ADEGA.jpg","type":"image\/jpeg"}],"author":"prensa","twitter_card":"summary_large_image","twitter_creator":"@AGuarda_es","twitter_site":"@AGuarda_es","twitter_misc":{"Written by":"prensa","Est. reading time":"1 minute"},"schema":{"@context":"https:\/\/schema.org","@graph":[{"@type":"WebPage","@id":"https:\/\/www.aguarda.es\/en\/a-guarda-participa-na-limpeza-simultanea-de-praias-convocada-por-adega\/","url":"https:\/\/www.aguarda.es\/en\/a-guarda-participa-na-limpeza-simultanea-de-praias-convocada-por-adega\/","name":"A Guarda participa na Limpeza Simult\u00e1nea de praias convocada por ADEGA - Concello da Guarda","isPartOf":{"@id":"https:\/\/www.aguarda.es\/en\/#website"},"datePublished":"2021-10-08T14:08:47+00:00","dateModified":"2021-10-08T14:08:47+00:00","author":{"@id":"https:\/\/www.aguarda.es\/en\/#\/schema\/person\/c463ca3006858ffb349d11179d044f21"},"breadcrumb":{"@id":"https:\/\/www.aguarda.es\/en\/a-guarda-participa-na-limpeza-simultanea-de-praias-convocada-por-adega\/#breadcrumb"},"inLanguage":"en-US","potentialAction":[{"@type":"ReadAction","target":["https:\/\/www.aguarda.es\/en\/a-guarda-participa-na-limpeza-simultanea-de-praias-convocada-por-adega\/"]}]},{"@type":"BreadcrumbList","@id":"https:\/\/www.aguarda.es\/en\/a-guarda-participa-na-limpeza-simultanea-de-praias-convocada-por-adega\/#breadcrumb","itemListElement":[{"@type":"ListItem","position":1,"name":"Portada","item":"https:\/\/www.aguarda.es\/en\/"},{"@type":"ListItem","position":2,"name":"A Guarda participa na Limpeza Simult\u00e1nea de praias convocada por ADEGA"}]},{"@type":"WebSite","@id":"https:\/\/www.aguarda.es\/en\/#website","url":"https:\/\/www.aguarda.es\/en\/","name":"Concello da Guarda","description":"P\u00e1xina web do concello da Guarda","potentialAction":[{"@type":"SearchAction","target":{"@type":"EntryPoint","urlTemplate":"https:\/\/www.aguarda.es\/en\/?s={search_term_string}"},"query-input":"required name=search_term_string"}],"inLanguage":"en-US"},{"@type":"Person","@id":"https:\/\/www.aguarda.es\/en\/#\/schema\/person\/c463ca3006858ffb349d11179d044f21","name":"prensa","image":{"@type":"ImageObject","inLanguage":"en-US","@id":"https:\/\/www.aguarda.es\/en\/#\/schema\/person\/image\/","url":"https:\/\/secure.gravatar.com\/avatar\/5f90ef536b0f98306edf5c7a1135ffa1?s=96&d=mm&r=g","contentUrl":"https:\/\/secure.gravatar.com\/avatar\/5f90ef536b0f98306edf5c7a1135ffa1?s=96&d=mm&r=g","caption":"prensa"},"url":"https:\/\/www.aguarda.es\/en\/author\/prensa\/"}]}},"_links":{"self":[{"href":"https:\/\/www.aguarda.es\/en\/wp-json\/wp\/v2\/posts\/24670"}],"collection":[{"href":"https:\/\/www.aguarda.es\/en\/wp-json\/wp\/v2\/posts"}],"about":[{"href":"https:\/\/www.aguarda.es\/en\/wp-json\/wp\/v2\/types\/post"}],"author":[{"embeddable":true,"href":"https:\/\/www.aguarda.es\/en\/wp-json\/wp\/v2\/users\/2"}],"replies":[{"embeddable":true,"href":"https:\/\/www.aguarda.es\/en\/wp-json\/wp\/v2\/comments?post=24670"}],"version-history":[{"count":1,"href":"https:\/\/www.aguarda.es\/en\/wp-json\/wp\/v2\/posts\/24670\/revisions"}],"predecessor-version":[{"id":24673,"href":"https:\/\/www.aguarda.es\/en\/wp-json\/wp\/v2\/posts\/24670\/revisions\/24673"}],"wp:featuredmedia":[{"embeddable":true,"href":"https:\/\/www.aguarda.es\/en\/wp-json\/wp\/v2\/media\/24671"}],"wp:attachment":[{"href":"https:\/\/www.aguarda.es\/en\/wp-json\/wp\/v2\/media?parent=24670"}],"wp:term":[{"taxonomy":"category","embeddable":true,"href":"https:\/\/www.aguarda.es\/en\/wp-json\/wp\/v2\/categories?post=24670"},{"taxonomy":"post_tag","embeddable":true,"href":"https:\/\/www.aguarda.es\/en\/wp-json\/wp\/v2\/tags?post=24670"}],"curies":[{"name":"wp","href":"https:\/\/api.w.org\/{rel}","templated":true}]}}