{"id":24797,"date":"2021-11-02T12:50:19","date_gmt":"2021-11-02T12:50:19","guid":{"rendered":"https:\/\/www.aguarda.es\/?p=24797"},"modified":"2021-11-02T13:03:10","modified_gmt":"2021-11-02T13:03:10","slug":"a-guarda-presenta-a-programacion-de-outono","status":"publish","type":"post","link":"https:\/\/www.aguarda.es\/en\/a-guarda-presenta-a-programacion-de-outono\/","title":{"rendered":"A Guarda presenta a programaci\u00f3n de Outono"},"content":{"rendered":"<p>O venres 29 de outubro tivo lugar a presentaci\u00f3n da Programaci\u00f3n de Outono do Concello da Guarda, acto que contou coa presencia do Alcalde da Guarda, Antonio Lomba; a Concelleira de Cultura, Montserrat Magallanes, o Concelleiro de Turismo, Rafa \u00c1lvarez e a Concelleira de desenvolvemento Local e Formaci\u00f3n, F\u00e1tima Rodr\u00edguez.<\/p>\n<p>A programaci\u00f3n de Outono deste ano conta con actividades para todos os p\u00fablicos, con eventos culturais con obras de teatro e exposici\u00f3ns, as\u00ed coma numerosos obradoiros e acci\u00f3ns formativas e a programaci\u00f3n das conmemoraci\u00f3ns do D\u00eda contra a Violencia de X\u00e9nero.<\/p>\n<p>O venres 12 de novembro \u00e1s 20:30h a Sala de formaci\u00f3n do 1\u00ba andar do concello vello acolle o obradoiro sobre fotograf\u00eda de produto para comercio electr\u00f3nico e redes sociais, onde os participantes ter\u00e1n a oportunidade de co\u00f1ecer como facer fotograf\u00edas de xeito profesional para o seu uso en plataformas de comercio electr\u00f3nico e redes sociais. O obradoiro ten unha duraci\u00f3n aproximada dunha hora e \u00e9 preciso unha inscrici\u00f3n previa chamando ao 986610000 ext.7 ou remitindo un correo electr\u00f3nico a informacion@aguarda.es, as prazas son limitadas.<\/p>\n<p>O s\u00e1bado 13 de novembro \u00e1s 18:00h o Centro Cultural acolle o espect\u00e1culo de maxia \u201cA Igualdade non ten Truco\u201d, as inscrici\u00f3ns para esta actividade abriranse a semana previa a trav\u00e9s da web eventbrite.es ou no Centro Cultural en horario de 16:00h a 21:00h.<\/p>\n<p>O venres 19 de novembro \u00e1s 19:00ho Centro Cultural acolle a obra de teatro \u201cIllas Desertas\u201d, partindo de dous grandes fracasos da historia: a aventura da aviadora Amelia Earhart e da expedici\u00f3n de Ernest Shackleton, esta obra nos achega \u00e1 inutilidade das cousas in\u00fatiles. Con presencia das diferentes tecnolox\u00edas e linguaxes a obra prop\u00f3n unha interacci\u00f3n continua co p\u00fablico. As inscrici\u00f3ns para esta actividade abriranse a semana previa a trav\u00e9s da web eventbrite.es ou no Centro Cultural en horario de 16:00h a 21:00h.<\/p>\n<p>O xoves d\u00eda 25 de novembro \u00e1s 20:00h o Centro Cultural acolle o espect\u00e1culo \u201cO ben querer(se), por Aldaolado, onde as poetas Luc\u00eda Aldao e Mar\u00eda Lado mesturan poemas, m\u00fasica e historias para facer visibles as desigualdades que as mulleres seguimos atopando na nosa vida p\u00fablica e privada. Unha actividade da programaci\u00f3n de conmemoraci\u00f3n do D\u00eda Internacional contra a violencia de X\u00e9nero.<br \/>\nO s\u00e1bado 27 de novembro \u00e1s 17:00h o Centro Cultural acolle varias actividades dentro da programaci\u00f3n de conmemoraci\u00f3n do D\u00eda Internacional contra a violencia de X\u00e9nero e que ter\u00e1n inicio \u00e1s 17:00h cos contos en familia \u201cA Igualdade como f\u00edo conductor\u201d, da man de Cris de Caldas, un espect\u00e1culo para beb\u00e9s (1 a 5 anos). Contos con m\u00fasica, exposici\u00f3n de libros e conversa did\u00e1ctica coas familias.<br \/>\nSeguindo a programaci\u00f3n \u00e1s 18:30h arranca \u201cContos en lila\u201d, contos para rir, emocionar e reflexionar sobre o mundo que queremos. Po\u00f1ede as orellas para escoitar uns contos en lila, por unha sociedade m\u00e1is xusta e igualitaria.<br \/>\nXa para rematar a xornada do s\u00e1bado 27 de novembro \u00e1s 20:30h ter\u00e1 lugar \u201cMulleres de conto\u201d, una peza para p\u00fablico adulto (a partir dos 16 anos) a cargo de Cris de Caldas, onde mulleres an\u00f3nimas que con intelixencia, retranca e pouco m\u00e1is, pois nada ti\u00f1an, foron quen de vencer as inxustizas ou saltar obst\u00e1culos.<\/p>\n<p>O venres 26 de novembro \u00e1s 20:30h na Sala de formaci\u00f3n no 1\u00ba andar do concello vello acolle o obradoiro de posicionamento de empresas no mapa con Google My Business que servir\u00e1 para que os participantes co\u00f1ezan as novidades e funcionalidades de google, mellorando a informaci\u00f3n e posicionamento da empresa nos mapas online. O obradoiro te\u00f1en unha duraci\u00f3n aproximada dunha hora e \u00e9 preciso unha inscrici\u00f3n previa chamando ao 986610000 ext.7 ou remitindo un correo electr\u00f3nico a informacion@aguarda.es, as prazas son limitadas.<br \/>\nO s\u00e1bado 27 de novembro a Casa dos Alonso acolle unha homenaxe e inauguraci\u00f3n dunha Exposici\u00f3n adicada a Eliseo Alonso, que estar\u00e1 ata o 9 de decembro en horario de 9:00h a 14:00h de luns a venres. Informarase proximamente da hora da homenaxe.<br \/>\nO xoves 2 de decembro ter\u00e1 lugar na Casa dos Alonso un obradoiro organizado pola Omix sobre \u201cPapiroflexia para celebraci\u00f3ns\u201d, o obradoiro ten prazas limitadas e as persoas interesadas deber\u00e1n inscribirse na OMIX a trav\u00e9s do mail informacion@aguarda.es ou no tel\u00e9fono 986610000 ext. 7.<br \/>\nO venres 3 de decembro ter\u00e1 lugar na Casa dos Alonso un obradoiro organizado pola Omix sobre \u201cXogando no Nadal, cunha charla na que o xogo e o xoguete ser\u00e1n os protagonistas, nunhas datas nas que moitas familias planifican os agasallos de Nadal, tentando axudar nunha compra m\u00e1is consciente e pedag\u00f3xica. Para a charla non ser\u00e1 necesaria a inscrici\u00f3n previa.<br \/>\nO s\u00e1bado 4 de decembro \u00e1s 18:00h o Centro Cultural acolle a obra de teatro familiar \u201cPatapatum\u201d da Compa\u00f1\u00eda Elegante Elefante. \u201cPatapatum\u201d \u00e9 un espect\u00e1culo de teatro visual sen palabras para p\u00fablico infantil e familiar a partir dos 4 anos. A m\u00fasica Dixieland, as m\u00e1scaras e a fisicalidade das personaxes proporcionan un universo c\u00f3mico que viaxa desde o realismo ata a hip\u00e9rbole da vida coti\u00e1. \u201cPatapatum\u201d \u00e9 unha reflexi\u00f3n sobre o tempo, a crianza e como enchemos os baleiros das nosas ausencias. As inscrici\u00f3ns para esta actividade abriranse a semana previa a trav\u00e9s da web eventbrite.es ou no Centro Cultural en horario de 16:00h a 21:00h.<\/p>\n<p>O venres d\u00eda 10 de decembro \u00e1s 18:30h o Centro Cultural acolle un obradoiro organizado pola Omix sobre \u201cReutilizando envases\u201d no que se posibilita: artellar obxectos, traballar a creatividade e darlle segundos usos a obxectos. O obradoiro ten prazas limitadas e as persoas interesadas deber\u00e1n inscribirse na OMIX a trav\u00e9s do mail informacion@aguarda.es ou no tel\u00e9fono 986610000 ext. 7.<\/p>\n<p>Tam\u00e9n na xornada do venres d\u00eda 10 de decembro \u00e1s 21:00h o Centro Cultural acolle a peza de teatro musical \u201cO Candil\u201d, na que Carmela, tras unha longa xornada cargando peixe no porto da Coru\u00f1a, consegue colarse nunha sala do Pabill\u00f3n Lino, un famoso teatro de variedades. Vai acompa\u00f1ada da s\u00faa amiga Marica, unha atolada tabaqueira. Al\u00ed co\u00f1ecer\u00e1n a Elvira, sofisticada cupletista que organiza festas clandestinas para as grandes personalidades do momento&#8230;. As inscrici\u00f3ns para esta actividade abriranse a semana previa a trav\u00e9s da web eventbrite.es ou no Centro Cultural en horario de 16:00h a 21:00h.<\/p>\n<p>O venres 17 de decembro \u00e1s 18:30h o Centro Cultural acolle o obradoiro \u201cReutilizando Abelorios\u201d, no que se posibilita: artellar obxectos, traballar a creatividade e darlle segundos usos a obxectos. O obradoiro ten prazas limitadas e as persoas interesadas deber\u00e1n inscribirse na OMIX a trav\u00e9s do mail informacion@aguarda.es ou no tel\u00e9fono 986610000 ext. 7.<\/p>\n<h2 style=\"text-align: center\">PROGRAMA<\/h2>\n<p>VENRES 12 NOVEMBRO<br \/>\nCURSO FORMACI\u00d3N COMERCIO \u201cFOTOGRAF\u00cdA DE PRODUTO PARA COMERCIO ELECTR\u00d3NICO E REDES SOCIAIS\u201d<br \/>\nInscrici\u00f3n previa en Omix<\/p>\n<p>S\u00c1BADO 13 NOVEMBRO<br \/>\n18:00H. CENTRO CULTURAL<br \/>\nMAXIA: A IGUALDADE NON TEN TRUCO<br \/>\nInscrici\u00f3n previa en eventbrite.es ou no Centro Cultural (16 a 21h.), na semana previa<\/p>\n<p>VENRES 19 NOVEMBRO<br \/>\n21:00H. CENTRO CULTURAL<br \/>\nTEATRO \u201cILLAS DESERTAS\u201d<br \/>\nInscrici\u00f3n previa en eventbrite.es ou no Centro Cultural (16 a 21h.), na semana previa<\/p>\n<p>ACTIVIDADES DE CONMEMORACI\u00d3N DO D\u00cdA INTERNACIONAL CONTRA A VIOLENCIA DE X\u00c9NERO<br \/>\nInscrici\u00f3n previa das actividades en Eventbrite<\/p>\n<p>\u2022 XOVES 25 DE NOVEMBRO<br \/>\n20:00 Centro Cultural<br \/>\nESPECT\u00c1CULO: O BEN QUERER(SE), por Aldaolado<\/p>\n<p>\u2022 S\u00c1BADO 27 DE NOVEMBRO<br \/>\nNo Centro Cultural<br \/>\n17:00H. CONTOS EN FAMILIA \u201cA IGUALDADE COMO F\u00cdO CONDUTOR\u201d<br \/>\n18:30H. CONTOS EN LILA<br \/>\n20:30H. MULLERES DE CONTO<\/p>\n<p>VENRES 26 NOVEMBRO<br \/>\nCURSO FORMACI\u00d3N COMERCIO \u201cPOSICIONA A T\u00daA EMPRESA NO MAPA CON GOOGLE BUSINESS\u201d<br \/>\nInscrici\u00f3n previa en Omix<\/p>\n<p>S\u00c1BADO 27 NOVEMBRO<br \/>\nCASA DOS ALONSO \u2013 Hora por confirmar<br \/>\nHOMENAXE A ELISEO ALONSO E INAUGURACI\u00d3N DE EXPOSICI\u00d3N<\/p>\n<p>DO 27 NOVEMBRO AO 9 DE DECEMBRO<br \/>\nCASA DOS ALONSO \u2013 DE 9:00 A 14:00H.<br \/>\nEXPOSICI\u00d3N HOMENAXE A ELISEO ALONSO<\/p>\n<p>XOVES 2 DECEMBRO<br \/>\n18:30 CASA DOS ALONSO<br \/>\nPAPIROFLEXIA PARA CELEBRACI\u00d3NS<br \/>\nInscrici\u00f3n previa en Omix<\/p>\n<p>VENRES 3 DECEMBRO<br \/>\n19:30 CASA DOS ALONSO<br \/>\nXOGANDO NO NADAL, CHARLA SOBRE O XOGO E O XOGUETES<br \/>\nInscrici\u00f3n previa en Omix<\/p>\n<p>S\u00c1BADO 4 DECEMBRO<br \/>\n18:00 CENTRO CULTURAL<br \/>\nTEATRO FAMILIAR \u201cPATAPATUM\u201d<br \/>\nInscrici\u00f3n previa en eventbrite.es ou Centro Cultural (16 a 21h.)<\/p>\n<p>VENRES 10 DECEMBRO<br \/>\n18:30H. CENTRO CULTURAL<br \/>\nOBRADOIRO &#8220;REUTILIZANDO ENVASES&#8221;<br \/>\nInscrici\u00f3n previa en Omix<\/p>\n<p>VENRES 10 DECEMBRO<br \/>\n21:00H. CENTRO CULTURAL<br \/>\nTEATRO MUSICAL \u201cO Candil\u201d<br \/>\nInscrici\u00f3n previa en eventbrite.es ou Centro Cultural (16 a 21h.)<\/p>\n<p>VENRES 17 DECEMBRO<br \/>\n18:30H. CENTRO CULTURAL<br \/>\nOBRADOIRO &#8220;REUTILIZANDO ABELORIOS&#8221;<br \/>\nInscrici\u00f3n previa en Omix<\/p>\n","protected":false},"excerpt":{"rendered":"<p>O venres 29 de outubro tivo lugar a presentaci\u00f3n da Programaci\u00f3n de Outono do Concello da Guarda, acto que contou coa presencia do Alcalde da Guarda, Antonio Lomba; a Concelleira de Cultura, Montserrat Magallanes, o Concelleiro de Turismo, Rafa \u00c1lvarez &hellip; <\/p>\n","protected":false},"author":2,"featured_media":24798,"comment_status":"open","ping_status":"open","sticky":false,"template":"","format":"standard","meta":[],"categories":[34],"tags":[226,348,243,1551,1273],"yoast_head":"<!-- This site is optimized with the Yoast SEO plugin v21.1 - https:\/\/yoast.com\/wordpress\/plugins\/seo\/ -->\n<title>A Guarda presenta a programaci\u00f3n de Outono - Concello da Guarda<\/title>\n<meta name=\"robots\" content=\"index, follow, max-snippet:-1, max-image-preview:large, max-video-preview:-1\" \/>\n<link rel=\"canonical\" href=\"https:\/\/www.aguarda.es\/en\/a-guarda-presenta-a-programacion-de-outono\/\" \/>\n<meta property=\"og:locale\" content=\"en_US\" \/>\n<meta property=\"og:type\" content=\"article\" \/>\n<meta property=\"og:title\" content=\"A Guarda presenta a programaci\u00f3n de Outono - Concello da Guarda\" \/>\n<meta property=\"og:description\" content=\"O venres 29 de outubro tivo lugar a presentaci\u00f3n da Programaci\u00f3n de Outono do Concello da Guarda, acto que contou coa presencia do Alcalde da Guarda, Antonio Lomba; a Concelleira de Cultura, Montserrat Magallanes, o Concelleiro de Turismo, Rafa \u00c1lvarez &hellip;\" \/>\n<meta property=\"og:url\" content=\"https:\/\/www.aguarda.es\/en\/a-guarda-presenta-a-programacion-de-outono\/\" \/>\n<meta property=\"og:site_name\" content=\"Concello da Guarda\" \/>\n<meta property=\"article:publisher\" content=\"https:\/\/www.facebook.com\/ConcellodaGuarda\" \/>\n<meta property=\"article:published_time\" content=\"2021-11-02T12:50:19+00:00\" \/>\n<meta property=\"article:modified_time\" content=\"2021-11-02T13:03:10+00:00\" \/>\n<meta property=\"og:image\" content=\"https:\/\/www.aguarda.es\/wp-content\/uploads\/2021\/11\/Sin-t\u00edtulo-1.jpg\" \/>\n\t<meta property=\"og:image:width\" content=\"800\" \/>\n\t<meta property=\"og:image:height\" content=\"775\" \/>\n\t<meta property=\"og:image:type\" content=\"image\/jpeg\" \/>\n<meta name=\"author\" content=\"prensa\" \/>\n<meta name=\"twitter:card\" content=\"summary_large_image\" \/>\n<meta name=\"twitter:creator\" content=\"@AGuarda_es\" \/>\n<meta name=\"twitter:site\" content=\"@AGuarda_es\" \/>\n<meta name=\"twitter:label1\" content=\"Written by\" \/>\n\t<meta name=\"twitter:data1\" content=\"prensa\" \/>\n\t<meta name=\"twitter:label2\" content=\"Est. reading time\" \/>\n\t<meta name=\"twitter:data2\" content=\"7 minutes\" \/>\n<script type=\"application\/ld+json\" class=\"yoast-schema-graph\">{\"@context\":\"https:\/\/schema.org\",\"@graph\":[{\"@type\":\"WebPage\",\"@id\":\"https:\/\/www.aguarda.es\/en\/a-guarda-presenta-a-programacion-de-outono\/\",\"url\":\"https:\/\/www.aguarda.es\/en\/a-guarda-presenta-a-programacion-de-outono\/\",\"name\":\"A Guarda presenta a programaci\u00f3n de Outono - Concello da Guarda\",\"isPartOf\":{\"@id\":\"https:\/\/www.aguarda.es\/en\/#website\"},\"datePublished\":\"2021-11-02T12:50:19+00:00\",\"dateModified\":\"2021-11-02T13:03:10+00:00\",\"author\":{\"@id\":\"https:\/\/www.aguarda.es\/en\/#\/schema\/person\/c463ca3006858ffb349d11179d044f21\"},\"breadcrumb\":{\"@id\":\"https:\/\/www.aguarda.es\/en\/a-guarda-presenta-a-programacion-de-outono\/#breadcrumb\"},\"inLanguage\":\"en-US\",\"potentialAction\":[{\"@type\":\"ReadAction\",\"target\":[\"https:\/\/www.aguarda.es\/en\/a-guarda-presenta-a-programacion-de-outono\/\"]}]},{\"@type\":\"BreadcrumbList\",\"@id\":\"https:\/\/www.aguarda.es\/en\/a-guarda-presenta-a-programacion-de-outono\/#breadcrumb\",\"itemListElement\":[{\"@type\":\"ListItem\",\"position\":1,\"name\":\"Portada\",\"item\":\"https:\/\/www.aguarda.es\/en\/\"},{\"@type\":\"ListItem\",\"position\":2,\"name\":\"A Guarda presenta a programaci\u00f3n de Outono\"}]},{\"@type\":\"WebSite\",\"@id\":\"https:\/\/www.aguarda.es\/en\/#website\",\"url\":\"https:\/\/www.aguarda.es\/en\/\",\"name\":\"Concello da Guarda\",\"description\":\"P\u00e1xina web do concello da Guarda\",\"potentialAction\":[{\"@type\":\"SearchAction\",\"target\":{\"@type\":\"EntryPoint\",\"urlTemplate\":\"https:\/\/www.aguarda.es\/en\/?s={search_term_string}\"},\"query-input\":\"required name=search_term_string\"}],\"inLanguage\":\"en-US\"},{\"@type\":\"Person\",\"@id\":\"https:\/\/www.aguarda.es\/en\/#\/schema\/person\/c463ca3006858ffb349d11179d044f21\",\"name\":\"prensa\",\"image\":{\"@type\":\"ImageObject\",\"inLanguage\":\"en-US\",\"@id\":\"https:\/\/www.aguarda.es\/en\/#\/schema\/person\/image\/\",\"url\":\"https:\/\/secure.gravatar.com\/avatar\/5f90ef536b0f98306edf5c7a1135ffa1?s=96&d=mm&r=g\",\"contentUrl\":\"https:\/\/secure.gravatar.com\/avatar\/5f90ef536b0f98306edf5c7a1135ffa1?s=96&d=mm&r=g\",\"caption\":\"prensa\"},\"url\":\"https:\/\/www.aguarda.es\/en\/author\/prensa\/\"}]}<\/script>\n<!-- \/ Yoast SEO plugin. -->","yoast_head_json":{"title":"A Guarda presenta a programaci\u00f3n de Outono - Concello da Guarda","robots":{"index":"index","follow":"follow","max-snippet":"max-snippet:-1","max-image-preview":"max-image-preview:large","max-video-preview":"max-video-preview:-1"},"canonical":"https:\/\/www.aguarda.es\/en\/a-guarda-presenta-a-programacion-de-outono\/","og_locale":"en_US","og_type":"article","og_title":"A Guarda presenta a programaci\u00f3n de Outono - Concello da Guarda","og_description":"O venres 29 de outubro tivo lugar a presentaci\u00f3n da Programaci\u00f3n de Outono do Concello da Guarda, acto que contou coa presencia do Alcalde da Guarda, Antonio Lomba; a Concelleira de Cultura, Montserrat Magallanes, o Concelleiro de Turismo, Rafa \u00c1lvarez &hellip;","og_url":"https:\/\/www.aguarda.es\/en\/a-guarda-presenta-a-programacion-de-outono\/","og_site_name":"Concello da Guarda","article_publisher":"https:\/\/www.facebook.com\/ConcellodaGuarda","article_published_time":"2021-11-02T12:50:19+00:00","article_modified_time":"2021-11-02T13:03:10+00:00","og_image":[{"width":800,"height":775,"url":"https:\/\/www.aguarda.es\/wp-content\/uploads\/2021\/11\/Sin-t\u00edtulo-1.jpg","type":"image\/jpeg"}],"author":"prensa","twitter_card":"summary_large_image","twitter_creator":"@AGuarda_es","twitter_site":"@AGuarda_es","twitter_misc":{"Written by":"prensa","Est. reading time":"7 minutes"},"schema":{"@context":"https:\/\/schema.org","@graph":[{"@type":"WebPage","@id":"https:\/\/www.aguarda.es\/en\/a-guarda-presenta-a-programacion-de-outono\/","url":"https:\/\/www.aguarda.es\/en\/a-guarda-presenta-a-programacion-de-outono\/","name":"A Guarda presenta a programaci\u00f3n de Outono - Concello da Guarda","isPartOf":{"@id":"https:\/\/www.aguarda.es\/en\/#website"},"datePublished":"2021-11-02T12:50:19+00:00","dateModified":"2021-11-02T13:03:10+00:00","author":{"@id":"https:\/\/www.aguarda.es\/en\/#\/schema\/person\/c463ca3006858ffb349d11179d044f21"},"breadcrumb":{"@id":"https:\/\/www.aguarda.es\/en\/a-guarda-presenta-a-programacion-de-outono\/#breadcrumb"},"inLanguage":"en-US","potentialAction":[{"@type":"ReadAction","target":["https:\/\/www.aguarda.es\/en\/a-guarda-presenta-a-programacion-de-outono\/"]}]},{"@type":"BreadcrumbList","@id":"https:\/\/www.aguarda.es\/en\/a-guarda-presenta-a-programacion-de-outono\/#breadcrumb","itemListElement":[{"@type":"ListItem","position":1,"name":"Portada","item":"https:\/\/www.aguarda.es\/en\/"},{"@type":"ListItem","position":2,"name":"A Guarda presenta a programaci\u00f3n de Outono"}]},{"@type":"WebSite","@id":"https:\/\/www.aguarda.es\/en\/#website","url":"https:\/\/www.aguarda.es\/en\/","name":"Concello da Guarda","description":"P\u00e1xina web do concello da Guarda","potentialAction":[{"@type":"SearchAction","target":{"@type":"EntryPoint","urlTemplate":"https:\/\/www.aguarda.es\/en\/?s={search_term_string}"},"query-input":"required name=search_term_string"}],"inLanguage":"en-US"},{"@type":"Person","@id":"https:\/\/www.aguarda.es\/en\/#\/schema\/person\/c463ca3006858ffb349d11179d044f21","name":"prensa","image":{"@type":"ImageObject","inLanguage":"en-US","@id":"https:\/\/www.aguarda.es\/en\/#\/schema\/person\/image\/","url":"https:\/\/secure.gravatar.com\/avatar\/5f90ef536b0f98306edf5c7a1135ffa1?s=96&d=mm&r=g","contentUrl":"https:\/\/secure.gravatar.com\/avatar\/5f90ef536b0f98306edf5c7a1135ffa1?s=96&d=mm&r=g","caption":"prensa"},"url":"https:\/\/www.aguarda.es\/en\/author\/prensa\/"}]}},"_links":{"self":[{"href":"https:\/\/www.aguarda.es\/en\/wp-json\/wp\/v2\/posts\/24797"}],"collection":[{"href":"https:\/\/www.aguarda.es\/en\/wp-json\/wp\/v2\/posts"}],"about":[{"href":"https:\/\/www.aguarda.es\/en\/wp-json\/wp\/v2\/types\/post"}],"author":[{"embeddable":true,"href":"https:\/\/www.aguarda.es\/en\/wp-json\/wp\/v2\/users\/2"}],"replies":[{"embeddable":true,"href":"https:\/\/www.aguarda.es\/en\/wp-json\/wp\/v2\/comments?post=24797"}],"version-history":[{"count":3,"href":"https:\/\/www.aguarda.es\/en\/wp-json\/wp\/v2\/posts\/24797\/revisions"}],"predecessor-version":[{"id":24802,"href":"https:\/\/www.aguarda.es\/en\/wp-json\/wp\/v2\/posts\/24797\/revisions\/24802"}],"wp:featuredmedia":[{"embeddable":true,"href":"https:\/\/www.aguarda.es\/en\/wp-json\/wp\/v2\/media\/24798"}],"wp:attachment":[{"href":"https:\/\/www.aguarda.es\/en\/wp-json\/wp\/v2\/media?parent=24797"}],"wp:term":[{"taxonomy":"category","embeddable":true,"href":"https:\/\/www.aguarda.es\/en\/wp-json\/wp\/v2\/categories?post=24797"},{"taxonomy":"post_tag","embeddable":true,"href":"https:\/\/www.aguarda.es\/en\/wp-json\/wp\/v2\/tags?post=24797"}],"curies":[{"name":"wp","href":"https:\/\/api.w.org\/{rel}","templated":true}]}}