{"id":24827,"date":"2021-11-08T11:39:56","date_gmt":"2021-11-08T11:39:56","guid":{"rendered":"https:\/\/www.aguarda.es\/?p=24827"},"modified":"2021-11-08T12:13:12","modified_gmt":"2021-11-08T12:13:12","slug":"a-mancomunidade-do-baixo-mino-pon-autobuses-para-acudir-a-manifestacion-en-defensa-da-sanidade-publica-en-santiago-o-14-de-novembro","status":"publish","type":"post","link":"https:\/\/www.aguarda.es\/en\/a-mancomunidade-do-baixo-mino-pon-autobuses-para-acudir-a-manifestacion-en-defensa-da-sanidade-publica-en-santiago-o-14-de-novembro\/","title":{"rendered":"A Mancomunidade do Baixo Mi\u00f1o pon autobuses para acudir \u00e1 manifestaci\u00f3n en defensa da sanidade p\u00fablica en Santiago o 14 de novembro"},"content":{"rendered":"<ul>\n<li><em><strong>Ser\u00e1 de balde e pode solicitarse xa a trav\u00e9s das webs da Mancomunidade e dos concellos da Guarda, O Rosal, Tomi\u00f1o e Tui<\/strong><\/em><\/li>\n<\/ul>\n<p>A Mancomunidade Intermunicipal do Baixo Mi\u00f1o, formada polos concellos da Guarda, O Rosal, Tomi\u00f1o e Tui, s\u00famase \u00e1 manifestaci\u00f3n convocada pola Plataforma SOS Sanidade P\u00fablica ante o perigo ao que est\u00e1 sometida a atenci\u00f3n primaria por falta de persoal e de medios. A Mancomunidade por\u00e1 a disposici\u00f3n da veci\u00f1anza transporte p\u00fablico gratu\u00edto para asistir a esta manifestaci\u00f3n que se sair\u00e1 o vindeiro domingo 14 de novembro \u00e1s 12.00 horas dende a alameda de Santiago de Compostela.<br \/>\nAs persoas interesadas xa poden solicitar o autob\u00fas a trav\u00e9s dos formularios habilitados nas webs da Mancomunidade e dos catro concellos, indicando nome, apelidos, tel\u00e9fono de contacto e indicando en cal destes municipios se coller\u00eda o transporte. En funci\u00f3n do n\u00famero de solicitudes dese\u00f1aranse os horarios e rutas necesarios e daranse a co\u00f1ecer. Os formularios estar\u00e1n abertos ata o vindeiro venres 12 de novembro.<br \/>\nDende a Mancomunidade recl\u00e1mase unha mellora da atenci\u00f3n sanitaria nos centros de sa\u00fade, con falta de medios persoais, instalaci\u00f3ns deficientes e en progresivo deterioro dende hai anos. Unha situaci\u00f3n de precariedade que se viu acentuada coa chegada da pandemia, cunha diminuci\u00f3n da atenci\u00f3n presencial e medidas tomadas por Sanidade que atentan contra a calidade do servizo. Aos recortes s\u00famase a falla de substituci\u00f3ns por baixas ou vacaci\u00f3ns, o que provoca que nos centros haxa pouco persoal sanitario dispo\u00f1ible e longas esperas para obter unha cita.<br \/>\nAs rexedoras e rexedores da Mancomunidade dan o seu apoio aos profesionais da sa\u00fade e continuar\u00e1n loitando para garantir que estes poidan desenvolver o seu traballo en condici\u00f3ns dignas, asegurando ao mesmo tempo a calidade de atenci\u00f3n \u00e1 veci\u00f1anza.<\/p>\n<p><a href=\"https:\/\/baixomino.com\/inscricion-para-o-transporte-de-valde-a-manifestacion-en-defensa-da-sanidade-publica\/\"><img decoding=\"async\" class=\"aligncenter\" src=\"https:\/\/www.aguarda.es\/wp-content\/uploads\/2021\/11\/BANNER-MANIFESTACION-SANIDADE-30-SET-copia.jpg\" \/><\/a><\/p>\n","protected":false},"excerpt":{"rendered":"<p>Ser\u00e1 de balde e pode solicitarse xa a trav\u00e9s das webs da Mancomunidade e dos concellos da Guarda, O Rosal, Tomi\u00f1o e Tui A Mancomunidade Intermunicipal do Baixo Mi\u00f1o, formada polos concellos da Guarda, O Rosal, Tomi\u00f1o e Tui, s\u00famase &hellip; <\/p>\n","protected":false},"author":2,"featured_media":24828,"comment_status":"open","ping_status":"open","sticky":false,"template":"","format":"standard","meta":[],"categories":[33],"tags":[226,2043,2067,1618],"yoast_head":"<!-- This site is optimized with the Yoast SEO plugin v21.1 - https:\/\/yoast.com\/wordpress\/plugins\/seo\/ -->\n<title>A Mancomunidade do Baixo Mi\u00f1o pon autobuses para acudir \u00e1 manifestaci\u00f3n en defensa da sanidade p\u00fablica en Santiago o 14 de novembro - Concello da Guarda<\/title>\n<meta name=\"robots\" content=\"index, follow, max-snippet:-1, max-image-preview:large, max-video-preview:-1\" \/>\n<link rel=\"canonical\" href=\"https:\/\/www.aguarda.es\/en\/a-mancomunidade-do-baixo-mino-pon-autobuses-para-acudir-a-manifestacion-en-defensa-da-sanidade-publica-en-santiago-o-14-de-novembro\/\" \/>\n<meta property=\"og:locale\" content=\"en_US\" \/>\n<meta property=\"og:type\" content=\"article\" \/>\n<meta property=\"og:title\" content=\"A Mancomunidade do Baixo Mi\u00f1o pon autobuses para acudir \u00e1 manifestaci\u00f3n en defensa da sanidade p\u00fablica en Santiago o 14 de novembro - Concello da Guarda\" \/>\n<meta property=\"og:description\" content=\"Ser\u00e1 de balde e pode solicitarse xa a trav\u00e9s das webs da Mancomunidade e dos concellos da Guarda, O Rosal, Tomi\u00f1o e Tui A Mancomunidade Intermunicipal do Baixo Mi\u00f1o, formada polos concellos da Guarda, O Rosal, Tomi\u00f1o e Tui, s\u00famase &hellip;\" \/>\n<meta property=\"og:url\" content=\"https:\/\/www.aguarda.es\/en\/a-mancomunidade-do-baixo-mino-pon-autobuses-para-acudir-a-manifestacion-en-defensa-da-sanidade-publica-en-santiago-o-14-de-novembro\/\" \/>\n<meta property=\"og:site_name\" content=\"Concello da Guarda\" \/>\n<meta property=\"article:publisher\" content=\"https:\/\/www.facebook.com\/ConcellodaGuarda\" \/>\n<meta property=\"article:published_time\" content=\"2021-11-08T11:39:56+00:00\" \/>\n<meta property=\"article:modified_time\" content=\"2021-11-08T12:13:12+00:00\" \/>\n<meta property=\"og:image\" content=\"https:\/\/www.aguarda.es\/wp-content\/uploads\/2021\/11\/PHOTO-2021-11-08-12-02-32.jpg\" \/>\n\t<meta property=\"og:image:width\" content=\"800\" \/>\n\t<meta property=\"og:image:height\" content=\"500\" \/>\n\t<meta property=\"og:image:type\" content=\"image\/jpeg\" \/>\n<meta name=\"author\" content=\"prensa\" \/>\n<meta name=\"twitter:card\" content=\"summary_large_image\" \/>\n<meta name=\"twitter:creator\" content=\"@AGuarda_es\" \/>\n<meta name=\"twitter:site\" content=\"@AGuarda_es\" \/>\n<meta name=\"twitter:label1\" content=\"Written by\" \/>\n\t<meta name=\"twitter:data1\" content=\"prensa\" \/>\n\t<meta name=\"twitter:label2\" content=\"Est. reading time\" \/>\n\t<meta name=\"twitter:data2\" content=\"2 minutes\" \/>\n<script type=\"application\/ld+json\" class=\"yoast-schema-graph\">{\"@context\":\"https:\/\/schema.org\",\"@graph\":[{\"@type\":\"WebPage\",\"@id\":\"https:\/\/www.aguarda.es\/en\/a-mancomunidade-do-baixo-mino-pon-autobuses-para-acudir-a-manifestacion-en-defensa-da-sanidade-publica-en-santiago-o-14-de-novembro\/\",\"url\":\"https:\/\/www.aguarda.es\/en\/a-mancomunidade-do-baixo-mino-pon-autobuses-para-acudir-a-manifestacion-en-defensa-da-sanidade-publica-en-santiago-o-14-de-novembro\/\",\"name\":\"A Mancomunidade do Baixo Mi\u00f1o pon autobuses para acudir \u00e1 manifestaci\u00f3n en defensa da sanidade p\u00fablica en Santiago o 14 de novembro - Concello da Guarda\",\"isPartOf\":{\"@id\":\"https:\/\/www.aguarda.es\/en\/#website\"},\"datePublished\":\"2021-11-08T11:39:56+00:00\",\"dateModified\":\"2021-11-08T12:13:12+00:00\",\"author\":{\"@id\":\"https:\/\/www.aguarda.es\/en\/#\/schema\/person\/c463ca3006858ffb349d11179d044f21\"},\"breadcrumb\":{\"@id\":\"https:\/\/www.aguarda.es\/en\/a-mancomunidade-do-baixo-mino-pon-autobuses-para-acudir-a-manifestacion-en-defensa-da-sanidade-publica-en-santiago-o-14-de-novembro\/#breadcrumb\"},\"inLanguage\":\"en-US\",\"potentialAction\":[{\"@type\":\"ReadAction\",\"target\":[\"https:\/\/www.aguarda.es\/en\/a-mancomunidade-do-baixo-mino-pon-autobuses-para-acudir-a-manifestacion-en-defensa-da-sanidade-publica-en-santiago-o-14-de-novembro\/\"]}]},{\"@type\":\"BreadcrumbList\",\"@id\":\"https:\/\/www.aguarda.es\/en\/a-mancomunidade-do-baixo-mino-pon-autobuses-para-acudir-a-manifestacion-en-defensa-da-sanidade-publica-en-santiago-o-14-de-novembro\/#breadcrumb\",\"itemListElement\":[{\"@type\":\"ListItem\",\"position\":1,\"name\":\"Portada\",\"item\":\"https:\/\/www.aguarda.es\/en\/\"},{\"@type\":\"ListItem\",\"position\":2,\"name\":\"A Mancomunidade do Baixo Mi\u00f1o pon autobuses para acudir \u00e1 manifestaci\u00f3n en defensa da sanidade p\u00fablica en Santiago o 14 de novembro\"}]},{\"@type\":\"WebSite\",\"@id\":\"https:\/\/www.aguarda.es\/en\/#website\",\"url\":\"https:\/\/www.aguarda.es\/en\/\",\"name\":\"Concello da Guarda\",\"description\":\"P\u00e1xina web do concello da Guarda\",\"potentialAction\":[{\"@type\":\"SearchAction\",\"target\":{\"@type\":\"EntryPoint\",\"urlTemplate\":\"https:\/\/www.aguarda.es\/en\/?s={search_term_string}\"},\"query-input\":\"required name=search_term_string\"}],\"inLanguage\":\"en-US\"},{\"@type\":\"Person\",\"@id\":\"https:\/\/www.aguarda.es\/en\/#\/schema\/person\/c463ca3006858ffb349d11179d044f21\",\"name\":\"prensa\",\"image\":{\"@type\":\"ImageObject\",\"inLanguage\":\"en-US\",\"@id\":\"https:\/\/www.aguarda.es\/en\/#\/schema\/person\/image\/\",\"url\":\"https:\/\/secure.gravatar.com\/avatar\/5f90ef536b0f98306edf5c7a1135ffa1?s=96&d=mm&r=g\",\"contentUrl\":\"https:\/\/secure.gravatar.com\/avatar\/5f90ef536b0f98306edf5c7a1135ffa1?s=96&d=mm&r=g\",\"caption\":\"prensa\"},\"url\":\"https:\/\/www.aguarda.es\/en\/author\/prensa\/\"}]}<\/script>\n<!-- \/ Yoast SEO plugin. -->","yoast_head_json":{"title":"A Mancomunidade do Baixo Mi\u00f1o pon autobuses para acudir \u00e1 manifestaci\u00f3n en defensa da sanidade p\u00fablica en Santiago o 14 de novembro - Concello da Guarda","robots":{"index":"index","follow":"follow","max-snippet":"max-snippet:-1","max-image-preview":"max-image-preview:large","max-video-preview":"max-video-preview:-1"},"canonical":"https:\/\/www.aguarda.es\/en\/a-mancomunidade-do-baixo-mino-pon-autobuses-para-acudir-a-manifestacion-en-defensa-da-sanidade-publica-en-santiago-o-14-de-novembro\/","og_locale":"en_US","og_type":"article","og_title":"A Mancomunidade do Baixo Mi\u00f1o pon autobuses para acudir \u00e1 manifestaci\u00f3n en defensa da sanidade p\u00fablica en Santiago o 14 de novembro - Concello da Guarda","og_description":"Ser\u00e1 de balde e pode solicitarse xa a trav\u00e9s das webs da Mancomunidade e dos concellos da Guarda, O Rosal, Tomi\u00f1o e Tui A Mancomunidade Intermunicipal do Baixo Mi\u00f1o, formada polos concellos da Guarda, O Rosal, Tomi\u00f1o e Tui, s\u00famase &hellip;","og_url":"https:\/\/www.aguarda.es\/en\/a-mancomunidade-do-baixo-mino-pon-autobuses-para-acudir-a-manifestacion-en-defensa-da-sanidade-publica-en-santiago-o-14-de-novembro\/","og_site_name":"Concello da Guarda","article_publisher":"https:\/\/www.facebook.com\/ConcellodaGuarda","article_published_time":"2021-11-08T11:39:56+00:00","article_modified_time":"2021-11-08T12:13:12+00:00","og_image":[{"width":800,"height":500,"url":"https:\/\/www.aguarda.es\/wp-content\/uploads\/2021\/11\/PHOTO-2021-11-08-12-02-32.jpg","type":"image\/jpeg"}],"author":"prensa","twitter_card":"summary_large_image","twitter_creator":"@AGuarda_es","twitter_site":"@AGuarda_es","twitter_misc":{"Written by":"prensa","Est. reading time":"2 minutes"},"schema":{"@context":"https:\/\/schema.org","@graph":[{"@type":"WebPage","@id":"https:\/\/www.aguarda.es\/en\/a-mancomunidade-do-baixo-mino-pon-autobuses-para-acudir-a-manifestacion-en-defensa-da-sanidade-publica-en-santiago-o-14-de-novembro\/","url":"https:\/\/www.aguarda.es\/en\/a-mancomunidade-do-baixo-mino-pon-autobuses-para-acudir-a-manifestacion-en-defensa-da-sanidade-publica-en-santiago-o-14-de-novembro\/","name":"A Mancomunidade do Baixo Mi\u00f1o pon autobuses para acudir \u00e1 manifestaci\u00f3n en defensa da sanidade p\u00fablica en Santiago o 14 de novembro - Concello da Guarda","isPartOf":{"@id":"https:\/\/www.aguarda.es\/en\/#website"},"datePublished":"2021-11-08T11:39:56+00:00","dateModified":"2021-11-08T12:13:12+00:00","author":{"@id":"https:\/\/www.aguarda.es\/en\/#\/schema\/person\/c463ca3006858ffb349d11179d044f21"},"breadcrumb":{"@id":"https:\/\/www.aguarda.es\/en\/a-mancomunidade-do-baixo-mino-pon-autobuses-para-acudir-a-manifestacion-en-defensa-da-sanidade-publica-en-santiago-o-14-de-novembro\/#breadcrumb"},"inLanguage":"en-US","potentialAction":[{"@type":"ReadAction","target":["https:\/\/www.aguarda.es\/en\/a-mancomunidade-do-baixo-mino-pon-autobuses-para-acudir-a-manifestacion-en-defensa-da-sanidade-publica-en-santiago-o-14-de-novembro\/"]}]},{"@type":"BreadcrumbList","@id":"https:\/\/www.aguarda.es\/en\/a-mancomunidade-do-baixo-mino-pon-autobuses-para-acudir-a-manifestacion-en-defensa-da-sanidade-publica-en-santiago-o-14-de-novembro\/#breadcrumb","itemListElement":[{"@type":"ListItem","position":1,"name":"Portada","item":"https:\/\/www.aguarda.es\/en\/"},{"@type":"ListItem","position":2,"name":"A Mancomunidade do Baixo Mi\u00f1o pon autobuses para acudir \u00e1 manifestaci\u00f3n en defensa da sanidade p\u00fablica en Santiago o 14 de novembro"}]},{"@type":"WebSite","@id":"https:\/\/www.aguarda.es\/en\/#website","url":"https:\/\/www.aguarda.es\/en\/","name":"Concello da Guarda","description":"P\u00e1xina web do concello da Guarda","potentialAction":[{"@type":"SearchAction","target":{"@type":"EntryPoint","urlTemplate":"https:\/\/www.aguarda.es\/en\/?s={search_term_string}"},"query-input":"required name=search_term_string"}],"inLanguage":"en-US"},{"@type":"Person","@id":"https:\/\/www.aguarda.es\/en\/#\/schema\/person\/c463ca3006858ffb349d11179d044f21","name":"prensa","image":{"@type":"ImageObject","inLanguage":"en-US","@id":"https:\/\/www.aguarda.es\/en\/#\/schema\/person\/image\/","url":"https:\/\/secure.gravatar.com\/avatar\/5f90ef536b0f98306edf5c7a1135ffa1?s=96&d=mm&r=g","contentUrl":"https:\/\/secure.gravatar.com\/avatar\/5f90ef536b0f98306edf5c7a1135ffa1?s=96&d=mm&r=g","caption":"prensa"},"url":"https:\/\/www.aguarda.es\/en\/author\/prensa\/"}]}},"_links":{"self":[{"href":"https:\/\/www.aguarda.es\/en\/wp-json\/wp\/v2\/posts\/24827"}],"collection":[{"href":"https:\/\/www.aguarda.es\/en\/wp-json\/wp\/v2\/posts"}],"about":[{"href":"https:\/\/www.aguarda.es\/en\/wp-json\/wp\/v2\/types\/post"}],"author":[{"embeddable":true,"href":"https:\/\/www.aguarda.es\/en\/wp-json\/wp\/v2\/users\/2"}],"replies":[{"embeddable":true,"href":"https:\/\/www.aguarda.es\/en\/wp-json\/wp\/v2\/comments?post=24827"}],"version-history":[{"count":2,"href":"https:\/\/www.aguarda.es\/en\/wp-json\/wp\/v2\/posts\/24827\/revisions"}],"predecessor-version":[{"id":24834,"href":"https:\/\/www.aguarda.es\/en\/wp-json\/wp\/v2\/posts\/24827\/revisions\/24834"}],"wp:featuredmedia":[{"embeddable":true,"href":"https:\/\/www.aguarda.es\/en\/wp-json\/wp\/v2\/media\/24828"}],"wp:attachment":[{"href":"https:\/\/www.aguarda.es\/en\/wp-json\/wp\/v2\/media?parent=24827"}],"wp:term":[{"taxonomy":"category","embeddable":true,"href":"https:\/\/www.aguarda.es\/en\/wp-json\/wp\/v2\/categories?post=24827"},{"taxonomy":"post_tag","embeddable":true,"href":"https:\/\/www.aguarda.es\/en\/wp-json\/wp\/v2\/tags?post=24827"}],"curies":[{"name":"wp","href":"https:\/\/api.w.org\/{rel}","templated":true}]}}