{"id":24835,"date":"2021-11-09T09:40:46","date_gmt":"2021-11-09T09:40:46","guid":{"rendered":"https:\/\/www.aguarda.es\/?p=24835"},"modified":"2021-11-09T09:40:46","modified_gmt":"2021-11-09T09:40:46","slug":"a-comision-organizadora-da-homenaxe-a-eliseo-alonso-da-por-concluido-seu-labor","status":"publish","type":"post","link":"https:\/\/www.aguarda.es\/en\/a-comision-organizadora-da-homenaxe-a-eliseo-alonso-da-por-concluido-seu-labor\/","title":{"rendered":"A comisi\u00f3n organizadora da homenaxe a Eliseo Alonso da por conclu\u00eddo seu labor"},"content":{"rendered":"<p><em><strong>\u2022 Os actos na lembranza do insigne escritor, etn\u00f3grafo, poeta e xornalista, ter\u00e1n lugar na vila de A Guarda, o s\u00e1bado d\u00eda 27 de novembro<\/strong><\/em><\/p>\n<p>A relaci\u00f3n de amizade, apoio \u00e1 diversas iniciativas, colaboraci\u00f3n, difusi\u00f3n e investigaci\u00f3n dos valores patrimoniais vencellados coa cultura mari\u00f1eira , e as nosas tradici\u00f3ns,\u2026, que ao longo da s\u00faa andaina vital mantivo Eliseo Alonso Rodr\u00edguez (Goi\u00e1n &#8211; Tomi\u00f1o, 1 de marzo de 1924 \u2013 La Habana \u2013 Cuba, 18 de novembro de 1996), coas xentes de A Guarda, son, entre outras, algunhas das raz\u00f3ns polas cales, desde fai anos, varias persoas da vila guardesa, relacionadas co mundo da cultura, vi\u00f1an propo\u00f1endo un p\u00fablico reco\u00f1ecemento institucional \u00e1 figura do escritor, etn\u00f3grafo, poeta e xornalista goian\u00e9s. Esa proposta foi en boa hora acollida e tida en un\u00e1nime consideraci\u00f3n polos portavoces dos grupos municipais representados na Corporaci\u00f3n Municipal do Concello de A Guarda. Partindo desa premisa, foi creada \u2013 como xa se informou oportunamente &#8211; unha Comisi\u00f3n Organizadora da Homenaxe a Eliseo Alonso Rodr\u00edguez, que ao longo deste ano 2021 viu realizando seu labor, focalizado nas diferentes \u00e1reas nas que o ilustre pol\u00edgrafo desenvolveu s\u00faa actividade creativa, divulgadora e investigadora. De xeito paralelo, os componentes da devandita comisi\u00f3n, mantiveron unha constante e flu\u00edda relaci\u00f3n coa familia de Eliseo Alonso, co\u00f1ecedora e part\u00edcipe, desde o primeiro momento, do obxectivo proposto.<\/p>\n<p>A d\u00eda de hoxe, unha vez concretados os contidos do programa de actos e a data da homenaxe institucional e c\u00edvica, a devandita Comis\u00ed\u00f3n Organizadora da por concluido seu labor, pendente \u00fanicamente da instalaci\u00f3n das exposici\u00f3ns (unha filat\u00e9lica e outra biobibliogr\u00e1fica), que ser\u00e1n anunciadas oportunamente, e que poder\u00e1n visitarse na Casa dos Alonso, do 27 de novembro ao 10 de decembro de 2021.<\/p>\n<p>Como avance dos actos previstos, podemos adiantar que a homenaxe a Eliseo Alonso Rodr\u00edguez ter\u00e1 lugar o d\u00eda 27 de novembro, \u00e1s 11:00 horas, no Sal\u00f3n de Plenos da Casa do Concello (Praza do Rel\u00f3, n\u00ba 1), de A Guarda. Comezar\u00e1 cunha sesi\u00f3n plenaria extraordinaria da Corporaci\u00f3n Municipal, presidida polo alcalde Antonio Lomba Baz. Nesa sesi\u00f3n, segundo o establecido no Regulamento de Honras e Distincis\u00f3ns, procederase a declarar a Eliseo Alonso Rodr\u00edguez, Fillo Adoptivo de A Guarda, a t\u00edtulo p\u00f3stumo.<\/p>\n<p>A continuaci\u00f3n ser\u00e1 presentada unha nova edici\u00f3n &#8211; en galego -, promovida pola Deputaci\u00f3n de Pontevedra e o Concello de A Guarda, do libro \u201cGamelas e Mari\u00f1eiros\u201d, de Eliseo Alonso.<\/p>\n<p>Momentos despois, ter\u00e1 lugar a inauguraci\u00f3n dunha exposici\u00f3n filat\u00e9lica adicada a Eliseo Alonso, que contar\u00e1 cunha tarxeta postal ilustrada personalizada e franqueada con un selo personalizado; un selo personalizado coa gamela a vela de A Guarda; e un sobre ilustrado co cu\u00f1o postal conmemorativo.<\/p>\n<p>Nesa mostra filat\u00e9lica participar\u00e1n os seguintes expositores, coas respectivas colecci\u00f3ns: Luciano Lomba Vicente, con &#8220;Enteros postales ilustrados de Espa\u00f1a&#8221;; Marcelino Portela Lorenzo, con &#8220;Entretenimientos&#8221;; Marta Verde Rodr\u00edguez, con &#8220;Al son de la gaita&#8221;; Jos\u00e9 \u00c1ngel G\u00e1ndara Rodr\u00edguez, con &#8220;El fechador de 1842 en Galicia&#8221;; Teodosio Gonz\u00e1lez Ferreira, con &#8220;Jack. Una historia inacabada&#8221;; Almudena Taboada Lago, con &#8220;Terra Australis Ignota&#8221;; Cristina Dom\u00ednguez Rotea, con &#8220;Izando velas, descubrimos y comercializamos&#8221;; Alfonso Dorado Senra con &#8220;Lorca y su entorno&#8221;; e Antonio Mart\u00ednez Mart\u00ednez con &#8220;Escritores gallegos&#8221;.<\/p>\n<p>Unha vez posto en circulaci\u00f3n o material filat\u00e9lico dese\u00f1ado espec\u00edficamente para esta exposici\u00f3n, procederase \u00e1 inauguraci\u00f3n da exposici\u00f3n biobliogr\u00e1fica que leva por t\u00edtulo xen\u00e9rico: Eliseo Alonso. Cami\u00f1ando cara ao mar da Guarda.<\/p>\n<p>Para esa mostra, os organizadores fixeron un labor de s\u00edntese da singradura literaria de Eliseo Alonso Rodr\u00edguez, ofrecendo unha panor\u00e1mica da producci\u00f3n (po\u00e9tica, pros\u00edstica, xornal\u00edstica,\u2026) deste prezado autor, as\u00ed como diversos documentos gr\u00e1ficos directamente relacionados coa s\u00faa figura, as\u00ed como con persoaxes como Antonio Fern\u00e1ndez G\u00f3mez, Eduardo Blanco Amor, Ferm\u00edn Bouza Brey, Xos\u00e9 Otero Abeledo (Laxeiro), Xavier Pousa Carrera, Xo\u00e1n Pi\u00f1eiro Nogueira,\u2026, e por suposto, algunas figuras ic\u00f3nicas de A Guarda, como Santiago Baz Lomba (O T\u00edo Santiagui\u00f1o), Manuel Cadilla Baz,\u2026<\/p>\n<p>Ser\u00e1n, pois, d\u00faas exposici\u00f3ns que foron concibidas para seu desfrute por toda \u00e1 cidadan\u00eda, en xeral, e con vocaci\u00f3n do seu aproveitamento polos docentes e escolares de A Guarda e s\u00faa contorna.<\/p>\n<p>A xornada de homenaxe a Eliseo Alonso ter\u00e1 como colof\u00f3n \u00e1 inauguraci\u00f3n dun monumento a s\u00faa lembranza, realizado por alumnos da Escola de Canter\u00eda, da Deputaci\u00f3n de Pontevedra. A obra, en pedra do pa\u00eds, ser\u00e1 ubicada preto do mar que tanto atra\u00eda ao escritor mi\u00f1oto, e por suposto, preto tam\u00e9n da veci\u00f1anza de A Guarda, coa que Eliseo Alonso mantivo sempre unha especial simbiose.<\/p>\n","protected":false},"excerpt":{"rendered":"<p>\u2022 Os actos na lembranza do insigne escritor, etn\u00f3grafo, poeta e xornalista, ter\u00e1n lugar na vila de A Guarda, o s\u00e1bado d\u00eda 27 de novembro A relaci\u00f3n de amizade, apoio \u00e1 diversas iniciativas, colaboraci\u00f3n, difusi\u00f3n e investigaci\u00f3n dos valores patrimoniais &hellip; <\/p>\n","protected":false},"author":2,"featured_media":24836,"comment_status":"open","ping_status":"open","sticky":false,"template":"","format":"standard","meta":[],"categories":[34],"tags":[226,2509,561],"yoast_head":"<!-- This site is optimized with the Yoast SEO plugin v21.1 - https:\/\/yoast.com\/wordpress\/plugins\/seo\/ -->\n<title>A comisi\u00f3n organizadora da homenaxe a Eliseo Alonso da por conclu\u00eddo seu labor - Concello da Guarda<\/title>\n<meta name=\"robots\" content=\"index, follow, max-snippet:-1, max-image-preview:large, max-video-preview:-1\" \/>\n<link rel=\"canonical\" href=\"https:\/\/www.aguarda.es\/en\/a-comision-organizadora-da-homenaxe-a-eliseo-alonso-da-por-concluido-seu-labor\/\" \/>\n<meta property=\"og:locale\" content=\"en_US\" \/>\n<meta property=\"og:type\" content=\"article\" \/>\n<meta property=\"og:title\" content=\"A comisi\u00f3n organizadora da homenaxe a Eliseo Alonso da por conclu\u00eddo seu labor - Concello da Guarda\" \/>\n<meta property=\"og:description\" content=\"\u2022 Os actos na lembranza do insigne escritor, etn\u00f3grafo, poeta e xornalista, ter\u00e1n lugar na vila de A Guarda, o s\u00e1bado d\u00eda 27 de novembro A relaci\u00f3n de amizade, apoio \u00e1 diversas iniciativas, colaboraci\u00f3n, difusi\u00f3n e investigaci\u00f3n dos valores patrimoniais &hellip;\" \/>\n<meta property=\"og:url\" content=\"https:\/\/www.aguarda.es\/en\/a-comision-organizadora-da-homenaxe-a-eliseo-alonso-da-por-concluido-seu-labor\/\" \/>\n<meta property=\"og:site_name\" content=\"Concello da Guarda\" \/>\n<meta property=\"article:publisher\" content=\"https:\/\/www.facebook.com\/ConcellodaGuarda\" \/>\n<meta property=\"article:published_time\" content=\"2021-11-09T09:40:46+00:00\" \/>\n<meta property=\"og:image\" content=\"https:\/\/www.aguarda.es\/wp-content\/uploads\/2021\/11\/NP-09112021-A-comisi\u00f3n-organizadora-da-homenaxe-a-Eliseo-Alonso-da-por-conclu\u00eddo-seu-labor.jpg\" \/>\n\t<meta property=\"og:image:width\" content=\"800\" \/>\n\t<meta property=\"og:image:height\" content=\"533\" \/>\n\t<meta property=\"og:image:type\" content=\"image\/jpeg\" \/>\n<meta name=\"author\" content=\"prensa\" \/>\n<meta name=\"twitter:card\" content=\"summary_large_image\" \/>\n<meta name=\"twitter:creator\" content=\"@AGuarda_es\" \/>\n<meta name=\"twitter:site\" content=\"@AGuarda_es\" \/>\n<meta name=\"twitter:label1\" content=\"Written by\" \/>\n\t<meta name=\"twitter:data1\" content=\"prensa\" \/>\n\t<meta name=\"twitter:label2\" content=\"Est. reading time\" \/>\n\t<meta name=\"twitter:data2\" content=\"4 minutes\" \/>\n<script type=\"application\/ld+json\" class=\"yoast-schema-graph\">{\"@context\":\"https:\/\/schema.org\",\"@graph\":[{\"@type\":\"WebPage\",\"@id\":\"https:\/\/www.aguarda.es\/en\/a-comision-organizadora-da-homenaxe-a-eliseo-alonso-da-por-concluido-seu-labor\/\",\"url\":\"https:\/\/www.aguarda.es\/en\/a-comision-organizadora-da-homenaxe-a-eliseo-alonso-da-por-concluido-seu-labor\/\",\"name\":\"A comisi\u00f3n organizadora da homenaxe a Eliseo Alonso da por conclu\u00eddo seu labor - Concello da Guarda\",\"isPartOf\":{\"@id\":\"https:\/\/www.aguarda.es\/en\/#website\"},\"datePublished\":\"2021-11-09T09:40:46+00:00\",\"dateModified\":\"2021-11-09T09:40:46+00:00\",\"author\":{\"@id\":\"https:\/\/www.aguarda.es\/en\/#\/schema\/person\/c463ca3006858ffb349d11179d044f21\"},\"breadcrumb\":{\"@id\":\"https:\/\/www.aguarda.es\/en\/a-comision-organizadora-da-homenaxe-a-eliseo-alonso-da-por-concluido-seu-labor\/#breadcrumb\"},\"inLanguage\":\"en-US\",\"potentialAction\":[{\"@type\":\"ReadAction\",\"target\":[\"https:\/\/www.aguarda.es\/en\/a-comision-organizadora-da-homenaxe-a-eliseo-alonso-da-por-concluido-seu-labor\/\"]}]},{\"@type\":\"BreadcrumbList\",\"@id\":\"https:\/\/www.aguarda.es\/en\/a-comision-organizadora-da-homenaxe-a-eliseo-alonso-da-por-concluido-seu-labor\/#breadcrumb\",\"itemListElement\":[{\"@type\":\"ListItem\",\"position\":1,\"name\":\"Portada\",\"item\":\"https:\/\/www.aguarda.es\/en\/\"},{\"@type\":\"ListItem\",\"position\":2,\"name\":\"A comisi\u00f3n organizadora da homenaxe a Eliseo Alonso da por conclu\u00eddo seu labor\"}]},{\"@type\":\"WebSite\",\"@id\":\"https:\/\/www.aguarda.es\/en\/#website\",\"url\":\"https:\/\/www.aguarda.es\/en\/\",\"name\":\"Concello da Guarda\",\"description\":\"P\u00e1xina web do concello da Guarda\",\"potentialAction\":[{\"@type\":\"SearchAction\",\"target\":{\"@type\":\"EntryPoint\",\"urlTemplate\":\"https:\/\/www.aguarda.es\/en\/?s={search_term_string}\"},\"query-input\":\"required name=search_term_string\"}],\"inLanguage\":\"en-US\"},{\"@type\":\"Person\",\"@id\":\"https:\/\/www.aguarda.es\/en\/#\/schema\/person\/c463ca3006858ffb349d11179d044f21\",\"name\":\"prensa\",\"image\":{\"@type\":\"ImageObject\",\"inLanguage\":\"en-US\",\"@id\":\"https:\/\/www.aguarda.es\/en\/#\/schema\/person\/image\/\",\"url\":\"https:\/\/secure.gravatar.com\/avatar\/5f90ef536b0f98306edf5c7a1135ffa1?s=96&d=mm&r=g\",\"contentUrl\":\"https:\/\/secure.gravatar.com\/avatar\/5f90ef536b0f98306edf5c7a1135ffa1?s=96&d=mm&r=g\",\"caption\":\"prensa\"},\"url\":\"https:\/\/www.aguarda.es\/en\/author\/prensa\/\"}]}<\/script>\n<!-- \/ Yoast SEO plugin. -->","yoast_head_json":{"title":"A comisi\u00f3n organizadora da homenaxe a Eliseo Alonso da por conclu\u00eddo seu labor - Concello da Guarda","robots":{"index":"index","follow":"follow","max-snippet":"max-snippet:-1","max-image-preview":"max-image-preview:large","max-video-preview":"max-video-preview:-1"},"canonical":"https:\/\/www.aguarda.es\/en\/a-comision-organizadora-da-homenaxe-a-eliseo-alonso-da-por-concluido-seu-labor\/","og_locale":"en_US","og_type":"article","og_title":"A comisi\u00f3n organizadora da homenaxe a Eliseo Alonso da por conclu\u00eddo seu labor - Concello da Guarda","og_description":"\u2022 Os actos na lembranza do insigne escritor, etn\u00f3grafo, poeta e xornalista, ter\u00e1n lugar na vila de A Guarda, o s\u00e1bado d\u00eda 27 de novembro A relaci\u00f3n de amizade, apoio \u00e1 diversas iniciativas, colaboraci\u00f3n, difusi\u00f3n e investigaci\u00f3n dos valores patrimoniais &hellip;","og_url":"https:\/\/www.aguarda.es\/en\/a-comision-organizadora-da-homenaxe-a-eliseo-alonso-da-por-concluido-seu-labor\/","og_site_name":"Concello da Guarda","article_publisher":"https:\/\/www.facebook.com\/ConcellodaGuarda","article_published_time":"2021-11-09T09:40:46+00:00","og_image":[{"width":800,"height":533,"url":"https:\/\/www.aguarda.es\/wp-content\/uploads\/2021\/11\/NP-09112021-A-comisi\u00f3n-organizadora-da-homenaxe-a-Eliseo-Alonso-da-por-conclu\u00eddo-seu-labor.jpg","type":"image\/jpeg"}],"author":"prensa","twitter_card":"summary_large_image","twitter_creator":"@AGuarda_es","twitter_site":"@AGuarda_es","twitter_misc":{"Written by":"prensa","Est. reading time":"4 minutes"},"schema":{"@context":"https:\/\/schema.org","@graph":[{"@type":"WebPage","@id":"https:\/\/www.aguarda.es\/en\/a-comision-organizadora-da-homenaxe-a-eliseo-alonso-da-por-concluido-seu-labor\/","url":"https:\/\/www.aguarda.es\/en\/a-comision-organizadora-da-homenaxe-a-eliseo-alonso-da-por-concluido-seu-labor\/","name":"A comisi\u00f3n organizadora da homenaxe a Eliseo Alonso da por conclu\u00eddo seu labor - Concello da Guarda","isPartOf":{"@id":"https:\/\/www.aguarda.es\/en\/#website"},"datePublished":"2021-11-09T09:40:46+00:00","dateModified":"2021-11-09T09:40:46+00:00","author":{"@id":"https:\/\/www.aguarda.es\/en\/#\/schema\/person\/c463ca3006858ffb349d11179d044f21"},"breadcrumb":{"@id":"https:\/\/www.aguarda.es\/en\/a-comision-organizadora-da-homenaxe-a-eliseo-alonso-da-por-concluido-seu-labor\/#breadcrumb"},"inLanguage":"en-US","potentialAction":[{"@type":"ReadAction","target":["https:\/\/www.aguarda.es\/en\/a-comision-organizadora-da-homenaxe-a-eliseo-alonso-da-por-concluido-seu-labor\/"]}]},{"@type":"BreadcrumbList","@id":"https:\/\/www.aguarda.es\/en\/a-comision-organizadora-da-homenaxe-a-eliseo-alonso-da-por-concluido-seu-labor\/#breadcrumb","itemListElement":[{"@type":"ListItem","position":1,"name":"Portada","item":"https:\/\/www.aguarda.es\/en\/"},{"@type":"ListItem","position":2,"name":"A comisi\u00f3n organizadora da homenaxe a Eliseo Alonso da por conclu\u00eddo seu labor"}]},{"@type":"WebSite","@id":"https:\/\/www.aguarda.es\/en\/#website","url":"https:\/\/www.aguarda.es\/en\/","name":"Concello da Guarda","description":"P\u00e1xina web do concello da Guarda","potentialAction":[{"@type":"SearchAction","target":{"@type":"EntryPoint","urlTemplate":"https:\/\/www.aguarda.es\/en\/?s={search_term_string}"},"query-input":"required name=search_term_string"}],"inLanguage":"en-US"},{"@type":"Person","@id":"https:\/\/www.aguarda.es\/en\/#\/schema\/person\/c463ca3006858ffb349d11179d044f21","name":"prensa","image":{"@type":"ImageObject","inLanguage":"en-US","@id":"https:\/\/www.aguarda.es\/en\/#\/schema\/person\/image\/","url":"https:\/\/secure.gravatar.com\/avatar\/5f90ef536b0f98306edf5c7a1135ffa1?s=96&d=mm&r=g","contentUrl":"https:\/\/secure.gravatar.com\/avatar\/5f90ef536b0f98306edf5c7a1135ffa1?s=96&d=mm&r=g","caption":"prensa"},"url":"https:\/\/www.aguarda.es\/en\/author\/prensa\/"}]}},"_links":{"self":[{"href":"https:\/\/www.aguarda.es\/en\/wp-json\/wp\/v2\/posts\/24835"}],"collection":[{"href":"https:\/\/www.aguarda.es\/en\/wp-json\/wp\/v2\/posts"}],"about":[{"href":"https:\/\/www.aguarda.es\/en\/wp-json\/wp\/v2\/types\/post"}],"author":[{"embeddable":true,"href":"https:\/\/www.aguarda.es\/en\/wp-json\/wp\/v2\/users\/2"}],"replies":[{"embeddable":true,"href":"https:\/\/www.aguarda.es\/en\/wp-json\/wp\/v2\/comments?post=24835"}],"version-history":[{"count":1,"href":"https:\/\/www.aguarda.es\/en\/wp-json\/wp\/v2\/posts\/24835\/revisions"}],"predecessor-version":[{"id":24838,"href":"https:\/\/www.aguarda.es\/en\/wp-json\/wp\/v2\/posts\/24835\/revisions\/24838"}],"wp:featuredmedia":[{"embeddable":true,"href":"https:\/\/www.aguarda.es\/en\/wp-json\/wp\/v2\/media\/24836"}],"wp:attachment":[{"href":"https:\/\/www.aguarda.es\/en\/wp-json\/wp\/v2\/media?parent=24835"}],"wp:term":[{"taxonomy":"category","embeddable":true,"href":"https:\/\/www.aguarda.es\/en\/wp-json\/wp\/v2\/categories?post=24835"},{"taxonomy":"post_tag","embeddable":true,"href":"https:\/\/www.aguarda.es\/en\/wp-json\/wp\/v2\/tags?post=24835"}],"curies":[{"name":"wp","href":"https:\/\/api.w.org\/{rel}","templated":true}]}}