{"id":24855,"date":"2021-11-11T16:38:14","date_gmt":"2021-11-11T16:38:14","guid":{"rendered":"https:\/\/www.aguarda.es\/?p=24855"},"modified":"2021-11-11T16:38:14","modified_gmt":"2021-11-11T16:38:14","slug":"catro-autobuses-sairan-do-baixo-mino-para-asistir-a-manifestacion-en-defensa-da-sanidade-publica-en-santiago-de-compostela","status":"publish","type":"post","link":"https:\/\/www.aguarda.es\/en\/catro-autobuses-sairan-do-baixo-mino-para-asistir-a-manifestacion-en-defensa-da-sanidade-publica-en-santiago-de-compostela\/","title":{"rendered":"Catro autobuses sair\u00e1n do Baixo Mi\u00f1o para asistir \u00e1 manifestaci\u00f3n en defensa da sanidade p\u00fablica en Santiago de Compostela"},"content":{"rendered":"<p>A Mancomunidade puxo a disposici\u00f3n da veci\u00f1anza este transporte gratu\u00edto para facilitar os desprazamentos<\/p>\n<p>Este domingo 14 de novembro sair\u00e1n catro autobuses do Baixo Mi\u00f1o con veci\u00f1os e veci\u00f1as da Guarda, O Rosal, Tomi\u00f1o e Tui para asistir \u00e1 manifestaci\u00f3n en defensa da sanidade p\u00fablica que se celebrar\u00e1 a partir das 12.00 horas en Santiago de Compostela.<br \/>\nA Mancomunidade Intermunicipal do Baixo Mi\u00f1o puxo a disposici\u00f3n da veci\u00f1anza este transporte gratu\u00edto para facilitar \u00e1 veci\u00f1anza dos catro concellos o desprazamento ata o punto de sa\u00edda da manifestaci\u00f3n. As persoas interesadas poder\u00e1n solicitar a s\u00faa praza ata este venres 12 \u00e1s 12.00 horas a trav\u00e9s do formulario habilitado na web municipais e da propia Mancomunidade.<br \/>\nNo Rosal o bus sair\u00e1 da Praza do Calvario \u00e1s 09.45 horas e far\u00e1 paradas en:<br \/>\n&#8211; parque de P\u00edas.<br \/>\n&#8211; parada de autob\u00fas da alameda de San Miguel.<br \/>\n&#8211; parada de San Xo\u00e1n de Tabag\u00f3n.<br \/>\nEn Tomi\u00f1o o autob\u00fas sair\u00e1 \u00e1s 10.00 horas do Auditorio de Goi\u00e1n e far\u00e1 paradas nas marquesinas situadas nas estradas en:<br \/>\n&#8211; Figueir\u00f3.<br \/>\n&#8211; Est\u00e1s.<br \/>\n&#8211; Seixo (rotonda Avenida).<br \/>\n&#8211; Forcadela.<br \/>\n&#8211; Carregal.<br \/>\n&#8211; Amor\u00edn.<br \/>\n&#8211; Curr\u00e1s.<br \/>\n&#8211; Sobrada Torr\u00f3n.<br \/>\n\u00c1s 09.45 h tam\u00e9n sair\u00e1 o transporte dende o Centro Cultural da Guarda, da parada de autob\u00fas da r\u00faa Rosal\u00eda de Castro, con parada \u00fanica.<br \/>\nEn Tui tam\u00e9n ser\u00e1 sa\u00edda \u00fanica con \u00e1s 10.15 horas dende a parada de autob\u00fas da r\u00faa Ourense.<br \/>\nPr\u00e9gase a m\u00e1xima puntualidade na sa\u00edda dos autobuses. A hora de regreso ser\u00e1 \u00e1s 16.00 h e o punto de encontro para a sa\u00edda confirmarase na viaxe de ida.<br \/>\nDende a Mancomunidade recl\u00e1mase unha mellora da atenci\u00f3n sanitaria nos centros de sa\u00fade, con falta de medios persoais, instalaci\u00f3ns deficientes e en progresivo deterioro dende hai anos. Unha situaci\u00f3n de precariedade que se viu acentuada coa chegada da pandemia, cunha diminuci\u00f3n da atenci\u00f3n presencial e medidas tomadas por Sanidade que atentan contra a calidade do servizo. Aos recortes s\u00famase a falla de substituci\u00f3ns por baixas ou vacaci\u00f3ns, o que provoca que nos centros haxa pouco persoal sanitario dispo\u00f1ible e longas esperas para obter unha cita.<\/p>\n","protected":false},"excerpt":{"rendered":"<p>A Mancomunidade puxo a disposici\u00f3n da veci\u00f1anza este transporte gratu\u00edto para facilitar os desprazamentos Este domingo 14 de novembro sair\u00e1n catro autobuses do Baixo Mi\u00f1o con veci\u00f1os e veci\u00f1as da Guarda, O Rosal, Tomi\u00f1o e Tui para asistir \u00e1 manifestaci\u00f3n &hellip; <\/p>\n","protected":false},"author":2,"featured_media":24856,"comment_status":"open","ping_status":"open","sticky":false,"template":"","format":"standard","meta":[],"categories":[33],"tags":[226,2067,1618],"yoast_head":"<!-- This site is optimized with the Yoast SEO plugin v21.1 - https:\/\/yoast.com\/wordpress\/plugins\/seo\/ -->\n<title>Catro autobuses sair\u00e1n do Baixo Mi\u00f1o para asistir \u00e1 manifestaci\u00f3n en defensa da sanidade p\u00fablica en Santiago de Compostela - Concello da Guarda<\/title>\n<meta name=\"robots\" content=\"index, follow, max-snippet:-1, max-image-preview:large, max-video-preview:-1\" \/>\n<link rel=\"canonical\" href=\"https:\/\/www.aguarda.es\/en\/catro-autobuses-sairan-do-baixo-mino-para-asistir-a-manifestacion-en-defensa-da-sanidade-publica-en-santiago-de-compostela\/\" \/>\n<meta property=\"og:locale\" content=\"en_US\" \/>\n<meta property=\"og:type\" content=\"article\" \/>\n<meta property=\"og:title\" content=\"Catro autobuses sair\u00e1n do Baixo Mi\u00f1o para asistir \u00e1 manifestaci\u00f3n en defensa da sanidade p\u00fablica en Santiago de Compostela - Concello da Guarda\" \/>\n<meta property=\"og:description\" content=\"A Mancomunidade puxo a disposici\u00f3n da veci\u00f1anza este transporte gratu\u00edto para facilitar os desprazamentos Este domingo 14 de novembro sair\u00e1n catro autobuses do Baixo Mi\u00f1o con veci\u00f1os e veci\u00f1as da Guarda, O Rosal, Tomi\u00f1o e Tui para asistir \u00e1 manifestaci\u00f3n &hellip;\" \/>\n<meta property=\"og:url\" content=\"https:\/\/www.aguarda.es\/en\/catro-autobuses-sairan-do-baixo-mino-para-asistir-a-manifestacion-en-defensa-da-sanidade-publica-en-santiago-de-compostela\/\" \/>\n<meta property=\"og:site_name\" content=\"Concello da Guarda\" \/>\n<meta property=\"article:publisher\" content=\"https:\/\/www.facebook.com\/ConcellodaGuarda\" \/>\n<meta property=\"article:published_time\" content=\"2021-11-11T16:38:14+00:00\" \/>\n<meta property=\"og:image\" content=\"https:\/\/www.aguarda.es\/wp-content\/uploads\/2021\/11\/Mancomunidade-manifestacio\u0301n-sanidade-14-novembro-04.jpg\" \/>\n\t<meta property=\"og:image:width\" content=\"800\" \/>\n\t<meta property=\"og:image:height\" content=\"501\" \/>\n\t<meta property=\"og:image:type\" content=\"image\/jpeg\" \/>\n<meta name=\"author\" content=\"prensa\" \/>\n<meta name=\"twitter:card\" content=\"summary_large_image\" \/>\n<meta name=\"twitter:creator\" content=\"@AGuarda_es\" \/>\n<meta name=\"twitter:site\" content=\"@AGuarda_es\" \/>\n<meta name=\"twitter:label1\" content=\"Written by\" \/>\n\t<meta name=\"twitter:data1\" content=\"prensa\" \/>\n\t<meta name=\"twitter:label2\" content=\"Est. reading time\" \/>\n\t<meta name=\"twitter:data2\" content=\"2 minutes\" \/>\n<script type=\"application\/ld+json\" class=\"yoast-schema-graph\">{\"@context\":\"https:\/\/schema.org\",\"@graph\":[{\"@type\":\"WebPage\",\"@id\":\"https:\/\/www.aguarda.es\/en\/catro-autobuses-sairan-do-baixo-mino-para-asistir-a-manifestacion-en-defensa-da-sanidade-publica-en-santiago-de-compostela\/\",\"url\":\"https:\/\/www.aguarda.es\/en\/catro-autobuses-sairan-do-baixo-mino-para-asistir-a-manifestacion-en-defensa-da-sanidade-publica-en-santiago-de-compostela\/\",\"name\":\"Catro autobuses sair\u00e1n do Baixo Mi\u00f1o para asistir \u00e1 manifestaci\u00f3n en defensa da sanidade p\u00fablica en Santiago de Compostela - Concello da Guarda\",\"isPartOf\":{\"@id\":\"https:\/\/www.aguarda.es\/en\/#website\"},\"datePublished\":\"2021-11-11T16:38:14+00:00\",\"dateModified\":\"2021-11-11T16:38:14+00:00\",\"author\":{\"@id\":\"https:\/\/www.aguarda.es\/en\/#\/schema\/person\/c463ca3006858ffb349d11179d044f21\"},\"breadcrumb\":{\"@id\":\"https:\/\/www.aguarda.es\/en\/catro-autobuses-sairan-do-baixo-mino-para-asistir-a-manifestacion-en-defensa-da-sanidade-publica-en-santiago-de-compostela\/#breadcrumb\"},\"inLanguage\":\"en-US\",\"potentialAction\":[{\"@type\":\"ReadAction\",\"target\":[\"https:\/\/www.aguarda.es\/en\/catro-autobuses-sairan-do-baixo-mino-para-asistir-a-manifestacion-en-defensa-da-sanidade-publica-en-santiago-de-compostela\/\"]}]},{\"@type\":\"BreadcrumbList\",\"@id\":\"https:\/\/www.aguarda.es\/en\/catro-autobuses-sairan-do-baixo-mino-para-asistir-a-manifestacion-en-defensa-da-sanidade-publica-en-santiago-de-compostela\/#breadcrumb\",\"itemListElement\":[{\"@type\":\"ListItem\",\"position\":1,\"name\":\"Portada\",\"item\":\"https:\/\/www.aguarda.es\/en\/\"},{\"@type\":\"ListItem\",\"position\":2,\"name\":\"Catro autobuses sair\u00e1n do Baixo Mi\u00f1o para asistir \u00e1 manifestaci\u00f3n en defensa da sanidade p\u00fablica en Santiago de Compostela\"}]},{\"@type\":\"WebSite\",\"@id\":\"https:\/\/www.aguarda.es\/en\/#website\",\"url\":\"https:\/\/www.aguarda.es\/en\/\",\"name\":\"Concello da Guarda\",\"description\":\"P\u00e1xina web do concello da Guarda\",\"potentialAction\":[{\"@type\":\"SearchAction\",\"target\":{\"@type\":\"EntryPoint\",\"urlTemplate\":\"https:\/\/www.aguarda.es\/en\/?s={search_term_string}\"},\"query-input\":\"required name=search_term_string\"}],\"inLanguage\":\"en-US\"},{\"@type\":\"Person\",\"@id\":\"https:\/\/www.aguarda.es\/en\/#\/schema\/person\/c463ca3006858ffb349d11179d044f21\",\"name\":\"prensa\",\"image\":{\"@type\":\"ImageObject\",\"inLanguage\":\"en-US\",\"@id\":\"https:\/\/www.aguarda.es\/en\/#\/schema\/person\/image\/\",\"url\":\"https:\/\/secure.gravatar.com\/avatar\/5f90ef536b0f98306edf5c7a1135ffa1?s=96&d=mm&r=g\",\"contentUrl\":\"https:\/\/secure.gravatar.com\/avatar\/5f90ef536b0f98306edf5c7a1135ffa1?s=96&d=mm&r=g\",\"caption\":\"prensa\"},\"url\":\"https:\/\/www.aguarda.es\/en\/author\/prensa\/\"}]}<\/script>\n<!-- \/ Yoast SEO plugin. -->","yoast_head_json":{"title":"Catro autobuses sair\u00e1n do Baixo Mi\u00f1o para asistir \u00e1 manifestaci\u00f3n en defensa da sanidade p\u00fablica en Santiago de Compostela - Concello da Guarda","robots":{"index":"index","follow":"follow","max-snippet":"max-snippet:-1","max-image-preview":"max-image-preview:large","max-video-preview":"max-video-preview:-1"},"canonical":"https:\/\/www.aguarda.es\/en\/catro-autobuses-sairan-do-baixo-mino-para-asistir-a-manifestacion-en-defensa-da-sanidade-publica-en-santiago-de-compostela\/","og_locale":"en_US","og_type":"article","og_title":"Catro autobuses sair\u00e1n do Baixo Mi\u00f1o para asistir \u00e1 manifestaci\u00f3n en defensa da sanidade p\u00fablica en Santiago de Compostela - Concello da Guarda","og_description":"A Mancomunidade puxo a disposici\u00f3n da veci\u00f1anza este transporte gratu\u00edto para facilitar os desprazamentos Este domingo 14 de novembro sair\u00e1n catro autobuses do Baixo Mi\u00f1o con veci\u00f1os e veci\u00f1as da Guarda, O Rosal, Tomi\u00f1o e Tui para asistir \u00e1 manifestaci\u00f3n &hellip;","og_url":"https:\/\/www.aguarda.es\/en\/catro-autobuses-sairan-do-baixo-mino-para-asistir-a-manifestacion-en-defensa-da-sanidade-publica-en-santiago-de-compostela\/","og_site_name":"Concello da Guarda","article_publisher":"https:\/\/www.facebook.com\/ConcellodaGuarda","article_published_time":"2021-11-11T16:38:14+00:00","og_image":[{"width":800,"height":501,"url":"https:\/\/www.aguarda.es\/wp-content\/uploads\/2021\/11\/Mancomunidade-manifestacio\u0301n-sanidade-14-novembro-04.jpg","type":"image\/jpeg"}],"author":"prensa","twitter_card":"summary_large_image","twitter_creator":"@AGuarda_es","twitter_site":"@AGuarda_es","twitter_misc":{"Written by":"prensa","Est. reading time":"2 minutes"},"schema":{"@context":"https:\/\/schema.org","@graph":[{"@type":"WebPage","@id":"https:\/\/www.aguarda.es\/en\/catro-autobuses-sairan-do-baixo-mino-para-asistir-a-manifestacion-en-defensa-da-sanidade-publica-en-santiago-de-compostela\/","url":"https:\/\/www.aguarda.es\/en\/catro-autobuses-sairan-do-baixo-mino-para-asistir-a-manifestacion-en-defensa-da-sanidade-publica-en-santiago-de-compostela\/","name":"Catro autobuses sair\u00e1n do Baixo Mi\u00f1o para asistir \u00e1 manifestaci\u00f3n en defensa da sanidade p\u00fablica en Santiago de Compostela - Concello da Guarda","isPartOf":{"@id":"https:\/\/www.aguarda.es\/en\/#website"},"datePublished":"2021-11-11T16:38:14+00:00","dateModified":"2021-11-11T16:38:14+00:00","author":{"@id":"https:\/\/www.aguarda.es\/en\/#\/schema\/person\/c463ca3006858ffb349d11179d044f21"},"breadcrumb":{"@id":"https:\/\/www.aguarda.es\/en\/catro-autobuses-sairan-do-baixo-mino-para-asistir-a-manifestacion-en-defensa-da-sanidade-publica-en-santiago-de-compostela\/#breadcrumb"},"inLanguage":"en-US","potentialAction":[{"@type":"ReadAction","target":["https:\/\/www.aguarda.es\/en\/catro-autobuses-sairan-do-baixo-mino-para-asistir-a-manifestacion-en-defensa-da-sanidade-publica-en-santiago-de-compostela\/"]}]},{"@type":"BreadcrumbList","@id":"https:\/\/www.aguarda.es\/en\/catro-autobuses-sairan-do-baixo-mino-para-asistir-a-manifestacion-en-defensa-da-sanidade-publica-en-santiago-de-compostela\/#breadcrumb","itemListElement":[{"@type":"ListItem","position":1,"name":"Portada","item":"https:\/\/www.aguarda.es\/en\/"},{"@type":"ListItem","position":2,"name":"Catro autobuses sair\u00e1n do Baixo Mi\u00f1o para asistir \u00e1 manifestaci\u00f3n en defensa da sanidade p\u00fablica en Santiago de Compostela"}]},{"@type":"WebSite","@id":"https:\/\/www.aguarda.es\/en\/#website","url":"https:\/\/www.aguarda.es\/en\/","name":"Concello da Guarda","description":"P\u00e1xina web do concello da Guarda","potentialAction":[{"@type":"SearchAction","target":{"@type":"EntryPoint","urlTemplate":"https:\/\/www.aguarda.es\/en\/?s={search_term_string}"},"query-input":"required name=search_term_string"}],"inLanguage":"en-US"},{"@type":"Person","@id":"https:\/\/www.aguarda.es\/en\/#\/schema\/person\/c463ca3006858ffb349d11179d044f21","name":"prensa","image":{"@type":"ImageObject","inLanguage":"en-US","@id":"https:\/\/www.aguarda.es\/en\/#\/schema\/person\/image\/","url":"https:\/\/secure.gravatar.com\/avatar\/5f90ef536b0f98306edf5c7a1135ffa1?s=96&d=mm&r=g","contentUrl":"https:\/\/secure.gravatar.com\/avatar\/5f90ef536b0f98306edf5c7a1135ffa1?s=96&d=mm&r=g","caption":"prensa"},"url":"https:\/\/www.aguarda.es\/en\/author\/prensa\/"}]}},"_links":{"self":[{"href":"https:\/\/www.aguarda.es\/en\/wp-json\/wp\/v2\/posts\/24855"}],"collection":[{"href":"https:\/\/www.aguarda.es\/en\/wp-json\/wp\/v2\/posts"}],"about":[{"href":"https:\/\/www.aguarda.es\/en\/wp-json\/wp\/v2\/types\/post"}],"author":[{"embeddable":true,"href":"https:\/\/www.aguarda.es\/en\/wp-json\/wp\/v2\/users\/2"}],"replies":[{"embeddable":true,"href":"https:\/\/www.aguarda.es\/en\/wp-json\/wp\/v2\/comments?post=24855"}],"version-history":[{"count":1,"href":"https:\/\/www.aguarda.es\/en\/wp-json\/wp\/v2\/posts\/24855\/revisions"}],"predecessor-version":[{"id":24858,"href":"https:\/\/www.aguarda.es\/en\/wp-json\/wp\/v2\/posts\/24855\/revisions\/24858"}],"wp:featuredmedia":[{"embeddable":true,"href":"https:\/\/www.aguarda.es\/en\/wp-json\/wp\/v2\/media\/24856"}],"wp:attachment":[{"href":"https:\/\/www.aguarda.es\/en\/wp-json\/wp\/v2\/media?parent=24855"}],"wp:term":[{"taxonomy":"category","embeddable":true,"href":"https:\/\/www.aguarda.es\/en\/wp-json\/wp\/v2\/categories?post=24855"},{"taxonomy":"post_tag","embeddable":true,"href":"https:\/\/www.aguarda.es\/en\/wp-json\/wp\/v2\/tags?post=24855"}],"curies":[{"name":"wp","href":"https:\/\/api.w.org\/{rel}","templated":true}]}}