{"id":24859,"date":"2021-11-12T12:24:58","date_gmt":"2021-11-12T12:24:58","guid":{"rendered":"https:\/\/www.aguarda.es\/?p=24859"},"modified":"2021-11-12T12:24:58","modified_gmt":"2021-11-12T12:24:58","slug":"a-guarda-promocionase-ante-axencias-de-viaxes-especializadas-no-forum-do-camino","status":"publish","type":"post","link":"https:\/\/www.aguarda.es\/en\/a-guarda-promocionase-ante-axencias-de-viaxes-especializadas-no-forum-do-camino\/","title":{"rendered":"A Guarda promocionase ante axencias de viaxes especializadas no Forum do Cami\u00f1o"},"content":{"rendered":"<p>O Concello da Guarda participou por terceira vez nas xornadas profesionais do Fairway, o IV F\u00f3rum do Cami\u00f1o de Santiago que se celebrou o luns e martes pasados no Palacio de Congresos e Exposici\u00f3ns de Galicia en Santiago de Compostela.<\/p>\n<p>Durante as d\u00faas xornadas o Concello da Guarda participou no Workshop que \u00e9 o espazo adicado as reuni\u00f3ns de traballo con axencias especializadas en peregrinaci\u00f3ns nacionais e internacionais como Viajes Camino de Santiago, Camino Ways, The Real Thing, Galicia Incoming, Marly Camino, Fresco Tours,&#8230;.<\/p>\n<p>Estas reuni\u00f3ns de traballo permitiron o intercambio de informaci\u00f3n entre as axencias e o Concello sobre as novas necesidades te\u00f1en os peregrinos trala pandemia. Ademais de co\u00f1ecer cales son as novas tendencias e petici\u00f3ns dos peregrinos ante a nova situaci\u00f3n.<\/p>\n<p>Os contactos mantidos coas axencias e tour operadores confirmaron que estas empresas xa co\u00f1ecen A Guarda como destino co seu referente o Monte Santa Trega e que gran parte xa incl\u00faen dentro dos seus servizos e produtos o noso concello.<\/p>\n<p>Nestas reuni\u00f3ns ampliouse a informaci\u00f3n da vila referente a cultura mari\u00f1eira, a gastronom\u00eda e o seu patrimonio. E reforzando que A Guarda \u00e9 o primeiro concello galego do Cami\u00f1o Portugu\u00e9s da Costa.<\/p>\n<p>Ademais destes encontros profesionais, a programaci\u00f3n da Fairway permitiu valorar a situaci\u00f3n trala pandemia e os retos aos que se presentan os Cami\u00f1os de Santiago, instituci\u00f3ns, sectores econ\u00f3micos (aloxamentos, axencias,\u2026) e os propios peregrinos.<\/p>\n<p>O Cami\u00f1o Portugu\u00e9s da Costa estivo presente no stand de Turismo R\u00edas Baixas co seu stand. Ademais a organizaci\u00f3n do Fairway convidou o venres 5 de novembro as axencias a un fam trip no que visitaron o Monte Santa Trega como lugar destacado no Cami\u00f1o Portugu\u00e9s da Costa e, as\u00ed trasladaron nas reuni\u00f3ns mantidas, que o monte ten unha beleza espectacular.<\/p>\n","protected":false},"excerpt":{"rendered":"<p>O Concello da Guarda participou por terceira vez nas xornadas profesionais do Fairway, o IV F\u00f3rum do Cami\u00f1o de Santiago que se celebrou o luns e martes pasados no Palacio de Congresos e Exposici\u00f3ns de Galicia en Santiago de Compostela. &hellip; <\/p>\n","protected":false},"author":2,"featured_media":24860,"comment_status":"open","ping_status":"open","sticky":false,"template":"","format":"standard","meta":[],"categories":[56],"tags":[226,1675,684,756,232],"yoast_head":"<!-- This site is optimized with the Yoast SEO plugin v21.1 - https:\/\/yoast.com\/wordpress\/plugins\/seo\/ -->\n<title>A Guarda promocionase ante axencias de viaxes especializadas no Forum do Cami\u00f1o - Concello da Guarda<\/title>\n<meta name=\"robots\" content=\"index, follow, max-snippet:-1, max-image-preview:large, max-video-preview:-1\" \/>\n<link rel=\"canonical\" href=\"https:\/\/www.aguarda.es\/en\/a-guarda-promocionase-ante-axencias-de-viaxes-especializadas-no-forum-do-camino\/\" \/>\n<meta property=\"og:locale\" content=\"en_US\" \/>\n<meta property=\"og:type\" content=\"article\" \/>\n<meta property=\"og:title\" content=\"A Guarda promocionase ante axencias de viaxes especializadas no Forum do Cami\u00f1o - Concello da Guarda\" \/>\n<meta property=\"og:description\" content=\"O Concello da Guarda participou por terceira vez nas xornadas profesionais do Fairway, o IV F\u00f3rum do Cami\u00f1o de Santiago que se celebrou o luns e martes pasados no Palacio de Congresos e Exposici\u00f3ns de Galicia en Santiago de Compostela. &hellip;\" \/>\n<meta property=\"og:url\" content=\"https:\/\/www.aguarda.es\/en\/a-guarda-promocionase-ante-axencias-de-viaxes-especializadas-no-forum-do-camino\/\" \/>\n<meta property=\"og:site_name\" content=\"Concello da Guarda\" \/>\n<meta property=\"article:publisher\" content=\"https:\/\/www.facebook.com\/ConcellodaGuarda\" \/>\n<meta property=\"article:published_time\" content=\"2021-11-12T12:24:58+00:00\" \/>\n<meta property=\"og:image\" content=\"https:\/\/www.aguarda.es\/wp-content\/uploads\/2021\/11\/NP-12112021-A-Guarda-promocionase-ante-axencias-de-viaxes-especializadas-no-Forum-do-Cami\u00f1o-2.jpg\" \/>\n\t<meta property=\"og:image:width\" content=\"800\" \/>\n\t<meta property=\"og:image:height\" content=\"600\" \/>\n\t<meta property=\"og:image:type\" content=\"image\/jpeg\" \/>\n<meta name=\"author\" content=\"prensa\" \/>\n<meta name=\"twitter:card\" content=\"summary_large_image\" \/>\n<meta name=\"twitter:creator\" content=\"@AGuarda_es\" \/>\n<meta name=\"twitter:site\" content=\"@AGuarda_es\" \/>\n<meta name=\"twitter:label1\" content=\"Written by\" \/>\n\t<meta name=\"twitter:data1\" content=\"prensa\" \/>\n\t<meta name=\"twitter:label2\" content=\"Est. reading time\" \/>\n\t<meta name=\"twitter:data2\" content=\"2 minutes\" \/>\n<script type=\"application\/ld+json\" class=\"yoast-schema-graph\">{\"@context\":\"https:\/\/schema.org\",\"@graph\":[{\"@type\":\"WebPage\",\"@id\":\"https:\/\/www.aguarda.es\/en\/a-guarda-promocionase-ante-axencias-de-viaxes-especializadas-no-forum-do-camino\/\",\"url\":\"https:\/\/www.aguarda.es\/en\/a-guarda-promocionase-ante-axencias-de-viaxes-especializadas-no-forum-do-camino\/\",\"name\":\"A Guarda promocionase ante axencias de viaxes especializadas no Forum do Cami\u00f1o - Concello da Guarda\",\"isPartOf\":{\"@id\":\"https:\/\/www.aguarda.es\/en\/#website\"},\"datePublished\":\"2021-11-12T12:24:58+00:00\",\"dateModified\":\"2021-11-12T12:24:58+00:00\",\"author\":{\"@id\":\"https:\/\/www.aguarda.es\/en\/#\/schema\/person\/c463ca3006858ffb349d11179d044f21\"},\"breadcrumb\":{\"@id\":\"https:\/\/www.aguarda.es\/en\/a-guarda-promocionase-ante-axencias-de-viaxes-especializadas-no-forum-do-camino\/#breadcrumb\"},\"inLanguage\":\"en-US\",\"potentialAction\":[{\"@type\":\"ReadAction\",\"target\":[\"https:\/\/www.aguarda.es\/en\/a-guarda-promocionase-ante-axencias-de-viaxes-especializadas-no-forum-do-camino\/\"]}]},{\"@type\":\"BreadcrumbList\",\"@id\":\"https:\/\/www.aguarda.es\/en\/a-guarda-promocionase-ante-axencias-de-viaxes-especializadas-no-forum-do-camino\/#breadcrumb\",\"itemListElement\":[{\"@type\":\"ListItem\",\"position\":1,\"name\":\"Portada\",\"item\":\"https:\/\/www.aguarda.es\/en\/\"},{\"@type\":\"ListItem\",\"position\":2,\"name\":\"A Guarda promocionase ante axencias de viaxes especializadas no Forum do Cami\u00f1o\"}]},{\"@type\":\"WebSite\",\"@id\":\"https:\/\/www.aguarda.es\/en\/#website\",\"url\":\"https:\/\/www.aguarda.es\/en\/\",\"name\":\"Concello da Guarda\",\"description\":\"P\u00e1xina web do concello da Guarda\",\"potentialAction\":[{\"@type\":\"SearchAction\",\"target\":{\"@type\":\"EntryPoint\",\"urlTemplate\":\"https:\/\/www.aguarda.es\/en\/?s={search_term_string}\"},\"query-input\":\"required name=search_term_string\"}],\"inLanguage\":\"en-US\"},{\"@type\":\"Person\",\"@id\":\"https:\/\/www.aguarda.es\/en\/#\/schema\/person\/c463ca3006858ffb349d11179d044f21\",\"name\":\"prensa\",\"image\":{\"@type\":\"ImageObject\",\"inLanguage\":\"en-US\",\"@id\":\"https:\/\/www.aguarda.es\/en\/#\/schema\/person\/image\/\",\"url\":\"https:\/\/secure.gravatar.com\/avatar\/5f90ef536b0f98306edf5c7a1135ffa1?s=96&d=mm&r=g\",\"contentUrl\":\"https:\/\/secure.gravatar.com\/avatar\/5f90ef536b0f98306edf5c7a1135ffa1?s=96&d=mm&r=g\",\"caption\":\"prensa\"},\"url\":\"https:\/\/www.aguarda.es\/en\/author\/prensa\/\"}]}<\/script>\n<!-- \/ Yoast SEO plugin. -->","yoast_head_json":{"title":"A Guarda promocionase ante axencias de viaxes especializadas no Forum do Cami\u00f1o - Concello da Guarda","robots":{"index":"index","follow":"follow","max-snippet":"max-snippet:-1","max-image-preview":"max-image-preview:large","max-video-preview":"max-video-preview:-1"},"canonical":"https:\/\/www.aguarda.es\/en\/a-guarda-promocionase-ante-axencias-de-viaxes-especializadas-no-forum-do-camino\/","og_locale":"en_US","og_type":"article","og_title":"A Guarda promocionase ante axencias de viaxes especializadas no Forum do Cami\u00f1o - Concello da Guarda","og_description":"O Concello da Guarda participou por terceira vez nas xornadas profesionais do Fairway, o IV F\u00f3rum do Cami\u00f1o de Santiago que se celebrou o luns e martes pasados no Palacio de Congresos e Exposici\u00f3ns de Galicia en Santiago de Compostela. &hellip;","og_url":"https:\/\/www.aguarda.es\/en\/a-guarda-promocionase-ante-axencias-de-viaxes-especializadas-no-forum-do-camino\/","og_site_name":"Concello da Guarda","article_publisher":"https:\/\/www.facebook.com\/ConcellodaGuarda","article_published_time":"2021-11-12T12:24:58+00:00","og_image":[{"width":800,"height":600,"url":"https:\/\/www.aguarda.es\/wp-content\/uploads\/2021\/11\/NP-12112021-A-Guarda-promocionase-ante-axencias-de-viaxes-especializadas-no-Forum-do-Cami\u00f1o-2.jpg","type":"image\/jpeg"}],"author":"prensa","twitter_card":"summary_large_image","twitter_creator":"@AGuarda_es","twitter_site":"@AGuarda_es","twitter_misc":{"Written by":"prensa","Est. reading time":"2 minutes"},"schema":{"@context":"https:\/\/schema.org","@graph":[{"@type":"WebPage","@id":"https:\/\/www.aguarda.es\/en\/a-guarda-promocionase-ante-axencias-de-viaxes-especializadas-no-forum-do-camino\/","url":"https:\/\/www.aguarda.es\/en\/a-guarda-promocionase-ante-axencias-de-viaxes-especializadas-no-forum-do-camino\/","name":"A Guarda promocionase ante axencias de viaxes especializadas no Forum do Cami\u00f1o - Concello da Guarda","isPartOf":{"@id":"https:\/\/www.aguarda.es\/en\/#website"},"datePublished":"2021-11-12T12:24:58+00:00","dateModified":"2021-11-12T12:24:58+00:00","author":{"@id":"https:\/\/www.aguarda.es\/en\/#\/schema\/person\/c463ca3006858ffb349d11179d044f21"},"breadcrumb":{"@id":"https:\/\/www.aguarda.es\/en\/a-guarda-promocionase-ante-axencias-de-viaxes-especializadas-no-forum-do-camino\/#breadcrumb"},"inLanguage":"en-US","potentialAction":[{"@type":"ReadAction","target":["https:\/\/www.aguarda.es\/en\/a-guarda-promocionase-ante-axencias-de-viaxes-especializadas-no-forum-do-camino\/"]}]},{"@type":"BreadcrumbList","@id":"https:\/\/www.aguarda.es\/en\/a-guarda-promocionase-ante-axencias-de-viaxes-especializadas-no-forum-do-camino\/#breadcrumb","itemListElement":[{"@type":"ListItem","position":1,"name":"Portada","item":"https:\/\/www.aguarda.es\/en\/"},{"@type":"ListItem","position":2,"name":"A Guarda promocionase ante axencias de viaxes especializadas no Forum do Cami\u00f1o"}]},{"@type":"WebSite","@id":"https:\/\/www.aguarda.es\/en\/#website","url":"https:\/\/www.aguarda.es\/en\/","name":"Concello da Guarda","description":"P\u00e1xina web do concello da Guarda","potentialAction":[{"@type":"SearchAction","target":{"@type":"EntryPoint","urlTemplate":"https:\/\/www.aguarda.es\/en\/?s={search_term_string}"},"query-input":"required name=search_term_string"}],"inLanguage":"en-US"},{"@type":"Person","@id":"https:\/\/www.aguarda.es\/en\/#\/schema\/person\/c463ca3006858ffb349d11179d044f21","name":"prensa","image":{"@type":"ImageObject","inLanguage":"en-US","@id":"https:\/\/www.aguarda.es\/en\/#\/schema\/person\/image\/","url":"https:\/\/secure.gravatar.com\/avatar\/5f90ef536b0f98306edf5c7a1135ffa1?s=96&d=mm&r=g","contentUrl":"https:\/\/secure.gravatar.com\/avatar\/5f90ef536b0f98306edf5c7a1135ffa1?s=96&d=mm&r=g","caption":"prensa"},"url":"https:\/\/www.aguarda.es\/en\/author\/prensa\/"}]}},"_links":{"self":[{"href":"https:\/\/www.aguarda.es\/en\/wp-json\/wp\/v2\/posts\/24859"}],"collection":[{"href":"https:\/\/www.aguarda.es\/en\/wp-json\/wp\/v2\/posts"}],"about":[{"href":"https:\/\/www.aguarda.es\/en\/wp-json\/wp\/v2\/types\/post"}],"author":[{"embeddable":true,"href":"https:\/\/www.aguarda.es\/en\/wp-json\/wp\/v2\/users\/2"}],"replies":[{"embeddable":true,"href":"https:\/\/www.aguarda.es\/en\/wp-json\/wp\/v2\/comments?post=24859"}],"version-history":[{"count":1,"href":"https:\/\/www.aguarda.es\/en\/wp-json\/wp\/v2\/posts\/24859\/revisions"}],"predecessor-version":[{"id":24862,"href":"https:\/\/www.aguarda.es\/en\/wp-json\/wp\/v2\/posts\/24859\/revisions\/24862"}],"wp:featuredmedia":[{"embeddable":true,"href":"https:\/\/www.aguarda.es\/en\/wp-json\/wp\/v2\/media\/24860"}],"wp:attachment":[{"href":"https:\/\/www.aguarda.es\/en\/wp-json\/wp\/v2\/media?parent=24859"}],"wp:term":[{"taxonomy":"category","embeddable":true,"href":"https:\/\/www.aguarda.es\/en\/wp-json\/wp\/v2\/categories?post=24859"},{"taxonomy":"post_tag","embeddable":true,"href":"https:\/\/www.aguarda.es\/en\/wp-json\/wp\/v2\/tags?post=24859"}],"curies":[{"name":"wp","href":"https:\/\/api.w.org\/{rel}","templated":true}]}}