{"id":24873,"date":"2021-11-14T11:31:55","date_gmt":"2021-11-14T11:31:55","guid":{"rendered":"https:\/\/www.aguarda.es\/?p=24873"},"modified":"2021-11-14T11:54:26","modified_gmt":"2021-11-14T11:54:26","slug":"e-falso-que-os-populares-da-guarda-conseguiran-a-substitucion-da-carpinteria-exterior-do-ceip-a-sangrina","status":"publish","type":"post","link":"https:\/\/www.aguarda.es\/en\/e-falso-que-os-populares-da-guarda-conseguiran-a-substitucion-da-carpinteria-exterior-do-ceip-a-sangrina\/","title":{"rendered":"\u00c9 falso que os Populares da Guarda conseguiran a substituci\u00f3n da carpinter\u00eda exterior do CEIP A Sangri\u00f1a"},"content":{"rendered":"<p><em><strong>\u2022 Tam\u00e9n \u00e9 falso que conseguiran, como se anunciou fai uns d\u00edas, o Centro Integrado de Sa\u00fade (CIS) para A Guarda.<\/strong><\/em><\/p>\n<p>Dende o equipo de goberno no se pretende crear pol\u00e9mica nin descualificar a ningu\u00e9n, como ven facendo o portavoz local do partido popular. Creemos que non \u00e9 necesario embarrar o escenario pol\u00edtico local como est\u00e1 facendo Roberto Carrero coa axuda da Xunta de Galicia no que parece unha precampa\u00f1a electoral para as municipais, a pesar de que estamos a ano e medio das pr\u00f3ximas elecci\u00f3ns. Defendemos unha pol\u00edtica constructiva, en positivo, na que as enerx\u00edas se gasten en facer cousas para os veci\u00f1os e veci\u00f1as.<br \/>\nNeste caso simplemente queremos informar \u00e1 cidadan\u00eda da Guarda da realidade sobre as d\u00faas noticias que referimos no encabezamento desta nota e que puidemos leer nos \u00faltimos d\u00edas nos medios de comunicaci\u00f3n. En ambas o PP da Guarda atrib\u00faese logros que non lles corresponden.<br \/>\nRespecto da carpinter\u00eda exterior do CEIP A Sangri\u00f1a, aclarar, en primeiro lugar, que \u00e9 unha obriga da conseller\u00eda de Educaci\u00f3n facer as obras estruturais necesarias para manter os centros de ensino en perfecto estado. Esa carpinter\u00eda xa se ti\u00f1a que haber cambiado fai anos cando llo demandaron dende a direcci\u00f3n do centro. Dende ent\u00f3n solicitouse a delegaci\u00f3n provincial de educaci\u00f3n o cambio da carpinter\u00eda moitas veces. Ademais das distintas direcci\u00f3ns do centro, ped\u00edronllo as ANPAS, o alcalde da Guarda, responsables de educaci\u00f3n municipais e polo visto tam\u00e9n o partido popular fixo xesti\u00f3ns. Haber\u00e1 pois que atribu\u00edr a tenacidade e preseveranza de todos e todas que por fin se cambien as vent\u00e1s do centro. Por certo este anuncio do cambio de vent\u00e1s non \u00e9 novidade, xa se co\u00f1ec\u00eda dende mediados de 2020. Se temos algo que criticar neste caso \u00e9 a falta de respecto institucional do delegado na maneira de anuncialo. Sr. Cesar P\u00e9rez, dic\u00edmosllo con todo o cari\u00f1o, est\u00e1 moi feo e resulta pouco elegante anuncialo (ou permitir que se anuncie) como se fora un logro do PP local.<br \/>\nAlgo parecido sucedeu fai uns d\u00edas co anuncio do Centro integrado de Sa\u00fade da Guarda. Neste caso xa manifestamos a nosa sorpresa pola significaci\u00f3n que ten este anuncio en canto a que \u00e9 un reco\u00f1ecemento por parte da Xunta de Galicia de que a situaci\u00f3n da Atenci\u00f3n Primaria na Guarda est\u00e1 mal e ten moito que mellorar. Iso si, o prioritario a d\u00eda de hoxe segue sendo a dotaci\u00f3n de persoal \u00e1 atenci\u00f3n primaria. Non ter\u00eda ning\u00fan sentido unha mellora das infraestruturas sanitarias se non mellora o servizo.<br \/>\nNeste senso, en vista das noticias que aparec\u00edan nos medios, o alcalde declarou: \u201cxa me puxen en contacto co conselleiro de sanidade, en primeiro lugar para expresarlle a mi\u00f1a desconformidade pola maneira de anunciar o CIS, e para dicirlle que deber\u00edan ter m\u00e1is respecto institucional, este tipo de anuncios non se fan aos partidos pol\u00edticos fanse aos responsables dos gobernos municipais ou ao propio sector, e en segundo lugar para po\u00f1er unha reuni\u00f3n de traballo e ofrecer toda a colaboraci\u00f3n do concello para empezar a traballar neste proxecto\u201d.<br \/>\nO conselleiro trasladou ao alcalde que este CIS estaba inclu\u00eddo no \u201cPlan de Infraestruturas Sanitarias de Atenci\u00f3n Primaria\u201d da Xunta de Galicia, na que se prev\u00e9 a posta en marcha de outros moitos centros de sa\u00fade por toda Galicia. Por certo, un plan feito con criterios t\u00e9cnicos e asistenciais, segundo palabras da propia Xunta. Nada que ver con que o conseguiron os populares da Guarda. Neste caso hai demandas de mellora do Centro de Sa\u00fade do persoal sanitario, de partidos pol\u00edticos que levaron a situaci\u00f3n do centro de sa\u00fade ao parlamento, do equipo de goberno, dalg\u00fan particular que recolleu m\u00e1is de 3.000 sinaturas no seu momento e ata das plataformas pola mellora da atenci\u00f3n primaria.<br \/>\nCreemos que a cidadan\u00eda da Guarda debe estar informada, isto \u00e9 parte da obriga dun equipo de goberno e as\u00ed o seguiremos facendo as veces que faga falta.<\/p>\n","protected":false},"excerpt":{"rendered":"<p>\u2022 Tam\u00e9n \u00e9 falso que conseguiran, como se anunciou fai uns d\u00edas, o Centro Integrado de Sa\u00fade (CIS) para A Guarda. Dende o equipo de goberno no se pretende crear pol\u00e9mica nin descualificar a ningu\u00e9n, como ven facendo o portavoz &hellip; <\/p>\n","protected":false},"author":2,"featured_media":24874,"comment_status":"open","ping_status":"open","sticky":false,"template":"","format":"standard","meta":[],"categories":[33],"tags":[226],"yoast_head":"<!-- This site is optimized with the Yoast SEO plugin v21.1 - https:\/\/yoast.com\/wordpress\/plugins\/seo\/ -->\n<title>\u00c9 falso que os Populares da Guarda conseguiran a substituci\u00f3n da carpinter\u00eda exterior do CEIP A Sangri\u00f1a - Concello da Guarda<\/title>\n<meta name=\"robots\" content=\"index, follow, max-snippet:-1, max-image-preview:large, max-video-preview:-1\" \/>\n<link rel=\"canonical\" href=\"https:\/\/www.aguarda.es\/en\/e-falso-que-os-populares-da-guarda-conseguiran-a-substitucion-da-carpinteria-exterior-do-ceip-a-sangrina\/\" \/>\n<meta property=\"og:locale\" content=\"en_US\" \/>\n<meta property=\"og:type\" content=\"article\" \/>\n<meta property=\"og:title\" content=\"\u00c9 falso que os Populares da Guarda conseguiran a substituci\u00f3n da carpinter\u00eda exterior do CEIP A Sangri\u00f1a - Concello da Guarda\" \/>\n<meta property=\"og:description\" content=\"\u2022 Tam\u00e9n \u00e9 falso que conseguiran, como se anunciou fai uns d\u00edas, o Centro Integrado de Sa\u00fade (CIS) para A Guarda. Dende o equipo de goberno no se pretende crear pol\u00e9mica nin descualificar a ningu\u00e9n, como ven facendo o portavoz &hellip;\" \/>\n<meta property=\"og:url\" content=\"https:\/\/www.aguarda.es\/en\/e-falso-que-os-populares-da-guarda-conseguiran-a-substitucion-da-carpinteria-exterior-do-ceip-a-sangrina\/\" \/>\n<meta property=\"og:site_name\" content=\"Concello da Guarda\" \/>\n<meta property=\"article:publisher\" content=\"https:\/\/www.facebook.com\/ConcellodaGuarda\" \/>\n<meta property=\"article:published_time\" content=\"2021-11-14T11:31:55+00:00\" \/>\n<meta property=\"article:modified_time\" content=\"2021-11-14T11:54:26+00:00\" \/>\n<meta property=\"og:image\" content=\"https:\/\/www.aguarda.es\/wp-content\/uploads\/2021\/11\/NP-14112021-E-falso-que-os-Populares-da-Guarda-conseguiran-a-substituci\u00f3n-da-carpinter\u00eda-exterior-do-CEIP-A-Sangri\u00f1a.jpg\" \/>\n\t<meta property=\"og:image:width\" content=\"800\" \/>\n\t<meta property=\"og:image:height\" content=\"361\" \/>\n\t<meta property=\"og:image:type\" content=\"image\/jpeg\" \/>\n<meta name=\"author\" content=\"prensa\" \/>\n<meta name=\"twitter:card\" content=\"summary_large_image\" \/>\n<meta name=\"twitter:creator\" content=\"@AGuarda_es\" \/>\n<meta name=\"twitter:site\" content=\"@AGuarda_es\" \/>\n<meta name=\"twitter:label1\" content=\"Written by\" \/>\n\t<meta name=\"twitter:data1\" content=\"prensa\" \/>\n\t<meta name=\"twitter:label2\" content=\"Est. reading time\" \/>\n\t<meta name=\"twitter:data2\" content=\"4 minutes\" \/>\n<script type=\"application\/ld+json\" class=\"yoast-schema-graph\">{\"@context\":\"https:\/\/schema.org\",\"@graph\":[{\"@type\":\"WebPage\",\"@id\":\"https:\/\/www.aguarda.es\/en\/e-falso-que-os-populares-da-guarda-conseguiran-a-substitucion-da-carpinteria-exterior-do-ceip-a-sangrina\/\",\"url\":\"https:\/\/www.aguarda.es\/en\/e-falso-que-os-populares-da-guarda-conseguiran-a-substitucion-da-carpinteria-exterior-do-ceip-a-sangrina\/\",\"name\":\"\u00c9 falso que os Populares da Guarda conseguiran a substituci\u00f3n da carpinter\u00eda exterior do CEIP A Sangri\u00f1a - Concello da Guarda\",\"isPartOf\":{\"@id\":\"https:\/\/www.aguarda.es\/en\/#website\"},\"datePublished\":\"2021-11-14T11:31:55+00:00\",\"dateModified\":\"2021-11-14T11:54:26+00:00\",\"author\":{\"@id\":\"https:\/\/www.aguarda.es\/en\/#\/schema\/person\/c463ca3006858ffb349d11179d044f21\"},\"breadcrumb\":{\"@id\":\"https:\/\/www.aguarda.es\/en\/e-falso-que-os-populares-da-guarda-conseguiran-a-substitucion-da-carpinteria-exterior-do-ceip-a-sangrina\/#breadcrumb\"},\"inLanguage\":\"en-US\",\"potentialAction\":[{\"@type\":\"ReadAction\",\"target\":[\"https:\/\/www.aguarda.es\/en\/e-falso-que-os-populares-da-guarda-conseguiran-a-substitucion-da-carpinteria-exterior-do-ceip-a-sangrina\/\"]}]},{\"@type\":\"BreadcrumbList\",\"@id\":\"https:\/\/www.aguarda.es\/en\/e-falso-que-os-populares-da-guarda-conseguiran-a-substitucion-da-carpinteria-exterior-do-ceip-a-sangrina\/#breadcrumb\",\"itemListElement\":[{\"@type\":\"ListItem\",\"position\":1,\"name\":\"Portada\",\"item\":\"https:\/\/www.aguarda.es\/en\/\"},{\"@type\":\"ListItem\",\"position\":2,\"name\":\"\u00c9 falso que os Populares da Guarda conseguiran a substituci\u00f3n da carpinter\u00eda exterior do CEIP A Sangri\u00f1a\"}]},{\"@type\":\"WebSite\",\"@id\":\"https:\/\/www.aguarda.es\/en\/#website\",\"url\":\"https:\/\/www.aguarda.es\/en\/\",\"name\":\"Concello da Guarda\",\"description\":\"P\u00e1xina web do concello da Guarda\",\"potentialAction\":[{\"@type\":\"SearchAction\",\"target\":{\"@type\":\"EntryPoint\",\"urlTemplate\":\"https:\/\/www.aguarda.es\/en\/?s={search_term_string}\"},\"query-input\":\"required name=search_term_string\"}],\"inLanguage\":\"en-US\"},{\"@type\":\"Person\",\"@id\":\"https:\/\/www.aguarda.es\/en\/#\/schema\/person\/c463ca3006858ffb349d11179d044f21\",\"name\":\"prensa\",\"image\":{\"@type\":\"ImageObject\",\"inLanguage\":\"en-US\",\"@id\":\"https:\/\/www.aguarda.es\/en\/#\/schema\/person\/image\/\",\"url\":\"https:\/\/secure.gravatar.com\/avatar\/5f90ef536b0f98306edf5c7a1135ffa1?s=96&d=mm&r=g\",\"contentUrl\":\"https:\/\/secure.gravatar.com\/avatar\/5f90ef536b0f98306edf5c7a1135ffa1?s=96&d=mm&r=g\",\"caption\":\"prensa\"},\"url\":\"https:\/\/www.aguarda.es\/en\/author\/prensa\/\"}]}<\/script>\n<!-- \/ Yoast SEO plugin. -->","yoast_head_json":{"title":"\u00c9 falso que os Populares da Guarda conseguiran a substituci\u00f3n da carpinter\u00eda exterior do CEIP A Sangri\u00f1a - Concello da Guarda","robots":{"index":"index","follow":"follow","max-snippet":"max-snippet:-1","max-image-preview":"max-image-preview:large","max-video-preview":"max-video-preview:-1"},"canonical":"https:\/\/www.aguarda.es\/en\/e-falso-que-os-populares-da-guarda-conseguiran-a-substitucion-da-carpinteria-exterior-do-ceip-a-sangrina\/","og_locale":"en_US","og_type":"article","og_title":"\u00c9 falso que os Populares da Guarda conseguiran a substituci\u00f3n da carpinter\u00eda exterior do CEIP A Sangri\u00f1a - Concello da Guarda","og_description":"\u2022 Tam\u00e9n \u00e9 falso que conseguiran, como se anunciou fai uns d\u00edas, o Centro Integrado de Sa\u00fade (CIS) para A Guarda. Dende o equipo de goberno no se pretende crear pol\u00e9mica nin descualificar a ningu\u00e9n, como ven facendo o portavoz &hellip;","og_url":"https:\/\/www.aguarda.es\/en\/e-falso-que-os-populares-da-guarda-conseguiran-a-substitucion-da-carpinteria-exterior-do-ceip-a-sangrina\/","og_site_name":"Concello da Guarda","article_publisher":"https:\/\/www.facebook.com\/ConcellodaGuarda","article_published_time":"2021-11-14T11:31:55+00:00","article_modified_time":"2021-11-14T11:54:26+00:00","og_image":[{"width":800,"height":361,"url":"https:\/\/www.aguarda.es\/wp-content\/uploads\/2021\/11\/NP-14112021-E-falso-que-os-Populares-da-Guarda-conseguiran-a-substituci\u00f3n-da-carpinter\u00eda-exterior-do-CEIP-A-Sangri\u00f1a.jpg","type":"image\/jpeg"}],"author":"prensa","twitter_card":"summary_large_image","twitter_creator":"@AGuarda_es","twitter_site":"@AGuarda_es","twitter_misc":{"Written by":"prensa","Est. reading time":"4 minutes"},"schema":{"@context":"https:\/\/schema.org","@graph":[{"@type":"WebPage","@id":"https:\/\/www.aguarda.es\/en\/e-falso-que-os-populares-da-guarda-conseguiran-a-substitucion-da-carpinteria-exterior-do-ceip-a-sangrina\/","url":"https:\/\/www.aguarda.es\/en\/e-falso-que-os-populares-da-guarda-conseguiran-a-substitucion-da-carpinteria-exterior-do-ceip-a-sangrina\/","name":"\u00c9 falso que os Populares da Guarda conseguiran a substituci\u00f3n da carpinter\u00eda exterior do CEIP A Sangri\u00f1a - Concello da Guarda","isPartOf":{"@id":"https:\/\/www.aguarda.es\/en\/#website"},"datePublished":"2021-11-14T11:31:55+00:00","dateModified":"2021-11-14T11:54:26+00:00","author":{"@id":"https:\/\/www.aguarda.es\/en\/#\/schema\/person\/c463ca3006858ffb349d11179d044f21"},"breadcrumb":{"@id":"https:\/\/www.aguarda.es\/en\/e-falso-que-os-populares-da-guarda-conseguiran-a-substitucion-da-carpinteria-exterior-do-ceip-a-sangrina\/#breadcrumb"},"inLanguage":"en-US","potentialAction":[{"@type":"ReadAction","target":["https:\/\/www.aguarda.es\/en\/e-falso-que-os-populares-da-guarda-conseguiran-a-substitucion-da-carpinteria-exterior-do-ceip-a-sangrina\/"]}]},{"@type":"BreadcrumbList","@id":"https:\/\/www.aguarda.es\/en\/e-falso-que-os-populares-da-guarda-conseguiran-a-substitucion-da-carpinteria-exterior-do-ceip-a-sangrina\/#breadcrumb","itemListElement":[{"@type":"ListItem","position":1,"name":"Portada","item":"https:\/\/www.aguarda.es\/en\/"},{"@type":"ListItem","position":2,"name":"\u00c9 falso que os Populares da Guarda conseguiran a substituci\u00f3n da carpinter\u00eda exterior do CEIP A Sangri\u00f1a"}]},{"@type":"WebSite","@id":"https:\/\/www.aguarda.es\/en\/#website","url":"https:\/\/www.aguarda.es\/en\/","name":"Concello da Guarda","description":"P\u00e1xina web do concello da Guarda","potentialAction":[{"@type":"SearchAction","target":{"@type":"EntryPoint","urlTemplate":"https:\/\/www.aguarda.es\/en\/?s={search_term_string}"},"query-input":"required name=search_term_string"}],"inLanguage":"en-US"},{"@type":"Person","@id":"https:\/\/www.aguarda.es\/en\/#\/schema\/person\/c463ca3006858ffb349d11179d044f21","name":"prensa","image":{"@type":"ImageObject","inLanguage":"en-US","@id":"https:\/\/www.aguarda.es\/en\/#\/schema\/person\/image\/","url":"https:\/\/secure.gravatar.com\/avatar\/5f90ef536b0f98306edf5c7a1135ffa1?s=96&d=mm&r=g","contentUrl":"https:\/\/secure.gravatar.com\/avatar\/5f90ef536b0f98306edf5c7a1135ffa1?s=96&d=mm&r=g","caption":"prensa"},"url":"https:\/\/www.aguarda.es\/en\/author\/prensa\/"}]}},"_links":{"self":[{"href":"https:\/\/www.aguarda.es\/en\/wp-json\/wp\/v2\/posts\/24873"}],"collection":[{"href":"https:\/\/www.aguarda.es\/en\/wp-json\/wp\/v2\/posts"}],"about":[{"href":"https:\/\/www.aguarda.es\/en\/wp-json\/wp\/v2\/types\/post"}],"author":[{"embeddable":true,"href":"https:\/\/www.aguarda.es\/en\/wp-json\/wp\/v2\/users\/2"}],"replies":[{"embeddable":true,"href":"https:\/\/www.aguarda.es\/en\/wp-json\/wp\/v2\/comments?post=24873"}],"version-history":[{"count":2,"href":"https:\/\/www.aguarda.es\/en\/wp-json\/wp\/v2\/posts\/24873\/revisions"}],"predecessor-version":[{"id":24877,"href":"https:\/\/www.aguarda.es\/en\/wp-json\/wp\/v2\/posts\/24873\/revisions\/24877"}],"wp:featuredmedia":[{"embeddable":true,"href":"https:\/\/www.aguarda.es\/en\/wp-json\/wp\/v2\/media\/24874"}],"wp:attachment":[{"href":"https:\/\/www.aguarda.es\/en\/wp-json\/wp\/v2\/media?parent=24873"}],"wp:term":[{"taxonomy":"category","embeddable":true,"href":"https:\/\/www.aguarda.es\/en\/wp-json\/wp\/v2\/categories?post=24873"},{"taxonomy":"post_tag","embeddable":true,"href":"https:\/\/www.aguarda.es\/en\/wp-json\/wp\/v2\/tags?post=24873"}],"curies":[{"name":"wp","href":"https:\/\/api.w.org\/{rel}","templated":true}]}}