{"id":24878,"date":"2021-11-15T09:11:19","date_gmt":"2021-11-15T09:11:19","guid":{"rendered":"https:\/\/www.aguarda.es\/?p=24878"},"modified":"2021-11-15T09:11:19","modified_gmt":"2021-11-15T09:11:19","slug":"o-concello-da-guarda-condena-os-actos-de-vandalismo-acaecidos-nos-ultimos-dias-dentro-do-conflito-laboral-na-fabrica-de-ikf","status":"publish","type":"post","link":"https:\/\/www.aguarda.es\/en\/o-concello-da-guarda-condena-os-actos-de-vandalismo-acaecidos-nos-ultimos-dias-dentro-do-conflito-laboral-na-fabrica-de-ikf\/","title":{"rendered":"O concello da Guarda condena os actos de vandalismo acaecidos nos \u00faltimos d\u00edas dentro do conflito laboral na f\u00e1brica de IKF"},"content":{"rendered":"<p><em><strong>\u2022 Dende o consistorio guard\u00e9s esperamos que se aclaren os incidentes e se identifiquen aos responsables<\/strong><\/em><\/p>\n<p>O alcalde da Guarda, Antonio Lomba, expresa o seu total rexeitamento as\u00ed como o do seu equipo de goberno aos actos de vandalismo que est\u00e1n acaecendo nos arredores da f\u00e1brica de IKF, no mobiliario urbano as\u00ed como nas vivendas de veci\u00f1os da localidade.<\/p>\n<p>O alcalde tacha estas actuaci\u00f3ns de \u201cactos totalmente reprobables e que non te\u00f1en cabida nun estado de dereito, dende o consistorio guard\u00e9s apoiamos o di\u00e1logo e a concordia e desterramos calquera tipo de violencia e actos que son m\u00e1is propios de condutas antidemocr\u00e1ticas\u201d.<\/p>\n<p>Dende o concello guard\u00e9s esiximos que estas actuaci\u00f3ns cesen de inmediato e trasladamos a todas as partes a preocupaci\u00f3n pola situaci\u00f3n que se est\u00e1 xerando e polo futuro do centro de traballo, como temos sinalado en m\u00e1is dunha ocasi\u00f3n, un dos m\u00e1is importantes do municipio.<\/p>\n<p>Queremos trasladar tam\u00e9n a nosa solidariedade e todo o noso apoio as persoas e familias que nestes momentos se est\u00e1n vendo afectadas por estes comportamento antidemocr\u00e1ticos, desexamos que non volvan a repetirse e agardamos que se recupere a normalidade.<\/p>\n","protected":false},"excerpt":{"rendered":"<p>\u2022 Dende o consistorio guard\u00e9s esperamos que se aclaren os incidentes e se identifiquen aos responsables O alcalde da Guarda, Antonio Lomba, expresa o seu total rexeitamento as\u00ed como o do seu equipo de goberno aos actos de vandalismo que &hellip; <\/p>\n","protected":false},"author":2,"featured_media":24879,"comment_status":"open","ping_status":"open","sticky":false,"template":"","format":"standard","meta":[],"categories":[33],"tags":[226,2262],"yoast_head":"<!-- This site is optimized with the Yoast SEO plugin v21.1 - https:\/\/yoast.com\/wordpress\/plugins\/seo\/ -->\n<title>O concello da Guarda condena os actos de vandalismo acaecidos nos \u00faltimos d\u00edas dentro do conflito laboral na f\u00e1brica de IKF - Concello da Guarda<\/title>\n<meta name=\"robots\" content=\"index, follow, max-snippet:-1, max-image-preview:large, max-video-preview:-1\" \/>\n<link rel=\"canonical\" href=\"https:\/\/www.aguarda.es\/en\/o-concello-da-guarda-condena-os-actos-de-vandalismo-acaecidos-nos-ultimos-dias-dentro-do-conflito-laboral-na-fabrica-de-ikf\/\" \/>\n<meta property=\"og:locale\" content=\"en_US\" \/>\n<meta property=\"og:type\" content=\"article\" \/>\n<meta property=\"og:title\" content=\"O concello da Guarda condena os actos de vandalismo acaecidos nos \u00faltimos d\u00edas dentro do conflito laboral na f\u00e1brica de IKF - Concello da Guarda\" \/>\n<meta property=\"og:description\" content=\"\u2022 Dende o consistorio guard\u00e9s esperamos que se aclaren os incidentes e se identifiquen aos responsables O alcalde da Guarda, Antonio Lomba, expresa o seu total rexeitamento as\u00ed como o do seu equipo de goberno aos actos de vandalismo que &hellip;\" \/>\n<meta property=\"og:url\" content=\"https:\/\/www.aguarda.es\/en\/o-concello-da-guarda-condena-os-actos-de-vandalismo-acaecidos-nos-ultimos-dias-dentro-do-conflito-laboral-na-fabrica-de-ikf\/\" \/>\n<meta property=\"og:site_name\" content=\"Concello da Guarda\" \/>\n<meta property=\"article:publisher\" content=\"https:\/\/www.facebook.com\/ConcellodaGuarda\" \/>\n<meta property=\"article:published_time\" content=\"2021-11-15T09:11:19+00:00\" \/>\n<meta property=\"og:image\" content=\"https:\/\/www.aguarda.es\/wp-content\/uploads\/2021\/11\/PHOTO-2021-09-30-15-23-37.jpg\" \/>\n\t<meta property=\"og:image:width\" content=\"800\" \/>\n\t<meta property=\"og:image:height\" content=\"642\" \/>\n\t<meta property=\"og:image:type\" content=\"image\/jpeg\" \/>\n<meta name=\"author\" content=\"prensa\" \/>\n<meta name=\"twitter:card\" content=\"summary_large_image\" \/>\n<meta name=\"twitter:creator\" content=\"@AGuarda_es\" \/>\n<meta name=\"twitter:site\" content=\"@AGuarda_es\" \/>\n<meta name=\"twitter:label1\" content=\"Written by\" \/>\n\t<meta name=\"twitter:data1\" content=\"prensa\" \/>\n\t<meta name=\"twitter:label2\" content=\"Est. reading time\" \/>\n\t<meta name=\"twitter:data2\" content=\"1 minute\" \/>\n<script type=\"application\/ld+json\" class=\"yoast-schema-graph\">{\"@context\":\"https:\/\/schema.org\",\"@graph\":[{\"@type\":\"WebPage\",\"@id\":\"https:\/\/www.aguarda.es\/en\/o-concello-da-guarda-condena-os-actos-de-vandalismo-acaecidos-nos-ultimos-dias-dentro-do-conflito-laboral-na-fabrica-de-ikf\/\",\"url\":\"https:\/\/www.aguarda.es\/en\/o-concello-da-guarda-condena-os-actos-de-vandalismo-acaecidos-nos-ultimos-dias-dentro-do-conflito-laboral-na-fabrica-de-ikf\/\",\"name\":\"O concello da Guarda condena os actos de vandalismo acaecidos nos \u00faltimos d\u00edas dentro do conflito laboral na f\u00e1brica de IKF - Concello da Guarda\",\"isPartOf\":{\"@id\":\"https:\/\/www.aguarda.es\/en\/#website\"},\"datePublished\":\"2021-11-15T09:11:19+00:00\",\"dateModified\":\"2021-11-15T09:11:19+00:00\",\"author\":{\"@id\":\"https:\/\/www.aguarda.es\/en\/#\/schema\/person\/c463ca3006858ffb349d11179d044f21\"},\"breadcrumb\":{\"@id\":\"https:\/\/www.aguarda.es\/en\/o-concello-da-guarda-condena-os-actos-de-vandalismo-acaecidos-nos-ultimos-dias-dentro-do-conflito-laboral-na-fabrica-de-ikf\/#breadcrumb\"},\"inLanguage\":\"en-US\",\"potentialAction\":[{\"@type\":\"ReadAction\",\"target\":[\"https:\/\/www.aguarda.es\/en\/o-concello-da-guarda-condena-os-actos-de-vandalismo-acaecidos-nos-ultimos-dias-dentro-do-conflito-laboral-na-fabrica-de-ikf\/\"]}]},{\"@type\":\"BreadcrumbList\",\"@id\":\"https:\/\/www.aguarda.es\/en\/o-concello-da-guarda-condena-os-actos-de-vandalismo-acaecidos-nos-ultimos-dias-dentro-do-conflito-laboral-na-fabrica-de-ikf\/#breadcrumb\",\"itemListElement\":[{\"@type\":\"ListItem\",\"position\":1,\"name\":\"Portada\",\"item\":\"https:\/\/www.aguarda.es\/en\/\"},{\"@type\":\"ListItem\",\"position\":2,\"name\":\"O concello da Guarda condena os actos de vandalismo acaecidos nos \u00faltimos d\u00edas dentro do conflito laboral na f\u00e1brica de IKF\"}]},{\"@type\":\"WebSite\",\"@id\":\"https:\/\/www.aguarda.es\/en\/#website\",\"url\":\"https:\/\/www.aguarda.es\/en\/\",\"name\":\"Concello da Guarda\",\"description\":\"P\u00e1xina web do concello da Guarda\",\"potentialAction\":[{\"@type\":\"SearchAction\",\"target\":{\"@type\":\"EntryPoint\",\"urlTemplate\":\"https:\/\/www.aguarda.es\/en\/?s={search_term_string}\"},\"query-input\":\"required name=search_term_string\"}],\"inLanguage\":\"en-US\"},{\"@type\":\"Person\",\"@id\":\"https:\/\/www.aguarda.es\/en\/#\/schema\/person\/c463ca3006858ffb349d11179d044f21\",\"name\":\"prensa\",\"image\":{\"@type\":\"ImageObject\",\"inLanguage\":\"en-US\",\"@id\":\"https:\/\/www.aguarda.es\/en\/#\/schema\/person\/image\/\",\"url\":\"https:\/\/secure.gravatar.com\/avatar\/5f90ef536b0f98306edf5c7a1135ffa1?s=96&d=mm&r=g\",\"contentUrl\":\"https:\/\/secure.gravatar.com\/avatar\/5f90ef536b0f98306edf5c7a1135ffa1?s=96&d=mm&r=g\",\"caption\":\"prensa\"},\"url\":\"https:\/\/www.aguarda.es\/en\/author\/prensa\/\"}]}<\/script>\n<!-- \/ Yoast SEO plugin. -->","yoast_head_json":{"title":"O concello da Guarda condena os actos de vandalismo acaecidos nos \u00faltimos d\u00edas dentro do conflito laboral na f\u00e1brica de IKF - Concello da Guarda","robots":{"index":"index","follow":"follow","max-snippet":"max-snippet:-1","max-image-preview":"max-image-preview:large","max-video-preview":"max-video-preview:-1"},"canonical":"https:\/\/www.aguarda.es\/en\/o-concello-da-guarda-condena-os-actos-de-vandalismo-acaecidos-nos-ultimos-dias-dentro-do-conflito-laboral-na-fabrica-de-ikf\/","og_locale":"en_US","og_type":"article","og_title":"O concello da Guarda condena os actos de vandalismo acaecidos nos \u00faltimos d\u00edas dentro do conflito laboral na f\u00e1brica de IKF - Concello da Guarda","og_description":"\u2022 Dende o consistorio guard\u00e9s esperamos que se aclaren os incidentes e se identifiquen aos responsables O alcalde da Guarda, Antonio Lomba, expresa o seu total rexeitamento as\u00ed como o do seu equipo de goberno aos actos de vandalismo que &hellip;","og_url":"https:\/\/www.aguarda.es\/en\/o-concello-da-guarda-condena-os-actos-de-vandalismo-acaecidos-nos-ultimos-dias-dentro-do-conflito-laboral-na-fabrica-de-ikf\/","og_site_name":"Concello da Guarda","article_publisher":"https:\/\/www.facebook.com\/ConcellodaGuarda","article_published_time":"2021-11-15T09:11:19+00:00","og_image":[{"width":800,"height":642,"url":"https:\/\/www.aguarda.es\/wp-content\/uploads\/2021\/11\/PHOTO-2021-09-30-15-23-37.jpg","type":"image\/jpeg"}],"author":"prensa","twitter_card":"summary_large_image","twitter_creator":"@AGuarda_es","twitter_site":"@AGuarda_es","twitter_misc":{"Written by":"prensa","Est. reading time":"1 minute"},"schema":{"@context":"https:\/\/schema.org","@graph":[{"@type":"WebPage","@id":"https:\/\/www.aguarda.es\/en\/o-concello-da-guarda-condena-os-actos-de-vandalismo-acaecidos-nos-ultimos-dias-dentro-do-conflito-laboral-na-fabrica-de-ikf\/","url":"https:\/\/www.aguarda.es\/en\/o-concello-da-guarda-condena-os-actos-de-vandalismo-acaecidos-nos-ultimos-dias-dentro-do-conflito-laboral-na-fabrica-de-ikf\/","name":"O concello da Guarda condena os actos de vandalismo acaecidos nos \u00faltimos d\u00edas dentro do conflito laboral na f\u00e1brica de IKF - Concello da Guarda","isPartOf":{"@id":"https:\/\/www.aguarda.es\/en\/#website"},"datePublished":"2021-11-15T09:11:19+00:00","dateModified":"2021-11-15T09:11:19+00:00","author":{"@id":"https:\/\/www.aguarda.es\/en\/#\/schema\/person\/c463ca3006858ffb349d11179d044f21"},"breadcrumb":{"@id":"https:\/\/www.aguarda.es\/en\/o-concello-da-guarda-condena-os-actos-de-vandalismo-acaecidos-nos-ultimos-dias-dentro-do-conflito-laboral-na-fabrica-de-ikf\/#breadcrumb"},"inLanguage":"en-US","potentialAction":[{"@type":"ReadAction","target":["https:\/\/www.aguarda.es\/en\/o-concello-da-guarda-condena-os-actos-de-vandalismo-acaecidos-nos-ultimos-dias-dentro-do-conflito-laboral-na-fabrica-de-ikf\/"]}]},{"@type":"BreadcrumbList","@id":"https:\/\/www.aguarda.es\/en\/o-concello-da-guarda-condena-os-actos-de-vandalismo-acaecidos-nos-ultimos-dias-dentro-do-conflito-laboral-na-fabrica-de-ikf\/#breadcrumb","itemListElement":[{"@type":"ListItem","position":1,"name":"Portada","item":"https:\/\/www.aguarda.es\/en\/"},{"@type":"ListItem","position":2,"name":"O concello da Guarda condena os actos de vandalismo acaecidos nos \u00faltimos d\u00edas dentro do conflito laboral na f\u00e1brica de IKF"}]},{"@type":"WebSite","@id":"https:\/\/www.aguarda.es\/en\/#website","url":"https:\/\/www.aguarda.es\/en\/","name":"Concello da Guarda","description":"P\u00e1xina web do concello da Guarda","potentialAction":[{"@type":"SearchAction","target":{"@type":"EntryPoint","urlTemplate":"https:\/\/www.aguarda.es\/en\/?s={search_term_string}"},"query-input":"required name=search_term_string"}],"inLanguage":"en-US"},{"@type":"Person","@id":"https:\/\/www.aguarda.es\/en\/#\/schema\/person\/c463ca3006858ffb349d11179d044f21","name":"prensa","image":{"@type":"ImageObject","inLanguage":"en-US","@id":"https:\/\/www.aguarda.es\/en\/#\/schema\/person\/image\/","url":"https:\/\/secure.gravatar.com\/avatar\/5f90ef536b0f98306edf5c7a1135ffa1?s=96&d=mm&r=g","contentUrl":"https:\/\/secure.gravatar.com\/avatar\/5f90ef536b0f98306edf5c7a1135ffa1?s=96&d=mm&r=g","caption":"prensa"},"url":"https:\/\/www.aguarda.es\/en\/author\/prensa\/"}]}},"_links":{"self":[{"href":"https:\/\/www.aguarda.es\/en\/wp-json\/wp\/v2\/posts\/24878"}],"collection":[{"href":"https:\/\/www.aguarda.es\/en\/wp-json\/wp\/v2\/posts"}],"about":[{"href":"https:\/\/www.aguarda.es\/en\/wp-json\/wp\/v2\/types\/post"}],"author":[{"embeddable":true,"href":"https:\/\/www.aguarda.es\/en\/wp-json\/wp\/v2\/users\/2"}],"replies":[{"embeddable":true,"href":"https:\/\/www.aguarda.es\/en\/wp-json\/wp\/v2\/comments?post=24878"}],"version-history":[{"count":1,"href":"https:\/\/www.aguarda.es\/en\/wp-json\/wp\/v2\/posts\/24878\/revisions"}],"predecessor-version":[{"id":24881,"href":"https:\/\/www.aguarda.es\/en\/wp-json\/wp\/v2\/posts\/24878\/revisions\/24881"}],"wp:featuredmedia":[{"embeddable":true,"href":"https:\/\/www.aguarda.es\/en\/wp-json\/wp\/v2\/media\/24879"}],"wp:attachment":[{"href":"https:\/\/www.aguarda.es\/en\/wp-json\/wp\/v2\/media?parent=24878"}],"wp:term":[{"taxonomy":"category","embeddable":true,"href":"https:\/\/www.aguarda.es\/en\/wp-json\/wp\/v2\/categories?post=24878"},{"taxonomy":"post_tag","embeddable":true,"href":"https:\/\/www.aguarda.es\/en\/wp-json\/wp\/v2\/tags?post=24878"}],"curies":[{"name":"wp","href":"https:\/\/api.w.org\/{rel}","templated":true}]}}