{"id":24885,"date":"2021-11-15T13:40:15","date_gmt":"2021-11-15T13:40:15","guid":{"rendered":"https:\/\/www.aguarda.es\/?p=24885"},"modified":"2022-01-27T12:11:23","modified_gmt":"2022-01-27T12:11:23","slug":"programacion-de-actividades-do-concello-da-guarda-con-motivo-do-dia-internacional-contra-a-violencia-de-xenero-2021-25n","status":"publish","type":"post","link":"https:\/\/www.aguarda.es\/en\/programacion-de-actividades-do-concello-da-guarda-con-motivo-do-dia-internacional-contra-a-violencia-de-xenero-2021-25n\/","title":{"rendered":"Programaci\u00f3n de  actividades do  concello da Guarda con motivo do D\u00eda Internacional contra a violencia de x\u00e9nero 2021 (25N)"},"content":{"rendered":"<p>O concello da Guarda s\u00famase ao D\u00eda Internacional contra a violencia de x\u00e9nero cunha programaci\u00f3n de actividades que arrancan o 25 de novembro e que incl\u00fae acci\u00f3ns cos centro educativos da vila, espect\u00e1culos musicais, contacontos, charlas, teatro, entre outras.<\/p>\n<p>O xoves , 25 de novembro \u00e1s 20:00h o Centro Cultural acolle o espect\u00e1culo O ben querer(se), por Aldaolado, onde as poetas Luc\u00eda Aldao e Mar\u00eda Lado mesturan poemas, m\u00fasica e historias para facer visibles as desigualdades que as mulleres seguimos atopando na nosa vida p\u00fablica e privada. Actividade financiada polo Pacto de Estado pola Secretar\u00eda Xeral da Igualdade da Xunta de Galicia<\/p>\n<p>O s\u00e1bado, 27 de novembro o Centro Cultural acolle varias actividades a cargo de Cris de Caldas:<br \/>\n\u2022 \u00c1s 17:00h contos en familia \u201cA Igualdade como f\u00edo condutor\u201d, da man de Cris de Caldas, un espect\u00e1culo para crianzas de 1 a 5 anos. Contos con m\u00fasica, exposici\u00f3n de libros e conversa did\u00e1ctica coas familias.<br \/>\n\u2022 \u00c1s 18:30h arranca \u201cContos en lila\u201d,dirixido a p\u00fablico familiar con contos para rir, emocionar e reflexionar sobre o mundo que queremos. Po\u00f1ede as orellas para escoitar uns contos en lila, por unha sociedade m\u00e1is xusta e igualitaria.<br \/>\n\u2022 \u00c1s 20:30h ter\u00e1 lugar \u201cMulleres de conto\u201d, una peza para p\u00fablico adulto, onde se far\u00e1 un percorrido pola vida de mulleres an\u00f3nimas que con intelixencia, retranca e pouco m\u00e1is, pois nada ti\u00f1an, foron quen de vencer as inxustizas e saltar moitos dos obst\u00e1culos impostos.<br \/>\nActividades financiadas polo Pacto de Estado pola Secretar\u00eda Xeral da Igualdade da Xunta de Galicia<\/p>\n<p>A inscrici\u00f3n para acudir a estes espect\u00e1culos pode facerse a trav\u00e9s da plataforma www.eventbrite.es ou por v\u00eda telef\u00f3nica no 986614648 ou presencialmente no Centro Cultural da Guarda en horario de 17:00 a 20:00h.<br \/>\ndo 25 e 27 est\u00e1n Esta programaci\u00f3n compl\u00e9tase coas seguintes acci\u00f3ns :<\/p>\n<p>\u2022 Colocaci\u00f3n da Pancarta no Concello por parte da Corporaci\u00f3n Municipal como s\u00edmbolo de repulsa ante calquera manifestaci\u00f3n da Violencia de X\u00e9nero<br \/>\n\u2022 Impartici\u00f3n de charlas de prevenci\u00f3n da Violencia de X\u00e9nero, dirixida aos escolares da Guarda e do Rosal por parte da Directora do Centro de Informaci\u00f3n \u00e1 Muller (CIM) do Concello da Guarda<br \/>\n\u2022 Entrega de exemplares do C\u00f3mic \u201c Amelia. Historia dunha loita\u201d para a biblioteca dos centros de secundaria do Concello da Guarda<br \/>\n\u2022 Colocaci\u00f3n dun valado co dese\u00f1o realizado polo alumnado de Pl\u00e1stica do IES A Sangri\u00f1a como medida de concienciaci\u00f3n entre a poboaci\u00f3n m\u00e1is nova<br \/>\n\u2022 Representaci\u00f3n do espect\u00e1culo teatral pedag\u00f3xico Golpes,con Est\u00edbaliz Veiga, que analiza o impacto da violencia de x\u00e9nero e tenta concienciar \u00e1 mocidade na s\u00faa prevenci\u00f3n, dirixido ao alumnado de 4\u00ba da ESO dos centros educativos da Guarda. Actividade financiada polo Pacto de Estado pola Secretar\u00eda Xeral da Igualdade da Xunta de Galicia<br \/>\n\u2022 Colaboraci\u00f3n co IES a Sangri\u00f1a na impartici\u00f3n dun obradoiro de novas masculinidades que se levar\u00e1 a cabo durante este curso escolar dirixido ao alumnado de 1\u00ba de Bacharelato<\/p>\n","protected":false},"excerpt":{"rendered":"<p>O concello da Guarda s\u00famase ao D\u00eda Internacional contra a violencia de x\u00e9nero cunha programaci\u00f3n de actividades que arrancan o 25 de novembro e que incl\u00fae acci\u00f3ns cos centro educativos da vila, espect\u00e1culos musicais, contacontos, charlas, teatro, entre outras. O &hellip; <\/p>\n","protected":false},"author":2,"featured_media":24886,"comment_status":"open","ping_status":"open","sticky":false,"template":"","format":"standard","meta":[],"categories":[41,45],"tags":[706,226,348,664,1238,634,1273,666],"yoast_head":"<!-- This site is optimized with the Yoast SEO plugin v21.1 - https:\/\/yoast.com\/wordpress\/plugins\/seo\/ -->\n<title>Programaci\u00f3n de actividades do concello da Guarda con motivo do D\u00eda Internacional contra a violencia de x\u00e9nero 2021 (25N) - Concello da Guarda<\/title>\n<meta name=\"robots\" content=\"index, follow, max-snippet:-1, max-image-preview:large, max-video-preview:-1\" \/>\n<link rel=\"canonical\" href=\"https:\/\/www.aguarda.es\/en\/programacion-de-actividades-do-concello-da-guarda-con-motivo-do-dia-internacional-contra-a-violencia-de-xenero-2021-25n\/\" \/>\n<meta property=\"og:locale\" content=\"en_US\" \/>\n<meta property=\"og:type\" content=\"article\" \/>\n<meta property=\"og:title\" content=\"Programaci\u00f3n de actividades do concello da Guarda con motivo do D\u00eda Internacional contra a violencia de x\u00e9nero 2021 (25N) - Concello da Guarda\" \/>\n<meta property=\"og:description\" content=\"O concello da Guarda s\u00famase ao D\u00eda Internacional contra a violencia de x\u00e9nero cunha programaci\u00f3n de actividades que arrancan o 25 de novembro e que incl\u00fae acci\u00f3ns cos centro educativos da vila, espect\u00e1culos musicais, contacontos, charlas, teatro, entre outras. O &hellip;\" \/>\n<meta property=\"og:url\" content=\"https:\/\/www.aguarda.es\/en\/programacion-de-actividades-do-concello-da-guarda-con-motivo-do-dia-internacional-contra-a-violencia-de-xenero-2021-25n\/\" \/>\n<meta property=\"og:site_name\" content=\"Concello da Guarda\" \/>\n<meta property=\"article:publisher\" content=\"https:\/\/www.facebook.com\/ConcellodaGuarda\" \/>\n<meta property=\"article:published_time\" content=\"2021-11-15T13:40:15+00:00\" \/>\n<meta property=\"article:modified_time\" content=\"2022-01-27T12:11:23+00:00\" \/>\n<meta property=\"og:image\" content=\"https:\/\/www.aguarda.es\/wp-content\/uploads\/2021\/11\/NP-15112021-Programaci\u00f3n-de-actividades-do-concello-da-Guarda-con-motivo-do-D\u00eda-Internacional-contra-a-violencia-de-x\u00e9nero-2021-25N.jpg?_t=1643285483\" \/>\n\t<meta property=\"og:image:width\" content=\"800\" \/>\n\t<meta property=\"og:image:height\" content=\"1132\" \/>\n\t<meta property=\"og:image:type\" content=\"image\/jpeg\" \/>\n<meta name=\"author\" content=\"prensa\" \/>\n<meta name=\"twitter:card\" content=\"summary_large_image\" \/>\n<meta name=\"twitter:creator\" content=\"@AGuarda_es\" \/>\n<meta name=\"twitter:site\" content=\"@AGuarda_es\" \/>\n<meta name=\"twitter:label1\" content=\"Written by\" \/>\n\t<meta name=\"twitter:data1\" content=\"prensa\" \/>\n\t<meta name=\"twitter:label2\" content=\"Est. reading time\" \/>\n\t<meta name=\"twitter:data2\" content=\"3 minutes\" \/>\n<script type=\"application\/ld+json\" class=\"yoast-schema-graph\">{\"@context\":\"https:\/\/schema.org\",\"@graph\":[{\"@type\":\"WebPage\",\"@id\":\"https:\/\/www.aguarda.es\/en\/programacion-de-actividades-do-concello-da-guarda-con-motivo-do-dia-internacional-contra-a-violencia-de-xenero-2021-25n\/\",\"url\":\"https:\/\/www.aguarda.es\/en\/programacion-de-actividades-do-concello-da-guarda-con-motivo-do-dia-internacional-contra-a-violencia-de-xenero-2021-25n\/\",\"name\":\"Programaci\u00f3n de actividades do concello da Guarda con motivo do D\u00eda Internacional contra a violencia de x\u00e9nero 2021 (25N) - Concello da Guarda\",\"isPartOf\":{\"@id\":\"https:\/\/www.aguarda.es\/en\/#website\"},\"datePublished\":\"2021-11-15T13:40:15+00:00\",\"dateModified\":\"2022-01-27T12:11:23+00:00\",\"author\":{\"@id\":\"https:\/\/www.aguarda.es\/en\/#\/schema\/person\/c463ca3006858ffb349d11179d044f21\"},\"breadcrumb\":{\"@id\":\"https:\/\/www.aguarda.es\/en\/programacion-de-actividades-do-concello-da-guarda-con-motivo-do-dia-internacional-contra-a-violencia-de-xenero-2021-25n\/#breadcrumb\"},\"inLanguage\":\"en-US\",\"potentialAction\":[{\"@type\":\"ReadAction\",\"target\":[\"https:\/\/www.aguarda.es\/en\/programacion-de-actividades-do-concello-da-guarda-con-motivo-do-dia-internacional-contra-a-violencia-de-xenero-2021-25n\/\"]}]},{\"@type\":\"BreadcrumbList\",\"@id\":\"https:\/\/www.aguarda.es\/en\/programacion-de-actividades-do-concello-da-guarda-con-motivo-do-dia-internacional-contra-a-violencia-de-xenero-2021-25n\/#breadcrumb\",\"itemListElement\":[{\"@type\":\"ListItem\",\"position\":1,\"name\":\"Portada\",\"item\":\"https:\/\/www.aguarda.es\/en\/\"},{\"@type\":\"ListItem\",\"position\":2,\"name\":\"Programaci\u00f3n de actividades do concello da Guarda con motivo do D\u00eda Internacional contra a violencia de x\u00e9nero 2021 (25N)\"}]},{\"@type\":\"WebSite\",\"@id\":\"https:\/\/www.aguarda.es\/en\/#website\",\"url\":\"https:\/\/www.aguarda.es\/en\/\",\"name\":\"Concello da Guarda\",\"description\":\"P\u00e1xina web do concello da Guarda\",\"potentialAction\":[{\"@type\":\"SearchAction\",\"target\":{\"@type\":\"EntryPoint\",\"urlTemplate\":\"https:\/\/www.aguarda.es\/en\/?s={search_term_string}\"},\"query-input\":\"required name=search_term_string\"}],\"inLanguage\":\"en-US\"},{\"@type\":\"Person\",\"@id\":\"https:\/\/www.aguarda.es\/en\/#\/schema\/person\/c463ca3006858ffb349d11179d044f21\",\"name\":\"prensa\",\"image\":{\"@type\":\"ImageObject\",\"inLanguage\":\"en-US\",\"@id\":\"https:\/\/www.aguarda.es\/en\/#\/schema\/person\/image\/\",\"url\":\"https:\/\/secure.gravatar.com\/avatar\/5f90ef536b0f98306edf5c7a1135ffa1?s=96&d=mm&r=g\",\"contentUrl\":\"https:\/\/secure.gravatar.com\/avatar\/5f90ef536b0f98306edf5c7a1135ffa1?s=96&d=mm&r=g\",\"caption\":\"prensa\"},\"url\":\"https:\/\/www.aguarda.es\/en\/author\/prensa\/\"}]}<\/script>\n<!-- \/ Yoast SEO plugin. -->","yoast_head_json":{"title":"Programaci\u00f3n de actividades do concello da Guarda con motivo do D\u00eda Internacional contra a violencia de x\u00e9nero 2021 (25N) - Concello da Guarda","robots":{"index":"index","follow":"follow","max-snippet":"max-snippet:-1","max-image-preview":"max-image-preview:large","max-video-preview":"max-video-preview:-1"},"canonical":"https:\/\/www.aguarda.es\/en\/programacion-de-actividades-do-concello-da-guarda-con-motivo-do-dia-internacional-contra-a-violencia-de-xenero-2021-25n\/","og_locale":"en_US","og_type":"article","og_title":"Programaci\u00f3n de actividades do concello da Guarda con motivo do D\u00eda Internacional contra a violencia de x\u00e9nero 2021 (25N) - Concello da Guarda","og_description":"O concello da Guarda s\u00famase ao D\u00eda Internacional contra a violencia de x\u00e9nero cunha programaci\u00f3n de actividades que arrancan o 25 de novembro e que incl\u00fae acci\u00f3ns cos centro educativos da vila, espect\u00e1culos musicais, contacontos, charlas, teatro, entre outras. O &hellip;","og_url":"https:\/\/www.aguarda.es\/en\/programacion-de-actividades-do-concello-da-guarda-con-motivo-do-dia-internacional-contra-a-violencia-de-xenero-2021-25n\/","og_site_name":"Concello da Guarda","article_publisher":"https:\/\/www.facebook.com\/ConcellodaGuarda","article_published_time":"2021-11-15T13:40:15+00:00","article_modified_time":"2022-01-27T12:11:23+00:00","og_image":[{"width":800,"height":1132,"url":"https:\/\/www.aguarda.es\/wp-content\/uploads\/2021\/11\/NP-15112021-Programaci\u00f3n-de-actividades-do-concello-da-Guarda-con-motivo-do-D\u00eda-Internacional-contra-a-violencia-de-x\u00e9nero-2021-25N.jpg?_t=1643285483","type":"image\/jpeg"}],"author":"prensa","twitter_card":"summary_large_image","twitter_creator":"@AGuarda_es","twitter_site":"@AGuarda_es","twitter_misc":{"Written by":"prensa","Est. reading time":"3 minutes"},"schema":{"@context":"https:\/\/schema.org","@graph":[{"@type":"WebPage","@id":"https:\/\/www.aguarda.es\/en\/programacion-de-actividades-do-concello-da-guarda-con-motivo-do-dia-internacional-contra-a-violencia-de-xenero-2021-25n\/","url":"https:\/\/www.aguarda.es\/en\/programacion-de-actividades-do-concello-da-guarda-con-motivo-do-dia-internacional-contra-a-violencia-de-xenero-2021-25n\/","name":"Programaci\u00f3n de actividades do concello da Guarda con motivo do D\u00eda Internacional contra a violencia de x\u00e9nero 2021 (25N) - Concello da Guarda","isPartOf":{"@id":"https:\/\/www.aguarda.es\/en\/#website"},"datePublished":"2021-11-15T13:40:15+00:00","dateModified":"2022-01-27T12:11:23+00:00","author":{"@id":"https:\/\/www.aguarda.es\/en\/#\/schema\/person\/c463ca3006858ffb349d11179d044f21"},"breadcrumb":{"@id":"https:\/\/www.aguarda.es\/en\/programacion-de-actividades-do-concello-da-guarda-con-motivo-do-dia-internacional-contra-a-violencia-de-xenero-2021-25n\/#breadcrumb"},"inLanguage":"en-US","potentialAction":[{"@type":"ReadAction","target":["https:\/\/www.aguarda.es\/en\/programacion-de-actividades-do-concello-da-guarda-con-motivo-do-dia-internacional-contra-a-violencia-de-xenero-2021-25n\/"]}]},{"@type":"BreadcrumbList","@id":"https:\/\/www.aguarda.es\/en\/programacion-de-actividades-do-concello-da-guarda-con-motivo-do-dia-internacional-contra-a-violencia-de-xenero-2021-25n\/#breadcrumb","itemListElement":[{"@type":"ListItem","position":1,"name":"Portada","item":"https:\/\/www.aguarda.es\/en\/"},{"@type":"ListItem","position":2,"name":"Programaci\u00f3n de actividades do concello da Guarda con motivo do D\u00eda Internacional contra a violencia de x\u00e9nero 2021 (25N)"}]},{"@type":"WebSite","@id":"https:\/\/www.aguarda.es\/en\/#website","url":"https:\/\/www.aguarda.es\/en\/","name":"Concello da Guarda","description":"P\u00e1xina web do concello da Guarda","potentialAction":[{"@type":"SearchAction","target":{"@type":"EntryPoint","urlTemplate":"https:\/\/www.aguarda.es\/en\/?s={search_term_string}"},"query-input":"required name=search_term_string"}],"inLanguage":"en-US"},{"@type":"Person","@id":"https:\/\/www.aguarda.es\/en\/#\/schema\/person\/c463ca3006858ffb349d11179d044f21","name":"prensa","image":{"@type":"ImageObject","inLanguage":"en-US","@id":"https:\/\/www.aguarda.es\/en\/#\/schema\/person\/image\/","url":"https:\/\/secure.gravatar.com\/avatar\/5f90ef536b0f98306edf5c7a1135ffa1?s=96&d=mm&r=g","contentUrl":"https:\/\/secure.gravatar.com\/avatar\/5f90ef536b0f98306edf5c7a1135ffa1?s=96&d=mm&r=g","caption":"prensa"},"url":"https:\/\/www.aguarda.es\/en\/author\/prensa\/"}]}},"_links":{"self":[{"href":"https:\/\/www.aguarda.es\/en\/wp-json\/wp\/v2\/posts\/24885"}],"collection":[{"href":"https:\/\/www.aguarda.es\/en\/wp-json\/wp\/v2\/posts"}],"about":[{"href":"https:\/\/www.aguarda.es\/en\/wp-json\/wp\/v2\/types\/post"}],"author":[{"embeddable":true,"href":"https:\/\/www.aguarda.es\/en\/wp-json\/wp\/v2\/users\/2"}],"replies":[{"embeddable":true,"href":"https:\/\/www.aguarda.es\/en\/wp-json\/wp\/v2\/comments?post=24885"}],"version-history":[{"count":1,"href":"https:\/\/www.aguarda.es\/en\/wp-json\/wp\/v2\/posts\/24885\/revisions"}],"predecessor-version":[{"id":24888,"href":"https:\/\/www.aguarda.es\/en\/wp-json\/wp\/v2\/posts\/24885\/revisions\/24888"}],"wp:featuredmedia":[{"embeddable":true,"href":"https:\/\/www.aguarda.es\/en\/wp-json\/wp\/v2\/media\/24886"}],"wp:attachment":[{"href":"https:\/\/www.aguarda.es\/en\/wp-json\/wp\/v2\/media?parent=24885"}],"wp:term":[{"taxonomy":"category","embeddable":true,"href":"https:\/\/www.aguarda.es\/en\/wp-json\/wp\/v2\/categories?post=24885"},{"taxonomy":"post_tag","embeddable":true,"href":"https:\/\/www.aguarda.es\/en\/wp-json\/wp\/v2\/tags?post=24885"}],"curies":[{"name":"wp","href":"https:\/\/api.w.org\/{rel}","templated":true}]}}