{"id":24970,"date":"2021-11-25T14:49:12","date_gmt":"2021-11-25T14:49:12","guid":{"rendered":"https:\/\/www.aguarda.es\/?p=24970"},"modified":"2021-11-25T14:49:12","modified_gmt":"2021-11-25T14:49:12","slug":"o-concello-da-guarda-organiza-unha-mostra-creativa-de-nadal","status":"publish","type":"post","link":"https:\/\/www.aguarda.es\/en\/o-concello-da-guarda-organiza-unha-mostra-creativa-de-nadal\/","title":{"rendered":"O concello da Guarda organiza unha Mostra Creativa de Nadal"},"content":{"rendered":"<p>[vc_row][vc_column][vc_column_text]<em><strong>\u2022 A data l\u00edmite para a recepci\u00f3n de solicitudes de participaci\u00f3n \u00e9 o 3 de decembro.<\/strong><\/em><\/p>\n<p>O Concello da Guarda est\u00e1 a dese\u00f1ar a campa\u00f1a de Nadal e, dentro das acci\u00f3ns comerciais, este ano se vai a inclu\u00edr unha Mostra Creativa de Nadal no Mercado de Abastos.<\/p>\n<p>A finalidade \u00e9 incentivar o comercio local e crear sinerxias instalando os postos os d\u00edas 10, 11, 17, 18 e 24 en horario de ma\u00f1\u00e1, nunha Mostra Creativa de Nadal na que poden participar os creadores, artes\u00e1s, dese\u00f1adores do Baixo Mi\u00f1o, sendo obrigatorio ser residentes ou ter a sede social da empresa na comarca do Baixo Mi\u00f1o. A montaxe dos stands correr\u00e1 a cargo dos participantes.<\/p>\n<p>Para participar os interesados\/as deben presentar mediante rexistro de entrada, de forma presencial ou a trav\u00e9s da sede electr\u00f3nica, unha instancia xeral dirixida \u00e1 Conceller\u00eda de Desenvolvemento Local, amosando o seu interese en participar e na que aparezan o nome e apelidos do titular do posto, tel\u00e9fono de contacto, correo electr\u00f3nico e os produtos e servizos que van a ofertar na Mostra, de acordo \u00e1s <a href=\"https:\/\/www.aguarda.es\/wp-content\/uploads\/2021\/11\/BASES-I-MOSTRA-DE-NADAL-2021.pdf\">BASES<\/a><br \/>\npublicadas na web. Non se permitir\u00e1n aqueles postos que, pola s\u00faa natureza, interfiran coa actividade alimentaria da propia Praza de Abastos.<\/p>\n<p>A data l\u00edmite para a recepci\u00f3n de solicitudes de participaci\u00f3n \u00e9 o 3 de decembro.<br \/>\nCon este evento se quere seguir pondo en valor o talento creativo da nosa comarca, dinamizar o mercado municipal nun Nadal no que a creatividade ser\u00e1 a protagonista.[\/vc_column_text][\/vc_column][\/vc_row][vc_row][vc_column][vc_message]<\/p>\n<h2 style=\"text-align: center\"><a href=\"https:\/\/www.aguarda.es\/wp-content\/uploads\/2021\/11\/BASES-I-MOSTRA-DE-NADAL-2021.pdf\">Descarga as BASES<\/a><\/h2>\n<p>[\/vc_message][\/vc_column][\/vc_row]<\/p>\n","protected":false},"excerpt":{"rendered":"<p>[vc_row][vc_column][vc_column_text]\u2022 A data l\u00edmite para a recepci\u00f3n de solicitudes de participaci\u00f3n \u00e9 o 3 de decembro. O Concello da Guarda est\u00e1 a dese\u00f1ar a campa\u00f1a de Nadal e, dentro das acci\u00f3ns comerciais, este ano se vai a inclu\u00edr unha Mostra &hellip; <\/p>\n","protected":false},"author":2,"featured_media":24971,"comment_status":"open","ping_status":"open","sticky":false,"template":"","format":"standard","meta":[],"categories":[36],"tags":[226,757,2001,694],"yoast_head":"<!-- This site is optimized with the Yoast SEO plugin v21.1 - https:\/\/yoast.com\/wordpress\/plugins\/seo\/ -->\n<title>O concello da Guarda organiza unha Mostra Creativa de Nadal - Concello da Guarda<\/title>\n<meta name=\"robots\" content=\"index, follow, max-snippet:-1, max-image-preview:large, max-video-preview:-1\" \/>\n<link rel=\"canonical\" href=\"https:\/\/www.aguarda.es\/en\/o-concello-da-guarda-organiza-unha-mostra-creativa-de-nadal\/\" \/>\n<meta property=\"og:locale\" content=\"en_US\" \/>\n<meta property=\"og:type\" content=\"article\" \/>\n<meta property=\"og:title\" content=\"O concello da Guarda organiza unha Mostra Creativa de Nadal - Concello da Guarda\" \/>\n<meta property=\"og:description\" content=\"[vc_row][vc_column][vc_column_text]\u2022 A data l\u00edmite para a recepci\u00f3n de solicitudes de participaci\u00f3n \u00e9 o 3 de decembro. O Concello da Guarda est\u00e1 a dese\u00f1ar a campa\u00f1a de Nadal e, dentro das acci\u00f3ns comerciais, este ano se vai a inclu\u00edr unha Mostra &hellip;\" \/>\n<meta property=\"og:url\" content=\"https:\/\/www.aguarda.es\/en\/o-concello-da-guarda-organiza-unha-mostra-creativa-de-nadal\/\" \/>\n<meta property=\"og:site_name\" content=\"Concello da Guarda\" \/>\n<meta property=\"article:publisher\" content=\"https:\/\/www.facebook.com\/ConcellodaGuarda\" \/>\n<meta property=\"article:published_time\" content=\"2021-11-25T14:49:12+00:00\" \/>\n<meta property=\"og:image\" content=\"https:\/\/www.aguarda.es\/wp-content\/uploads\/2021\/11\/NP-25112021-O-concello-da-Guarda-organiza-unha-Mostra-Creativa-de-Nadal.jpg\" \/>\n\t<meta property=\"og:image:width\" content=\"800\" \/>\n\t<meta property=\"og:image:height\" content=\"800\" \/>\n\t<meta property=\"og:image:type\" content=\"image\/jpeg\" \/>\n<meta name=\"author\" content=\"prensa\" \/>\n<meta name=\"twitter:card\" content=\"summary_large_image\" \/>\n<meta name=\"twitter:creator\" content=\"@AGuarda_es\" \/>\n<meta name=\"twitter:site\" content=\"@AGuarda_es\" \/>\n<meta name=\"twitter:label1\" content=\"Written by\" \/>\n\t<meta name=\"twitter:data1\" content=\"prensa\" \/>\n\t<meta name=\"twitter:label2\" content=\"Est. reading time\" \/>\n\t<meta name=\"twitter:data2\" content=\"1 minute\" \/>\n<script type=\"application\/ld+json\" class=\"yoast-schema-graph\">{\"@context\":\"https:\/\/schema.org\",\"@graph\":[{\"@type\":\"WebPage\",\"@id\":\"https:\/\/www.aguarda.es\/en\/o-concello-da-guarda-organiza-unha-mostra-creativa-de-nadal\/\",\"url\":\"https:\/\/www.aguarda.es\/en\/o-concello-da-guarda-organiza-unha-mostra-creativa-de-nadal\/\",\"name\":\"O concello da Guarda organiza unha Mostra Creativa de Nadal - Concello da Guarda\",\"isPartOf\":{\"@id\":\"https:\/\/www.aguarda.es\/en\/#website\"},\"datePublished\":\"2021-11-25T14:49:12+00:00\",\"dateModified\":\"2021-11-25T14:49:12+00:00\",\"author\":{\"@id\":\"https:\/\/www.aguarda.es\/en\/#\/schema\/person\/c463ca3006858ffb349d11179d044f21\"},\"breadcrumb\":{\"@id\":\"https:\/\/www.aguarda.es\/en\/o-concello-da-guarda-organiza-unha-mostra-creativa-de-nadal\/#breadcrumb\"},\"inLanguage\":\"en-US\",\"potentialAction\":[{\"@type\":\"ReadAction\",\"target\":[\"https:\/\/www.aguarda.es\/en\/o-concello-da-guarda-organiza-unha-mostra-creativa-de-nadal\/\"]}]},{\"@type\":\"BreadcrumbList\",\"@id\":\"https:\/\/www.aguarda.es\/en\/o-concello-da-guarda-organiza-unha-mostra-creativa-de-nadal\/#breadcrumb\",\"itemListElement\":[{\"@type\":\"ListItem\",\"position\":1,\"name\":\"Portada\",\"item\":\"https:\/\/www.aguarda.es\/en\/\"},{\"@type\":\"ListItem\",\"position\":2,\"name\":\"O concello da Guarda organiza unha Mostra Creativa de Nadal\"}]},{\"@type\":\"WebSite\",\"@id\":\"https:\/\/www.aguarda.es\/en\/#website\",\"url\":\"https:\/\/www.aguarda.es\/en\/\",\"name\":\"Concello da Guarda\",\"description\":\"P\u00e1xina web do concello da Guarda\",\"potentialAction\":[{\"@type\":\"SearchAction\",\"target\":{\"@type\":\"EntryPoint\",\"urlTemplate\":\"https:\/\/www.aguarda.es\/en\/?s={search_term_string}\"},\"query-input\":\"required name=search_term_string\"}],\"inLanguage\":\"en-US\"},{\"@type\":\"Person\",\"@id\":\"https:\/\/www.aguarda.es\/en\/#\/schema\/person\/c463ca3006858ffb349d11179d044f21\",\"name\":\"prensa\",\"image\":{\"@type\":\"ImageObject\",\"inLanguage\":\"en-US\",\"@id\":\"https:\/\/www.aguarda.es\/en\/#\/schema\/person\/image\/\",\"url\":\"https:\/\/secure.gravatar.com\/avatar\/5f90ef536b0f98306edf5c7a1135ffa1?s=96&d=mm&r=g\",\"contentUrl\":\"https:\/\/secure.gravatar.com\/avatar\/5f90ef536b0f98306edf5c7a1135ffa1?s=96&d=mm&r=g\",\"caption\":\"prensa\"},\"url\":\"https:\/\/www.aguarda.es\/en\/author\/prensa\/\"}]}<\/script>\n<!-- \/ Yoast SEO plugin. -->","yoast_head_json":{"title":"O concello da Guarda organiza unha Mostra Creativa de Nadal - Concello da Guarda","robots":{"index":"index","follow":"follow","max-snippet":"max-snippet:-1","max-image-preview":"max-image-preview:large","max-video-preview":"max-video-preview:-1"},"canonical":"https:\/\/www.aguarda.es\/en\/o-concello-da-guarda-organiza-unha-mostra-creativa-de-nadal\/","og_locale":"en_US","og_type":"article","og_title":"O concello da Guarda organiza unha Mostra Creativa de Nadal - Concello da Guarda","og_description":"[vc_row][vc_column][vc_column_text]\u2022 A data l\u00edmite para a recepci\u00f3n de solicitudes de participaci\u00f3n \u00e9 o 3 de decembro. O Concello da Guarda est\u00e1 a dese\u00f1ar a campa\u00f1a de Nadal e, dentro das acci\u00f3ns comerciais, este ano se vai a inclu\u00edr unha Mostra &hellip;","og_url":"https:\/\/www.aguarda.es\/en\/o-concello-da-guarda-organiza-unha-mostra-creativa-de-nadal\/","og_site_name":"Concello da Guarda","article_publisher":"https:\/\/www.facebook.com\/ConcellodaGuarda","article_published_time":"2021-11-25T14:49:12+00:00","og_image":[{"width":800,"height":800,"url":"https:\/\/www.aguarda.es\/wp-content\/uploads\/2021\/11\/NP-25112021-O-concello-da-Guarda-organiza-unha-Mostra-Creativa-de-Nadal.jpg","type":"image\/jpeg"}],"author":"prensa","twitter_card":"summary_large_image","twitter_creator":"@AGuarda_es","twitter_site":"@AGuarda_es","twitter_misc":{"Written by":"prensa","Est. reading time":"1 minute"},"schema":{"@context":"https:\/\/schema.org","@graph":[{"@type":"WebPage","@id":"https:\/\/www.aguarda.es\/en\/o-concello-da-guarda-organiza-unha-mostra-creativa-de-nadal\/","url":"https:\/\/www.aguarda.es\/en\/o-concello-da-guarda-organiza-unha-mostra-creativa-de-nadal\/","name":"O concello da Guarda organiza unha Mostra Creativa de Nadal - Concello da Guarda","isPartOf":{"@id":"https:\/\/www.aguarda.es\/en\/#website"},"datePublished":"2021-11-25T14:49:12+00:00","dateModified":"2021-11-25T14:49:12+00:00","author":{"@id":"https:\/\/www.aguarda.es\/en\/#\/schema\/person\/c463ca3006858ffb349d11179d044f21"},"breadcrumb":{"@id":"https:\/\/www.aguarda.es\/en\/o-concello-da-guarda-organiza-unha-mostra-creativa-de-nadal\/#breadcrumb"},"inLanguage":"en-US","potentialAction":[{"@type":"ReadAction","target":["https:\/\/www.aguarda.es\/en\/o-concello-da-guarda-organiza-unha-mostra-creativa-de-nadal\/"]}]},{"@type":"BreadcrumbList","@id":"https:\/\/www.aguarda.es\/en\/o-concello-da-guarda-organiza-unha-mostra-creativa-de-nadal\/#breadcrumb","itemListElement":[{"@type":"ListItem","position":1,"name":"Portada","item":"https:\/\/www.aguarda.es\/en\/"},{"@type":"ListItem","position":2,"name":"O concello da Guarda organiza unha Mostra Creativa de Nadal"}]},{"@type":"WebSite","@id":"https:\/\/www.aguarda.es\/en\/#website","url":"https:\/\/www.aguarda.es\/en\/","name":"Concello da Guarda","description":"P\u00e1xina web do concello da Guarda","potentialAction":[{"@type":"SearchAction","target":{"@type":"EntryPoint","urlTemplate":"https:\/\/www.aguarda.es\/en\/?s={search_term_string}"},"query-input":"required name=search_term_string"}],"inLanguage":"en-US"},{"@type":"Person","@id":"https:\/\/www.aguarda.es\/en\/#\/schema\/person\/c463ca3006858ffb349d11179d044f21","name":"prensa","image":{"@type":"ImageObject","inLanguage":"en-US","@id":"https:\/\/www.aguarda.es\/en\/#\/schema\/person\/image\/","url":"https:\/\/secure.gravatar.com\/avatar\/5f90ef536b0f98306edf5c7a1135ffa1?s=96&d=mm&r=g","contentUrl":"https:\/\/secure.gravatar.com\/avatar\/5f90ef536b0f98306edf5c7a1135ffa1?s=96&d=mm&r=g","caption":"prensa"},"url":"https:\/\/www.aguarda.es\/en\/author\/prensa\/"}]}},"_links":{"self":[{"href":"https:\/\/www.aguarda.es\/en\/wp-json\/wp\/v2\/posts\/24970"}],"collection":[{"href":"https:\/\/www.aguarda.es\/en\/wp-json\/wp\/v2\/posts"}],"about":[{"href":"https:\/\/www.aguarda.es\/en\/wp-json\/wp\/v2\/types\/post"}],"author":[{"embeddable":true,"href":"https:\/\/www.aguarda.es\/en\/wp-json\/wp\/v2\/users\/2"}],"replies":[{"embeddable":true,"href":"https:\/\/www.aguarda.es\/en\/wp-json\/wp\/v2\/comments?post=24970"}],"version-history":[{"count":1,"href":"https:\/\/www.aguarda.es\/en\/wp-json\/wp\/v2\/posts\/24970\/revisions"}],"predecessor-version":[{"id":24973,"href":"https:\/\/www.aguarda.es\/en\/wp-json\/wp\/v2\/posts\/24970\/revisions\/24973"}],"wp:featuredmedia":[{"embeddable":true,"href":"https:\/\/www.aguarda.es\/en\/wp-json\/wp\/v2\/media\/24971"}],"wp:attachment":[{"href":"https:\/\/www.aguarda.es\/en\/wp-json\/wp\/v2\/media?parent=24970"}],"wp:term":[{"taxonomy":"category","embeddable":true,"href":"https:\/\/www.aguarda.es\/en\/wp-json\/wp\/v2\/categories?post=24970"},{"taxonomy":"post_tag","embeddable":true,"href":"https:\/\/www.aguarda.es\/en\/wp-json\/wp\/v2\/tags?post=24970"}],"curies":[{"name":"wp","href":"https:\/\/api.w.org\/{rel}","templated":true}]}}