{"id":25025,"date":"2021-12-11T10:16:59","date_gmt":"2021-12-11T10:16:59","guid":{"rendered":"https:\/\/www.aguarda.es\/?p=25025"},"modified":"2021-12-11T10:16:59","modified_gmt":"2021-12-11T10:16:59","slug":"comunicado-do-equipo-de-goberno-do-concello-da-guarda-en-relacion-as-declaracions-da-directiva-do-atl-guardes-de-balonman","status":"publish","type":"post","link":"https:\/\/www.aguarda.es\/en\/comunicado-do-equipo-de-goberno-do-concello-da-guarda-en-relacion-as-declaracions-da-directiva-do-atl-guardes-de-balonman\/","title":{"rendered":"Comunicado do Equipo de Goberno do concello da Guarda en relaci\u00f3n as declaraci\u00f3ns da directiva do Atl. Guard\u00e9s de balonm\u00e1n"},"content":{"rendered":"<p>Tendo en conta a relaci\u00f3n cordial que ven mantendo o concello coa directiva do club resulta unha sorpresa este comunicado cheo de descualificaci\u00f3ns e xu\u00edzos de valor que non expresan en absoluto nin a realidade do proxecto, nin o ton dos contactos e reuni\u00f3ns que se ve\u00f1en mantendo entre club e concello.<br \/>\nA ra\u00edz da publicaci\u00f3n o alcalde da Guarda, Antonio Lomba, p\u00faxose en contacto co presidente do club, Jes\u00fas L\u00f3pez, para expresarlle a s\u00faa sorpresa polo comunicado e mostrarlle o seu total desacordo co contido do mesmo. Co \u00e1nimo de reconducir a situaci\u00f3n mostrouse aberto a co\u00f1ecer aquelas cuesti\u00f3ns t\u00e9cnicas e deportivas importantes para o club e ofreceu a s\u00faa colaboraci\u00f3n para resolvelas na medida do posible.<br \/>\nO alcalde emprazou ao presidente do club a manter unha xuntanza a semana vindeira na que se poidan buscar soluci\u00f3ns a problemas reais que presenten dende a directiva. O club comprometeuse a achegar as necesidades de espazos deportivos para a vindeira tempada, para empezar a buscar, entre o concello e o Atl. Guard\u00e9s, soluci\u00f3ns viables.<br \/>\nAntonio Lomba tam\u00e9n trasladou a Jes\u00fas L\u00f3pez a s\u00faa disposici\u00f3n a seguir escoitando as suxesti\u00f3ns do club sobre cuesti\u00f3ns t\u00e9cnicas relacionadas co proxecto para intentar mellorar, na medida do posible, o resultado final da obra.<br \/>\nHoxe mesmo, 10 de decembro, houbo unha xuntanza entre o Secretario Xeral para o Deporte, Jos\u00e9 Ram\u00f3n Lete, o alcalde, Antonio Lomba e a concelleira de deportes, Monserrat Magallanes. Os responsables municipais trasladaron ao Secretario Xeral o proxecto do pavill\u00f3n da Sangri\u00f1a e falaron sobre os prazos e o financiamento.<br \/>\nNa reuni\u00f3n concordaron sobre a necesidade de reforma do pavill\u00f3n dado o seu actual estado. Jos\u00e9 Ram\u00f3n Lete trasladou a disposici\u00f3n da Xunta para facer unha achega de 600.000 \u20ac e a necesidade de que o club estivese de acordo coa mellora do pavill\u00f3n. O alcalde agradeceu a disposici\u00f3n da Xunta e comentoulle que xa tiveran unha reuni\u00f3n coa directiva na que comprometeran a s\u00faa colaboraci\u00f3n, polo que estaban a espera de que o club lles trasladara as necesidades.<br \/>\nVisto como se ve\u00f1en producindo as cousas o alcalde declaraba: \u201cnon se pode entender o comunicado emitido polo club tendo en conta as relaci\u00f3ns de colaboraci\u00f3n e entendemento entre concello e Atl. Guard\u00e9s. Non creo que o publicado no comunicado sobre a reforma do pavill\u00f3n sexa o sentir de toda a Xunta Directiva e moito menos da afecci\u00f3n\u201d. E engad\u00eda: \u201cUn concello serio non pode permitirse o luxo de desprezar un financiamento de m\u00e1is de 1.200.000 \u20ac que aportar\u00edan entre Xunta e Deputaci\u00f3n para unha reforma necesaria do Pavill\u00f3n Municipal, temos que deixar de lado aos que queren facer pol\u00edtica co deporte e buscar o m\u00e1is conveniente para a veci\u00f1anza da Guarda e para o Atl. Guard\u00e9s, xogadoras, familias e afecci\u00f3n\u201d.<br \/>\nO Equipo de Goberno do concello da Guarda entende que hai que aproveitar esta oportunidade de mellorar as instalaci\u00f3ns e seguir traballando para conseguir un novo pavill\u00f3n a medio prazo. Para isto \u00e9 necesario empezar por ter os terreos, para o que se necesita unha modificaci\u00f3n do Plan Xeral de Ordenaci\u00f3n Municipal. Modificaci\u00f3n que xa est\u00e1 en marcha.<\/p>\n","protected":false},"excerpt":{"rendered":"<p>Tendo en conta a relaci\u00f3n cordial que ven mantendo o concello coa directiva do club resulta unha sorpresa este comunicado cheo de descualificaci\u00f3ns e xu\u00edzos de valor que non expresan en absoluto nin a realidade do proxecto, nin o ton &hellip; <\/p>\n","protected":false},"author":2,"featured_media":25026,"comment_status":"open","ping_status":"open","sticky":false,"template":"","format":"standard","meta":[],"categories":[35],"tags":[226,1987,436,1070],"yoast_head":"<!-- This site is optimized with the Yoast SEO plugin v21.1 - https:\/\/yoast.com\/wordpress\/plugins\/seo\/ -->\n<title>Comunicado do Equipo de Goberno do concello da Guarda en relaci\u00f3n as declaraci\u00f3ns da directiva do Atl. Guard\u00e9s de balonm\u00e1n - Concello da Guarda<\/title>\n<meta name=\"robots\" content=\"index, follow, max-snippet:-1, max-image-preview:large, max-video-preview:-1\" \/>\n<link rel=\"canonical\" href=\"https:\/\/www.aguarda.es\/en\/comunicado-do-equipo-de-goberno-do-concello-da-guarda-en-relacion-as-declaracions-da-directiva-do-atl-guardes-de-balonman\/\" \/>\n<meta property=\"og:locale\" content=\"en_US\" \/>\n<meta property=\"og:type\" content=\"article\" \/>\n<meta property=\"og:title\" content=\"Comunicado do Equipo de Goberno do concello da Guarda en relaci\u00f3n as declaraci\u00f3ns da directiva do Atl. Guard\u00e9s de balonm\u00e1n - Concello da Guarda\" \/>\n<meta property=\"og:description\" content=\"Tendo en conta a relaci\u00f3n cordial que ven mantendo o concello coa directiva do club resulta unha sorpresa este comunicado cheo de descualificaci\u00f3ns e xu\u00edzos de valor que non expresan en absoluto nin a realidade do proxecto, nin o ton &hellip;\" \/>\n<meta property=\"og:url\" content=\"https:\/\/www.aguarda.es\/en\/comunicado-do-equipo-de-goberno-do-concello-da-guarda-en-relacion-as-declaracions-da-directiva-do-atl-guardes-de-balonman\/\" \/>\n<meta property=\"og:site_name\" content=\"Concello da Guarda\" \/>\n<meta property=\"article:publisher\" content=\"https:\/\/www.facebook.com\/ConcellodaGuarda\" \/>\n<meta property=\"article:published_time\" content=\"2021-12-11T10:16:59+00:00\" \/>\n<meta property=\"og:image\" content=\"https:\/\/www.aguarda.es\/wp-content\/uploads\/2021\/12\/Sin-t\u00edtulo-1-1.jpg\" \/>\n\t<meta property=\"og:image:width\" content=\"800\" \/>\n\t<meta property=\"og:image:height\" content=\"800\" \/>\n\t<meta property=\"og:image:type\" content=\"image\/jpeg\" \/>\n<meta name=\"author\" content=\"prensa\" \/>\n<meta name=\"twitter:card\" content=\"summary_large_image\" \/>\n<meta name=\"twitter:creator\" content=\"@AGuarda_es\" \/>\n<meta name=\"twitter:site\" content=\"@AGuarda_es\" \/>\n<meta name=\"twitter:label1\" content=\"Written by\" \/>\n\t<meta name=\"twitter:data1\" content=\"prensa\" \/>\n\t<meta name=\"twitter:label2\" content=\"Est. reading time\" \/>\n\t<meta name=\"twitter:data2\" content=\"3 minutes\" \/>\n<script type=\"application\/ld+json\" class=\"yoast-schema-graph\">{\"@context\":\"https:\/\/schema.org\",\"@graph\":[{\"@type\":\"WebPage\",\"@id\":\"https:\/\/www.aguarda.es\/en\/comunicado-do-equipo-de-goberno-do-concello-da-guarda-en-relacion-as-declaracions-da-directiva-do-atl-guardes-de-balonman\/\",\"url\":\"https:\/\/www.aguarda.es\/en\/comunicado-do-equipo-de-goberno-do-concello-da-guarda-en-relacion-as-declaracions-da-directiva-do-atl-guardes-de-balonman\/\",\"name\":\"Comunicado do Equipo de Goberno do concello da Guarda en relaci\u00f3n as declaraci\u00f3ns da directiva do Atl. Guard\u00e9s de balonm\u00e1n - Concello da Guarda\",\"isPartOf\":{\"@id\":\"https:\/\/www.aguarda.es\/en\/#website\"},\"datePublished\":\"2021-12-11T10:16:59+00:00\",\"dateModified\":\"2021-12-11T10:16:59+00:00\",\"author\":{\"@id\":\"https:\/\/www.aguarda.es\/en\/#\/schema\/person\/c463ca3006858ffb349d11179d044f21\"},\"breadcrumb\":{\"@id\":\"https:\/\/www.aguarda.es\/en\/comunicado-do-equipo-de-goberno-do-concello-da-guarda-en-relacion-as-declaracions-da-directiva-do-atl-guardes-de-balonman\/#breadcrumb\"},\"inLanguage\":\"en-US\",\"potentialAction\":[{\"@type\":\"ReadAction\",\"target\":[\"https:\/\/www.aguarda.es\/en\/comunicado-do-equipo-de-goberno-do-concello-da-guarda-en-relacion-as-declaracions-da-directiva-do-atl-guardes-de-balonman\/\"]}]},{\"@type\":\"BreadcrumbList\",\"@id\":\"https:\/\/www.aguarda.es\/en\/comunicado-do-equipo-de-goberno-do-concello-da-guarda-en-relacion-as-declaracions-da-directiva-do-atl-guardes-de-balonman\/#breadcrumb\",\"itemListElement\":[{\"@type\":\"ListItem\",\"position\":1,\"name\":\"Portada\",\"item\":\"https:\/\/www.aguarda.es\/en\/\"},{\"@type\":\"ListItem\",\"position\":2,\"name\":\"Comunicado do Equipo de Goberno do concello da Guarda en relaci\u00f3n as declaraci\u00f3ns da directiva do Atl. Guard\u00e9s de balonm\u00e1n\"}]},{\"@type\":\"WebSite\",\"@id\":\"https:\/\/www.aguarda.es\/en\/#website\",\"url\":\"https:\/\/www.aguarda.es\/en\/\",\"name\":\"Concello da Guarda\",\"description\":\"P\u00e1xina web do concello da Guarda\",\"potentialAction\":[{\"@type\":\"SearchAction\",\"target\":{\"@type\":\"EntryPoint\",\"urlTemplate\":\"https:\/\/www.aguarda.es\/en\/?s={search_term_string}\"},\"query-input\":\"required name=search_term_string\"}],\"inLanguage\":\"en-US\"},{\"@type\":\"Person\",\"@id\":\"https:\/\/www.aguarda.es\/en\/#\/schema\/person\/c463ca3006858ffb349d11179d044f21\",\"name\":\"prensa\",\"image\":{\"@type\":\"ImageObject\",\"inLanguage\":\"en-US\",\"@id\":\"https:\/\/www.aguarda.es\/en\/#\/schema\/person\/image\/\",\"url\":\"https:\/\/secure.gravatar.com\/avatar\/5f90ef536b0f98306edf5c7a1135ffa1?s=96&d=mm&r=g\",\"contentUrl\":\"https:\/\/secure.gravatar.com\/avatar\/5f90ef536b0f98306edf5c7a1135ffa1?s=96&d=mm&r=g\",\"caption\":\"prensa\"},\"url\":\"https:\/\/www.aguarda.es\/en\/author\/prensa\/\"}]}<\/script>\n<!-- \/ Yoast SEO plugin. -->","yoast_head_json":{"title":"Comunicado do Equipo de Goberno do concello da Guarda en relaci\u00f3n as declaraci\u00f3ns da directiva do Atl. Guard\u00e9s de balonm\u00e1n - Concello da Guarda","robots":{"index":"index","follow":"follow","max-snippet":"max-snippet:-1","max-image-preview":"max-image-preview:large","max-video-preview":"max-video-preview:-1"},"canonical":"https:\/\/www.aguarda.es\/en\/comunicado-do-equipo-de-goberno-do-concello-da-guarda-en-relacion-as-declaracions-da-directiva-do-atl-guardes-de-balonman\/","og_locale":"en_US","og_type":"article","og_title":"Comunicado do Equipo de Goberno do concello da Guarda en relaci\u00f3n as declaraci\u00f3ns da directiva do Atl. Guard\u00e9s de balonm\u00e1n - Concello da Guarda","og_description":"Tendo en conta a relaci\u00f3n cordial que ven mantendo o concello coa directiva do club resulta unha sorpresa este comunicado cheo de descualificaci\u00f3ns e xu\u00edzos de valor que non expresan en absoluto nin a realidade do proxecto, nin o ton &hellip;","og_url":"https:\/\/www.aguarda.es\/en\/comunicado-do-equipo-de-goberno-do-concello-da-guarda-en-relacion-as-declaracions-da-directiva-do-atl-guardes-de-balonman\/","og_site_name":"Concello da Guarda","article_publisher":"https:\/\/www.facebook.com\/ConcellodaGuarda","article_published_time":"2021-12-11T10:16:59+00:00","og_image":[{"width":800,"height":800,"url":"https:\/\/www.aguarda.es\/wp-content\/uploads\/2021\/12\/Sin-t\u00edtulo-1-1.jpg","type":"image\/jpeg"}],"author":"prensa","twitter_card":"summary_large_image","twitter_creator":"@AGuarda_es","twitter_site":"@AGuarda_es","twitter_misc":{"Written by":"prensa","Est. reading time":"3 minutes"},"schema":{"@context":"https:\/\/schema.org","@graph":[{"@type":"WebPage","@id":"https:\/\/www.aguarda.es\/en\/comunicado-do-equipo-de-goberno-do-concello-da-guarda-en-relacion-as-declaracions-da-directiva-do-atl-guardes-de-balonman\/","url":"https:\/\/www.aguarda.es\/en\/comunicado-do-equipo-de-goberno-do-concello-da-guarda-en-relacion-as-declaracions-da-directiva-do-atl-guardes-de-balonman\/","name":"Comunicado do Equipo de Goberno do concello da Guarda en relaci\u00f3n as declaraci\u00f3ns da directiva do Atl. Guard\u00e9s de balonm\u00e1n - Concello da Guarda","isPartOf":{"@id":"https:\/\/www.aguarda.es\/en\/#website"},"datePublished":"2021-12-11T10:16:59+00:00","dateModified":"2021-12-11T10:16:59+00:00","author":{"@id":"https:\/\/www.aguarda.es\/en\/#\/schema\/person\/c463ca3006858ffb349d11179d044f21"},"breadcrumb":{"@id":"https:\/\/www.aguarda.es\/en\/comunicado-do-equipo-de-goberno-do-concello-da-guarda-en-relacion-as-declaracions-da-directiva-do-atl-guardes-de-balonman\/#breadcrumb"},"inLanguage":"en-US","potentialAction":[{"@type":"ReadAction","target":["https:\/\/www.aguarda.es\/en\/comunicado-do-equipo-de-goberno-do-concello-da-guarda-en-relacion-as-declaracions-da-directiva-do-atl-guardes-de-balonman\/"]}]},{"@type":"BreadcrumbList","@id":"https:\/\/www.aguarda.es\/en\/comunicado-do-equipo-de-goberno-do-concello-da-guarda-en-relacion-as-declaracions-da-directiva-do-atl-guardes-de-balonman\/#breadcrumb","itemListElement":[{"@type":"ListItem","position":1,"name":"Portada","item":"https:\/\/www.aguarda.es\/en\/"},{"@type":"ListItem","position":2,"name":"Comunicado do Equipo de Goberno do concello da Guarda en relaci\u00f3n as declaraci\u00f3ns da directiva do Atl. Guard\u00e9s de balonm\u00e1n"}]},{"@type":"WebSite","@id":"https:\/\/www.aguarda.es\/en\/#website","url":"https:\/\/www.aguarda.es\/en\/","name":"Concello da Guarda","description":"P\u00e1xina web do concello da Guarda","potentialAction":[{"@type":"SearchAction","target":{"@type":"EntryPoint","urlTemplate":"https:\/\/www.aguarda.es\/en\/?s={search_term_string}"},"query-input":"required name=search_term_string"}],"inLanguage":"en-US"},{"@type":"Person","@id":"https:\/\/www.aguarda.es\/en\/#\/schema\/person\/c463ca3006858ffb349d11179d044f21","name":"prensa","image":{"@type":"ImageObject","inLanguage":"en-US","@id":"https:\/\/www.aguarda.es\/en\/#\/schema\/person\/image\/","url":"https:\/\/secure.gravatar.com\/avatar\/5f90ef536b0f98306edf5c7a1135ffa1?s=96&d=mm&r=g","contentUrl":"https:\/\/secure.gravatar.com\/avatar\/5f90ef536b0f98306edf5c7a1135ffa1?s=96&d=mm&r=g","caption":"prensa"},"url":"https:\/\/www.aguarda.es\/en\/author\/prensa\/"}]}},"_links":{"self":[{"href":"https:\/\/www.aguarda.es\/en\/wp-json\/wp\/v2\/posts\/25025"}],"collection":[{"href":"https:\/\/www.aguarda.es\/en\/wp-json\/wp\/v2\/posts"}],"about":[{"href":"https:\/\/www.aguarda.es\/en\/wp-json\/wp\/v2\/types\/post"}],"author":[{"embeddable":true,"href":"https:\/\/www.aguarda.es\/en\/wp-json\/wp\/v2\/users\/2"}],"replies":[{"embeddable":true,"href":"https:\/\/www.aguarda.es\/en\/wp-json\/wp\/v2\/comments?post=25025"}],"version-history":[{"count":1,"href":"https:\/\/www.aguarda.es\/en\/wp-json\/wp\/v2\/posts\/25025\/revisions"}],"predecessor-version":[{"id":25028,"href":"https:\/\/www.aguarda.es\/en\/wp-json\/wp\/v2\/posts\/25025\/revisions\/25028"}],"wp:featuredmedia":[{"embeddable":true,"href":"https:\/\/www.aguarda.es\/en\/wp-json\/wp\/v2\/media\/25026"}],"wp:attachment":[{"href":"https:\/\/www.aguarda.es\/en\/wp-json\/wp\/v2\/media?parent=25025"}],"wp:term":[{"taxonomy":"category","embeddable":true,"href":"https:\/\/www.aguarda.es\/en\/wp-json\/wp\/v2\/categories?post=25025"},{"taxonomy":"post_tag","embeddable":true,"href":"https:\/\/www.aguarda.es\/en\/wp-json\/wp\/v2\/tags?post=25025"}],"curies":[{"name":"wp","href":"https:\/\/api.w.org\/{rel}","templated":true}]}}