{"id":25030,"date":"2021-12-14T13:55:30","date_gmt":"2021-12-14T13:55:30","guid":{"rendered":"https:\/\/www.aguarda.es\/?p=25030"},"modified":"2021-12-15T19:39:27","modified_gmt":"2021-12-15T19:39:27","slug":"a-programacion-do-nadal-continua-esta-semana-na-guarda-con-actuacions-obradoiros-e-concertos","status":"publish","type":"post","link":"https:\/\/www.aguarda.es\/en\/a-programacion-do-nadal-continua-esta-semana-na-guarda-con-actuacions-obradoiros-e-concertos\/","title":{"rendered":"A programaci\u00f3n do Nadal contin\u00faa esta semana na Guarda con actuaci\u00f3ns, obradoiros e concertos"},"content":{"rendered":"<p><em><strong>\u2022 O xoves 16 Concerto de Nadal do Conservatorio, o venres 17 actuaci\u00f3n de \u201cLos mu\u00f1ecos de la tele\u201d e un Obradoiro de nadal, o s\u00e1bado 18 Concerto Cantos de nadal e o domingo 19 Concerto de panxoli\u00f1as<\/strong><\/em><br \/>\n<em><strong>\u2022 O domingo 19 celebrarase a conmemoraci\u00f3n do centenario do Lavadoiro da Fonte da Cal<\/strong><\/em><\/p>\n<p>A programaci\u00f3n do Nadal 2021 contin\u00faa esta semana na Guarda con diferentes propostas para todos os p\u00fablicos que conta con actuaci\u00f3ns infant\u00eds, obradoiros e concertos.<\/p>\n<p>Na xornada do xoves d\u00eda 16 de decembro o Centro Cultural da Guarda acolle a partires das 20:00h o tradicional Concerto de Nadal dos grupos de corda do Conservatorio de M\u00fasica Elemental da Guarda, un concerto que sempre enche de ilusi\u00f3n aos xoves m\u00fasicos guardeses e ao que acoden os seu familiares para presenciar os avances realizados na s\u00faa formaci\u00f3n musical. De feito, en virtude do protocolo de prevenci\u00f3n pola COVID-19 este ano o aforo est\u00e1 reservado s\u00f3 a familiares.<\/p>\n<p>O venres d\u00eda 17 de decembro \u00e1s 17:30h ter\u00e1 lugar o espect\u00e1culo infantil \u201cLos Mu\u00f1ecos de la tele\u201d, unha actividade organizada pola Asociaci\u00f3n Studio 88 en colaboraci\u00f3n co Concello da Guarda e para o que \u00e9 preciso reservar entradas previamente no tel\u00e9fono 606 54 06 73.<\/p>\n<p>Tam\u00e9n este venres \u00e1s 18:30h a OMIX da Guarda acolle o obradoiro \u201cReutilizando Abelorios\u201d, as prazas son limitadas, polo que as persoas interesadas deber\u00e1n inscribirse na OMIX a trav\u00e9s do mail informacion@aguarda.es ou no tel\u00e9fono 986610000 ext. 7.<br \/>\nXa na xornada do s\u00e1bado d\u00eda 18 de decembro, a Praza de Avelino Vicente(As de Copas) acolle \u00e1s 12:00h o evento musical Cantos de Nadal, coa participaci\u00f3n dos grupos de pandereteiras locais Coiro Vello, Carainas, Paliqueiras e Do Lusco \u00f3 Fusco.<br \/>\nPara rematar a semana, na xornada do domingo d\u00eda 19 de decembro \u00e1s 12:30h realizarase o acto de conmemoraci\u00f3n do Centenario do Lavadoiro da Fonte da Cal, un acto que contar\u00e1 con actuaci\u00f3ns musicais e que ter\u00e1 lugar fronte ao propio Lavadoiro.<\/p>\n<p>Pechando a xornada \u00e1s 17:30h a Igrexa Parroquial acolle o tradicional Concerto de Panxoli\u00f1as, un evento musical organizado pola Coral Polif\u00f3nica Guardesa en colaboraci\u00f3n co Concello da Guarda e no que actuar\u00e1n, ademais da citada coral, a Coral da Terceira Idade, o Grupo Antorcha e Coro Cant\u00e1bile da Guarda.<\/p>\n<p>Ademais o venres 17 e s\u00e1bado 18 todos os que visiten a Praza de Abastos en horario de ma\u00f1\u00e1 poder\u00e1n ver os produtos da Mostra Creativa de Nadal, tr\u00e1tase dunha das acci\u00f3ns comerciais dentro da Campa\u00f1a de Nadal 2021\/22 coa finalidade \u00e9 incentivar o comercio local e crear sinerxias nunha Mostra na que participan 8 creadores, artes\u00e1s, dese\u00f1adores do Baixo Mi\u00f1o, con stands na Praza de Abastos da Guarda .<\/p>\n<p style=\"text-align: center\"><strong>AXENDA DE NADAL<\/strong><\/p>\n<p>XOVES 16 DE DECEMBRO<br \/>\n20:00h Centro Cultural<br \/>\nCONCERTO DO CONSERVATORIO<\/p>\n<p>VENRES 17 DE DECEMBRO<br \/>\n9:00h \u2013 14:00h Praza de Abastos<br \/>\nMostra Creativa de Nadal<br \/>\n17:30h Centro Cultural<br \/>\nActuaci\u00f3n infantil \u201cLos Mu\u00f1ecos de la Tele\u201d<br \/>\nReserva de prazas no 606 540 673.<br \/>\n18:30h Casa dos Alonso<br \/>\nObradoiro \u201cReutilizando Abelorios\u201d<br \/>\nInscrici\u00f3n previa en Omix<\/p>\n<p>S\u00c1BADO 18 DE DECEMBRO<br \/>\n9:00h \u2013 14:00h Praza de Abastos<br \/>\nMostra Creativa de Nadal<br \/>\n12:00h Praza Avelino Vicente<br \/>\nCANTOS DE NADAL<br \/>\nCoas pandereteiras Coiro Vello, Carainas, Paliqueiras e do Lusco \u00f3 Fusco<\/p>\n<p>DOMINGO 19 DE DECEMBRO<br \/>\n12:30 Fonte da Cal<br \/>\nConmemoraci\u00f3n centenario Lavadoiro da Fonte da Cal<br \/>\n17:30h Igrexa Parroquial<br \/>\nCONCERTO DE PANXOLI\u00d1AS<br \/>\nCoa participaci\u00f3n de Coral Polif\u00f3nica de A Guarda, Coral da Terceira Idade, Grupo Antorcha e Coro Cantabile<br \/>\nOrganiza: Agrupaci\u00f3n Polif\u00f3nica da Guarda<\/p>\n<p>MARTES 21 DE DECEMBRO<br \/>\n18:00h Praza do Rel\u00f3<br \/>\nConcerto de nadal de vento e coro dos alumnos do conservatorio<br \/>\n*En caso de choiva se suspende<\/p>\n<p>DO 22 AO 24 DE DECEMBRO<br \/>\nELFOS DE NADAL polas r\u00faas da Guarda<br \/>\nHorario: 22 e 23 de 17:00h a 20:00h<br \/>\n24, de 11:30h A 14:30h<\/p>\n<p>M\u00c9RCORES 22 DE DECEMBRO<br \/>\n18:00h Casa dos Alonso<br \/>\nObradoiro de Canto Moderno<br \/>\nCanta con voz Propia<br \/>\nPara t\u00f3dolos p\u00fablicos(entrada libre)<\/p>\n<p>XOVES 23 DE DECEMBRO<br \/>\nDe 16:00h a 19:00h Praza de Avelino Vicente<br \/>\n\u201cGADALKA\u201d a cargo do Mago Dani<br \/>\nEspect\u00e1culo de maxia individualizada por familias<\/p>\n<p>MARTES 28 DE DECEMBRO<br \/>\n18:00h Centro Cultural<br \/>\n\u201cLittle neno descobre a\u2026 Os Beatles\u201d, de A Reixa Producci\u00f3ns<br \/>\nReserva de entradas en eventbrite.es<\/p>\n<p>M\u00c9RCORES 29 DE DECEMBRO<br \/>\n20:30h Centro Cultural<br \/>\n\u201cVentos de Nadal\u201d, grupos seccionais da Agrupaci\u00f3n Musical da Guarda<\/p>\n<p>XOVES 30 DE DECEMBRO<br \/>\n18:00h Centro Cultural<br \/>\nTITIRICIRCUS, con Tanxarina T\u00edteres<br \/>\nReserva de entradas en eventbrite.es<\/p>\n<p>VENRES 31<br \/>\n13:00h Pasarr\u00faas polo centro da vila<br \/>\nO Apalpador chega \u00e1 Guarda<br \/>\nOrganiza Deputaci\u00f3n de Pontevedra<\/p>\n<p>DO 3 AO 5 DE XANEIRO<br \/>\nCARTEIROS DO NADAL polas r\u00faas da Guarda<br \/>\nHorario: 3 e 4 de 17:00h a 20:00h.<br \/>\n5, de 11:30h. A 14:30h.<\/p>\n<p>MARTES 4 DE XANEIRO<br \/>\n17:30h Alameda<br \/>\nCIRCO RASNOVARAK, con Troula Animaci\u00f3n<br \/>\nEspect\u00e1culo de r\u00faa con animais xigantes<\/p>\n<p>M\u00c9RCORES 5 DE XANEIRO<br \/>\n12:00h Pavill\u00f3n Municipal da Sangri\u00f1a<br \/>\nPartido Ben\u00e9fico de Balonm\u00e1n entre Atl. Guard\u00e9s e BM Porri\u00f1o<br \/>\nRecollida solidaria de alimentos non perecedoiros<\/p>\n<p>Visita dos Reis Magos con paseo polas principais r\u00faas da localidade.<\/p>\n<p>Enlace para inscrici\u00f3n de eventos en eventbrite.es:<br \/>\n<a href=\"https:\/\/www.eventbrite.es\/o\/concello-da-guarda-35370803503\">https:\/\/www.eventbrite.es\/o\/concello-da-guarda-35370803503<\/a><\/p>\n","protected":false},"excerpt":{"rendered":"<p>\u2022 O xoves 16 Concerto de Nadal do Conservatorio, o venres 17 actuaci\u00f3n de \u201cLos mu\u00f1ecos de la tele\u201d e un Obradoiro de nadal, o s\u00e1bado 18 Concerto Cantos de nadal e o domingo 19 Concerto de panxoli\u00f1as \u2022 O &hellip; <\/p>\n","protected":false},"author":2,"featured_media":25031,"comment_status":"open","ping_status":"open","sticky":false,"template":"","format":"standard","meta":[],"categories":[34],"tags":[226,243,694,1273],"yoast_head":"<!-- This site is optimized with the Yoast SEO plugin v21.1 - https:\/\/yoast.com\/wordpress\/plugins\/seo\/ -->\n<title>A programaci\u00f3n do Nadal contin\u00faa esta semana na Guarda con actuaci\u00f3ns, obradoiros e concertos - Concello da Guarda<\/title>\n<meta name=\"robots\" content=\"index, follow, max-snippet:-1, max-image-preview:large, max-video-preview:-1\" \/>\n<link rel=\"canonical\" href=\"https:\/\/www.aguarda.es\/en\/a-programacion-do-nadal-continua-esta-semana-na-guarda-con-actuacions-obradoiros-e-concertos\/\" \/>\n<meta property=\"og:locale\" content=\"en_US\" \/>\n<meta property=\"og:type\" content=\"article\" \/>\n<meta property=\"og:title\" content=\"A programaci\u00f3n do Nadal contin\u00faa esta semana na Guarda con actuaci\u00f3ns, obradoiros e concertos - Concello da Guarda\" \/>\n<meta property=\"og:description\" content=\"\u2022 O xoves 16 Concerto de Nadal do Conservatorio, o venres 17 actuaci\u00f3n de \u201cLos mu\u00f1ecos de la tele\u201d e un Obradoiro de nadal, o s\u00e1bado 18 Concerto Cantos de nadal e o domingo 19 Concerto de panxoli\u00f1as \u2022 O &hellip;\" \/>\n<meta property=\"og:url\" content=\"https:\/\/www.aguarda.es\/en\/a-programacion-do-nadal-continua-esta-semana-na-guarda-con-actuacions-obradoiros-e-concertos\/\" \/>\n<meta property=\"og:site_name\" content=\"Concello da Guarda\" \/>\n<meta property=\"article:publisher\" content=\"https:\/\/www.facebook.com\/ConcellodaGuarda\" \/>\n<meta property=\"article:published_time\" content=\"2021-12-14T13:55:30+00:00\" \/>\n<meta property=\"article:modified_time\" content=\"2021-12-15T19:39:27+00:00\" \/>\n<meta property=\"og:image\" content=\"https:\/\/www.aguarda.es\/wp-content\/uploads\/2021\/12\/NP-14122021-A-programaci\u00f3n-do-Nadal-contin\u00faa-esta-semana-na-Guarda-con-actuaci\u00f3ns-obradoiros-e-concertos-6.jpg\" \/>\n\t<meta property=\"og:image:width\" content=\"800\" \/>\n\t<meta property=\"og:image:height\" content=\"1422\" \/>\n\t<meta property=\"og:image:type\" content=\"image\/jpeg\" \/>\n<meta name=\"author\" content=\"prensa\" \/>\n<meta name=\"twitter:card\" content=\"summary_large_image\" \/>\n<meta name=\"twitter:creator\" content=\"@AGuarda_es\" \/>\n<meta name=\"twitter:site\" content=\"@AGuarda_es\" \/>\n<meta name=\"twitter:label1\" content=\"Written by\" \/>\n\t<meta name=\"twitter:data1\" content=\"prensa\" \/>\n\t<meta name=\"twitter:label2\" content=\"Est. reading time\" \/>\n\t<meta name=\"twitter:data2\" content=\"4 minutes\" \/>\n<script type=\"application\/ld+json\" class=\"yoast-schema-graph\">{\"@context\":\"https:\/\/schema.org\",\"@graph\":[{\"@type\":\"WebPage\",\"@id\":\"https:\/\/www.aguarda.es\/en\/a-programacion-do-nadal-continua-esta-semana-na-guarda-con-actuacions-obradoiros-e-concertos\/\",\"url\":\"https:\/\/www.aguarda.es\/en\/a-programacion-do-nadal-continua-esta-semana-na-guarda-con-actuacions-obradoiros-e-concertos\/\",\"name\":\"A programaci\u00f3n do Nadal contin\u00faa esta semana na Guarda con actuaci\u00f3ns, obradoiros e concertos - Concello da Guarda\",\"isPartOf\":{\"@id\":\"https:\/\/www.aguarda.es\/en\/#website\"},\"datePublished\":\"2021-12-14T13:55:30+00:00\",\"dateModified\":\"2021-12-15T19:39:27+00:00\",\"author\":{\"@id\":\"https:\/\/www.aguarda.es\/en\/#\/schema\/person\/c463ca3006858ffb349d11179d044f21\"},\"breadcrumb\":{\"@id\":\"https:\/\/www.aguarda.es\/en\/a-programacion-do-nadal-continua-esta-semana-na-guarda-con-actuacions-obradoiros-e-concertos\/#breadcrumb\"},\"inLanguage\":\"en-US\",\"potentialAction\":[{\"@type\":\"ReadAction\",\"target\":[\"https:\/\/www.aguarda.es\/en\/a-programacion-do-nadal-continua-esta-semana-na-guarda-con-actuacions-obradoiros-e-concertos\/\"]}]},{\"@type\":\"BreadcrumbList\",\"@id\":\"https:\/\/www.aguarda.es\/en\/a-programacion-do-nadal-continua-esta-semana-na-guarda-con-actuacions-obradoiros-e-concertos\/#breadcrumb\",\"itemListElement\":[{\"@type\":\"ListItem\",\"position\":1,\"name\":\"Portada\",\"item\":\"https:\/\/www.aguarda.es\/en\/\"},{\"@type\":\"ListItem\",\"position\":2,\"name\":\"A programaci\u00f3n do Nadal contin\u00faa esta semana na Guarda con actuaci\u00f3ns, obradoiros e concertos\"}]},{\"@type\":\"WebSite\",\"@id\":\"https:\/\/www.aguarda.es\/en\/#website\",\"url\":\"https:\/\/www.aguarda.es\/en\/\",\"name\":\"Concello da Guarda\",\"description\":\"P\u00e1xina web do concello da Guarda\",\"potentialAction\":[{\"@type\":\"SearchAction\",\"target\":{\"@type\":\"EntryPoint\",\"urlTemplate\":\"https:\/\/www.aguarda.es\/en\/?s={search_term_string}\"},\"query-input\":\"required name=search_term_string\"}],\"inLanguage\":\"en-US\"},{\"@type\":\"Person\",\"@id\":\"https:\/\/www.aguarda.es\/en\/#\/schema\/person\/c463ca3006858ffb349d11179d044f21\",\"name\":\"prensa\",\"image\":{\"@type\":\"ImageObject\",\"inLanguage\":\"en-US\",\"@id\":\"https:\/\/www.aguarda.es\/en\/#\/schema\/person\/image\/\",\"url\":\"https:\/\/secure.gravatar.com\/avatar\/5f90ef536b0f98306edf5c7a1135ffa1?s=96&d=mm&r=g\",\"contentUrl\":\"https:\/\/secure.gravatar.com\/avatar\/5f90ef536b0f98306edf5c7a1135ffa1?s=96&d=mm&r=g\",\"caption\":\"prensa\"},\"url\":\"https:\/\/www.aguarda.es\/en\/author\/prensa\/\"}]}<\/script>\n<!-- \/ Yoast SEO plugin. -->","yoast_head_json":{"title":"A programaci\u00f3n do Nadal contin\u00faa esta semana na Guarda con actuaci\u00f3ns, obradoiros e concertos - Concello da Guarda","robots":{"index":"index","follow":"follow","max-snippet":"max-snippet:-1","max-image-preview":"max-image-preview:large","max-video-preview":"max-video-preview:-1"},"canonical":"https:\/\/www.aguarda.es\/en\/a-programacion-do-nadal-continua-esta-semana-na-guarda-con-actuacions-obradoiros-e-concertos\/","og_locale":"en_US","og_type":"article","og_title":"A programaci\u00f3n do Nadal contin\u00faa esta semana na Guarda con actuaci\u00f3ns, obradoiros e concertos - Concello da Guarda","og_description":"\u2022 O xoves 16 Concerto de Nadal do Conservatorio, o venres 17 actuaci\u00f3n de \u201cLos mu\u00f1ecos de la tele\u201d e un Obradoiro de nadal, o s\u00e1bado 18 Concerto Cantos de nadal e o domingo 19 Concerto de panxoli\u00f1as \u2022 O &hellip;","og_url":"https:\/\/www.aguarda.es\/en\/a-programacion-do-nadal-continua-esta-semana-na-guarda-con-actuacions-obradoiros-e-concertos\/","og_site_name":"Concello da Guarda","article_publisher":"https:\/\/www.facebook.com\/ConcellodaGuarda","article_published_time":"2021-12-14T13:55:30+00:00","article_modified_time":"2021-12-15T19:39:27+00:00","og_image":[{"width":800,"height":1422,"url":"https:\/\/www.aguarda.es\/wp-content\/uploads\/2021\/12\/NP-14122021-A-programaci\u00f3n-do-Nadal-contin\u00faa-esta-semana-na-Guarda-con-actuaci\u00f3ns-obradoiros-e-concertos-6.jpg","type":"image\/jpeg"}],"author":"prensa","twitter_card":"summary_large_image","twitter_creator":"@AGuarda_es","twitter_site":"@AGuarda_es","twitter_misc":{"Written by":"prensa","Est. reading time":"4 minutes"},"schema":{"@context":"https:\/\/schema.org","@graph":[{"@type":"WebPage","@id":"https:\/\/www.aguarda.es\/en\/a-programacion-do-nadal-continua-esta-semana-na-guarda-con-actuacions-obradoiros-e-concertos\/","url":"https:\/\/www.aguarda.es\/en\/a-programacion-do-nadal-continua-esta-semana-na-guarda-con-actuacions-obradoiros-e-concertos\/","name":"A programaci\u00f3n do Nadal contin\u00faa esta semana na Guarda con actuaci\u00f3ns, obradoiros e concertos - Concello da Guarda","isPartOf":{"@id":"https:\/\/www.aguarda.es\/en\/#website"},"datePublished":"2021-12-14T13:55:30+00:00","dateModified":"2021-12-15T19:39:27+00:00","author":{"@id":"https:\/\/www.aguarda.es\/en\/#\/schema\/person\/c463ca3006858ffb349d11179d044f21"},"breadcrumb":{"@id":"https:\/\/www.aguarda.es\/en\/a-programacion-do-nadal-continua-esta-semana-na-guarda-con-actuacions-obradoiros-e-concertos\/#breadcrumb"},"inLanguage":"en-US","potentialAction":[{"@type":"ReadAction","target":["https:\/\/www.aguarda.es\/en\/a-programacion-do-nadal-continua-esta-semana-na-guarda-con-actuacions-obradoiros-e-concertos\/"]}]},{"@type":"BreadcrumbList","@id":"https:\/\/www.aguarda.es\/en\/a-programacion-do-nadal-continua-esta-semana-na-guarda-con-actuacions-obradoiros-e-concertos\/#breadcrumb","itemListElement":[{"@type":"ListItem","position":1,"name":"Portada","item":"https:\/\/www.aguarda.es\/en\/"},{"@type":"ListItem","position":2,"name":"A programaci\u00f3n do Nadal contin\u00faa esta semana na Guarda con actuaci\u00f3ns, obradoiros e concertos"}]},{"@type":"WebSite","@id":"https:\/\/www.aguarda.es\/en\/#website","url":"https:\/\/www.aguarda.es\/en\/","name":"Concello da Guarda","description":"P\u00e1xina web do concello da Guarda","potentialAction":[{"@type":"SearchAction","target":{"@type":"EntryPoint","urlTemplate":"https:\/\/www.aguarda.es\/en\/?s={search_term_string}"},"query-input":"required name=search_term_string"}],"inLanguage":"en-US"},{"@type":"Person","@id":"https:\/\/www.aguarda.es\/en\/#\/schema\/person\/c463ca3006858ffb349d11179d044f21","name":"prensa","image":{"@type":"ImageObject","inLanguage":"en-US","@id":"https:\/\/www.aguarda.es\/en\/#\/schema\/person\/image\/","url":"https:\/\/secure.gravatar.com\/avatar\/5f90ef536b0f98306edf5c7a1135ffa1?s=96&d=mm&r=g","contentUrl":"https:\/\/secure.gravatar.com\/avatar\/5f90ef536b0f98306edf5c7a1135ffa1?s=96&d=mm&r=g","caption":"prensa"},"url":"https:\/\/www.aguarda.es\/en\/author\/prensa\/"}]}},"_links":{"self":[{"href":"https:\/\/www.aguarda.es\/en\/wp-json\/wp\/v2\/posts\/25030"}],"collection":[{"href":"https:\/\/www.aguarda.es\/en\/wp-json\/wp\/v2\/posts"}],"about":[{"href":"https:\/\/www.aguarda.es\/en\/wp-json\/wp\/v2\/types\/post"}],"author":[{"embeddable":true,"href":"https:\/\/www.aguarda.es\/en\/wp-json\/wp\/v2\/users\/2"}],"replies":[{"embeddable":true,"href":"https:\/\/www.aguarda.es\/en\/wp-json\/wp\/v2\/comments?post=25030"}],"version-history":[{"count":2,"href":"https:\/\/www.aguarda.es\/en\/wp-json\/wp\/v2\/posts\/25030\/revisions"}],"predecessor-version":[{"id":25053,"href":"https:\/\/www.aguarda.es\/en\/wp-json\/wp\/v2\/posts\/25030\/revisions\/25053"}],"wp:featuredmedia":[{"embeddable":true,"href":"https:\/\/www.aguarda.es\/en\/wp-json\/wp\/v2\/media\/25031"}],"wp:attachment":[{"href":"https:\/\/www.aguarda.es\/en\/wp-json\/wp\/v2\/media?parent=25030"}],"wp:term":[{"taxonomy":"category","embeddable":true,"href":"https:\/\/www.aguarda.es\/en\/wp-json\/wp\/v2\/categories?post=25030"},{"taxonomy":"post_tag","embeddable":true,"href":"https:\/\/www.aguarda.es\/en\/wp-json\/wp\/v2\/tags?post=25030"}],"curies":[{"name":"wp","href":"https:\/\/api.w.org\/{rel}","templated":true}]}}