{"id":25076,"date":"2021-12-20T09:52:45","date_gmt":"2021-12-20T09:52:45","guid":{"rendered":"https:\/\/www.aguarda.es\/?p=25076"},"modified":"2021-12-20T09:52:45","modified_gmt":"2021-12-20T09:52:45","slug":"a-guarda-rende-homenaxe-a-brasilino-alvarez-na-fonte-lavadoiro-da-cal","status":"publish","type":"post","link":"https:\/\/www.aguarda.es\/en\/a-guarda-rende-homenaxe-a-brasilino-alvarez-na-fonte-lavadoiro-da-cal\/","title":{"rendered":"A Guarda rende homenaxe a Brasilino \u00c1lvarez na Fonte-Lavadoiro da Cal"},"content":{"rendered":"<p>[vc_row][vc_column][vc_column_text]\u2022 Este evento coincidiu co centenario da reforma do Lavadoiro da Cal, acometida no ano 1921 por suscripci\u00f3n que iniciou en Puerto Rico don Brasilino \u00c1lvarez Sobrino, fillo deste barrio da vila guardesa.<\/p>\n<p>O pasado domingo d\u00eda 19 de decembro celebrouse na Fonte da Cal un acto para conmemorar o centenario do Lavadoiro da Fonte da Cal.<\/p>\n<p>Neste ano 2021 c\u00famprese o centenario da construci\u00f3n do lavadoiro da Fonte da Cal, no barrio da Cruzada, acometida no ano 1921 por suscripci\u00f3n que iniciou en Puerto Rico don Brasilino \u00c1lvarez Sobrino, fillo deste barrio da vila guardesa.<\/p>\n<p>Brasilino \u00c1lvarez Sobrino ti\u00f1a daquela 27 anos e segu\u00eda a estela doutros guardeses da emigraci\u00f3n que buscaron mellorar a calidade de vida dos seus conveci\u00f1os, actuando directamente na mellora das fontes e lavadoiros, ent\u00f3n toscalleiros e descubertos, o que obrigaba a lavar a roupa \u00e1 intemperie.<\/p>\n<p>Neste acto contouse coas intervenci\u00f3ns do Alcalde da Guarda, Antonio Lomba e do historiador local J. Miguel Villa, quen realizou unha breve contextualizaci\u00f3n hist\u00f3rica sobre A Cal, o seu Lavadoiro e sobre Brasilino \u00c1lvarez Sobrino, impulsor da s\u00faa construci\u00f3n.<\/p>\n<p>Durante o transcurso deste acto, no que participaron preto dun cento de veci\u00f1os e veci\u00f1as do barrio da Cruzada, tam\u00e9n se escoitaron as pezas musicais dun grupo de 4 clarinetes, formado por Ana Gonz\u00e1lez Lorenzo, Sara M\u00e1rquez Rodr\u00edguez, Nerea Fern\u00e1ndez L\u00f3pez e Luc\u00eda Lomba Alonso, da Banda de M\u00fasica da Guarda, que interpretaron \u201cDanza H\u00fangara n\u00ba5\u201d de J. Brahms, \u201cHallelujah\u201d de L. Cohen e \u201cThe enterneiner\u201d de Scott Joplin.<\/p>\n<p>Neste acto tam\u00e9n se fixo a descuberta dunha praca conmemorativa, que tal e como indicou o Alcalde da Guarda, Antonio Lomba, \u201cservir\u00e1 para lembrar \u00e1 figura de Brasilino \u00c1lvarez, impulsor desta reforma do Lavadoiro da Cal, de xeito que todo aquel que se achegue ata a fonte co\u00f1eza a s\u00faa historia.\u201d<\/p>\n<p>O Concello da Guarda tam\u00e9n quixo agradecer ao historiador local J. Miguel Villa a s\u00faa participaci\u00f3n no evento e a s\u00faa colaboraci\u00f3n na elaboraci\u00f3n do d\u00edptico informativo sobre este centenario, coa entrega dun agasallo.<\/p>\n<p>[\/vc_column_text][\/vc_column][\/vc_row][vc_row][vc_column][vc_message]<\/p>\n<p style=\"text-align: center\"><a href=\"https:\/\/www.aguarda.es\/wp-content\/uploads\/2021\/12\/Tri\u0301ptico-La-Cal-160X140-baja.pdf\">Descarga aqu\u00ed o tr\u00edptico informativo<\/a><\/p>\n<p>[\/vc_message][\/vc_column][\/vc_row]<\/p>\n","protected":false},"excerpt":{"rendered":"<p>[vc_row][vc_column][vc_column_text]\u2022 Este evento coincidiu co centenario da reforma do Lavadoiro da Cal, acometida no ano 1921 por suscripci\u00f3n que iniciou en Puerto Rico don Brasilino \u00c1lvarez Sobrino, fillo deste barrio da vila guardesa. O pasado domingo d\u00eda 19 de decembro &hellip; <\/p>\n","protected":false},"author":2,"featured_media":25077,"comment_status":"open","ping_status":"open","sticky":false,"template":"","format":"standard","meta":[],"categories":[43],"tags":[2648,1280,2646,2645],"yoast_head":"<!-- This site is optimized with the Yoast SEO plugin v21.1 - https:\/\/yoast.com\/wordpress\/plugins\/seo\/ -->\n<title>A Guarda rende homenaxe a Brasilino \u00c1lvarez na Fonte-Lavadoiro da Cal - Concello da Guarda<\/title>\n<meta name=\"robots\" content=\"index, follow, max-snippet:-1, max-image-preview:large, max-video-preview:-1\" \/>\n<link rel=\"canonical\" href=\"https:\/\/www.aguarda.es\/en\/a-guarda-rende-homenaxe-a-brasilino-alvarez-na-fonte-lavadoiro-da-cal\/\" \/>\n<meta property=\"og:locale\" content=\"en_US\" \/>\n<meta property=\"og:type\" content=\"article\" \/>\n<meta property=\"og:title\" content=\"A Guarda rende homenaxe a Brasilino \u00c1lvarez na Fonte-Lavadoiro da Cal - Concello da Guarda\" \/>\n<meta property=\"og:description\" content=\"[vc_row][vc_column][vc_column_text]\u2022 Este evento coincidiu co centenario da reforma do Lavadoiro da Cal, acometida no ano 1921 por suscripci\u00f3n que iniciou en Puerto Rico don Brasilino \u00c1lvarez Sobrino, fillo deste barrio da vila guardesa. O pasado domingo d\u00eda 19 de decembro &hellip;\" \/>\n<meta property=\"og:url\" content=\"https:\/\/www.aguarda.es\/en\/a-guarda-rende-homenaxe-a-brasilino-alvarez-na-fonte-lavadoiro-da-cal\/\" \/>\n<meta property=\"og:site_name\" content=\"Concello da Guarda\" \/>\n<meta property=\"article:publisher\" content=\"https:\/\/www.facebook.com\/ConcellodaGuarda\" \/>\n<meta property=\"article:published_time\" content=\"2021-12-20T09:52:45+00:00\" \/>\n<meta property=\"og:image\" content=\"https:\/\/www.aguarda.es\/wp-content\/uploads\/2021\/12\/Sin-t\u00edtulo-1-6.jpg\" \/>\n\t<meta property=\"og:image:width\" content=\"800\" \/>\n\t<meta property=\"og:image:height\" content=\"600\" \/>\n\t<meta property=\"og:image:type\" content=\"image\/jpeg\" \/>\n<meta name=\"author\" content=\"prensa\" \/>\n<meta name=\"twitter:card\" content=\"summary_large_image\" \/>\n<meta name=\"twitter:creator\" content=\"@AGuarda_es\" \/>\n<meta name=\"twitter:site\" content=\"@AGuarda_es\" \/>\n<meta name=\"twitter:label1\" content=\"Written by\" \/>\n\t<meta name=\"twitter:data1\" content=\"prensa\" \/>\n\t<meta name=\"twitter:label2\" content=\"Est. reading time\" \/>\n\t<meta name=\"twitter:data2\" content=\"2 minutes\" \/>\n<script type=\"application\/ld+json\" class=\"yoast-schema-graph\">{\"@context\":\"https:\/\/schema.org\",\"@graph\":[{\"@type\":\"WebPage\",\"@id\":\"https:\/\/www.aguarda.es\/en\/a-guarda-rende-homenaxe-a-brasilino-alvarez-na-fonte-lavadoiro-da-cal\/\",\"url\":\"https:\/\/www.aguarda.es\/en\/a-guarda-rende-homenaxe-a-brasilino-alvarez-na-fonte-lavadoiro-da-cal\/\",\"name\":\"A Guarda rende homenaxe a Brasilino \u00c1lvarez na Fonte-Lavadoiro da Cal - Concello da Guarda\",\"isPartOf\":{\"@id\":\"https:\/\/www.aguarda.es\/en\/#website\"},\"datePublished\":\"2021-12-20T09:52:45+00:00\",\"dateModified\":\"2021-12-20T09:52:45+00:00\",\"author\":{\"@id\":\"https:\/\/www.aguarda.es\/en\/#\/schema\/person\/c463ca3006858ffb349d11179d044f21\"},\"breadcrumb\":{\"@id\":\"https:\/\/www.aguarda.es\/en\/a-guarda-rende-homenaxe-a-brasilino-alvarez-na-fonte-lavadoiro-da-cal\/#breadcrumb\"},\"inLanguage\":\"en-US\",\"potentialAction\":[{\"@type\":\"ReadAction\",\"target\":[\"https:\/\/www.aguarda.es\/en\/a-guarda-rende-homenaxe-a-brasilino-alvarez-na-fonte-lavadoiro-da-cal\/\"]}]},{\"@type\":\"BreadcrumbList\",\"@id\":\"https:\/\/www.aguarda.es\/en\/a-guarda-rende-homenaxe-a-brasilino-alvarez-na-fonte-lavadoiro-da-cal\/#breadcrumb\",\"itemListElement\":[{\"@type\":\"ListItem\",\"position\":1,\"name\":\"Portada\",\"item\":\"https:\/\/www.aguarda.es\/en\/\"},{\"@type\":\"ListItem\",\"position\":2,\"name\":\"A Guarda rende homenaxe a Brasilino \u00c1lvarez na Fonte-Lavadoiro da Cal\"}]},{\"@type\":\"WebSite\",\"@id\":\"https:\/\/www.aguarda.es\/en\/#website\",\"url\":\"https:\/\/www.aguarda.es\/en\/\",\"name\":\"Concello da Guarda\",\"description\":\"P\u00e1xina web do concello da Guarda\",\"potentialAction\":[{\"@type\":\"SearchAction\",\"target\":{\"@type\":\"EntryPoint\",\"urlTemplate\":\"https:\/\/www.aguarda.es\/en\/?s={search_term_string}\"},\"query-input\":\"required name=search_term_string\"}],\"inLanguage\":\"en-US\"},{\"@type\":\"Person\",\"@id\":\"https:\/\/www.aguarda.es\/en\/#\/schema\/person\/c463ca3006858ffb349d11179d044f21\",\"name\":\"prensa\",\"image\":{\"@type\":\"ImageObject\",\"inLanguage\":\"en-US\",\"@id\":\"https:\/\/www.aguarda.es\/en\/#\/schema\/person\/image\/\",\"url\":\"https:\/\/secure.gravatar.com\/avatar\/5f90ef536b0f98306edf5c7a1135ffa1?s=96&d=mm&r=g\",\"contentUrl\":\"https:\/\/secure.gravatar.com\/avatar\/5f90ef536b0f98306edf5c7a1135ffa1?s=96&d=mm&r=g\",\"caption\":\"prensa\"},\"url\":\"https:\/\/www.aguarda.es\/en\/author\/prensa\/\"}]}<\/script>\n<!-- \/ Yoast SEO plugin. -->","yoast_head_json":{"title":"A Guarda rende homenaxe a Brasilino \u00c1lvarez na Fonte-Lavadoiro da Cal - Concello da Guarda","robots":{"index":"index","follow":"follow","max-snippet":"max-snippet:-1","max-image-preview":"max-image-preview:large","max-video-preview":"max-video-preview:-1"},"canonical":"https:\/\/www.aguarda.es\/en\/a-guarda-rende-homenaxe-a-brasilino-alvarez-na-fonte-lavadoiro-da-cal\/","og_locale":"en_US","og_type":"article","og_title":"A Guarda rende homenaxe a Brasilino \u00c1lvarez na Fonte-Lavadoiro da Cal - Concello da Guarda","og_description":"[vc_row][vc_column][vc_column_text]\u2022 Este evento coincidiu co centenario da reforma do Lavadoiro da Cal, acometida no ano 1921 por suscripci\u00f3n que iniciou en Puerto Rico don Brasilino \u00c1lvarez Sobrino, fillo deste barrio da vila guardesa. O pasado domingo d\u00eda 19 de decembro &hellip;","og_url":"https:\/\/www.aguarda.es\/en\/a-guarda-rende-homenaxe-a-brasilino-alvarez-na-fonte-lavadoiro-da-cal\/","og_site_name":"Concello da Guarda","article_publisher":"https:\/\/www.facebook.com\/ConcellodaGuarda","article_published_time":"2021-12-20T09:52:45+00:00","og_image":[{"width":800,"height":600,"url":"https:\/\/www.aguarda.es\/wp-content\/uploads\/2021\/12\/Sin-t\u00edtulo-1-6.jpg","type":"image\/jpeg"}],"author":"prensa","twitter_card":"summary_large_image","twitter_creator":"@AGuarda_es","twitter_site":"@AGuarda_es","twitter_misc":{"Written by":"prensa","Est. reading time":"2 minutes"},"schema":{"@context":"https:\/\/schema.org","@graph":[{"@type":"WebPage","@id":"https:\/\/www.aguarda.es\/en\/a-guarda-rende-homenaxe-a-brasilino-alvarez-na-fonte-lavadoiro-da-cal\/","url":"https:\/\/www.aguarda.es\/en\/a-guarda-rende-homenaxe-a-brasilino-alvarez-na-fonte-lavadoiro-da-cal\/","name":"A Guarda rende homenaxe a Brasilino \u00c1lvarez na Fonte-Lavadoiro da Cal - Concello da Guarda","isPartOf":{"@id":"https:\/\/www.aguarda.es\/en\/#website"},"datePublished":"2021-12-20T09:52:45+00:00","dateModified":"2021-12-20T09:52:45+00:00","author":{"@id":"https:\/\/www.aguarda.es\/en\/#\/schema\/person\/c463ca3006858ffb349d11179d044f21"},"breadcrumb":{"@id":"https:\/\/www.aguarda.es\/en\/a-guarda-rende-homenaxe-a-brasilino-alvarez-na-fonte-lavadoiro-da-cal\/#breadcrumb"},"inLanguage":"en-US","potentialAction":[{"@type":"ReadAction","target":["https:\/\/www.aguarda.es\/en\/a-guarda-rende-homenaxe-a-brasilino-alvarez-na-fonte-lavadoiro-da-cal\/"]}]},{"@type":"BreadcrumbList","@id":"https:\/\/www.aguarda.es\/en\/a-guarda-rende-homenaxe-a-brasilino-alvarez-na-fonte-lavadoiro-da-cal\/#breadcrumb","itemListElement":[{"@type":"ListItem","position":1,"name":"Portada","item":"https:\/\/www.aguarda.es\/en\/"},{"@type":"ListItem","position":2,"name":"A Guarda rende homenaxe a Brasilino \u00c1lvarez na Fonte-Lavadoiro da Cal"}]},{"@type":"WebSite","@id":"https:\/\/www.aguarda.es\/en\/#website","url":"https:\/\/www.aguarda.es\/en\/","name":"Concello da Guarda","description":"P\u00e1xina web do concello da Guarda","potentialAction":[{"@type":"SearchAction","target":{"@type":"EntryPoint","urlTemplate":"https:\/\/www.aguarda.es\/en\/?s={search_term_string}"},"query-input":"required name=search_term_string"}],"inLanguage":"en-US"},{"@type":"Person","@id":"https:\/\/www.aguarda.es\/en\/#\/schema\/person\/c463ca3006858ffb349d11179d044f21","name":"prensa","image":{"@type":"ImageObject","inLanguage":"en-US","@id":"https:\/\/www.aguarda.es\/en\/#\/schema\/person\/image\/","url":"https:\/\/secure.gravatar.com\/avatar\/5f90ef536b0f98306edf5c7a1135ffa1?s=96&d=mm&r=g","contentUrl":"https:\/\/secure.gravatar.com\/avatar\/5f90ef536b0f98306edf5c7a1135ffa1?s=96&d=mm&r=g","caption":"prensa"},"url":"https:\/\/www.aguarda.es\/en\/author\/prensa\/"}]}},"_links":{"self":[{"href":"https:\/\/www.aguarda.es\/en\/wp-json\/wp\/v2\/posts\/25076"}],"collection":[{"href":"https:\/\/www.aguarda.es\/en\/wp-json\/wp\/v2\/posts"}],"about":[{"href":"https:\/\/www.aguarda.es\/en\/wp-json\/wp\/v2\/types\/post"}],"author":[{"embeddable":true,"href":"https:\/\/www.aguarda.es\/en\/wp-json\/wp\/v2\/users\/2"}],"replies":[{"embeddable":true,"href":"https:\/\/www.aguarda.es\/en\/wp-json\/wp\/v2\/comments?post=25076"}],"version-history":[{"count":1,"href":"https:\/\/www.aguarda.es\/en\/wp-json\/wp\/v2\/posts\/25076\/revisions"}],"predecessor-version":[{"id":25081,"href":"https:\/\/www.aguarda.es\/en\/wp-json\/wp\/v2\/posts\/25076\/revisions\/25081"}],"wp:featuredmedia":[{"embeddable":true,"href":"https:\/\/www.aguarda.es\/en\/wp-json\/wp\/v2\/media\/25077"}],"wp:attachment":[{"href":"https:\/\/www.aguarda.es\/en\/wp-json\/wp\/v2\/media?parent=25076"}],"wp:term":[{"taxonomy":"category","embeddable":true,"href":"https:\/\/www.aguarda.es\/en\/wp-json\/wp\/v2\/categories?post=25076"},{"taxonomy":"post_tag","embeddable":true,"href":"https:\/\/www.aguarda.es\/en\/wp-json\/wp\/v2\/tags?post=25076"}],"curies":[{"name":"wp","href":"https:\/\/api.w.org\/{rel}","templated":true}]}}