{"id":25082,"date":"2021-12-20T10:29:34","date_gmt":"2021-12-20T10:29:34","guid":{"rendered":"https:\/\/www.aguarda.es\/?p=25082"},"modified":"2021-12-20T10:29:34","modified_gmt":"2021-12-20T10:29:34","slug":"os-trasnos-de-nadal-maxia-e-musica-na-programacion-do-nadal-desta-semana-na-guarda","status":"publish","type":"post","link":"https:\/\/www.aguarda.es\/en\/os-trasnos-de-nadal-maxia-e-musica-na-programacion-do-nadal-desta-semana-na-guarda\/","title":{"rendered":"Os Trasnos de Nadal, maxia e m\u00fasica na programaci\u00f3n do Nadal desta semana na Guarda"},"content":{"rendered":"<p><em><strong>\u2022 Os Trasnos de Nadal sair\u00e1n do 22 ao 24 de decembro polas r\u00faas da Guarda.<\/strong><\/em><br \/>\n<em><strong>\u2022 Gadalka ofertar\u00e1 un espect\u00e1culo de maxia o xoves na Praza de Avelino Vicente.<\/strong><\/em><\/p>\n<p>A programaci\u00f3n do Nadal 2021 contin\u00faa esta semana na Guarda con diferentes propostas para todos os p\u00fablicos que conta con espect\u00e1culos de maxia, eventos musicais e os Trasnos de Nadal.<\/p>\n<p>O martes 21 de decembro estaba prevista a celebraci\u00f3n do Concerto de Nadal de Vento e Coro dos alumnos e alumnas do Conservatorio de M\u00fasica Elemental da Guarda, evento que vaise anular debido ao protocolo COViD-19.<\/p>\n<p>Seguindo coa programaci\u00f3n de Nadal esta semana chegan \u00e1 Guarda os Trasnos de Nadal, que far\u00e1n diversos percorridos polas r\u00faas da vila os d\u00edas 22, 23 e 24 de decembro. O horario ser\u00e1 de 17:00h a 20:00h o 22 e 23 de decembro e de 11:30h a 14:30h o 24 de decembro. Os Trasnos de Nadal visitar\u00e1n a Alameda, Praza de Avelino Vicente, r\u00faa Cocnepeci\u00f3n Arenal, Praza Nova, r\u00faa Vicente Sobrino e r\u00faa Galicia.<\/p>\n<p>O m\u00e9rcores d\u00eda 22 de decembro \u00e1s 18:00h a Casa dos Alonso acolle o Obradoiro de Canto Moderno \u201cCanta con Voz propia\u201d, un evento aberto a todos os p\u00fablicos a cargo de Maga Voz, Cooperativa Galega. A entrada \u00e9 libre ata completar aforo, non \u00e9 preciso realizar inscrici\u00f3n previa.<\/p>\n<p>Na xornada do xoves d\u00eda 23 de decembro a Praza de Avelino Vicente acolle de 16:00h a 19:00h o espect\u00e1culo de maxia individualizada por familias Gadalka, a cargo do mago Dani.<br \/>\nGadalka \u00e9 unha incrible cabina como as dos videntes e aut\u00f3matas das feiras cl\u00e1sicas onde atopar\u00e1s unha m\u00e1xica sorpresa. Maxia de preto no primeiro espect\u00e1culo de r\u00faa 100% covid-free. En Gadalka Dani Garc\u00eda crea un espazo \u00fanico no que poder ver un asombroso n\u00famero de maxia realizado por un fascinante personaxe. Ach\u00e9gate e descubre Gadalka!<\/p>\n<h2 style=\"text-align: center\">AXENDA DE NADAL<\/h2>\n<p>DO 22 AO 24 DE DECEMBRO<br \/>\nTRASNOS DE NADAL polas r\u00faas da Guarda<br \/>\nHorario: 22 e 23 de 17:00h a 20:00h<br \/>\n24, de 11:30h A 14:30h<\/p>\n<p>M\u00c9RCORES 22 DE DECEMBRO<br \/>\n18:00h Casa dos Alonso<br \/>\nObradoiro de Canto Moderno<br \/>\nCanta con voz Propia<br \/>\nPara t\u00f3dolos p\u00fablicos(entrada libre)<\/p>\n<p>XOVES 23 DE DECEMBRO<br \/>\nDe 16:00h a 19:00h Praza de Avelino Vicente<br \/>\n\u201cGADALKA\u201d a cargo do Mago Dani<br \/>\nEspect\u00e1culo de maxia individualizada por familias<\/p>\n<p>MARTES 28 DE DECEMBRO<br \/>\n18:00h Centro Cultural<br \/>\n\u201cLittle neno descobre a\u2026 Os Beatles\u201d, de A Reixa Producci\u00f3ns<br \/>\nReserva de entradas en eventbrite.es<\/p>\n<p>M\u00c9RCORES 29 DE DECEMBRO<br \/>\n20:30h Centro Cultural<br \/>\n\u201cVentos de Nadal\u201d, grupos seccionais da Agrupaci\u00f3n Musical da Guarda<\/p>\n<p>XOVES 30 DE DECEMBRO<br \/>\n18:00h Centro Cultural<br \/>\nTITIRICIRCUS, con Tanxarina T\u00edteres<br \/>\nReserva de entradas en eventbrite.es<\/p>\n<p>VENRES 31<br \/>\n13:00h Pasarr\u00faas polo centro da vila<br \/>\nO Apalpador chega \u00e1 Guarda<br \/>\nOrganiza Deputaci\u00f3n de Pontevedra<\/p>\n<p>DO 3 AO 5 DE XANEIRO<br \/>\nCARTEIROS DO NADAL polas r\u00faas da Guarda<br \/>\nHorario: 3 e 4 de 17:00h a 20:00h.<br \/>\n5, de 11:30h. A 14:30h.<\/p>\n<p>MARTES 4 DE XANEIRO<br \/>\n17:30h Alameda<br \/>\nCIRCO RASNOVARAK, con Troula Animaci\u00f3n<br \/>\nEspect\u00e1culo de r\u00faa con animais xigantes<\/p>\n<p>M\u00c9RCORES 5 DE XANEIRO<br \/>\n12:00h Pavill\u00f3n Municipal da Sangri\u00f1a<br \/>\nPartido Ben\u00e9fico de Balonm\u00e1n entre Atl. Guard\u00e9s e BM Porri\u00f1o<br \/>\nRecollida solidaria de alimentos non perecedoiros<\/p>\n<p>Visita dos Reis Magos con paseo polas principais r\u00faas da localidade.<\/p>\n<p>Enlace para inscrici\u00f3n de eventos en eventbrite.es:<br \/>\n<a href=\"https:\/\/www.eventbrite.es\/o\/concello-da-guarda-35370803503\">https:\/\/www.eventbrite.es\/o\/concello-da-guarda-35370803503<\/a><\/p>\n","protected":false},"excerpt":{"rendered":"<p>\u2022 Os Trasnos de Nadal sair\u00e1n do 22 ao 24 de decembro polas r\u00faas da Guarda. \u2022 Gadalka ofertar\u00e1 un espect\u00e1culo de maxia o xoves na Praza de Avelino Vicente. A programaci\u00f3n do Nadal 2021 contin\u00faa esta semana na Guarda &hellip; <\/p>\n","protected":false},"author":2,"featured_media":25085,"comment_status":"open","ping_status":"open","sticky":false,"template":"","format":"standard","meta":[],"categories":[34],"tags":[226,1149,694,2650,1273,2649],"yoast_head":"<!-- This site is optimized with the Yoast SEO plugin v21.1 - https:\/\/yoast.com\/wordpress\/plugins\/seo\/ -->\n<title>Os Trasnos de Nadal, maxia e m\u00fasica na programaci\u00f3n do Nadal desta semana na Guarda - Concello da Guarda<\/title>\n<meta name=\"robots\" content=\"index, follow, max-snippet:-1, max-image-preview:large, max-video-preview:-1\" \/>\n<link rel=\"canonical\" href=\"https:\/\/www.aguarda.es\/en\/os-trasnos-de-nadal-maxia-e-musica-na-programacion-do-nadal-desta-semana-na-guarda\/\" \/>\n<meta property=\"og:locale\" content=\"en_US\" \/>\n<meta property=\"og:type\" content=\"article\" \/>\n<meta property=\"og:title\" content=\"Os Trasnos de Nadal, maxia e m\u00fasica na programaci\u00f3n do Nadal desta semana na Guarda - Concello da Guarda\" \/>\n<meta property=\"og:description\" content=\"\u2022 Os Trasnos de Nadal sair\u00e1n do 22 ao 24 de decembro polas r\u00faas da Guarda. \u2022 Gadalka ofertar\u00e1 un espect\u00e1culo de maxia o xoves na Praza de Avelino Vicente. A programaci\u00f3n do Nadal 2021 contin\u00faa esta semana na Guarda &hellip;\" \/>\n<meta property=\"og:url\" content=\"https:\/\/www.aguarda.es\/en\/os-trasnos-de-nadal-maxia-e-musica-na-programacion-do-nadal-desta-semana-na-guarda\/\" \/>\n<meta property=\"og:site_name\" content=\"Concello da Guarda\" \/>\n<meta property=\"article:publisher\" content=\"https:\/\/www.facebook.com\/ConcellodaGuarda\" \/>\n<meta property=\"article:published_time\" content=\"2021-12-20T10:29:34+00:00\" \/>\n<meta property=\"og:image\" content=\"https:\/\/www.aguarda.es\/wp-content\/uploads\/2021\/12\/NP-20122021-PROGRAMACION-NADAL-1.jpg\" \/>\n\t<meta property=\"og:image:width\" content=\"800\" \/>\n\t<meta property=\"og:image:height\" content=\"800\" \/>\n\t<meta property=\"og:image:type\" content=\"image\/jpeg\" \/>\n<meta name=\"author\" content=\"prensa\" \/>\n<meta name=\"twitter:card\" content=\"summary_large_image\" \/>\n<meta name=\"twitter:creator\" content=\"@AGuarda_es\" \/>\n<meta name=\"twitter:site\" content=\"@AGuarda_es\" \/>\n<meta name=\"twitter:label1\" content=\"Written by\" \/>\n\t<meta name=\"twitter:data1\" content=\"prensa\" \/>\n\t<meta name=\"twitter:label2\" content=\"Est. reading time\" \/>\n\t<meta name=\"twitter:data2\" content=\"3 minutes\" \/>\n<script type=\"application\/ld+json\" class=\"yoast-schema-graph\">{\"@context\":\"https:\/\/schema.org\",\"@graph\":[{\"@type\":\"WebPage\",\"@id\":\"https:\/\/www.aguarda.es\/en\/os-trasnos-de-nadal-maxia-e-musica-na-programacion-do-nadal-desta-semana-na-guarda\/\",\"url\":\"https:\/\/www.aguarda.es\/en\/os-trasnos-de-nadal-maxia-e-musica-na-programacion-do-nadal-desta-semana-na-guarda\/\",\"name\":\"Os Trasnos de Nadal, maxia e m\u00fasica na programaci\u00f3n do Nadal desta semana na Guarda - Concello da Guarda\",\"isPartOf\":{\"@id\":\"https:\/\/www.aguarda.es\/en\/#website\"},\"datePublished\":\"2021-12-20T10:29:34+00:00\",\"dateModified\":\"2021-12-20T10:29:34+00:00\",\"author\":{\"@id\":\"https:\/\/www.aguarda.es\/en\/#\/schema\/person\/c463ca3006858ffb349d11179d044f21\"},\"breadcrumb\":{\"@id\":\"https:\/\/www.aguarda.es\/en\/os-trasnos-de-nadal-maxia-e-musica-na-programacion-do-nadal-desta-semana-na-guarda\/#breadcrumb\"},\"inLanguage\":\"en-US\",\"potentialAction\":[{\"@type\":\"ReadAction\",\"target\":[\"https:\/\/www.aguarda.es\/en\/os-trasnos-de-nadal-maxia-e-musica-na-programacion-do-nadal-desta-semana-na-guarda\/\"]}]},{\"@type\":\"BreadcrumbList\",\"@id\":\"https:\/\/www.aguarda.es\/en\/os-trasnos-de-nadal-maxia-e-musica-na-programacion-do-nadal-desta-semana-na-guarda\/#breadcrumb\",\"itemListElement\":[{\"@type\":\"ListItem\",\"position\":1,\"name\":\"Portada\",\"item\":\"https:\/\/www.aguarda.es\/en\/\"},{\"@type\":\"ListItem\",\"position\":2,\"name\":\"Os Trasnos de Nadal, maxia e m\u00fasica na programaci\u00f3n do Nadal desta semana na Guarda\"}]},{\"@type\":\"WebSite\",\"@id\":\"https:\/\/www.aguarda.es\/en\/#website\",\"url\":\"https:\/\/www.aguarda.es\/en\/\",\"name\":\"Concello da Guarda\",\"description\":\"P\u00e1xina web do concello da Guarda\",\"potentialAction\":[{\"@type\":\"SearchAction\",\"target\":{\"@type\":\"EntryPoint\",\"urlTemplate\":\"https:\/\/www.aguarda.es\/en\/?s={search_term_string}\"},\"query-input\":\"required name=search_term_string\"}],\"inLanguage\":\"en-US\"},{\"@type\":\"Person\",\"@id\":\"https:\/\/www.aguarda.es\/en\/#\/schema\/person\/c463ca3006858ffb349d11179d044f21\",\"name\":\"prensa\",\"image\":{\"@type\":\"ImageObject\",\"inLanguage\":\"en-US\",\"@id\":\"https:\/\/www.aguarda.es\/en\/#\/schema\/person\/image\/\",\"url\":\"https:\/\/secure.gravatar.com\/avatar\/5f90ef536b0f98306edf5c7a1135ffa1?s=96&d=mm&r=g\",\"contentUrl\":\"https:\/\/secure.gravatar.com\/avatar\/5f90ef536b0f98306edf5c7a1135ffa1?s=96&d=mm&r=g\",\"caption\":\"prensa\"},\"url\":\"https:\/\/www.aguarda.es\/en\/author\/prensa\/\"}]}<\/script>\n<!-- \/ Yoast SEO plugin. -->","yoast_head_json":{"title":"Os Trasnos de Nadal, maxia e m\u00fasica na programaci\u00f3n do Nadal desta semana na Guarda - Concello da Guarda","robots":{"index":"index","follow":"follow","max-snippet":"max-snippet:-1","max-image-preview":"max-image-preview:large","max-video-preview":"max-video-preview:-1"},"canonical":"https:\/\/www.aguarda.es\/en\/os-trasnos-de-nadal-maxia-e-musica-na-programacion-do-nadal-desta-semana-na-guarda\/","og_locale":"en_US","og_type":"article","og_title":"Os Trasnos de Nadal, maxia e m\u00fasica na programaci\u00f3n do Nadal desta semana na Guarda - Concello da Guarda","og_description":"\u2022 Os Trasnos de Nadal sair\u00e1n do 22 ao 24 de decembro polas r\u00faas da Guarda. \u2022 Gadalka ofertar\u00e1 un espect\u00e1culo de maxia o xoves na Praza de Avelino Vicente. A programaci\u00f3n do Nadal 2021 contin\u00faa esta semana na Guarda &hellip;","og_url":"https:\/\/www.aguarda.es\/en\/os-trasnos-de-nadal-maxia-e-musica-na-programacion-do-nadal-desta-semana-na-guarda\/","og_site_name":"Concello da Guarda","article_publisher":"https:\/\/www.facebook.com\/ConcellodaGuarda","article_published_time":"2021-12-20T10:29:34+00:00","og_image":[{"width":800,"height":800,"url":"https:\/\/www.aguarda.es\/wp-content\/uploads\/2021\/12\/NP-20122021-PROGRAMACION-NADAL-1.jpg","type":"image\/jpeg"}],"author":"prensa","twitter_card":"summary_large_image","twitter_creator":"@AGuarda_es","twitter_site":"@AGuarda_es","twitter_misc":{"Written by":"prensa","Est. reading time":"3 minutes"},"schema":{"@context":"https:\/\/schema.org","@graph":[{"@type":"WebPage","@id":"https:\/\/www.aguarda.es\/en\/os-trasnos-de-nadal-maxia-e-musica-na-programacion-do-nadal-desta-semana-na-guarda\/","url":"https:\/\/www.aguarda.es\/en\/os-trasnos-de-nadal-maxia-e-musica-na-programacion-do-nadal-desta-semana-na-guarda\/","name":"Os Trasnos de Nadal, maxia e m\u00fasica na programaci\u00f3n do Nadal desta semana na Guarda - Concello da Guarda","isPartOf":{"@id":"https:\/\/www.aguarda.es\/en\/#website"},"datePublished":"2021-12-20T10:29:34+00:00","dateModified":"2021-12-20T10:29:34+00:00","author":{"@id":"https:\/\/www.aguarda.es\/en\/#\/schema\/person\/c463ca3006858ffb349d11179d044f21"},"breadcrumb":{"@id":"https:\/\/www.aguarda.es\/en\/os-trasnos-de-nadal-maxia-e-musica-na-programacion-do-nadal-desta-semana-na-guarda\/#breadcrumb"},"inLanguage":"en-US","potentialAction":[{"@type":"ReadAction","target":["https:\/\/www.aguarda.es\/en\/os-trasnos-de-nadal-maxia-e-musica-na-programacion-do-nadal-desta-semana-na-guarda\/"]}]},{"@type":"BreadcrumbList","@id":"https:\/\/www.aguarda.es\/en\/os-trasnos-de-nadal-maxia-e-musica-na-programacion-do-nadal-desta-semana-na-guarda\/#breadcrumb","itemListElement":[{"@type":"ListItem","position":1,"name":"Portada","item":"https:\/\/www.aguarda.es\/en\/"},{"@type":"ListItem","position":2,"name":"Os Trasnos de Nadal, maxia e m\u00fasica na programaci\u00f3n do Nadal desta semana na Guarda"}]},{"@type":"WebSite","@id":"https:\/\/www.aguarda.es\/en\/#website","url":"https:\/\/www.aguarda.es\/en\/","name":"Concello da Guarda","description":"P\u00e1xina web do concello da Guarda","potentialAction":[{"@type":"SearchAction","target":{"@type":"EntryPoint","urlTemplate":"https:\/\/www.aguarda.es\/en\/?s={search_term_string}"},"query-input":"required name=search_term_string"}],"inLanguage":"en-US"},{"@type":"Person","@id":"https:\/\/www.aguarda.es\/en\/#\/schema\/person\/c463ca3006858ffb349d11179d044f21","name":"prensa","image":{"@type":"ImageObject","inLanguage":"en-US","@id":"https:\/\/www.aguarda.es\/en\/#\/schema\/person\/image\/","url":"https:\/\/secure.gravatar.com\/avatar\/5f90ef536b0f98306edf5c7a1135ffa1?s=96&d=mm&r=g","contentUrl":"https:\/\/secure.gravatar.com\/avatar\/5f90ef536b0f98306edf5c7a1135ffa1?s=96&d=mm&r=g","caption":"prensa"},"url":"https:\/\/www.aguarda.es\/en\/author\/prensa\/"}]}},"_links":{"self":[{"href":"https:\/\/www.aguarda.es\/en\/wp-json\/wp\/v2\/posts\/25082"}],"collection":[{"href":"https:\/\/www.aguarda.es\/en\/wp-json\/wp\/v2\/posts"}],"about":[{"href":"https:\/\/www.aguarda.es\/en\/wp-json\/wp\/v2\/types\/post"}],"author":[{"embeddable":true,"href":"https:\/\/www.aguarda.es\/en\/wp-json\/wp\/v2\/users\/2"}],"replies":[{"embeddable":true,"href":"https:\/\/www.aguarda.es\/en\/wp-json\/wp\/v2\/comments?post=25082"}],"version-history":[{"count":1,"href":"https:\/\/www.aguarda.es\/en\/wp-json\/wp\/v2\/posts\/25082\/revisions"}],"predecessor-version":[{"id":25087,"href":"https:\/\/www.aguarda.es\/en\/wp-json\/wp\/v2\/posts\/25082\/revisions\/25087"}],"wp:featuredmedia":[{"embeddable":true,"href":"https:\/\/www.aguarda.es\/en\/wp-json\/wp\/v2\/media\/25085"}],"wp:attachment":[{"href":"https:\/\/www.aguarda.es\/en\/wp-json\/wp\/v2\/media?parent=25082"}],"wp:term":[{"taxonomy":"category","embeddable":true,"href":"https:\/\/www.aguarda.es\/en\/wp-json\/wp\/v2\/categories?post=25082"},{"taxonomy":"post_tag","embeddable":true,"href":"https:\/\/www.aguarda.es\/en\/wp-json\/wp\/v2\/tags?post=25082"}],"curies":[{"name":"wp","href":"https:\/\/api.w.org\/{rel}","templated":true}]}}