{"id":25201,"date":"2022-01-14T12:14:30","date_gmt":"2022-01-14T12:14:30","guid":{"rendered":"https:\/\/www.aguarda.es\/?p=25201"},"modified":"2022-01-14T12:14:30","modified_gmt":"2022-01-14T12:14:30","slug":"o-baixo-mino-volve-sair-a-rua-para-denunciar-a-grave-situacion-da-sanidade-na-comarca","status":"publish","type":"post","link":"https:\/\/www.aguarda.es\/en\/o-baixo-mino-volve-sair-a-rua-para-denunciar-a-grave-situacion-da-sanidade-na-comarca\/","title":{"rendered":"O Baixo Mi\u00f1o volve sa\u00edr \u00e1 r\u00faa para denunciar a grave situaci\u00f3n da sanidade na comarca"},"content":{"rendered":"<p>O Rosal acolleu o m\u00e9rcores a primeira manifestaci\u00f3n dunha rolda de concentraci\u00f3ns que tam\u00e9n se organizan en Tomi\u00f1o, A Guarda e Tui<\/p>\n<p>O m\u00e9rcores, no Rosal, O Baixo Mi\u00f1o volveu sa\u00edr a r\u00faa para denunciar a grave situaci\u00f3n da sanidade da comarca e esixir soluci\u00f3ns. Foi a primeira dunha rolda de concentraci\u00f3ns que organiza a Mancomunidade Intermunicipal do Baixo Mi\u00f1o para denunciar o deterioro que est\u00e1 a sufrir a atenci\u00f3n primaria nos centros de sa\u00fade da comarca, que dende hai tempo padec\u00edan unha importante carencia de persoal sanitario que case limitaba a atenci\u00f3n \u00e1s urxencias, relegando as consultas ordinarias, con esperas moi prolongadas. Unha situaci\u00f3n que se viu agravada a\u00ednda m\u00e1is tras a decisi\u00f3n do Sergas de, en lugar de po\u00f1er soluci\u00f3ns, decretar que s\u00f3 se atendan consultas urxentes e relacionadas coa COVID-19 nas instalaci\u00f3ns da Guarda, O Rosal e Tomi\u00f1o durante estes d\u00edas.<br \/>\nAnte esta realidade, as alcaldesas e alcaldes da Mancomunidade convocaron para os meses de xaneiro e febreiro catro concentraci\u00f3ns conxuntas coas que \u201cdenunciar a situaci\u00f3n de precariedade e o continuo desmantelamento da sanidade p\u00fablica nos nosos municipios e trasladar ao Sergas e \u00e1 Xunta a necesidade de adoptar medidas de forma urxente\u201d. Ademais inciden en que esta situaci\u00f3n xa v\u00e9n de lonxe, xa que os recortes da Xunta e a falta de persoal xa exist\u00edan dende antes da pandemia. \u201cA resposta non \u00e9 restrinxir servizos, sen\u00f3n buscar soluci\u00f3ns a curto e medio prazo\u201d.<br \/>\nAs\u00ed, o m\u00e9rcores, a Praza do Calvario do Rosal, encheuse de veci\u00f1os e veci\u00f1as reclamando que esta situaci\u00f3n que \u201cpon en risco a s\u00faa sa\u00fade te\u00f1a unha soluci\u00f3n xa\u201d. A seguinte cita ser\u00e1 o 26 de xaneiro en Tomi\u00f1o (\u00e1s 19.00 h na Praza do Seixo), o 9 de febreiro en Tui (\u00e1s 19.00 horas na Praza da Inmaculada) e o 23 de febreiro na Guarda (\u00e1s 19 h na Praza Avelino Vicente). Con estas concentraci\u00f3ns b\u00fascase po\u00f1er de relevo \u201cunha situaci\u00f3n transversal que afecta a toda a veci\u00f1anza, que compromete e pon en risco a nosa sa\u00fade actual e futura, e que con unidade temos m\u00e1is forza para reinvindicar\u201d.<br \/>\nA Mancomunidade reclama dende hai tempo unha mellora da atenci\u00f3n sanitaria que po\u00f1a fin \u00e1 degradaci\u00f3n progresiva dos centros de sa\u00fade, con falta de medios persoais, instalaci\u00f3ns deficientes e en progresivo deterioro dende hai anos. Unha situaci\u00f3n de precariedade que se viu acentuada coa chegada da pandemia, cunha diminuci\u00f3n da atenci\u00f3n presencial e medidas tomadas por Sanidade que atentan contra a calidade do servizo. As rexedoras e rexedores da Mancomunidade dan o seu apoio aos profesionais da sa\u00fade e continuar\u00e1n loitando para garantir que estes poidan desenvolver o seu traballo en condici\u00f3ns dignas, asegurando ao mesmo tempo a calidade de atenci\u00f3n \u00e1 veci\u00f1anza.<\/p>\n","protected":false},"excerpt":{"rendered":"<p>O Rosal acolleu o m\u00e9rcores a primeira manifestaci\u00f3n dunha rolda de concentraci\u00f3ns que tam\u00e9n se organizan en Tomi\u00f1o, A Guarda e Tui O m\u00e9rcores, no Rosal, O Baixo Mi\u00f1o volveu sa\u00edr a r\u00faa para denunciar a grave situaci\u00f3n da sanidade &hellip; <\/p>\n","protected":false},"author":2,"featured_media":25202,"comment_status":"open","ping_status":"open","sticky":false,"template":"","format":"standard","meta":[],"categories":[33],"tags":[1534,2043,1618],"yoast_head":"<!-- This site is optimized with the Yoast SEO plugin v21.1 - https:\/\/yoast.com\/wordpress\/plugins\/seo\/ -->\n<title>O Baixo Mi\u00f1o volve sa\u00edr \u00e1 r\u00faa para denunciar a grave situaci\u00f3n da sanidade na comarca - Concello da Guarda<\/title>\n<meta name=\"robots\" content=\"index, follow, max-snippet:-1, max-image-preview:large, max-video-preview:-1\" \/>\n<link rel=\"canonical\" href=\"https:\/\/www.aguarda.es\/en\/o-baixo-mino-volve-sair-a-rua-para-denunciar-a-grave-situacion-da-sanidade-na-comarca\/\" \/>\n<meta property=\"og:locale\" content=\"en_US\" \/>\n<meta property=\"og:type\" content=\"article\" \/>\n<meta property=\"og:title\" content=\"O Baixo Mi\u00f1o volve sa\u00edr \u00e1 r\u00faa para denunciar a grave situaci\u00f3n da sanidade na comarca - Concello da Guarda\" \/>\n<meta property=\"og:description\" content=\"O Rosal acolleu o m\u00e9rcores a primeira manifestaci\u00f3n dunha rolda de concentraci\u00f3ns que tam\u00e9n se organizan en Tomi\u00f1o, A Guarda e Tui O m\u00e9rcores, no Rosal, O Baixo Mi\u00f1o volveu sa\u00edr a r\u00faa para denunciar a grave situaci\u00f3n da sanidade &hellip;\" \/>\n<meta property=\"og:url\" content=\"https:\/\/www.aguarda.es\/en\/o-baixo-mino-volve-sair-a-rua-para-denunciar-a-grave-situacion-da-sanidade-na-comarca\/\" \/>\n<meta property=\"og:site_name\" content=\"Concello da Guarda\" \/>\n<meta property=\"article:publisher\" content=\"https:\/\/www.facebook.com\/ConcellodaGuarda\" \/>\n<meta property=\"article:published_time\" content=\"2022-01-14T12:14:30+00:00\" \/>\n<meta property=\"og:image\" content=\"https:\/\/www.aguarda.es\/wp-content\/uploads\/2022\/01\/Manifestaci\u00f3n-O-Rosal-3.jpg\" \/>\n\t<meta property=\"og:image:width\" content=\"800\" \/>\n\t<meta property=\"og:image:height\" content=\"424\" \/>\n\t<meta property=\"og:image:type\" content=\"image\/jpeg\" \/>\n<meta name=\"author\" content=\"prensa\" \/>\n<meta name=\"twitter:card\" content=\"summary_large_image\" \/>\n<meta name=\"twitter:creator\" content=\"@AGuarda_es\" \/>\n<meta name=\"twitter:site\" content=\"@AGuarda_es\" \/>\n<meta name=\"twitter:label1\" content=\"Written by\" \/>\n\t<meta name=\"twitter:data1\" content=\"prensa\" \/>\n\t<meta name=\"twitter:label2\" content=\"Est. reading time\" \/>\n\t<meta name=\"twitter:data2\" content=\"3 minutes\" \/>\n<script type=\"application\/ld+json\" class=\"yoast-schema-graph\">{\"@context\":\"https:\/\/schema.org\",\"@graph\":[{\"@type\":\"WebPage\",\"@id\":\"https:\/\/www.aguarda.es\/en\/o-baixo-mino-volve-sair-a-rua-para-denunciar-a-grave-situacion-da-sanidade-na-comarca\/\",\"url\":\"https:\/\/www.aguarda.es\/en\/o-baixo-mino-volve-sair-a-rua-para-denunciar-a-grave-situacion-da-sanidade-na-comarca\/\",\"name\":\"O Baixo Mi\u00f1o volve sa\u00edr \u00e1 r\u00faa para denunciar a grave situaci\u00f3n da sanidade na comarca - Concello da Guarda\",\"isPartOf\":{\"@id\":\"https:\/\/www.aguarda.es\/en\/#website\"},\"datePublished\":\"2022-01-14T12:14:30+00:00\",\"dateModified\":\"2022-01-14T12:14:30+00:00\",\"author\":{\"@id\":\"https:\/\/www.aguarda.es\/en\/#\/schema\/person\/c463ca3006858ffb349d11179d044f21\"},\"breadcrumb\":{\"@id\":\"https:\/\/www.aguarda.es\/en\/o-baixo-mino-volve-sair-a-rua-para-denunciar-a-grave-situacion-da-sanidade-na-comarca\/#breadcrumb\"},\"inLanguage\":\"en-US\",\"potentialAction\":[{\"@type\":\"ReadAction\",\"target\":[\"https:\/\/www.aguarda.es\/en\/o-baixo-mino-volve-sair-a-rua-para-denunciar-a-grave-situacion-da-sanidade-na-comarca\/\"]}]},{\"@type\":\"BreadcrumbList\",\"@id\":\"https:\/\/www.aguarda.es\/en\/o-baixo-mino-volve-sair-a-rua-para-denunciar-a-grave-situacion-da-sanidade-na-comarca\/#breadcrumb\",\"itemListElement\":[{\"@type\":\"ListItem\",\"position\":1,\"name\":\"Portada\",\"item\":\"https:\/\/www.aguarda.es\/en\/\"},{\"@type\":\"ListItem\",\"position\":2,\"name\":\"O Baixo Mi\u00f1o volve sa\u00edr \u00e1 r\u00faa para denunciar a grave situaci\u00f3n da sanidade na comarca\"}]},{\"@type\":\"WebSite\",\"@id\":\"https:\/\/www.aguarda.es\/en\/#website\",\"url\":\"https:\/\/www.aguarda.es\/en\/\",\"name\":\"Concello da Guarda\",\"description\":\"P\u00e1xina web do concello da Guarda\",\"potentialAction\":[{\"@type\":\"SearchAction\",\"target\":{\"@type\":\"EntryPoint\",\"urlTemplate\":\"https:\/\/www.aguarda.es\/en\/?s={search_term_string}\"},\"query-input\":\"required name=search_term_string\"}],\"inLanguage\":\"en-US\"},{\"@type\":\"Person\",\"@id\":\"https:\/\/www.aguarda.es\/en\/#\/schema\/person\/c463ca3006858ffb349d11179d044f21\",\"name\":\"prensa\",\"image\":{\"@type\":\"ImageObject\",\"inLanguage\":\"en-US\",\"@id\":\"https:\/\/www.aguarda.es\/en\/#\/schema\/person\/image\/\",\"url\":\"https:\/\/secure.gravatar.com\/avatar\/5f90ef536b0f98306edf5c7a1135ffa1?s=96&d=mm&r=g\",\"contentUrl\":\"https:\/\/secure.gravatar.com\/avatar\/5f90ef536b0f98306edf5c7a1135ffa1?s=96&d=mm&r=g\",\"caption\":\"prensa\"},\"url\":\"https:\/\/www.aguarda.es\/en\/author\/prensa\/\"}]}<\/script>\n<!-- \/ Yoast SEO plugin. -->","yoast_head_json":{"title":"O Baixo Mi\u00f1o volve sa\u00edr \u00e1 r\u00faa para denunciar a grave situaci\u00f3n da sanidade na comarca - Concello da Guarda","robots":{"index":"index","follow":"follow","max-snippet":"max-snippet:-1","max-image-preview":"max-image-preview:large","max-video-preview":"max-video-preview:-1"},"canonical":"https:\/\/www.aguarda.es\/en\/o-baixo-mino-volve-sair-a-rua-para-denunciar-a-grave-situacion-da-sanidade-na-comarca\/","og_locale":"en_US","og_type":"article","og_title":"O Baixo Mi\u00f1o volve sa\u00edr \u00e1 r\u00faa para denunciar a grave situaci\u00f3n da sanidade na comarca - Concello da Guarda","og_description":"O Rosal acolleu o m\u00e9rcores a primeira manifestaci\u00f3n dunha rolda de concentraci\u00f3ns que tam\u00e9n se organizan en Tomi\u00f1o, A Guarda e Tui O m\u00e9rcores, no Rosal, O Baixo Mi\u00f1o volveu sa\u00edr a r\u00faa para denunciar a grave situaci\u00f3n da sanidade &hellip;","og_url":"https:\/\/www.aguarda.es\/en\/o-baixo-mino-volve-sair-a-rua-para-denunciar-a-grave-situacion-da-sanidade-na-comarca\/","og_site_name":"Concello da Guarda","article_publisher":"https:\/\/www.facebook.com\/ConcellodaGuarda","article_published_time":"2022-01-14T12:14:30+00:00","og_image":[{"width":800,"height":424,"url":"https:\/\/www.aguarda.es\/wp-content\/uploads\/2022\/01\/Manifestaci\u00f3n-O-Rosal-3.jpg","type":"image\/jpeg"}],"author":"prensa","twitter_card":"summary_large_image","twitter_creator":"@AGuarda_es","twitter_site":"@AGuarda_es","twitter_misc":{"Written by":"prensa","Est. reading time":"3 minutes"},"schema":{"@context":"https:\/\/schema.org","@graph":[{"@type":"WebPage","@id":"https:\/\/www.aguarda.es\/en\/o-baixo-mino-volve-sair-a-rua-para-denunciar-a-grave-situacion-da-sanidade-na-comarca\/","url":"https:\/\/www.aguarda.es\/en\/o-baixo-mino-volve-sair-a-rua-para-denunciar-a-grave-situacion-da-sanidade-na-comarca\/","name":"O Baixo Mi\u00f1o volve sa\u00edr \u00e1 r\u00faa para denunciar a grave situaci\u00f3n da sanidade na comarca - Concello da Guarda","isPartOf":{"@id":"https:\/\/www.aguarda.es\/en\/#website"},"datePublished":"2022-01-14T12:14:30+00:00","dateModified":"2022-01-14T12:14:30+00:00","author":{"@id":"https:\/\/www.aguarda.es\/en\/#\/schema\/person\/c463ca3006858ffb349d11179d044f21"},"breadcrumb":{"@id":"https:\/\/www.aguarda.es\/en\/o-baixo-mino-volve-sair-a-rua-para-denunciar-a-grave-situacion-da-sanidade-na-comarca\/#breadcrumb"},"inLanguage":"en-US","potentialAction":[{"@type":"ReadAction","target":["https:\/\/www.aguarda.es\/en\/o-baixo-mino-volve-sair-a-rua-para-denunciar-a-grave-situacion-da-sanidade-na-comarca\/"]}]},{"@type":"BreadcrumbList","@id":"https:\/\/www.aguarda.es\/en\/o-baixo-mino-volve-sair-a-rua-para-denunciar-a-grave-situacion-da-sanidade-na-comarca\/#breadcrumb","itemListElement":[{"@type":"ListItem","position":1,"name":"Portada","item":"https:\/\/www.aguarda.es\/en\/"},{"@type":"ListItem","position":2,"name":"O Baixo Mi\u00f1o volve sa\u00edr \u00e1 r\u00faa para denunciar a grave situaci\u00f3n da sanidade na comarca"}]},{"@type":"WebSite","@id":"https:\/\/www.aguarda.es\/en\/#website","url":"https:\/\/www.aguarda.es\/en\/","name":"Concello da Guarda","description":"P\u00e1xina web do concello da Guarda","potentialAction":[{"@type":"SearchAction","target":{"@type":"EntryPoint","urlTemplate":"https:\/\/www.aguarda.es\/en\/?s={search_term_string}"},"query-input":"required name=search_term_string"}],"inLanguage":"en-US"},{"@type":"Person","@id":"https:\/\/www.aguarda.es\/en\/#\/schema\/person\/c463ca3006858ffb349d11179d044f21","name":"prensa","image":{"@type":"ImageObject","inLanguage":"en-US","@id":"https:\/\/www.aguarda.es\/en\/#\/schema\/person\/image\/","url":"https:\/\/secure.gravatar.com\/avatar\/5f90ef536b0f98306edf5c7a1135ffa1?s=96&d=mm&r=g","contentUrl":"https:\/\/secure.gravatar.com\/avatar\/5f90ef536b0f98306edf5c7a1135ffa1?s=96&d=mm&r=g","caption":"prensa"},"url":"https:\/\/www.aguarda.es\/en\/author\/prensa\/"}]}},"_links":{"self":[{"href":"https:\/\/www.aguarda.es\/en\/wp-json\/wp\/v2\/posts\/25201"}],"collection":[{"href":"https:\/\/www.aguarda.es\/en\/wp-json\/wp\/v2\/posts"}],"about":[{"href":"https:\/\/www.aguarda.es\/en\/wp-json\/wp\/v2\/types\/post"}],"author":[{"embeddable":true,"href":"https:\/\/www.aguarda.es\/en\/wp-json\/wp\/v2\/users\/2"}],"replies":[{"embeddable":true,"href":"https:\/\/www.aguarda.es\/en\/wp-json\/wp\/v2\/comments?post=25201"}],"version-history":[{"count":1,"href":"https:\/\/www.aguarda.es\/en\/wp-json\/wp\/v2\/posts\/25201\/revisions"}],"predecessor-version":[{"id":25204,"href":"https:\/\/www.aguarda.es\/en\/wp-json\/wp\/v2\/posts\/25201\/revisions\/25204"}],"wp:featuredmedia":[{"embeddable":true,"href":"https:\/\/www.aguarda.es\/en\/wp-json\/wp\/v2\/media\/25202"}],"wp:attachment":[{"href":"https:\/\/www.aguarda.es\/en\/wp-json\/wp\/v2\/media?parent=25201"}],"wp:term":[{"taxonomy":"category","embeddable":true,"href":"https:\/\/www.aguarda.es\/en\/wp-json\/wp\/v2\/categories?post=25201"},{"taxonomy":"post_tag","embeddable":true,"href":"https:\/\/www.aguarda.es\/en\/wp-json\/wp\/v2\/tags?post=25201"}],"curies":[{"name":"wp","href":"https:\/\/api.w.org\/{rel}","templated":true}]}}