{"id":25414,"date":"2022-02-22T12:29:10","date_gmt":"2022-02-22T12:29:10","guid":{"rendered":"https:\/\/www.aguarda.es\/?p=25414"},"modified":"2022-02-22T12:29:10","modified_gmt":"2022-02-22T12:29:10","slug":"continua-a-oferta-de-obradoiros-gratuitos-para-comercio-hostalaria-e-empresas","status":"publish","type":"post","link":"https:\/\/www.aguarda.es\/en\/continua-a-oferta-de-obradoiros-gratuitos-para-comercio-hostalaria-e-empresas\/","title":{"rendered":"Contin\u00faa a oferta de obradoiros gratu\u00edtos para comercio, hostalar\u00eda e empresas"},"content":{"rendered":"<p><strong>\u2022 Venta a trav\u00e9s das principais redes sociais e Venta online web e a trav\u00e9s de marketplaces son as propostas formativas que se ofertan entre febreiro e marzo.<\/strong><\/p>\n<p>O Concello da Guarda, a trav\u00e9s da Concellar\u00eda de Desenvolvemento Local contin\u00faa nos meses de febreiro e marzo coa oferta de obradoiros gratu\u00edtos dirixidos a comercio, hostaler\u00eda e empresas.<\/p>\n<p>Estes obradoiros est\u00e1n enmarcados na campa\u00f1a de apoio a o comercio local, iniciada xa no ano 2020 por mor da situaci\u00f3n sanitaria e que, a finais de 2021, propiciou a realizaci\u00f3n de dous obradoiros e que, nesta primeira parte de ano 2022, incl\u00faen un obradoiro para a realizaci\u00f3n de Plans de Marketing para Campa\u00f1as Comerciais(realizado xa o venres d\u00eda 18 de febreiro), outro sobre Venta a trav\u00e9s das principais redes sociais(previsto para o 4 de marzo) e un sobre venta online web e a trav\u00e9s de marketplaces(previsto para o 18 de marzo).<\/p>\n<p>O primeiro obradoiro do 2022 foi o de \u201cPlans de Marketing para Campa\u00f1as Comerciais\u201d, celebrado o pasado venres d\u00eda 18 de febreiro e onde os participantes tiveron a oportunidade de aprender cales son os pasos necesarios para actuar ante unha campa\u00f1a comercial elaborando un Plan de Marketing, porqu\u00e9 \u00e9 necesario facelo e cales son os seus beneficios, as\u00ed como os pasos a seguir para a s\u00faa correcta elaboraci\u00f3n, ferramentas e aplicaci\u00f3ns que axudan \u00e1 s\u00faa correcta execuci\u00f3n.<\/p>\n<p>O obradoiro sobre \u201cVentas a trav\u00e9s das principais redes sociais\u201d permitir\u00e1 co\u00f1ecer cales son as principais redes sociais do mercado que permiten a venda a trav\u00e9s das s\u00faas plataformas, cales son as s\u00faa vantaxes e desvantaxes e como \u00e9 o seu funcionamento. Ter\u00e1 lugar o venres 4 de marzo \u00e1s 20:30h na Sala de formaci\u00f3n no 1\u00ba andar do concello vello.<\/p>\n<p>O \u00faltimo obradoiro para esta primeira parte do ano 2022 versar\u00e1 sobre \u201cVenta online web e a trav\u00e9s de marketplaces\u201d, onde os participantes ampliar\u00e1n informaci\u00f3n sobre as diversas plataformas de venda multicanal existentes no mercado, empregando unha comparativa que axudar\u00e1 a elixir cal \u00e9 a m\u00e1is axeitada en funci\u00f3n de cada tipo de sector ou empresa, os seus custos e metodolox\u00edas de traballo. Ter\u00e1 lugar o venres 18 de marzo \u00e1s 20:30h na Sala de formaci\u00f3n no 1\u00ba andar do concello vello.<\/p>\n<p>Os obradoiros te\u00f1en unha duraci\u00f3n aproximada dunha hora e media e \u00e9 preciso unha inscrici\u00f3n previa chamando ao 986610000 ext.7 ou remitindo un correo electr\u00f3nico a informacion@aguarda.es, as prazas son limitadas.<\/p>\n","protected":false},"excerpt":{"rendered":"<p>\u2022 Venta a trav\u00e9s das principais redes sociais e Venta online web e a trav\u00e9s de marketplaces son as propostas formativas que se ofertan entre febreiro e marzo. O Concello da Guarda, a trav\u00e9s da Concellar\u00eda de Desenvolvemento Local contin\u00faa &hellip; <\/p>\n","protected":false},"author":2,"featured_media":25415,"comment_status":"open","ping_status":"open","sticky":false,"template":"","format":"standard","meta":[],"categories":[36],"tags":[580,1167,747,2411,1610,2691,369,1224],"yoast_head":"<!-- This site is optimized with the Yoast SEO plugin v21.1 - https:\/\/yoast.com\/wordpress\/plugins\/seo\/ -->\n<title>Contin\u00faa a oferta de obradoiros gratu\u00edtos para comercio, hostalar\u00eda e empresas - Concello da Guarda<\/title>\n<meta name=\"description\" content=\"Os obradoiros te\u00f1en unha duraci\u00f3n aproximada dunha hora e media e \u00e9 preciso unha inscrici\u00f3n previa chamando ao 986610000 ext.7 ou remitindo un correo electr\u00f3nico a informacion@aguarda.es, as prazas son limitadas.\" \/>\n<meta name=\"robots\" content=\"index, follow, max-snippet:-1, max-image-preview:large, max-video-preview:-1\" \/>\n<link rel=\"canonical\" href=\"https:\/\/www.aguarda.es\/en\/continua-a-oferta-de-obradoiros-gratuitos-para-comercio-hostalaria-e-empresas\/\" \/>\n<meta property=\"og:locale\" content=\"en_US\" \/>\n<meta property=\"og:type\" content=\"article\" \/>\n<meta property=\"og:title\" content=\"Contin\u00faa a oferta de obradoiros gratu\u00edtos para comercio, hostalar\u00eda e empresas - Concello da Guarda\" \/>\n<meta property=\"og:description\" content=\"Os obradoiros te\u00f1en unha duraci\u00f3n aproximada dunha hora e media e \u00e9 preciso unha inscrici\u00f3n previa chamando ao 986610000 ext.7 ou remitindo un correo electr\u00f3nico a informacion@aguarda.es, as prazas son limitadas.\" \/>\n<meta property=\"og:url\" content=\"https:\/\/www.aguarda.es\/en\/continua-a-oferta-de-obradoiros-gratuitos-para-comercio-hostalaria-e-empresas\/\" \/>\n<meta property=\"og:site_name\" content=\"Concello da Guarda\" \/>\n<meta property=\"article:publisher\" content=\"https:\/\/www.facebook.com\/ConcellodaGuarda\" \/>\n<meta property=\"article:published_time\" content=\"2022-02-22T12:29:10+00:00\" \/>\n<meta property=\"og:image\" content=\"https:\/\/www.aguarda.es\/wp-content\/uploads\/2022\/02\/Sin-titulo-1-2.jpg?_t=1645532950\" \/>\n\t<meta property=\"og:image:width\" content=\"800\" \/>\n\t<meta property=\"og:image:height\" content=\"566\" \/>\n\t<meta property=\"og:image:type\" content=\"image\/jpeg\" \/>\n<meta name=\"author\" content=\"prensa\" \/>\n<meta name=\"twitter:card\" content=\"summary_large_image\" \/>\n<meta name=\"twitter:creator\" content=\"@AGuarda_es\" \/>\n<meta name=\"twitter:site\" content=\"@AGuarda_es\" \/>\n<meta name=\"twitter:label1\" content=\"Written by\" \/>\n\t<meta name=\"twitter:data1\" content=\"prensa\" \/>\n\t<meta name=\"twitter:label2\" content=\"Est. reading time\" \/>\n\t<meta name=\"twitter:data2\" content=\"3 minutes\" \/>\n<script type=\"application\/ld+json\" class=\"yoast-schema-graph\">{\"@context\":\"https:\/\/schema.org\",\"@graph\":[{\"@type\":\"WebPage\",\"@id\":\"https:\/\/www.aguarda.es\/en\/continua-a-oferta-de-obradoiros-gratuitos-para-comercio-hostalaria-e-empresas\/\",\"url\":\"https:\/\/www.aguarda.es\/en\/continua-a-oferta-de-obradoiros-gratuitos-para-comercio-hostalaria-e-empresas\/\",\"name\":\"Contin\u00faa a oferta de obradoiros gratu\u00edtos para comercio, hostalar\u00eda e empresas - Concello da Guarda\",\"isPartOf\":{\"@id\":\"https:\/\/www.aguarda.es\/en\/#website\"},\"datePublished\":\"2022-02-22T12:29:10+00:00\",\"dateModified\":\"2022-02-22T12:29:10+00:00\",\"author\":{\"@id\":\"https:\/\/www.aguarda.es\/en\/#\/schema\/person\/c463ca3006858ffb349d11179d044f21\"},\"description\":\"Os obradoiros te\u00f1en unha duraci\u00f3n aproximada dunha hora e media e \u00e9 preciso unha inscrici\u00f3n previa chamando ao 986610000 ext.7 ou remitindo un correo electr\u00f3nico a informacion@aguarda.es, as prazas son limitadas.\",\"breadcrumb\":{\"@id\":\"https:\/\/www.aguarda.es\/en\/continua-a-oferta-de-obradoiros-gratuitos-para-comercio-hostalaria-e-empresas\/#breadcrumb\"},\"inLanguage\":\"en-US\",\"potentialAction\":[{\"@type\":\"ReadAction\",\"target\":[\"https:\/\/www.aguarda.es\/en\/continua-a-oferta-de-obradoiros-gratuitos-para-comercio-hostalaria-e-empresas\/\"]}]},{\"@type\":\"BreadcrumbList\",\"@id\":\"https:\/\/www.aguarda.es\/en\/continua-a-oferta-de-obradoiros-gratuitos-para-comercio-hostalaria-e-empresas\/#breadcrumb\",\"itemListElement\":[{\"@type\":\"ListItem\",\"position\":1,\"name\":\"Portada\",\"item\":\"https:\/\/www.aguarda.es\/en\/\"},{\"@type\":\"ListItem\",\"position\":2,\"name\":\"Contin\u00faa a oferta de obradoiros gratu\u00edtos para comercio, hostalar\u00eda e empresas\"}]},{\"@type\":\"WebSite\",\"@id\":\"https:\/\/www.aguarda.es\/en\/#website\",\"url\":\"https:\/\/www.aguarda.es\/en\/\",\"name\":\"Concello da Guarda\",\"description\":\"P\u00e1xina web do concello da Guarda\",\"potentialAction\":[{\"@type\":\"SearchAction\",\"target\":{\"@type\":\"EntryPoint\",\"urlTemplate\":\"https:\/\/www.aguarda.es\/en\/?s={search_term_string}\"},\"query-input\":\"required name=search_term_string\"}],\"inLanguage\":\"en-US\"},{\"@type\":\"Person\",\"@id\":\"https:\/\/www.aguarda.es\/en\/#\/schema\/person\/c463ca3006858ffb349d11179d044f21\",\"name\":\"prensa\",\"image\":{\"@type\":\"ImageObject\",\"inLanguage\":\"en-US\",\"@id\":\"https:\/\/www.aguarda.es\/en\/#\/schema\/person\/image\/\",\"url\":\"https:\/\/secure.gravatar.com\/avatar\/5f90ef536b0f98306edf5c7a1135ffa1?s=96&d=mm&r=g\",\"contentUrl\":\"https:\/\/secure.gravatar.com\/avatar\/5f90ef536b0f98306edf5c7a1135ffa1?s=96&d=mm&r=g\",\"caption\":\"prensa\"},\"url\":\"https:\/\/www.aguarda.es\/en\/author\/prensa\/\"}]}<\/script>\n<!-- \/ Yoast SEO plugin. -->","yoast_head_json":{"title":"Contin\u00faa a oferta de obradoiros gratu\u00edtos para comercio, hostalar\u00eda e empresas - Concello da Guarda","description":"Os obradoiros te\u00f1en unha duraci\u00f3n aproximada dunha hora e media e \u00e9 preciso unha inscrici\u00f3n previa chamando ao 986610000 ext.7 ou remitindo un correo electr\u00f3nico a informacion@aguarda.es, as prazas son limitadas.","robots":{"index":"index","follow":"follow","max-snippet":"max-snippet:-1","max-image-preview":"max-image-preview:large","max-video-preview":"max-video-preview:-1"},"canonical":"https:\/\/www.aguarda.es\/en\/continua-a-oferta-de-obradoiros-gratuitos-para-comercio-hostalaria-e-empresas\/","og_locale":"en_US","og_type":"article","og_title":"Contin\u00faa a oferta de obradoiros gratu\u00edtos para comercio, hostalar\u00eda e empresas - Concello da Guarda","og_description":"Os obradoiros te\u00f1en unha duraci\u00f3n aproximada dunha hora e media e \u00e9 preciso unha inscrici\u00f3n previa chamando ao 986610000 ext.7 ou remitindo un correo electr\u00f3nico a informacion@aguarda.es, as prazas son limitadas.","og_url":"https:\/\/www.aguarda.es\/en\/continua-a-oferta-de-obradoiros-gratuitos-para-comercio-hostalaria-e-empresas\/","og_site_name":"Concello da Guarda","article_publisher":"https:\/\/www.facebook.com\/ConcellodaGuarda","article_published_time":"2022-02-22T12:29:10+00:00","og_image":[{"width":800,"height":566,"url":"https:\/\/www.aguarda.es\/wp-content\/uploads\/2022\/02\/Sin-titulo-1-2.jpg?_t=1645532950","type":"image\/jpeg"}],"author":"prensa","twitter_card":"summary_large_image","twitter_creator":"@AGuarda_es","twitter_site":"@AGuarda_es","twitter_misc":{"Written by":"prensa","Est. reading time":"3 minutes"},"schema":{"@context":"https:\/\/schema.org","@graph":[{"@type":"WebPage","@id":"https:\/\/www.aguarda.es\/en\/continua-a-oferta-de-obradoiros-gratuitos-para-comercio-hostalaria-e-empresas\/","url":"https:\/\/www.aguarda.es\/en\/continua-a-oferta-de-obradoiros-gratuitos-para-comercio-hostalaria-e-empresas\/","name":"Contin\u00faa a oferta de obradoiros gratu\u00edtos para comercio, hostalar\u00eda e empresas - Concello da Guarda","isPartOf":{"@id":"https:\/\/www.aguarda.es\/en\/#website"},"datePublished":"2022-02-22T12:29:10+00:00","dateModified":"2022-02-22T12:29:10+00:00","author":{"@id":"https:\/\/www.aguarda.es\/en\/#\/schema\/person\/c463ca3006858ffb349d11179d044f21"},"description":"Os obradoiros te\u00f1en unha duraci\u00f3n aproximada dunha hora e media e \u00e9 preciso unha inscrici\u00f3n previa chamando ao 986610000 ext.7 ou remitindo un correo electr\u00f3nico a informacion@aguarda.es, as prazas son limitadas.","breadcrumb":{"@id":"https:\/\/www.aguarda.es\/en\/continua-a-oferta-de-obradoiros-gratuitos-para-comercio-hostalaria-e-empresas\/#breadcrumb"},"inLanguage":"en-US","potentialAction":[{"@type":"ReadAction","target":["https:\/\/www.aguarda.es\/en\/continua-a-oferta-de-obradoiros-gratuitos-para-comercio-hostalaria-e-empresas\/"]}]},{"@type":"BreadcrumbList","@id":"https:\/\/www.aguarda.es\/en\/continua-a-oferta-de-obradoiros-gratuitos-para-comercio-hostalaria-e-empresas\/#breadcrumb","itemListElement":[{"@type":"ListItem","position":1,"name":"Portada","item":"https:\/\/www.aguarda.es\/en\/"},{"@type":"ListItem","position":2,"name":"Contin\u00faa a oferta de obradoiros gratu\u00edtos para comercio, hostalar\u00eda e empresas"}]},{"@type":"WebSite","@id":"https:\/\/www.aguarda.es\/en\/#website","url":"https:\/\/www.aguarda.es\/en\/","name":"Concello da Guarda","description":"P\u00e1xina web do concello da Guarda","potentialAction":[{"@type":"SearchAction","target":{"@type":"EntryPoint","urlTemplate":"https:\/\/www.aguarda.es\/en\/?s={search_term_string}"},"query-input":"required name=search_term_string"}],"inLanguage":"en-US"},{"@type":"Person","@id":"https:\/\/www.aguarda.es\/en\/#\/schema\/person\/c463ca3006858ffb349d11179d044f21","name":"prensa","image":{"@type":"ImageObject","inLanguage":"en-US","@id":"https:\/\/www.aguarda.es\/en\/#\/schema\/person\/image\/","url":"https:\/\/secure.gravatar.com\/avatar\/5f90ef536b0f98306edf5c7a1135ffa1?s=96&d=mm&r=g","contentUrl":"https:\/\/secure.gravatar.com\/avatar\/5f90ef536b0f98306edf5c7a1135ffa1?s=96&d=mm&r=g","caption":"prensa"},"url":"https:\/\/www.aguarda.es\/en\/author\/prensa\/"}]}},"_links":{"self":[{"href":"https:\/\/www.aguarda.es\/en\/wp-json\/wp\/v2\/posts\/25414"}],"collection":[{"href":"https:\/\/www.aguarda.es\/en\/wp-json\/wp\/v2\/posts"}],"about":[{"href":"https:\/\/www.aguarda.es\/en\/wp-json\/wp\/v2\/types\/post"}],"author":[{"embeddable":true,"href":"https:\/\/www.aguarda.es\/en\/wp-json\/wp\/v2\/users\/2"}],"replies":[{"embeddable":true,"href":"https:\/\/www.aguarda.es\/en\/wp-json\/wp\/v2\/comments?post=25414"}],"version-history":[{"count":1,"href":"https:\/\/www.aguarda.es\/en\/wp-json\/wp\/v2\/posts\/25414\/revisions"}],"predecessor-version":[{"id":25417,"href":"https:\/\/www.aguarda.es\/en\/wp-json\/wp\/v2\/posts\/25414\/revisions\/25417"}],"wp:featuredmedia":[{"embeddable":true,"href":"https:\/\/www.aguarda.es\/en\/wp-json\/wp\/v2\/media\/25415"}],"wp:attachment":[{"href":"https:\/\/www.aguarda.es\/en\/wp-json\/wp\/v2\/media?parent=25414"}],"wp:term":[{"taxonomy":"category","embeddable":true,"href":"https:\/\/www.aguarda.es\/en\/wp-json\/wp\/v2\/categories?post=25414"},{"taxonomy":"post_tag","embeddable":true,"href":"https:\/\/www.aguarda.es\/en\/wp-json\/wp\/v2\/tags?post=25414"}],"curies":[{"name":"wp","href":"https:\/\/api.w.org\/{rel}","templated":true}]}}