{"id":2549,"date":"2017-02-16T09:43:02","date_gmt":"2017-02-16T09:43:02","guid":{"rendered":"https:\/\/www.aguarda.es\/?p=2549"},"modified":"2017-02-16T09:43:02","modified_gmt":"2017-02-16T09:43:02","slug":"continua-aberto-o-prazo-de-inscricion-para-o-desfile-concurso-do-entroido-guardes-2017-ata-o-22-de-febreiro","status":"publish","type":"post","link":"https:\/\/www.aguarda.es\/en\/continua-aberto-o-prazo-de-inscricion-para-o-desfile-concurso-do-entroido-guardes-2017-ata-o-22-de-febreiro\/","title":{"rendered":"Contin\u00faa aberto o prazo de inscrici\u00f3n para o Desfile-Concurso do Entroido guard\u00e9s 2017 ata o 22 de febreiro"},"content":{"rendered":"<p lang=\"gl-ES\"><span>Dende o vindeiro venres d\u00eda 24 e ata o martes 28 de febreiro, A Guarda entr\u00e9gase \u00e1 febre do Entroido cunha ampla programaci\u00f3n. O prato forte desta celebraci\u00f3n ser\u00e1 o Desfile-Concurso de Entroido, que ter\u00e1 lugar na tarde do martes 28 de febreiro.<\/span><\/p>\n<p>  <!--more-->  <\/p>\n<p lang=\"gl-ES\"><span><span>Dende o vindeiro venres d\u00eda 24 e ata o martes 28 de febreiro, A Guarda entr\u00e9gase \u00e1 febre do Entroido cunha ampla programaci\u00f3n. O prato forte desta celebraci\u00f3n ser\u00e1 o Desfile-Concurso de Entroido, que ter\u00e1 lugar na tarde do martes 28 de febreiro.<\/span><\/span><\/p>\n<p lang=\"gl-ES\"><span>\u00a0<\/span><\/p>\n<p lang=\"gl-ES\"><span>A sa\u00edda deste Desfile farase dende a Praza de San Bernardo (\u201cEsquina Famosa\u201d), \u00e1s 17&#8217;30 horas e o percorrido atravesar\u00e1 a r\u00faa Galicia e a avenida Rosal\u00eda de Castro, para rematar finalmente na Alameda. Os participantes deben presentarse entre as 16.30h. e as 17,15h. para colocarse nos seus postos, determinados pola Conceller\u00eda de Cultura.<\/span><\/p>\n<p lang=\"gl-ES\"><span>\u00a0<\/span><\/p>\n<p lang=\"gl-ES\"><span>O obxectivo deste evento \u00e9 manter a tradici\u00f3n local desta festa tradicional a trav\u00e9s da participaci\u00f3n de t\u00f3dolos veci\u00f1os da Guarda. Para isto, e tal e como recollen as bases do concurso, incl\u00faense cinco modalidades diferentes de participaci\u00f3n, e unha ampla variedade de premios.<\/span><\/p>\n<p lang=\"gl-ES\"><span>\u00a0<\/span><\/p>\n<p lang=\"gl-ES\"><span>Os interesados en participar en calquera das cinco modalidades (carrozas, comparsas, grupos, individual e parellas infantil, individual e parellas xuvenil-adulto) deber\u00e1n entregar cuberto o formulario anexo \u00e1s bases e a documentaci\u00f3n necesaria, ata o 22 de febreiro de 2017, en horario de 9 a 14h. de luns a venres, no Rexistro Xeral do Concello. Poder\u00e1n remitirse inscrici\u00f3ns por v\u00eda postal, selladas na oficina de Correos sobre o propio impreso de solicitude e acompa\u00f1adas da documentaci\u00f3n requerida, adiantando por fax a copia da solicitude sellada na oficina de Correos.<\/span><\/p>\n<p lang=\"gl-ES\"><span>\u00a0<\/span><\/p>\n<p lang=\"gl-ES\"><span>En canto aos premios, as categor\u00edas de comparsas e carrozas ter\u00e1n un primeiro e segundo premio cada unha, de 250\u20ac e 150\u20ac respectivamente. No resto de categor\u00edas haber\u00e1 seis premios cunha cont\u00eda que vai dende os 150 aos 30\u20ac. Ademais as 10 primeiras comparsas ou carrozas que se inscriban recibiran unha axuda de 200 euros e os nenos e nenas que participen ter\u00e1n un agasallo.<\/span><\/p>\n<p lang=\"gl-ES\"><span>\u00a0<\/span><\/p>\n<p lang=\"gl-ES\"><span>Dende a Conceller\u00eda de Cultura inv\u00edtase a t\u00f3dolos veci\u00f1os e veci\u00f1as a desfrutar de todo o Entroido, e en especial a participar (dentro ou f\u00f3ra de concurso) no desfile do martes 28, para compartir unha divertida celebraci\u00f3n chea de disfraces, m\u00fasica e moita troula.<\/span><\/p>\n","protected":false},"excerpt":{"rendered":"<p>Dende o vindeiro venres d\u00eda 24 e ata o martes 28 de febreiro, A Guarda entr\u00e9gase \u00e1 febre do Entroido cunha ampla programaci\u00f3n. O prato forte desta celebraci\u00f3n ser\u00e1 o Desfile-Concurso de Entroido, que ter\u00e1 lugar na tarde do martes &hellip; <\/p>\n","protected":false},"author":1,"featured_media":0,"comment_status":"open","ping_status":"open","sticky":false,"template":"","format":"standard","meta":[],"categories":[33],"tags":[],"yoast_head":"<!-- This site is optimized with the Yoast SEO plugin v21.1 - https:\/\/yoast.com\/wordpress\/plugins\/seo\/ -->\n<title>Contin\u00faa aberto o prazo de inscrici\u00f3n para o Desfile-Concurso do Entroido guard\u00e9s 2017 ata o 22 de febreiro - Concello da Guarda<\/title>\n<meta name=\"robots\" content=\"index, follow, max-snippet:-1, max-image-preview:large, max-video-preview:-1\" \/>\n<link rel=\"canonical\" href=\"https:\/\/www.aguarda.es\/en\/continua-aberto-o-prazo-de-inscricion-para-o-desfile-concurso-do-entroido-guardes-2017-ata-o-22-de-febreiro\/\" \/>\n<meta property=\"og:locale\" content=\"en_US\" \/>\n<meta property=\"og:type\" content=\"article\" \/>\n<meta property=\"og:title\" content=\"Contin\u00faa aberto o prazo de inscrici\u00f3n para o Desfile-Concurso do Entroido guard\u00e9s 2017 ata o 22 de febreiro - Concello da Guarda\" \/>\n<meta property=\"og:description\" content=\"Dende o vindeiro venres d\u00eda 24 e ata o martes 28 de febreiro, A Guarda entr\u00e9gase \u00e1 febre do Entroido cunha ampla programaci\u00f3n. O prato forte desta celebraci\u00f3n ser\u00e1 o Desfile-Concurso de Entroido, que ter\u00e1 lugar na tarde do martes &hellip;\" \/>\n<meta property=\"og:url\" content=\"https:\/\/www.aguarda.es\/en\/continua-aberto-o-prazo-de-inscricion-para-o-desfile-concurso-do-entroido-guardes-2017-ata-o-22-de-febreiro\/\" \/>\n<meta property=\"og:site_name\" content=\"Concello da Guarda\" \/>\n<meta property=\"article:publisher\" content=\"https:\/\/www.facebook.com\/ConcellodaGuarda\" \/>\n<meta property=\"article:published_time\" content=\"2017-02-16T09:43:02+00:00\" \/>\n<meta property=\"og:image\" content=\"https:\/\/www.aguarda.es\/wp-content\/uploads\/2017\/06\/escudo-full-2.jpg\" \/>\n\t<meta property=\"og:image:width\" content=\"1135\" \/>\n\t<meta property=\"og:image:height\" content=\"712\" \/>\n\t<meta property=\"og:image:type\" content=\"image\/jpeg\" \/>\n<meta name=\"author\" content=\"Concello\" \/>\n<meta name=\"twitter:card\" content=\"summary_large_image\" \/>\n<meta name=\"twitter:creator\" content=\"@AGuarda_es\" \/>\n<meta name=\"twitter:site\" content=\"@AGuarda_es\" \/>\n<meta name=\"twitter:label1\" content=\"Written by\" \/>\n\t<meta name=\"twitter:data1\" content=\"Concello\" \/>\n\t<meta name=\"twitter:label2\" content=\"Est. reading time\" \/>\n\t<meta name=\"twitter:data2\" content=\"2 minutes\" \/>\n<script type=\"application\/ld+json\" class=\"yoast-schema-graph\">{\"@context\":\"https:\/\/schema.org\",\"@graph\":[{\"@type\":\"WebPage\",\"@id\":\"https:\/\/www.aguarda.es\/en\/continua-aberto-o-prazo-de-inscricion-para-o-desfile-concurso-do-entroido-guardes-2017-ata-o-22-de-febreiro\/\",\"url\":\"https:\/\/www.aguarda.es\/en\/continua-aberto-o-prazo-de-inscricion-para-o-desfile-concurso-do-entroido-guardes-2017-ata-o-22-de-febreiro\/\",\"name\":\"Contin\u00faa aberto o prazo de inscrici\u00f3n para o Desfile-Concurso do Entroido guard\u00e9s 2017 ata o 22 de febreiro - Concello da Guarda\",\"isPartOf\":{\"@id\":\"https:\/\/www.aguarda.es\/en\/#website\"},\"datePublished\":\"2017-02-16T09:43:02+00:00\",\"dateModified\":\"2017-02-16T09:43:02+00:00\",\"author\":{\"@id\":\"https:\/\/www.aguarda.es\/en\/#\/schema\/person\/ac30f4d74843174f0af56c730f74dd57\"},\"breadcrumb\":{\"@id\":\"https:\/\/www.aguarda.es\/en\/continua-aberto-o-prazo-de-inscricion-para-o-desfile-concurso-do-entroido-guardes-2017-ata-o-22-de-febreiro\/#breadcrumb\"},\"inLanguage\":\"en-US\",\"potentialAction\":[{\"@type\":\"ReadAction\",\"target\":[\"https:\/\/www.aguarda.es\/en\/continua-aberto-o-prazo-de-inscricion-para-o-desfile-concurso-do-entroido-guardes-2017-ata-o-22-de-febreiro\/\"]}]},{\"@type\":\"BreadcrumbList\",\"@id\":\"https:\/\/www.aguarda.es\/en\/continua-aberto-o-prazo-de-inscricion-para-o-desfile-concurso-do-entroido-guardes-2017-ata-o-22-de-febreiro\/#breadcrumb\",\"itemListElement\":[{\"@type\":\"ListItem\",\"position\":1,\"name\":\"Portada\",\"item\":\"https:\/\/www.aguarda.es\/en\/\"},{\"@type\":\"ListItem\",\"position\":2,\"name\":\"Contin\u00faa aberto o prazo de inscrici\u00f3n para o Desfile-Concurso do Entroido guard\u00e9s 2017 ata o 22 de febreiro\"}]},{\"@type\":\"WebSite\",\"@id\":\"https:\/\/www.aguarda.es\/en\/#website\",\"url\":\"https:\/\/www.aguarda.es\/en\/\",\"name\":\"Concello da Guarda\",\"description\":\"P\u00e1xina web do concello da Guarda\",\"potentialAction\":[{\"@type\":\"SearchAction\",\"target\":{\"@type\":\"EntryPoint\",\"urlTemplate\":\"https:\/\/www.aguarda.es\/en\/?s={search_term_string}\"},\"query-input\":\"required name=search_term_string\"}],\"inLanguage\":\"en-US\"},{\"@type\":\"Person\",\"@id\":\"https:\/\/www.aguarda.es\/en\/#\/schema\/person\/ac30f4d74843174f0af56c730f74dd57\",\"name\":\"Concello\",\"image\":{\"@type\":\"ImageObject\",\"inLanguage\":\"en-US\",\"@id\":\"https:\/\/www.aguarda.es\/en\/#\/schema\/person\/image\/\",\"url\":\"https:\/\/secure.gravatar.com\/avatar\/7eda12a04da40b2ef77eb62e68f07027?s=96&d=mm&r=g\",\"contentUrl\":\"https:\/\/secure.gravatar.com\/avatar\/7eda12a04da40b2ef77eb62e68f07027?s=96&d=mm&r=g\",\"caption\":\"Concello\"},\"url\":\"https:\/\/www.aguarda.es\/en\/author\/admin\/\"}]}<\/script>\n<!-- \/ Yoast SEO plugin. -->","yoast_head_json":{"title":"Contin\u00faa aberto o prazo de inscrici\u00f3n para o Desfile-Concurso do Entroido guard\u00e9s 2017 ata o 22 de febreiro - Concello da Guarda","robots":{"index":"index","follow":"follow","max-snippet":"max-snippet:-1","max-image-preview":"max-image-preview:large","max-video-preview":"max-video-preview:-1"},"canonical":"https:\/\/www.aguarda.es\/en\/continua-aberto-o-prazo-de-inscricion-para-o-desfile-concurso-do-entroido-guardes-2017-ata-o-22-de-febreiro\/","og_locale":"en_US","og_type":"article","og_title":"Contin\u00faa aberto o prazo de inscrici\u00f3n para o Desfile-Concurso do Entroido guard\u00e9s 2017 ata o 22 de febreiro - Concello da Guarda","og_description":"Dende o vindeiro venres d\u00eda 24 e ata o martes 28 de febreiro, A Guarda entr\u00e9gase \u00e1 febre do Entroido cunha ampla programaci\u00f3n. O prato forte desta celebraci\u00f3n ser\u00e1 o Desfile-Concurso de Entroido, que ter\u00e1 lugar na tarde do martes &hellip;","og_url":"https:\/\/www.aguarda.es\/en\/continua-aberto-o-prazo-de-inscricion-para-o-desfile-concurso-do-entroido-guardes-2017-ata-o-22-de-febreiro\/","og_site_name":"Concello da Guarda","article_publisher":"https:\/\/www.facebook.com\/ConcellodaGuarda","article_published_time":"2017-02-16T09:43:02+00:00","og_image":[{"width":1135,"height":712,"url":"https:\/\/www.aguarda.es\/wp-content\/uploads\/2017\/06\/escudo-full-2.jpg","type":"image\/jpeg"}],"author":"Concello","twitter_card":"summary_large_image","twitter_creator":"@AGuarda_es","twitter_site":"@AGuarda_es","twitter_misc":{"Written by":"Concello","Est. reading time":"2 minutes"},"schema":{"@context":"https:\/\/schema.org","@graph":[{"@type":"WebPage","@id":"https:\/\/www.aguarda.es\/en\/continua-aberto-o-prazo-de-inscricion-para-o-desfile-concurso-do-entroido-guardes-2017-ata-o-22-de-febreiro\/","url":"https:\/\/www.aguarda.es\/en\/continua-aberto-o-prazo-de-inscricion-para-o-desfile-concurso-do-entroido-guardes-2017-ata-o-22-de-febreiro\/","name":"Contin\u00faa aberto o prazo de inscrici\u00f3n para o Desfile-Concurso do Entroido guard\u00e9s 2017 ata o 22 de febreiro - Concello da Guarda","isPartOf":{"@id":"https:\/\/www.aguarda.es\/en\/#website"},"datePublished":"2017-02-16T09:43:02+00:00","dateModified":"2017-02-16T09:43:02+00:00","author":{"@id":"https:\/\/www.aguarda.es\/en\/#\/schema\/person\/ac30f4d74843174f0af56c730f74dd57"},"breadcrumb":{"@id":"https:\/\/www.aguarda.es\/en\/continua-aberto-o-prazo-de-inscricion-para-o-desfile-concurso-do-entroido-guardes-2017-ata-o-22-de-febreiro\/#breadcrumb"},"inLanguage":"en-US","potentialAction":[{"@type":"ReadAction","target":["https:\/\/www.aguarda.es\/en\/continua-aberto-o-prazo-de-inscricion-para-o-desfile-concurso-do-entroido-guardes-2017-ata-o-22-de-febreiro\/"]}]},{"@type":"BreadcrumbList","@id":"https:\/\/www.aguarda.es\/en\/continua-aberto-o-prazo-de-inscricion-para-o-desfile-concurso-do-entroido-guardes-2017-ata-o-22-de-febreiro\/#breadcrumb","itemListElement":[{"@type":"ListItem","position":1,"name":"Portada","item":"https:\/\/www.aguarda.es\/en\/"},{"@type":"ListItem","position":2,"name":"Contin\u00faa aberto o prazo de inscrici\u00f3n para o Desfile-Concurso do Entroido guard\u00e9s 2017 ata o 22 de febreiro"}]},{"@type":"WebSite","@id":"https:\/\/www.aguarda.es\/en\/#website","url":"https:\/\/www.aguarda.es\/en\/","name":"Concello da Guarda","description":"P\u00e1xina web do concello da Guarda","potentialAction":[{"@type":"SearchAction","target":{"@type":"EntryPoint","urlTemplate":"https:\/\/www.aguarda.es\/en\/?s={search_term_string}"},"query-input":"required name=search_term_string"}],"inLanguage":"en-US"},{"@type":"Person","@id":"https:\/\/www.aguarda.es\/en\/#\/schema\/person\/ac30f4d74843174f0af56c730f74dd57","name":"Concello","image":{"@type":"ImageObject","inLanguage":"en-US","@id":"https:\/\/www.aguarda.es\/en\/#\/schema\/person\/image\/","url":"https:\/\/secure.gravatar.com\/avatar\/7eda12a04da40b2ef77eb62e68f07027?s=96&d=mm&r=g","contentUrl":"https:\/\/secure.gravatar.com\/avatar\/7eda12a04da40b2ef77eb62e68f07027?s=96&d=mm&r=g","caption":"Concello"},"url":"https:\/\/www.aguarda.es\/en\/author\/admin\/"}]}},"_links":{"self":[{"href":"https:\/\/www.aguarda.es\/en\/wp-json\/wp\/v2\/posts\/2549"}],"collection":[{"href":"https:\/\/www.aguarda.es\/en\/wp-json\/wp\/v2\/posts"}],"about":[{"href":"https:\/\/www.aguarda.es\/en\/wp-json\/wp\/v2\/types\/post"}],"author":[{"embeddable":true,"href":"https:\/\/www.aguarda.es\/en\/wp-json\/wp\/v2\/users\/1"}],"replies":[{"embeddable":true,"href":"https:\/\/www.aguarda.es\/en\/wp-json\/wp\/v2\/comments?post=2549"}],"version-history":[{"count":0,"href":"https:\/\/www.aguarda.es\/en\/wp-json\/wp\/v2\/posts\/2549\/revisions"}],"wp:attachment":[{"href":"https:\/\/www.aguarda.es\/en\/wp-json\/wp\/v2\/media?parent=2549"}],"wp:term":[{"taxonomy":"category","embeddable":true,"href":"https:\/\/www.aguarda.es\/en\/wp-json\/wp\/v2\/categories?post=2549"},{"taxonomy":"post_tag","embeddable":true,"href":"https:\/\/www.aguarda.es\/en\/wp-json\/wp\/v2\/tags?post=2549"}],"curies":[{"name":"wp","href":"https:\/\/api.w.org\/{rel}","templated":true}]}}