{"id":25512,"date":"2022-03-08T13:33:43","date_gmt":"2022-03-08T13:33:43","guid":{"rendered":"https:\/\/www.aguarda.es\/?p=25512"},"modified":"2022-03-08T13:33:43","modified_gmt":"2022-03-08T13:33:43","slug":"lectura-dun-manifesto-e-teatro-para-conmemorar-o-8m-na-guarda","status":"publish","type":"post","link":"https:\/\/www.aguarda.es\/en\/lectura-dun-manifesto-e-teatro-para-conmemorar-o-8m-na-guarda\/","title":{"rendered":"Lectura dun manifesto e teatro para conmemorar o 8M na Guarda"},"content":{"rendered":"<p>O Concello da Guarda programa este ano diversas actividades para conmemorar o 8M baixo \u201cSemente de Igualdade\u201d, unha campa\u00f1a na que incl\u00faen as acci\u00f3ns polo D\u00eda Internacional da Muller con teatro, actividades educativas nos centros escolares do municipio, un escape room, charlas, entre outras.<br \/>\nAs actividades arrancaron na xornada deste martes d\u00eda 8 de marzo \u00e1s 12:30h no Sal\u00f3n de Actos do Centro Cultural, onde tivo lugar a lectura dun manifesto por parte da Concelleira F\u00e1tima Rodr\u00edguez, seguido dunhas verbas sobre a historia do 8M a cargo da alumna Tecla Baz e un emotivo discurso a cargo do Alcalde da Guarda, Antonio Lomba, onde se puxo en valor o papel da muller para cambiar o mundo.<br \/>\nPara continuar estes actos tivo lugar a representaci\u00f3n teatral \u201cSUBTERR\u00c1NEA\u201d da actriz M\u00f3nica Sueiro. \u201cSubterr\u00e1nea\u201d \u00e9 unha acci\u00f3n esc\u00e9nica que reivindica e visibiliza a figura de moitas artistas da pintura que foron silenciadas ao longo da historia. A\u00ednda que algunhas conseguiron acadar o reco\u00f1ecemento da \u00e9poca, tras sortear moitos obst\u00e1culos para destacar nun mundo reservado aos homes, remataron no obstracismo e afastadas dos manuais de historia da arte. Para a maior\u00eda son unhas desco\u00f1ecidas. Levan demasiado tempo habitando en territorio INVISIBLE.<br \/>\nSubterr\u00e1nea \u00e9 unha met\u00e1fora das mulleres que collen forzas para reafirmarse, que non renuncian a si mesmas e pelexan por sa\u00edr \u00e1 luz.<br \/>\nAo acto acudiron alumnos dos centro educativos da vila as\u00ed coma representantes da corporaci\u00f3n municipal.<br \/>\nA fachada da Casa do Concello est\u00e1 xa iluminada de cor morada e colocouse unha pancarta conmemorativa polo D\u00eda Internacional da Muller.<br \/>\nO xoves d\u00eda 10 de marzo no IES A Sangri\u00f1a coa intenci\u00f3n de darlle continuidade \u00e1 colaboraci\u00f3n que se iniciou o ano pasado co Centro CIFP de Hostalar\u00eda e Turismo Carlos Oroza de Pontevedra, coa actividade que levou por t\u00edtulo &#8220;Mulleres Galegas. Donas de seu&#8221; dirixida ao alumnado de 1\u00ba de BACH do IES A Sangri\u00f1a.<br \/>\nEste ano 2022 , o alumnado do ciclo Superior de Gu\u00edas, Informaci\u00f3n e Asistencia Tur\u00edstica, coordinados pola s\u00faa profesora Tina Otero, queren compartir co alumnado de 2\u00ba de BACH da especialidade de Arte e Humanidades do IES A Sangri\u00f1a, a actividade que leva por t\u00edtulo &#8220;Arte para todas e con todas&#8221;.<br \/>\nEsta actividade consiste en convidar ao alumnado a viaxar por museos de todo o mundo da man de obras de arte (escultura e pintura) cunha narrativa feminina.<br \/>\nPara a xornada do venres d\u00eda 11 de marzo \u00e1s 20:00h est\u00e1 prevista a proxecci\u00f3n no Centro Cultural do filme Mar\u00eda Solinha coa presenza do Director Ignacio Vilar. O filme \u00e9 unha reconstruci\u00f3n da historia de Mar\u00eda Solinha, acusada de bruxer\u00eda e queimada pola Inquisici\u00f3n no s\u00e9culo XVII. A protagonista sofre, no s\u00e9culo XXI, os ecos da agresi\u00f3n que sufriu Mar\u00eda Solinha no s\u00e9culo XVII. A pel\u00edcula fala da intolerancia e da violencia do mundo patriarcal, da represi\u00f3n da carne e da mente. Reserva de entradas de balde en <a href=\"https:\/\/www.eventbrite.es\/e\/entradas-cinema-maria-solinha-277554913217\">https:\/\/www.eventbrite.es\/e\/entradas-cinema-maria-solinha-277554913217<\/a><\/p>\n<p>Continuando coas actividades propostas este ano o venres d\u00eda 18 de marzo \u00e1s 20:30 h, o Centro Cultural da Guarda acolle a representaci\u00f3n teatral da obra TAB\u00da da Compa\u00f1\u00eda Tarabela Creativa. &#8220;Tab\u00fa&#8221; \u00e9 o espect\u00e1culo de Carmen Conde, que nace froito das conversas recollidas con mulleres de entre 70 e 95 anos no Valmi\u00f1or, o Morrazo, o Courel, a Mari\u00f1a Lucense, a Costa da Morte e o Couto Mixto sobre a s\u00faa vida er\u00f3tica e sexual de xuventude.<br \/>\nUn show de narraci\u00f3n oral coa misi\u00f3n de transmitir as historias de confusi\u00f3n, segredismo, amor, picaresca e sexualidade (a m\u00e1is cruel e a m\u00e1is desexada) das mulleres que son cimento da nosa terra, as que poden explicar o que somos agora n\u00f3s: fillas do Tab\u00fa.<\/p>\n<p>As actividades estenderanse ao mes de abril, deste xeito o s\u00e1bado 2 de abril \u00e1s 17:00h, ter\u00e1 lugar o ESCAPE ROOM de Igualdade, polas r\u00faas da Guarda, dirixido a p\u00fablico familiar.<\/p>\n<p>Os Centros escolares do municipio participar\u00e1n este ano nas conmemoraci\u00f3ns do 8M recibindo c\u00edrculos con frases ou palabras en prol da Igualdade real entre mulleres e homes, participar\u00e1n tam\u00e9n nunha charla que contar\u00e1 coa intervenci\u00f3n de Amelia Tiganus.<br \/>\nO m\u00e9rcores d\u00eda 27 de abril pola ma\u00f1\u00e1, ter\u00e1 lugar unha charla a cargo de Amelia Tiganus, dirixida ao alumnado de Bacharelato e Ciclos de F.P do IES A Sangri\u00f1a e o xoves 28 de abril, \u00e1s 19:30h o Centro Cultural acoller\u00e1 unha segunda charla de Amelia Tiganus, dirixida ao p\u00fablico en xeral onde nos falar\u00e1 do seu libro\u201d La revuelta de las Putas\u201d.<br \/>\nAmelia Tiganus \u00e9 una activista feminista abolicionista , nada o 11 de marzo de 1984 en Galati, Ruman\u00eda. Vive en Euskadi, a s\u00faa xanela ao mundo desde a que puido reconstru\u00edr a s\u00faa vida e renacer despois de ter sido explotada sexualmente durante cinco a\u00f1os no Estado espa\u00f1ol.<br \/>\nPublicou varios artigos, un c\u00f3mic titulado \u201c Amelia, historia de una lucha\u201d coa intenci\u00f3n de chegar \u00e1 poboaci\u00f3n m\u00e1is nova e acaba de publicar &#8216;La revuelta de las putas&#8217; e \u00e9 formadora en varios cursos e obradoiros de sensibilizaci\u00f3n e prevenci\u00f3n da trata e a prostituci\u00f3n.<br \/>\nDas s\u00faas aparici\u00f3ns nos medios de comunicaci\u00f3n, destaca a s\u00faa intervenci\u00f3n no programa Salvados \u2013 Las invisibles , un programa de m\u00e1xima audiencia da Sexta &#8211; onde foi entrevistada en profundidade polo xornalista Jordi \u00c9vole e na cadena SER no programa de Aimar Bretos \u201c Hora 25\u201d entre moitas outras intervenci\u00f3ns p\u00fablicas.<br \/>\nTiganus deixa claro que: \u00abNon podemos falar de igualdade entre homes e mulleres, nin de xustiza social, nin da sociedade do bo trato mentres exista unha soa muller no mundo explotada sexualmente\u00bb.<br \/>\nTen varios reco\u00f1ecementos, entre eles, O Reco\u00f1ecemento do Ministerio de la Presidencia, Relaciones con las Cortes e Igualdade a persoas e instituci\u00f3ns cuxa labor na erradicaci\u00f3n da violencia contra as mulleres destacou especialmente. Categor\u00eda &#8220;Superaci\u00f3n&#8221;.<\/p>\n<p>Estase traballando no dese\u00f1o dun roteiro e unha andaina coa finalidade de visibilizar e p\u00f3r en valor o importante papel das mulleres guardesas<br \/>\nAs actividades programadas est\u00e1n subvencionadas polo Pacto de Estado contra a Violencia de X\u00e9nero do Ministerio de Igualdade<\/p>\n","protected":false},"excerpt":{"rendered":"<p>O Concello da Guarda programa este ano diversas actividades para conmemorar o 8M baixo \u201cSemente de Igualdade\u201d, unha campa\u00f1a na que incl\u00faen as acci\u00f3ns polo D\u00eda Internacional da Muller con teatro, actividades educativas nos centros escolares do municipio, un escape &hellip; <\/p>\n","protected":false},"author":2,"featured_media":25513,"comment_status":"open","ping_status":"open","sticky":false,"template":"","format":"standard","meta":[],"categories":[41],"tags":[998,226,1687,1238,2215,634],"yoast_head":"<!-- This site is optimized with the Yoast SEO plugin v21.1 - https:\/\/yoast.com\/wordpress\/plugins\/seo\/ -->\n<title>Lectura dun manifesto e teatro para conmemorar o 8M na Guarda - Concello da Guarda<\/title>\n<meta name=\"robots\" content=\"index, follow, max-snippet:-1, max-image-preview:large, max-video-preview:-1\" \/>\n<link rel=\"canonical\" href=\"https:\/\/www.aguarda.es\/en\/lectura-dun-manifesto-e-teatro-para-conmemorar-o-8m-na-guarda\/\" \/>\n<meta property=\"og:locale\" content=\"en_US\" \/>\n<meta property=\"og:type\" content=\"article\" \/>\n<meta property=\"og:title\" content=\"Lectura dun manifesto e teatro para conmemorar o 8M na Guarda - Concello da Guarda\" \/>\n<meta property=\"og:description\" content=\"O Concello da Guarda programa este ano diversas actividades para conmemorar o 8M baixo \u201cSemente de Igualdade\u201d, unha campa\u00f1a na que incl\u00faen as acci\u00f3ns polo D\u00eda Internacional da Muller con teatro, actividades educativas nos centros escolares do municipio, un escape &hellip;\" \/>\n<meta property=\"og:url\" content=\"https:\/\/www.aguarda.es\/en\/lectura-dun-manifesto-e-teatro-para-conmemorar-o-8m-na-guarda\/\" \/>\n<meta property=\"og:site_name\" content=\"Concello da Guarda\" \/>\n<meta property=\"article:publisher\" content=\"https:\/\/www.facebook.com\/ConcellodaGuarda\" \/>\n<meta property=\"article:published_time\" content=\"2022-03-08T13:33:43+00:00\" \/>\n<meta property=\"og:image\" content=\"https:\/\/www.aguarda.es\/wp-content\/uploads\/2022\/03\/NP-08032022-ACTO-8M.jpg?_t=1646746424\" \/>\n\t<meta property=\"og:image:width\" content=\"827\" \/>\n\t<meta property=\"og:image:height\" content=\"827\" \/>\n\t<meta property=\"og:image:type\" content=\"image\/jpeg\" \/>\n<meta name=\"author\" content=\"prensa\" \/>\n<meta name=\"twitter:card\" content=\"summary_large_image\" \/>\n<meta name=\"twitter:creator\" content=\"@AGuarda_es\" \/>\n<meta name=\"twitter:site\" content=\"@AGuarda_es\" \/>\n<meta name=\"twitter:label1\" content=\"Written by\" \/>\n\t<meta name=\"twitter:data1\" content=\"prensa\" \/>\n\t<meta name=\"twitter:label2\" content=\"Est. reading time\" \/>\n\t<meta name=\"twitter:data2\" content=\"6 minutes\" \/>\n<script type=\"application\/ld+json\" class=\"yoast-schema-graph\">{\"@context\":\"https:\/\/schema.org\",\"@graph\":[{\"@type\":\"WebPage\",\"@id\":\"https:\/\/www.aguarda.es\/en\/lectura-dun-manifesto-e-teatro-para-conmemorar-o-8m-na-guarda\/\",\"url\":\"https:\/\/www.aguarda.es\/en\/lectura-dun-manifesto-e-teatro-para-conmemorar-o-8m-na-guarda\/\",\"name\":\"Lectura dun manifesto e teatro para conmemorar o 8M na Guarda - Concello da Guarda\",\"isPartOf\":{\"@id\":\"https:\/\/www.aguarda.es\/en\/#website\"},\"datePublished\":\"2022-03-08T13:33:43+00:00\",\"dateModified\":\"2022-03-08T13:33:43+00:00\",\"author\":{\"@id\":\"https:\/\/www.aguarda.es\/en\/#\/schema\/person\/c463ca3006858ffb349d11179d044f21\"},\"breadcrumb\":{\"@id\":\"https:\/\/www.aguarda.es\/en\/lectura-dun-manifesto-e-teatro-para-conmemorar-o-8m-na-guarda\/#breadcrumb\"},\"inLanguage\":\"en-US\",\"potentialAction\":[{\"@type\":\"ReadAction\",\"target\":[\"https:\/\/www.aguarda.es\/en\/lectura-dun-manifesto-e-teatro-para-conmemorar-o-8m-na-guarda\/\"]}]},{\"@type\":\"BreadcrumbList\",\"@id\":\"https:\/\/www.aguarda.es\/en\/lectura-dun-manifesto-e-teatro-para-conmemorar-o-8m-na-guarda\/#breadcrumb\",\"itemListElement\":[{\"@type\":\"ListItem\",\"position\":1,\"name\":\"Portada\",\"item\":\"https:\/\/www.aguarda.es\/en\/\"},{\"@type\":\"ListItem\",\"position\":2,\"name\":\"Lectura dun manifesto e teatro para conmemorar o 8M na Guarda\"}]},{\"@type\":\"WebSite\",\"@id\":\"https:\/\/www.aguarda.es\/en\/#website\",\"url\":\"https:\/\/www.aguarda.es\/en\/\",\"name\":\"Concello da Guarda\",\"description\":\"P\u00e1xina web do concello da Guarda\",\"potentialAction\":[{\"@type\":\"SearchAction\",\"target\":{\"@type\":\"EntryPoint\",\"urlTemplate\":\"https:\/\/www.aguarda.es\/en\/?s={search_term_string}\"},\"query-input\":\"required name=search_term_string\"}],\"inLanguage\":\"en-US\"},{\"@type\":\"Person\",\"@id\":\"https:\/\/www.aguarda.es\/en\/#\/schema\/person\/c463ca3006858ffb349d11179d044f21\",\"name\":\"prensa\",\"image\":{\"@type\":\"ImageObject\",\"inLanguage\":\"en-US\",\"@id\":\"https:\/\/www.aguarda.es\/en\/#\/schema\/person\/image\/\",\"url\":\"https:\/\/secure.gravatar.com\/avatar\/5f90ef536b0f98306edf5c7a1135ffa1?s=96&d=mm&r=g\",\"contentUrl\":\"https:\/\/secure.gravatar.com\/avatar\/5f90ef536b0f98306edf5c7a1135ffa1?s=96&d=mm&r=g\",\"caption\":\"prensa\"},\"url\":\"https:\/\/www.aguarda.es\/en\/author\/prensa\/\"}]}<\/script>\n<!-- \/ Yoast SEO plugin. -->","yoast_head_json":{"title":"Lectura dun manifesto e teatro para conmemorar o 8M na Guarda - Concello da Guarda","robots":{"index":"index","follow":"follow","max-snippet":"max-snippet:-1","max-image-preview":"max-image-preview:large","max-video-preview":"max-video-preview:-1"},"canonical":"https:\/\/www.aguarda.es\/en\/lectura-dun-manifesto-e-teatro-para-conmemorar-o-8m-na-guarda\/","og_locale":"en_US","og_type":"article","og_title":"Lectura dun manifesto e teatro para conmemorar o 8M na Guarda - Concello da Guarda","og_description":"O Concello da Guarda programa este ano diversas actividades para conmemorar o 8M baixo \u201cSemente de Igualdade\u201d, unha campa\u00f1a na que incl\u00faen as acci\u00f3ns polo D\u00eda Internacional da Muller con teatro, actividades educativas nos centros escolares do municipio, un escape &hellip;","og_url":"https:\/\/www.aguarda.es\/en\/lectura-dun-manifesto-e-teatro-para-conmemorar-o-8m-na-guarda\/","og_site_name":"Concello da Guarda","article_publisher":"https:\/\/www.facebook.com\/ConcellodaGuarda","article_published_time":"2022-03-08T13:33:43+00:00","og_image":[{"width":827,"height":827,"url":"https:\/\/www.aguarda.es\/wp-content\/uploads\/2022\/03\/NP-08032022-ACTO-8M.jpg?_t=1646746424","type":"image\/jpeg"}],"author":"prensa","twitter_card":"summary_large_image","twitter_creator":"@AGuarda_es","twitter_site":"@AGuarda_es","twitter_misc":{"Written by":"prensa","Est. reading time":"6 minutes"},"schema":{"@context":"https:\/\/schema.org","@graph":[{"@type":"WebPage","@id":"https:\/\/www.aguarda.es\/en\/lectura-dun-manifesto-e-teatro-para-conmemorar-o-8m-na-guarda\/","url":"https:\/\/www.aguarda.es\/en\/lectura-dun-manifesto-e-teatro-para-conmemorar-o-8m-na-guarda\/","name":"Lectura dun manifesto e teatro para conmemorar o 8M na Guarda - Concello da Guarda","isPartOf":{"@id":"https:\/\/www.aguarda.es\/en\/#website"},"datePublished":"2022-03-08T13:33:43+00:00","dateModified":"2022-03-08T13:33:43+00:00","author":{"@id":"https:\/\/www.aguarda.es\/en\/#\/schema\/person\/c463ca3006858ffb349d11179d044f21"},"breadcrumb":{"@id":"https:\/\/www.aguarda.es\/en\/lectura-dun-manifesto-e-teatro-para-conmemorar-o-8m-na-guarda\/#breadcrumb"},"inLanguage":"en-US","potentialAction":[{"@type":"ReadAction","target":["https:\/\/www.aguarda.es\/en\/lectura-dun-manifesto-e-teatro-para-conmemorar-o-8m-na-guarda\/"]}]},{"@type":"BreadcrumbList","@id":"https:\/\/www.aguarda.es\/en\/lectura-dun-manifesto-e-teatro-para-conmemorar-o-8m-na-guarda\/#breadcrumb","itemListElement":[{"@type":"ListItem","position":1,"name":"Portada","item":"https:\/\/www.aguarda.es\/en\/"},{"@type":"ListItem","position":2,"name":"Lectura dun manifesto e teatro para conmemorar o 8M na Guarda"}]},{"@type":"WebSite","@id":"https:\/\/www.aguarda.es\/en\/#website","url":"https:\/\/www.aguarda.es\/en\/","name":"Concello da Guarda","description":"P\u00e1xina web do concello da Guarda","potentialAction":[{"@type":"SearchAction","target":{"@type":"EntryPoint","urlTemplate":"https:\/\/www.aguarda.es\/en\/?s={search_term_string}"},"query-input":"required name=search_term_string"}],"inLanguage":"en-US"},{"@type":"Person","@id":"https:\/\/www.aguarda.es\/en\/#\/schema\/person\/c463ca3006858ffb349d11179d044f21","name":"prensa","image":{"@type":"ImageObject","inLanguage":"en-US","@id":"https:\/\/www.aguarda.es\/en\/#\/schema\/person\/image\/","url":"https:\/\/secure.gravatar.com\/avatar\/5f90ef536b0f98306edf5c7a1135ffa1?s=96&d=mm&r=g","contentUrl":"https:\/\/secure.gravatar.com\/avatar\/5f90ef536b0f98306edf5c7a1135ffa1?s=96&d=mm&r=g","caption":"prensa"},"url":"https:\/\/www.aguarda.es\/en\/author\/prensa\/"}]}},"_links":{"self":[{"href":"https:\/\/www.aguarda.es\/en\/wp-json\/wp\/v2\/posts\/25512"}],"collection":[{"href":"https:\/\/www.aguarda.es\/en\/wp-json\/wp\/v2\/posts"}],"about":[{"href":"https:\/\/www.aguarda.es\/en\/wp-json\/wp\/v2\/types\/post"}],"author":[{"embeddable":true,"href":"https:\/\/www.aguarda.es\/en\/wp-json\/wp\/v2\/users\/2"}],"replies":[{"embeddable":true,"href":"https:\/\/www.aguarda.es\/en\/wp-json\/wp\/v2\/comments?post=25512"}],"version-history":[{"count":1,"href":"https:\/\/www.aguarda.es\/en\/wp-json\/wp\/v2\/posts\/25512\/revisions"}],"predecessor-version":[{"id":25515,"href":"https:\/\/www.aguarda.es\/en\/wp-json\/wp\/v2\/posts\/25512\/revisions\/25515"}],"wp:featuredmedia":[{"embeddable":true,"href":"https:\/\/www.aguarda.es\/en\/wp-json\/wp\/v2\/media\/25513"}],"wp:attachment":[{"href":"https:\/\/www.aguarda.es\/en\/wp-json\/wp\/v2\/media?parent=25512"}],"wp:term":[{"taxonomy":"category","embeddable":true,"href":"https:\/\/www.aguarda.es\/en\/wp-json\/wp\/v2\/categories?post=25512"},{"taxonomy":"post_tag","embeddable":true,"href":"https:\/\/www.aguarda.es\/en\/wp-json\/wp\/v2\/tags?post=25512"}],"curies":[{"name":"wp","href":"https:\/\/api.w.org\/{rel}","templated":true}]}}