{"id":25560,"date":"2022-03-14T16:39:22","date_gmt":"2022-03-14T16:39:22","guid":{"rendered":"https:\/\/www.aguarda.es\/?p=25560"},"modified":"2022-03-14T16:39:22","modified_gmt":"2022-03-14T16:39:22","slug":"o-concello-da-guarda-comparte-a-declaracion-institucional-da-femp-cando-se-cumpren-dous-anos-da-pandemia-do-covid-19","status":"publish","type":"post","link":"https:\/\/www.aguarda.es\/en\/o-concello-da-guarda-comparte-a-declaracion-institucional-da-femp-cando-se-cumpren-dous-anos-da-pandemia-do-covid-19\/","title":{"rendered":"O concello da Guarda comparte a Declaraci\u00f3n Institucional da FEMP cando se cumpren dous anos da pandemia do COVID-19"},"content":{"rendered":"<p>La FEMP y los Gobiernos Locales, cuando se cumplen dos a\u00f1os de Pandemia Covid 19, queremos dirigir la siguiente Declaraci\u00f3n Institucional a la ciudadan\u00eda.<\/p>\n<p>Ante una situaci\u00f3n in\u00e9dita en tiempos recientes, como la derivada de la crisis provocada por la Covid 19, se ha puesto claramente de manifiesto la necesidad de contar con Estados fuertes, articulados a trav\u00e9s de unas Administraciones P\u00fablicas s\u00f3lidas, en sus distintos \u00e1mbitos, estatal, auton\u00f3mico y local, as\u00ed como, la importancia de poner en valor las po l\u00edticas p\u00fablicas y un sistema de cogobernanza leal, bien organizado y eficaz.<\/p>\n<p>Dos a\u00f1os despu\u00e9s, podemos constatar que durante este tiempo de dura pandemia han aflorado claros ejemplos de esfuerzo colectivo, solidaridad, cogobernanza desde el di\u00e1logo y el acuerdo, retos compartidos en definitiva, para afrontar los desaf\u00edos presentes y la construcci\u00f3n de nuestro futuro.<\/p>\n<p>Queremos rendir homenaje a toda la sociedad, al sector privado, a las Administraciones P\u00fablicas, a la sociedad civil, y al papel desempe\u00f1ado por el Consejo Interterritorial del Sistema Nacional de Salud.<\/p>\n<p>Hoy queremos dirigir un especial agradecimiento, a aquellos trabajadores y trabajadoras que, incluso en los peores momentos de la pandemia, continuaron prestando un servicio p\u00fablico.<\/p>\n<p>Nos dirigimos a ti, trabajadora y trabajador de los Gobiernos Locales, de la Administraci\u00f3n General del Estado y de las Comunidades Aut\u00f3nomas.<\/p>\n<p>Nos dirigimos a vosotros, a los servidores p\u00fablicos que durante estos dos \u00faltimos a\u00f1os nos hab\u00e9is atendido y protegido.<\/p>\n<p>La sanidad, la seguridad, la limpieza de calles e instalaciones, el cuidado, la atenci\u00f3n, el acompa\u00f1amiento&#8230; Nuestro d\u00eda a d\u00eda, siempre desde la proximidad.<\/p>\n<p>Dos a\u00f1os de m\u00e1xima exigencia y dedicaci\u00f3n total. Dos a\u00f1os dando lo mejor de vosotros mismos para hacernos la vida m\u00e1s vivible en medio de la mayor emergencia sanitaria y social de nuestra historia reciente.<\/p>\n<p>Un tiempo muy dif\u00edcil, muy duro, muy doloroso&#8230;, un tiempo en el que hab\u00e9is demostrado, d\u00eda a d\u00eda, vuestra entrega, vuestra capacidad de trabajo, vuestro compromiso y vuestra vocaci\u00f3n de servicio p\u00fablico, haci\u00e9ndonos sentir, al igual que vosotros lo sent\u00eds, el orgullo de ESTE servicio p\u00fablico.<\/p>\n<p>Hoy, despu\u00e9s de estos dos a\u00f1os, nos dirigimos a vosotros para reiteraros nuestro agradecimiento. A todos y cada uno de los trabajadores y trabajadoras de las Administraciones P\u00fablicas. A todos y todas. Significativamente a quienes en las semanas m\u00e1s complic adas sostuvieron el pulso del pa\u00eds: sanitarios y sanitarias, cuerpos y fuerzas de seguridad y a aqu\u00e9llos que, en las Entidades Locales, formaron parte de los \u201cservicios esenciales\u201d: Polic\u00eda Local, Bomberos y Protecci\u00f3n Civil, Limpieza Viaria y Recogida de residuos, Ayuda a Domicilio, Teleasistencia, Atenci\u00f3n a V\u00edctimas de la Violencia de G\u00e9nero, Aguas y Redes de Abastecimiento, Alumbrado P\u00fablico, Limpieza de edificios y dependencias municipales, Servicios Sociales, Atenci\u00f3n a la Ciudadan\u00eda, Servicio de Obras, Servicios Funerarios y Cementerios, Transportes, Atenci\u00f3n y Protecci\u00f3n de animales, Tesorer\u00eda, Secretar\u00eda, Intervenci\u00f3n, Responsables de Unidades Administrativas, Mantenimiento, Gabinetes de Comunicaci\u00f3n o Inform\u00e1ticos.<\/p>\n<p>Queremos poner en valor tambi\u00e9n el papel de tantas personas, tantos trabajadores y trabajadoras de diversos sectores de la empresa privada, que han sido esenciales durante este tiempo para dar una respuesta contundente al virus del Covid-19.<\/p>\n<p>Se cumplen dos a\u00f1os: Marzo de 2022-Marzo de 2020.<\/p>\n<p>Hoy, dos a\u00f1os despu\u00e9s de aquel marzo de 2020, nuestra gratitud, nuestro reconocimiento, nuestro respeto y admiraci\u00f3n a ti, trabajadora y trabajador de los Gobiernos Locales. Y nuestra consideraci\u00f3n tambi\u00e9n a toda la sociedad, a tantas personas que han estado ah\u00ed arrimando el hombro en los momentos m\u00e1s dif\u00edciles.<br \/>\nGracias por tanto y gracias por todo; gracias por habernos cuidado, atendido y protegido. Como cada d\u00eda, como siempre.<\/p>\n","protected":false},"excerpt":{"rendered":"<p>La FEMP y los Gobiernos Locales, cuando se cumplen dos a\u00f1os de Pandemia Covid 19, queremos dirigir la siguiente Declaraci\u00f3n Institucional a la ciudadan\u00eda. Ante una situaci\u00f3n in\u00e9dita en tiempos recientes, como la derivada de la crisis provocada por la &hellip; <\/p>\n","protected":false},"author":2,"featured_media":25561,"comment_status":"open","ping_status":"open","sticky":false,"template":"","format":"standard","meta":[],"categories":[33],"tags":[2105,2710],"yoast_head":"<!-- This site is optimized with the Yoast SEO plugin v21.1 - https:\/\/yoast.com\/wordpress\/plugins\/seo\/ -->\n<title>O concello da Guarda comparte a Declaraci\u00f3n Institucional da FEMP cando se cumpren dous anos da pandemia do COVID-19 - Concello da Guarda<\/title>\n<meta name=\"description\" content=\"La FEMP y los Gobiernos Locales, cuando se cumplen dos a\u00f1os de Pandemia Covid 19, queremos dirigir la siguiente Declaraci\u00f3n Institucional a la ciudadan\u00eda.\" \/>\n<meta name=\"robots\" content=\"index, follow, max-snippet:-1, max-image-preview:large, max-video-preview:-1\" \/>\n<link rel=\"canonical\" href=\"https:\/\/www.aguarda.es\/en\/o-concello-da-guarda-comparte-a-declaracion-institucional-da-femp-cando-se-cumpren-dous-anos-da-pandemia-do-covid-19\/\" \/>\n<meta property=\"og:locale\" content=\"en_US\" \/>\n<meta property=\"og:type\" content=\"article\" \/>\n<meta property=\"og:title\" content=\"O concello da Guarda comparte a Declaraci\u00f3n Institucional da FEMP cando se cumpren dous anos da pandemia do COVID-19 - Concello da Guarda\" \/>\n<meta property=\"og:description\" content=\"La FEMP y los Gobiernos Locales, cuando se cumplen dos a\u00f1os de Pandemia Covid 19, queremos dirigir la siguiente Declaraci\u00f3n Institucional a la ciudadan\u00eda.\" \/>\n<meta property=\"og:url\" content=\"https:\/\/www.aguarda.es\/en\/o-concello-da-guarda-comparte-a-declaracion-institucional-da-femp-cando-se-cumpren-dous-anos-da-pandemia-do-covid-19\/\" \/>\n<meta property=\"og:site_name\" content=\"Concello da Guarda\" \/>\n<meta property=\"article:publisher\" content=\"https:\/\/www.facebook.com\/ConcellodaGuarda\" \/>\n<meta property=\"article:published_time\" content=\"2022-03-14T16:39:22+00:00\" \/>\n<meta property=\"og:image\" content=\"https:\/\/www.aguarda.es\/wp-content\/uploads\/2022\/03\/LOGO-CONCELLO-PARA-REDES-1.jpg?_t=1647275963\" \/>\n\t<meta property=\"og:image:width\" content=\"800\" \/>\n\t<meta property=\"og:image:height\" content=\"800\" \/>\n\t<meta property=\"og:image:type\" content=\"image\/jpeg\" \/>\n<meta name=\"author\" content=\"prensa\" \/>\n<meta name=\"twitter:card\" content=\"summary_large_image\" \/>\n<meta name=\"twitter:creator\" content=\"@AGuarda_es\" \/>\n<meta name=\"twitter:site\" content=\"@AGuarda_es\" \/>\n<meta name=\"twitter:label1\" content=\"Written by\" \/>\n\t<meta name=\"twitter:data1\" content=\"prensa\" \/>\n\t<meta name=\"twitter:label2\" content=\"Est. reading time\" \/>\n\t<meta name=\"twitter:data2\" content=\"3 minutes\" \/>\n<script type=\"application\/ld+json\" class=\"yoast-schema-graph\">{\"@context\":\"https:\/\/schema.org\",\"@graph\":[{\"@type\":\"WebPage\",\"@id\":\"https:\/\/www.aguarda.es\/en\/o-concello-da-guarda-comparte-a-declaracion-institucional-da-femp-cando-se-cumpren-dous-anos-da-pandemia-do-covid-19\/\",\"url\":\"https:\/\/www.aguarda.es\/en\/o-concello-da-guarda-comparte-a-declaracion-institucional-da-femp-cando-se-cumpren-dous-anos-da-pandemia-do-covid-19\/\",\"name\":\"O concello da Guarda comparte a Declaraci\u00f3n Institucional da FEMP cando se cumpren dous anos da pandemia do COVID-19 - Concello da Guarda\",\"isPartOf\":{\"@id\":\"https:\/\/www.aguarda.es\/en\/#website\"},\"datePublished\":\"2022-03-14T16:39:22+00:00\",\"dateModified\":\"2022-03-14T16:39:22+00:00\",\"author\":{\"@id\":\"https:\/\/www.aguarda.es\/en\/#\/schema\/person\/c463ca3006858ffb349d11179d044f21\"},\"description\":\"La FEMP y los Gobiernos Locales, cuando se cumplen dos a\u00f1os de Pandemia Covid 19, queremos dirigir la siguiente Declaraci\u00f3n Institucional a la ciudadan\u00eda.\",\"breadcrumb\":{\"@id\":\"https:\/\/www.aguarda.es\/en\/o-concello-da-guarda-comparte-a-declaracion-institucional-da-femp-cando-se-cumpren-dous-anos-da-pandemia-do-covid-19\/#breadcrumb\"},\"inLanguage\":\"en-US\",\"potentialAction\":[{\"@type\":\"ReadAction\",\"target\":[\"https:\/\/www.aguarda.es\/en\/o-concello-da-guarda-comparte-a-declaracion-institucional-da-femp-cando-se-cumpren-dous-anos-da-pandemia-do-covid-19\/\"]}]},{\"@type\":\"BreadcrumbList\",\"@id\":\"https:\/\/www.aguarda.es\/en\/o-concello-da-guarda-comparte-a-declaracion-institucional-da-femp-cando-se-cumpren-dous-anos-da-pandemia-do-covid-19\/#breadcrumb\",\"itemListElement\":[{\"@type\":\"ListItem\",\"position\":1,\"name\":\"Portada\",\"item\":\"https:\/\/www.aguarda.es\/en\/\"},{\"@type\":\"ListItem\",\"position\":2,\"name\":\"O concello da Guarda comparte a Declaraci\u00f3n Institucional da FEMP cando se cumpren dous anos da pandemia do COVID-19\"}]},{\"@type\":\"WebSite\",\"@id\":\"https:\/\/www.aguarda.es\/en\/#website\",\"url\":\"https:\/\/www.aguarda.es\/en\/\",\"name\":\"Concello da Guarda\",\"description\":\"P\u00e1xina web do concello da Guarda\",\"potentialAction\":[{\"@type\":\"SearchAction\",\"target\":{\"@type\":\"EntryPoint\",\"urlTemplate\":\"https:\/\/www.aguarda.es\/en\/?s={search_term_string}\"},\"query-input\":\"required name=search_term_string\"}],\"inLanguage\":\"en-US\"},{\"@type\":\"Person\",\"@id\":\"https:\/\/www.aguarda.es\/en\/#\/schema\/person\/c463ca3006858ffb349d11179d044f21\",\"name\":\"prensa\",\"image\":{\"@type\":\"ImageObject\",\"inLanguage\":\"en-US\",\"@id\":\"https:\/\/www.aguarda.es\/en\/#\/schema\/person\/image\/\",\"url\":\"https:\/\/secure.gravatar.com\/avatar\/5f90ef536b0f98306edf5c7a1135ffa1?s=96&d=mm&r=g\",\"contentUrl\":\"https:\/\/secure.gravatar.com\/avatar\/5f90ef536b0f98306edf5c7a1135ffa1?s=96&d=mm&r=g\",\"caption\":\"prensa\"},\"url\":\"https:\/\/www.aguarda.es\/en\/author\/prensa\/\"}]}<\/script>\n<!-- \/ Yoast SEO plugin. -->","yoast_head_json":{"title":"O concello da Guarda comparte a Declaraci\u00f3n Institucional da FEMP cando se cumpren dous anos da pandemia do COVID-19 - Concello da Guarda","description":"La FEMP y los Gobiernos Locales, cuando se cumplen dos a\u00f1os de Pandemia Covid 19, queremos dirigir la siguiente Declaraci\u00f3n Institucional a la ciudadan\u00eda.","robots":{"index":"index","follow":"follow","max-snippet":"max-snippet:-1","max-image-preview":"max-image-preview:large","max-video-preview":"max-video-preview:-1"},"canonical":"https:\/\/www.aguarda.es\/en\/o-concello-da-guarda-comparte-a-declaracion-institucional-da-femp-cando-se-cumpren-dous-anos-da-pandemia-do-covid-19\/","og_locale":"en_US","og_type":"article","og_title":"O concello da Guarda comparte a Declaraci\u00f3n Institucional da FEMP cando se cumpren dous anos da pandemia do COVID-19 - Concello da Guarda","og_description":"La FEMP y los Gobiernos Locales, cuando se cumplen dos a\u00f1os de Pandemia Covid 19, queremos dirigir la siguiente Declaraci\u00f3n Institucional a la ciudadan\u00eda.","og_url":"https:\/\/www.aguarda.es\/en\/o-concello-da-guarda-comparte-a-declaracion-institucional-da-femp-cando-se-cumpren-dous-anos-da-pandemia-do-covid-19\/","og_site_name":"Concello da Guarda","article_publisher":"https:\/\/www.facebook.com\/ConcellodaGuarda","article_published_time":"2022-03-14T16:39:22+00:00","og_image":[{"width":800,"height":800,"url":"https:\/\/www.aguarda.es\/wp-content\/uploads\/2022\/03\/LOGO-CONCELLO-PARA-REDES-1.jpg?_t=1647275963","type":"image\/jpeg"}],"author":"prensa","twitter_card":"summary_large_image","twitter_creator":"@AGuarda_es","twitter_site":"@AGuarda_es","twitter_misc":{"Written by":"prensa","Est. reading time":"3 minutes"},"schema":{"@context":"https:\/\/schema.org","@graph":[{"@type":"WebPage","@id":"https:\/\/www.aguarda.es\/en\/o-concello-da-guarda-comparte-a-declaracion-institucional-da-femp-cando-se-cumpren-dous-anos-da-pandemia-do-covid-19\/","url":"https:\/\/www.aguarda.es\/en\/o-concello-da-guarda-comparte-a-declaracion-institucional-da-femp-cando-se-cumpren-dous-anos-da-pandemia-do-covid-19\/","name":"O concello da Guarda comparte a Declaraci\u00f3n Institucional da FEMP cando se cumpren dous anos da pandemia do COVID-19 - Concello da Guarda","isPartOf":{"@id":"https:\/\/www.aguarda.es\/en\/#website"},"datePublished":"2022-03-14T16:39:22+00:00","dateModified":"2022-03-14T16:39:22+00:00","author":{"@id":"https:\/\/www.aguarda.es\/en\/#\/schema\/person\/c463ca3006858ffb349d11179d044f21"},"description":"La FEMP y los Gobiernos Locales, cuando se cumplen dos a\u00f1os de Pandemia Covid 19, queremos dirigir la siguiente Declaraci\u00f3n Institucional a la ciudadan\u00eda.","breadcrumb":{"@id":"https:\/\/www.aguarda.es\/en\/o-concello-da-guarda-comparte-a-declaracion-institucional-da-femp-cando-se-cumpren-dous-anos-da-pandemia-do-covid-19\/#breadcrumb"},"inLanguage":"en-US","potentialAction":[{"@type":"ReadAction","target":["https:\/\/www.aguarda.es\/en\/o-concello-da-guarda-comparte-a-declaracion-institucional-da-femp-cando-se-cumpren-dous-anos-da-pandemia-do-covid-19\/"]}]},{"@type":"BreadcrumbList","@id":"https:\/\/www.aguarda.es\/en\/o-concello-da-guarda-comparte-a-declaracion-institucional-da-femp-cando-se-cumpren-dous-anos-da-pandemia-do-covid-19\/#breadcrumb","itemListElement":[{"@type":"ListItem","position":1,"name":"Portada","item":"https:\/\/www.aguarda.es\/en\/"},{"@type":"ListItem","position":2,"name":"O concello da Guarda comparte a Declaraci\u00f3n Institucional da FEMP cando se cumpren dous anos da pandemia do COVID-19"}]},{"@type":"WebSite","@id":"https:\/\/www.aguarda.es\/en\/#website","url":"https:\/\/www.aguarda.es\/en\/","name":"Concello da Guarda","description":"P\u00e1xina web do concello da Guarda","potentialAction":[{"@type":"SearchAction","target":{"@type":"EntryPoint","urlTemplate":"https:\/\/www.aguarda.es\/en\/?s={search_term_string}"},"query-input":"required name=search_term_string"}],"inLanguage":"en-US"},{"@type":"Person","@id":"https:\/\/www.aguarda.es\/en\/#\/schema\/person\/c463ca3006858ffb349d11179d044f21","name":"prensa","image":{"@type":"ImageObject","inLanguage":"en-US","@id":"https:\/\/www.aguarda.es\/en\/#\/schema\/person\/image\/","url":"https:\/\/secure.gravatar.com\/avatar\/5f90ef536b0f98306edf5c7a1135ffa1?s=96&d=mm&r=g","contentUrl":"https:\/\/secure.gravatar.com\/avatar\/5f90ef536b0f98306edf5c7a1135ffa1?s=96&d=mm&r=g","caption":"prensa"},"url":"https:\/\/www.aguarda.es\/en\/author\/prensa\/"}]}},"_links":{"self":[{"href":"https:\/\/www.aguarda.es\/en\/wp-json\/wp\/v2\/posts\/25560"}],"collection":[{"href":"https:\/\/www.aguarda.es\/en\/wp-json\/wp\/v2\/posts"}],"about":[{"href":"https:\/\/www.aguarda.es\/en\/wp-json\/wp\/v2\/types\/post"}],"author":[{"embeddable":true,"href":"https:\/\/www.aguarda.es\/en\/wp-json\/wp\/v2\/users\/2"}],"replies":[{"embeddable":true,"href":"https:\/\/www.aguarda.es\/en\/wp-json\/wp\/v2\/comments?post=25560"}],"version-history":[{"count":2,"href":"https:\/\/www.aguarda.es\/en\/wp-json\/wp\/v2\/posts\/25560\/revisions"}],"predecessor-version":[{"id":25564,"href":"https:\/\/www.aguarda.es\/en\/wp-json\/wp\/v2\/posts\/25560\/revisions\/25564"}],"wp:featuredmedia":[{"embeddable":true,"href":"https:\/\/www.aguarda.es\/en\/wp-json\/wp\/v2\/media\/25561"}],"wp:attachment":[{"href":"https:\/\/www.aguarda.es\/en\/wp-json\/wp\/v2\/media?parent=25560"}],"wp:term":[{"taxonomy":"category","embeddable":true,"href":"https:\/\/www.aguarda.es\/en\/wp-json\/wp\/v2\/categories?post=25560"},{"taxonomy":"post_tag","embeddable":true,"href":"https:\/\/www.aguarda.es\/en\/wp-json\/wp\/v2\/tags?post=25560"}],"curies":[{"name":"wp","href":"https:\/\/api.w.org\/{rel}","templated":true}]}}